{"id":99478,"date":"2024-12-01T09:02:24","date_gmt":"2024-12-01T13:02:24","guid":{"rendered":"https:\/\/deportesdigital.com.ve\/public\/?p=99478"},"modified":"2024-12-01T11:08:26","modified_gmt":"2024-12-01T15:08:26","slug":"mathia-velazco-destaco-como-el-mejor-segunda-base-del-panamericano-u10","status":"publish","type":"post","link":"https:\/\/deportesdigital.com.ve\/public\/mathia-velazco-destaco-como-el-mejor-segunda-base-del-panamericano-u10\/","title":{"rendered":"Mathia Velazco destac\u00f3 como el mejor segunda Base del Panamericano U10  \u00a0"},"content":{"rendered":"<p><strong><em>El pelotero zuliano por su excelente actuaci\u00f3n figuro en el equipo Todos Estrellas del Torneo Panamericano.<\/em><\/strong><\/p>\n<hr \/>\n<p>El pelotero Mathias Velasco de la selecci\u00f3n Subcampeona del Panamericano U10 de B\u00e9isbol obtuvo el premio como el mejor segunda base del torneo siendo seleccionado al equipo todo estrellas del evento peloteril que se realizo en Tamaulipas, M\u00e9xico con la participaci\u00f3n de seis pa\u00edses.<\/p>\n<p>El pelotero zuliano perteneciente la Peque\u00f1as Ligas San Francisco, destac\u00f3 en la competencia Panamericana con una excelente actuaci\u00f3n en la defensiva venezolana llev\u00e1ndose el galard\u00f3n del mejor segunda base del certamen. El jugador fue seleccionado al equipo Todos Estrellas.<\/p>\n<p><a href=\"https:\/\/deportesdigital.com.ve\/public\/wp-content\/uploads\/2024\/12\/WhatsApp-Image-2024-11-30-at-11.47.06-PM.jpeg\"><img loading=\"lazy\" decoding=\"async\" class=\"wp-image-99480 aligncenter\" src=\"https:\/\/deportesdigital.com.ve\/public\/wp-content\/uploads\/2024\/12\/WhatsApp-Image-2024-11-30-at-11.47.06-PM.jpeg\" alt=\"\" width=\"760\" height=\"760\" srcset=\"https:\/\/deportesdigital.com.ve\/public\/wp-content\/uploads\/2024\/12\/WhatsApp-Image-2024-11-30-at-11.47.06-PM.jpeg 1080w, https:\/\/deportesdigital.com.ve\/public\/wp-content\/uploads\/2024\/12\/WhatsApp-Image-2024-11-30-at-11.47.06-PM-300x300.jpeg 300w, https:\/\/deportesdigital.com.ve\/public\/wp-content\/uploads\/2024\/12\/WhatsApp-Image-2024-11-30-at-11.47.06-PM-1024x1024.jpeg 1024w, https:\/\/deportesdigital.com.ve\/public\/wp-content\/uploads\/2024\/12\/WhatsApp-Image-2024-11-30-at-11.47.06-PM-150x150.jpeg 150w, https:\/\/deportesdigital.com.ve\/public\/wp-content\/uploads\/2024\/12\/WhatsApp-Image-2024-11-30-at-11.47.06-PM-768x768.jpeg 768w, https:\/\/deportesdigital.com.ve\/public\/wp-content\/uploads\/2024\/12\/WhatsApp-Image-2024-11-30-at-11.47.06-PM-730x730.jpeg 730w, https:\/\/deportesdigital.com.ve\/public\/wp-content\/uploads\/2024\/12\/WhatsApp-Image-2024-11-30-at-11.47.06-PM-435x435.jpeg 435w\" sizes=\"auto, (max-width: 760px) 100vw, 760px\" \/><\/a><\/p>\n<p>Junto a Mathias Velasco en la selecci\u00f3n nacional participaron los zulianos Luis Negron y Mauro Ordo\u00f1ez, pertenecientes ala Peque\u00f1as Ligas Coquivacoa.<\/p>\n<p><a href=\"https:\/\/deportesdigital.com.ve\/public\/wp-content\/uploads\/2024\/12\/WhatsApp-Image-2024-12-01-at-10.36.25-AM.jpeg\"><img loading=\"lazy\" decoding=\"async\" class=\"wp-image-99489 aligncenter\" src=\"https:\/\/deportesdigital.com.ve\/public\/wp-content\/uploads\/2024\/12\/WhatsApp-Image-2024-12-01-at-10.36.25-AM-e1733065081324.jpeg\" alt=\"\" width=\"501\" height=\"527\" srcset=\"https:\/\/deportesdigital.com.ve\/public\/wp-content\/uploads\/2024\/12\/WhatsApp-Image-2024-12-01-at-10.36.25-AM-e1733065081324.jpeg 717w, https:\/\/deportesdigital.com.ve\/public\/wp-content\/uploads\/2024\/12\/WhatsApp-Image-2024-12-01-at-10.36.25-AM-e1733065081324-285x300.jpeg 285w, https:\/\/deportesdigital.com.ve\/public\/wp-content\/uploads\/2024\/12\/WhatsApp-Image-2024-12-01-at-10.36.25-AM-e1733065081324-435x457.jpeg 435w\" sizes=\"auto, (max-width: 501px) 100vw, 501px\" \/><\/a><\/p>\n<p><strong><em>\u00a0<\/em><\/strong><strong><em>Sigue esta y otras\u00a0<\/em><\/strong><a href=\"https:\/\/www.instagram.com\/explore\/tags\/noticias\/\">#Noticias<\/a><strong><em>\u00a0ingresando a nuestras plataformas digitales Deportes Digital, en Instagram, Facebook, Twitter, y en nuestros grupos de Whatsapp y Telegram.<\/em><\/strong><\/p>\n<p>&nbsp;<\/p>\n","protected":false},"excerpt":{"rendered":"<p>El pelotero zuliano por su excelente actuaci\u00f3n figuro en el equipo Todos Estrellas del Torneo Panamericano. El pelotero Mathias Velasco de la selecci\u00f3n Subcampeona del Panamericano U10 de B\u00e9isbol obtuvo [&hellip;]<\/p>\n","protected":false},"author":1,"featured_media":99479,"comment_status":"open","ping_status":"closed","sticky":false,"template":"","format":"standard","meta":{"footnotes":""},"categories":[2],"tags":[3317,44,3315,3316,3314],"class_list":["post-99478","post","type-post","status-publish","format-standard","has-post-thumbnail","hentry","category-beisbol","tag-base","tag-beisbol","tag-mathiasvelsco","tag-mejor-segunda","tag-panamericanou10","clearfix"],"_links":{"self":[{"href":"https:\/\/deportesdigital.com.ve\/public\/wp-json\/wp\/v2\/posts\/99478","targetHints":{"allow":["GET"]}}],"collection":[{"href":"https:\/\/deportesdigital.com.ve\/public\/wp-json\/wp\/v2\/posts"}],"about":[{"href":"https:\/\/deportesdigital.com.ve\/public\/wp-json\/wp\/v2\/types\/post"}],"author":[{"embeddable":true,"href":"https:\/\/deportesdigital.com.ve\/public\/wp-json\/wp\/v2\/users\/1"}],"replies":[{"embeddable":true,"href":"https:\/\/deportesdigital.com.ve\/public\/wp-json\/wp\/v2\/comments?post=99478"}],"version-history":[{"count":3,"href":"https:\/\/deportesdigital.com.ve\/public\/wp-json\/wp\/v2\/posts\/99478\/revisions"}],"predecessor-version":[{"id":99491,"href":"https:\/\/deportesdigital.com.ve\/public\/wp-json\/wp\/v2\/posts\/99478\/revisions\/99491"}],"wp:featuredmedia":[{"embeddable":true,"href":"https:\/\/deportesdigital.com.ve\/public\/wp-json\/wp\/v2\/media\/99479"}],"wp:attachment":[{"href":"https:\/\/deportesdigital.com.ve\/public\/wp-json\/wp\/v2\/media?parent=99478"}],"wp:term":[{"taxonomy":"category","embeddable":true,"href":"https:\/\/deportesdigital.com.ve\/public\/wp-json\/wp\/v2\/categories?post=99478"},{"taxonomy":"post_tag","embeddable":true,"href":"https:\/\/deportesdigital.com.ve\/public\/wp-json\/wp\/v2\/tags?post=99478"}],"curies":[{"name":"wp","href":"https:\/\/api.w.org\/{rel}","templated":true}]}}