{"id":98652,"date":"2024-11-12T09:58:31","date_gmt":"2024-11-12T13:58:31","guid":{"rendered":"https:\/\/deportesdigital.com.ve\/public\/?p=98652"},"modified":"2024-11-12T09:58:31","modified_gmt":"2024-11-12T13:58:31","slug":"fundacion-nilson-mora-inaugura-su-primera-sede","status":"publish","type":"post","link":"https:\/\/deportesdigital.com.ve\/public\/fundacion-nilson-mora-inaugura-su-primera-sede\/","title":{"rendered":"Fundaci\u00f3n Nilson Mora inaugura su primera sede"},"content":{"rendered":"<p><strong><em>Teniendo como meta seguir trabajando por el deporte y la comunidad la nueva sede contara con una serie de servicios y beneficios para los m\u00e1s necesitados.<\/em><\/strong><\/p>\n<hr \/>\n<p><strong><em>Jos\u00e9 Gil Deportes Digital\/Maracaibo:<\/em><\/strong> La Fundaci\u00f3n Nilson Mora inauguro el pasado domingo su primera sede en el sector Ra\u00fal Leoni de la parroquia Venancio Pulgar, con el objetivo de promover los espacios dedicados al impulso socia deportivo y \u00a0cultural, Berenice Villalobos presidenta de la Fundaci\u00f3n Nilson Mora junto a la ni\u00f1a Romina Berm\u00fadez.<\/p>\n<p><a href=\"https:\/\/deportesdigital.com.ve\/public\/wp-content\/uploads\/2024\/11\/WhatsApp-Image-2024-11-11-at-1.57.58-PM.jpeg\"><img loading=\"lazy\" decoding=\"async\" class=\"wp-image-98653 aligncenter\" src=\"https:\/\/deportesdigital.com.ve\/public\/wp-content\/uploads\/2024\/11\/WhatsApp-Image-2024-11-11-at-1.57.58-PM.jpeg\" alt=\"\" width=\"758\" height=\"568\" srcset=\"https:\/\/deportesdigital.com.ve\/public\/wp-content\/uploads\/2024\/11\/WhatsApp-Image-2024-11-11-at-1.57.58-PM.jpeg 1280w, https:\/\/deportesdigital.com.ve\/public\/wp-content\/uploads\/2024\/11\/WhatsApp-Image-2024-11-11-at-1.57.58-PM-300x225.jpeg 300w, https:\/\/deportesdigital.com.ve\/public\/wp-content\/uploads\/2024\/11\/WhatsApp-Image-2024-11-11-at-1.57.58-PM-1024x768.jpeg 1024w, https:\/\/deportesdigital.com.ve\/public\/wp-content\/uploads\/2024\/11\/WhatsApp-Image-2024-11-11-at-1.57.58-PM-768x576.jpeg 768w, https:\/\/deportesdigital.com.ve\/public\/wp-content\/uploads\/2024\/11\/WhatsApp-Image-2024-11-11-at-1.57.58-PM-730x548.jpeg 730w, https:\/\/deportesdigital.com.ve\/public\/wp-content\/uploads\/2024\/11\/WhatsApp-Image-2024-11-11-at-1.57.58-PM-435x326.jpeg 435w, https:\/\/deportesdigital.com.ve\/public\/wp-content\/uploads\/2024\/11\/WhatsApp-Image-2024-11-11-at-1.57.58-PM-80x60.jpeg 80w\" sizes=\"auto, (max-width: 758px) 100vw, 758px\" \/><\/a><\/p>\n<p>&nbsp;<\/p>\n<p>Durante su intervenci\u00f3n Berenice Villalobos destac\u00f3 el gran trabajo por el equipo que conforma la Fundaci\u00f3n Nilson Mora, expuso que escogimos este d\u00eda para inaugurar la primera sede por estarce celebrando el cumplea\u00f1os de Nilson \u00a0presidente y promotor de este gran proyecto con un trabajo de hormiga desde hace 10 a\u00f1os.<\/p>\n<p><a href=\"https:\/\/deportesdigital.com.ve\/public\/wp-content\/uploads\/2024\/11\/WhatsApp-Image-2024-11-11-at-1.57.54-PM.jpeg\"><img loading=\"lazy\" decoding=\"async\" class=\"wp-image-98655 size-full aligncenter\" src=\"https:\/\/deportesdigital.com.ve\/public\/wp-content\/uploads\/2024\/11\/WhatsApp-Image-2024-11-11-at-1.57.54-PM-e1731419762669.jpeg\" alt=\"\" width=\"759\" height=\"426\" srcset=\"https:\/\/deportesdigital.com.ve\/public\/wp-content\/uploads\/2024\/11\/WhatsApp-Image-2024-11-11-at-1.57.54-PM-e1731419762669.jpeg 759w, https:\/\/deportesdigital.com.ve\/public\/wp-content\/uploads\/2024\/11\/WhatsApp-Image-2024-11-11-at-1.57.54-PM-e1731419762669-300x168.jpeg 300w, https:\/\/deportesdigital.com.ve\/public\/wp-content\/uploads\/2024\/11\/WhatsApp-Image-2024-11-11-at-1.57.54-PM-e1731419762669-730x410.jpeg 730w, https:\/\/deportesdigital.com.ve\/public\/wp-content\/uploads\/2024\/11\/WhatsApp-Image-2024-11-11-at-1.57.54-PM-e1731419762669-435x244.jpeg 435w\" sizes=\"auto, (max-width: 759px) 100vw, 759px\" \/><\/a><\/p>\n<p>No nos queda m\u00e1s que Seguirle dando gracias a Dios porque se hizo posible la gran inauguraci\u00f3n de nuestra primera sede, donde cabe descartar que servir\u00e1 para esa gran labor social y de ayuda a las comunidades de la zona Oeste de Maracaibo tanto en lo deportivo como en lo cultural.<\/p>\n<p><a href=\"https:\/\/deportesdigital.com.ve\/public\/wp-content\/uploads\/2024\/11\/WhatsApp-Image-2024-11-11-at-1.57.48-PM.jpeg\"><img loading=\"lazy\" decoding=\"async\" class=\"alignnone size-full wp-image-98658\" src=\"https:\/\/deportesdigital.com.ve\/public\/wp-content\/uploads\/2024\/11\/WhatsApp-Image-2024-11-11-at-1.57.48-PM.jpeg\" alt=\"\" width=\"1280\" height=\"960\" srcset=\"https:\/\/deportesdigital.com.ve\/public\/wp-content\/uploads\/2024\/11\/WhatsApp-Image-2024-11-11-at-1.57.48-PM.jpeg 1280w, https:\/\/deportesdigital.com.ve\/public\/wp-content\/uploads\/2024\/11\/WhatsApp-Image-2024-11-11-at-1.57.48-PM-300x225.jpeg 300w, https:\/\/deportesdigital.com.ve\/public\/wp-content\/uploads\/2024\/11\/WhatsApp-Image-2024-11-11-at-1.57.48-PM-1024x768.jpeg 1024w, https:\/\/deportesdigital.com.ve\/public\/wp-content\/uploads\/2024\/11\/WhatsApp-Image-2024-11-11-at-1.57.48-PM-768x576.jpeg 768w, https:\/\/deportesdigital.com.ve\/public\/wp-content\/uploads\/2024\/11\/WhatsApp-Image-2024-11-11-at-1.57.48-PM-730x548.jpeg 730w, https:\/\/deportesdigital.com.ve\/public\/wp-content\/uploads\/2024\/11\/WhatsApp-Image-2024-11-11-at-1.57.48-PM-435x326.jpeg 435w, https:\/\/deportesdigital.com.ve\/public\/wp-content\/uploads\/2024\/11\/WhatsApp-Image-2024-11-11-at-1.57.48-PM-80x60.jpeg 80w\" sizes=\"auto, (max-width: 1280px) 100vw, 1280px\" \/><\/a><\/p>\n<p>Agradeciendo a todas esas personas que ponen su granito de arena para que ese sue\u00f1o contin\u00fae brindando apoyo a quien m\u00e1s lo necesite.<\/p>\n<p>La inauguraci\u00f3n donde los asistentes disfrutaron de una tarde con mucha alegr\u00eda, m\u00fasica, compartir, se festejo este importante logro para la gran familia de la Fundaci\u00f3n Nilson Mora.<\/p>\n<p><a href=\"https:\/\/deportesdigital.com.ve\/public\/wp-content\/uploads\/2024\/11\/WhatsApp-Image-2024-11-11-at-1.57.51-PM-1.jpeg\"><img loading=\"lazy\" decoding=\"async\" class=\"alignnone size-full wp-image-98656\" src=\"https:\/\/deportesdigital.com.ve\/public\/wp-content\/uploads\/2024\/11\/WhatsApp-Image-2024-11-11-at-1.57.51-PM-1.jpeg\" alt=\"\" width=\"1000\" height=\"750\" srcset=\"https:\/\/deportesdigital.com.ve\/public\/wp-content\/uploads\/2024\/11\/WhatsApp-Image-2024-11-11-at-1.57.51-PM-1.jpeg 1000w, https:\/\/deportesdigital.com.ve\/public\/wp-content\/uploads\/2024\/11\/WhatsApp-Image-2024-11-11-at-1.57.51-PM-1-300x225.jpeg 300w, https:\/\/deportesdigital.com.ve\/public\/wp-content\/uploads\/2024\/11\/WhatsApp-Image-2024-11-11-at-1.57.51-PM-1-768x576.jpeg 768w, https:\/\/deportesdigital.com.ve\/public\/wp-content\/uploads\/2024\/11\/WhatsApp-Image-2024-11-11-at-1.57.51-PM-1-730x548.jpeg 730w, https:\/\/deportesdigital.com.ve\/public\/wp-content\/uploads\/2024\/11\/WhatsApp-Image-2024-11-11-at-1.57.51-PM-1-435x326.jpeg 435w, https:\/\/deportesdigital.com.ve\/public\/wp-content\/uploads\/2024\/11\/WhatsApp-Image-2024-11-11-at-1.57.51-PM-1-80x60.jpeg 80w\" sizes=\"auto, (max-width: 1000px) 100vw, 1000px\" \/><\/a><\/p>\n<p>Aseguro que \u00a02024\u00a0 fue un a\u00f1o de muchos retos pero que en el 2025 seguir\u00e1n cumpli\u00e9ndose para as\u00ed apoyar a toda esa gente linda que tanto queremos.<\/p>\n<p><strong><em>Sigue esta y otras #Noticias ingresando a nuestras plataformas digitales Deportes Digital, en Instagram, Facebook, Twitter, y en nuestros grupos de Whatsapp y Telegram<\/em><\/strong>.<\/p>\n","protected":false},"excerpt":{"rendered":"<p>Teniendo como meta seguir trabajando por el deporte y la comunidad la nueva sede contara con una serie de servicios y beneficios para los m\u00e1s necesitados. Jos\u00e9 Gil Deportes Digital\/Maracaibo: [&hellip;]<\/p>\n","protected":false},"author":1,"featured_media":98654,"comment_status":"open","ping_status":"closed","sticky":false,"template":"","format":"standard","meta":{"footnotes":""},"categories":[1],"tags":[3179,120],"class_list":["post-98652","post","type-post","status-publish","format-standard","has-post-thumbnail","hentry","category-sin-categoria","tag-inauguracion-sede-nilsonmora","tag-maracaibo","clearfix"],"_links":{"self":[{"href":"https:\/\/deportesdigital.com.ve\/public\/wp-json\/wp\/v2\/posts\/98652","targetHints":{"allow":["GET"]}}],"collection":[{"href":"https:\/\/deportesdigital.com.ve\/public\/wp-json\/wp\/v2\/posts"}],"about":[{"href":"https:\/\/deportesdigital.com.ve\/public\/wp-json\/wp\/v2\/types\/post"}],"author":[{"embeddable":true,"href":"https:\/\/deportesdigital.com.ve\/public\/wp-json\/wp\/v2\/users\/1"}],"replies":[{"embeddable":true,"href":"https:\/\/deportesdigital.com.ve\/public\/wp-json\/wp\/v2\/comments?post=98652"}],"version-history":[{"count":1,"href":"https:\/\/deportesdigital.com.ve\/public\/wp-json\/wp\/v2\/posts\/98652\/revisions"}],"predecessor-version":[{"id":98659,"href":"https:\/\/deportesdigital.com.ve\/public\/wp-json\/wp\/v2\/posts\/98652\/revisions\/98659"}],"wp:featuredmedia":[{"embeddable":true,"href":"https:\/\/deportesdigital.com.ve\/public\/wp-json\/wp\/v2\/media\/98654"}],"wp:attachment":[{"href":"https:\/\/deportesdigital.com.ve\/public\/wp-json\/wp\/v2\/media?parent=98652"}],"wp:term":[{"taxonomy":"category","embeddable":true,"href":"https:\/\/deportesdigital.com.ve\/public\/wp-json\/wp\/v2\/categories?post=98652"},{"taxonomy":"post_tag","embeddable":true,"href":"https:\/\/deportesdigital.com.ve\/public\/wp-json\/wp\/v2\/tags?post=98652"}],"curies":[{"name":"wp","href":"https:\/\/api.w.org\/{rel}","templated":true}]}}