{"id":98638,"date":"2024-11-12T08:16:30","date_gmt":"2024-11-12T12:16:30","guid":{"rendered":"https:\/\/deportesdigital.com.ve\/public\/?p=98638"},"modified":"2024-11-12T08:18:05","modified_gmt":"2024-11-12T12:18:05","slug":"pequena-ligas-tamare-inauguro-su-torneo-anual-en-homenaje-a-yolanda-barrientos","status":"publish","type":"post","link":"https:\/\/deportesdigital.com.ve\/public\/pequena-ligas-tamare-inauguro-su-torneo-anual-en-homenaje-a-yolanda-barrientos\/","title":{"rendered":"Peque\u00f1a Ligas Tamare inauguro su Torneo Anual en homenaje a Yolanda Barrientos"},"content":{"rendered":"<p><strong><em>Con la juramentaci\u00f3n de su un nueva junta directiva, cuatro categor\u00edas ser\u00e1n las protagonistas del Torneo Interno de la Peque\u00f1a Ligas Tamare.<\/em><\/strong><\/p>\n<hr \/>\n<p><strong><em>\u00a0<\/em><\/strong><strong><em>Jos\u00e9 Gil Deportes Digital\/Maracaibo:<\/em><\/strong> La Peque\u00f1as Ligas Tamare inauguro el pasado s\u00e1bado el 49 Campeonato de B\u00e9isbol Menor 2024-2025, Copa Gobernaci\u00f3n del Zulia-Irdez, en homenaje a la destacada dirigente deportiva Yolanda Barrientos, en el Complejo Deportivo Sierra Maestra.<\/p>\n<p>La fiesta deportiva de la organizaci\u00f3n fundada en 1971, volvi\u00f3 a la acci\u00f3n luego de un periodo de paralizaci\u00f3n con nueva junta directiva presidida por Pablo Montes de Oca.<\/p>\n<p><a href=\"https:\/\/deportesdigital.com.ve\/public\/wp-content\/uploads\/2024\/11\/tama2.jpg\"><img loading=\"lazy\" decoding=\"async\" class=\"wp-image-98642 aligncenter\" src=\"https:\/\/deportesdigital.com.ve\/public\/wp-content\/uploads\/2024\/11\/tama2.jpg\" alt=\"\" width=\"654\" height=\"353\" srcset=\"https:\/\/deportesdigital.com.ve\/public\/wp-content\/uploads\/2024\/11\/tama2.jpg 541w, https:\/\/deportesdigital.com.ve\/public\/wp-content\/uploads\/2024\/11\/tama2-300x162.jpg 300w, https:\/\/deportesdigital.com.ve\/public\/wp-content\/uploads\/2024\/11\/tama2-435x235.jpg 435w\" sizes=\"auto, (max-width: 654px) 100vw, 654px\" \/><\/a><\/p>\n<p>Con los equipos de las categor\u00edas: Infantil, Preinfantil, Pitoquito y Escuelita con 145 ni\u00f1os entre los adultos t\u00e9cnicos cuenta con sus Entrenadores, \u00c1rbitros,\u00a0 anotadores, recopiladores y preparador de terreno.<\/p>\n<p><a href=\"https:\/\/deportesdigital.com.ve\/public\/wp-content\/uploads\/2024\/11\/tama3.jpg\"><img loading=\"lazy\" decoding=\"async\" class=\"size-full wp-image-98643 aligncenter\" src=\"https:\/\/deportesdigital.com.ve\/public\/wp-content\/uploads\/2024\/11\/tama3.jpg\" alt=\"\" width=\"684\" height=\"430\" srcset=\"https:\/\/deportesdigital.com.ve\/public\/wp-content\/uploads\/2024\/11\/tama3.jpg 684w, https:\/\/deportesdigital.com.ve\/public\/wp-content\/uploads\/2024\/11\/tama3-300x189.jpg 300w, https:\/\/deportesdigital.com.ve\/public\/wp-content\/uploads\/2024\/11\/tama3-435x273.jpg 435w\" sizes=\"auto, (max-width: 684px) 100vw, 684px\" \/><\/a><\/p>\n<p>Al acto de inauguraci\u00f3n \u00a0asistieron Luis D\u00edaz y Izandra de D\u00edaz por el Directorio Nacional PLBV, Jos\u00e9 \u00abCheo\u00bb Mosquera alcalde del municipio Lagunillas.<\/p>\n<p><a href=\"https:\/\/deportesdigital.com.ve\/public\/wp-content\/uploads\/2024\/11\/ta7.jpg\"><img loading=\"lazy\" decoding=\"async\" class=\"size-full wp-image-98647 aligncenter\" src=\"https:\/\/deportesdigital.com.ve\/public\/wp-content\/uploads\/2024\/11\/ta7.jpg\" alt=\"\" width=\"726\" height=\"381\" srcset=\"https:\/\/deportesdigital.com.ve\/public\/wp-content\/uploads\/2024\/11\/ta7.jpg 726w, https:\/\/deportesdigital.com.ve\/public\/wp-content\/uploads\/2024\/11\/ta7-300x157.jpg 300w, https:\/\/deportesdigital.com.ve\/public\/wp-content\/uploads\/2024\/11\/ta7-435x228.jpg 435w\" sizes=\"auto, (max-width: 726px) 100vw, 726px\" \/><\/a><\/p>\n<p>Durante el acto inaugural Luis D\u00edaz y Izandra de D\u00edaz, representantes del directorio nacional de Peque\u00f1a Ligas juramentaron se juramento a la nueva junta directiva para l periodo 2024-2027 presidida por Pablo Montes de Oca.<\/p>\n<p><a href=\"https:\/\/deportesdigital.com.ve\/public\/wp-content\/uploads\/2024\/11\/tama1.jpg\"><img loading=\"lazy\" decoding=\"async\" class=\" wp-image-98641 aligncenter\" src=\"https:\/\/deportesdigital.com.ve\/public\/wp-content\/uploads\/2024\/11\/tama1.jpg\" alt=\"\" width=\"544\" height=\"276\" srcset=\"https:\/\/deportesdigital.com.ve\/public\/wp-content\/uploads\/2024\/11\/tama1.jpg 516w, https:\/\/deportesdigital.com.ve\/public\/wp-content\/uploads\/2024\/11\/tama1-300x152.jpg 300w, https:\/\/deportesdigital.com.ve\/public\/wp-content\/uploads\/2024\/11\/tama1-435x221.jpg 435w\" sizes=\"auto, (max-width: 544px) 100vw, 544px\" \/><\/a><\/p>\n<p>Continuando con el acto inaugural se eligi\u00f3 la madrina del torneo entrega de reconocimiento al dirigente deportivo Yolanda Barrientos.<\/p>\n<p>&nbsp;<\/p>\n<p><a href=\"https:\/\/deportesdigital.com.ve\/public\/wp-content\/uploads\/2024\/11\/Tama6.jpg\"><img loading=\"lazy\" decoding=\"async\" class=\"wp-image-98646 aligncenter\" src=\"https:\/\/deportesdigital.com.ve\/public\/wp-content\/uploads\/2024\/11\/Tama6-e1731413654600.jpg\" alt=\"\" width=\"593\" height=\"406\" srcset=\"https:\/\/deportesdigital.com.ve\/public\/wp-content\/uploads\/2024\/11\/Tama6-e1731413654600.jpg 488w, https:\/\/deportesdigital.com.ve\/public\/wp-content\/uploads\/2024\/11\/Tama6-e1731413654600-300x205.jpg 300w, https:\/\/deportesdigital.com.ve\/public\/wp-content\/uploads\/2024\/11\/Tama6-e1731413654600-435x298.jpg 435w\" sizes=\"auto, (max-width: 593px) 100vw, 593px\" \/><\/a><\/p>\n<p><a href=\"https:\/\/deportesdigital.com.ve\/public\/wp-content\/uploads\/2024\/11\/WhatsApp-Image-2024-11-09-at-8.15.28-PM-2.jpeg\"><img loading=\"lazy\" decoding=\"async\" class=\"wp-image-98639 aligncenter\" src=\"https:\/\/deportesdigital.com.ve\/public\/wp-content\/uploads\/2024\/11\/WhatsApp-Image-2024-11-09-at-8.15.28-PM-2-e1731413531586-1024x529.jpeg\" alt=\"\" width=\"828\" height=\"428\" srcset=\"https:\/\/deportesdigital.com.ve\/public\/wp-content\/uploads\/2024\/11\/WhatsApp-Image-2024-11-09-at-8.15.28-PM-2-e1731413531586-1024x529.jpeg 1024w, https:\/\/deportesdigital.com.ve\/public\/wp-content\/uploads\/2024\/11\/WhatsApp-Image-2024-11-09-at-8.15.28-PM-2-e1731413531586-300x155.jpeg 300w, https:\/\/deportesdigital.com.ve\/public\/wp-content\/uploads\/2024\/11\/WhatsApp-Image-2024-11-09-at-8.15.28-PM-2-e1731413531586-768x397.jpeg 768w, https:\/\/deportesdigital.com.ve\/public\/wp-content\/uploads\/2024\/11\/WhatsApp-Image-2024-11-09-at-8.15.28-PM-2-e1731413531586-730x377.jpeg 730w, https:\/\/deportesdigital.com.ve\/public\/wp-content\/uploads\/2024\/11\/WhatsApp-Image-2024-11-09-at-8.15.28-PM-2-e1731413531586-435x225.jpeg 435w, https:\/\/deportesdigital.com.ve\/public\/wp-content\/uploads\/2024\/11\/WhatsApp-Image-2024-11-09-at-8.15.28-PM-2-e1731413531586.jpeg 1080w\" sizes=\"auto, (max-width: 828px) 100vw, 828px\" \/><\/a><\/p>\n<p>Para dejar inaugurado el torneo Yolanda Barrientos realizo el lanzamiento inaugural.<\/p>\n<p><a href=\"https:\/\/deportesdigital.com.ve\/public\/wp-content\/uploads\/2024\/11\/WhatsApp-Image-2024-11-09-at-8.15.28-PM-1.jpeg\"><img loading=\"lazy\" decoding=\"async\" class=\"alignnone wp-image-98640 size-full\" src=\"https:\/\/deportesdigital.com.ve\/public\/wp-content\/uploads\/2024\/11\/WhatsApp-Image-2024-11-09-at-8.15.28-PM-1-e1731413714429.jpeg\" alt=\"\" width=\"961\" height=\"505\" srcset=\"https:\/\/deportesdigital.com.ve\/public\/wp-content\/uploads\/2024\/11\/WhatsApp-Image-2024-11-09-at-8.15.28-PM-1-e1731413714429.jpeg 961w, https:\/\/deportesdigital.com.ve\/public\/wp-content\/uploads\/2024\/11\/WhatsApp-Image-2024-11-09-at-8.15.28-PM-1-e1731413714429-300x158.jpeg 300w, https:\/\/deportesdigital.com.ve\/public\/wp-content\/uploads\/2024\/11\/WhatsApp-Image-2024-11-09-at-8.15.28-PM-1-e1731413714429-768x404.jpeg 768w, https:\/\/deportesdigital.com.ve\/public\/wp-content\/uploads\/2024\/11\/WhatsApp-Image-2024-11-09-at-8.15.28-PM-1-e1731413714429-730x384.jpeg 730w, https:\/\/deportesdigital.com.ve\/public\/wp-content\/uploads\/2024\/11\/WhatsApp-Image-2024-11-09-at-8.15.28-PM-1-e1731413714429-435x229.jpeg 435w\" sizes=\"auto, (max-width: 961px) 100vw, 961px\" \/><\/a><\/p>\n<p><strong><em>Sigue esta y otras #Noticias ingresando a nuestras plataformas digitales Deportes Digital, en Instagram, Facebook, Twitter, y en nuestros grupos de Whatsapp y Telegram<\/em><\/strong>.<\/p>\n<p>&nbsp;<\/p>\n","protected":false},"excerpt":{"rendered":"<p>Con la juramentaci\u00f3n de su un nueva junta directiva, cuatro categor\u00edas ser\u00e1n las protagonistas del Torneo Interno de la Peque\u00f1a Ligas Tamare. \u00a0Jos\u00e9 Gil Deportes Digital\/Maracaibo: La Peque\u00f1as Ligas Tamare [&hellip;]<\/p>\n","protected":false},"author":1,"featured_media":98640,"comment_status":"open","ping_status":"closed","sticky":false,"template":"","format":"standard","meta":{"footnotes":""},"categories":[1],"tags":[2251,1701,527,3178,759],"class_list":["post-98638","post","type-post","status-publish","format-standard","has-post-thumbnail","hentry","category-sin-categoria","tag-ianuguracaion","tag-interno","tag-pequenasligas","tag-tamare","tag-torneo","clearfix"],"_links":{"self":[{"href":"https:\/\/deportesdigital.com.ve\/public\/wp-json\/wp\/v2\/posts\/98638","targetHints":{"allow":["GET"]}}],"collection":[{"href":"https:\/\/deportesdigital.com.ve\/public\/wp-json\/wp\/v2\/posts"}],"about":[{"href":"https:\/\/deportesdigital.com.ve\/public\/wp-json\/wp\/v2\/types\/post"}],"author":[{"embeddable":true,"href":"https:\/\/deportesdigital.com.ve\/public\/wp-json\/wp\/v2\/users\/1"}],"replies":[{"embeddable":true,"href":"https:\/\/deportesdigital.com.ve\/public\/wp-json\/wp\/v2\/comments?post=98638"}],"version-history":[{"count":3,"href":"https:\/\/deportesdigital.com.ve\/public\/wp-json\/wp\/v2\/posts\/98638\/revisions"}],"predecessor-version":[{"id":98650,"href":"https:\/\/deportesdigital.com.ve\/public\/wp-json\/wp\/v2\/posts\/98638\/revisions\/98650"}],"wp:featuredmedia":[{"embeddable":true,"href":"https:\/\/deportesdigital.com.ve\/public\/wp-json\/wp\/v2\/media\/98640"}],"wp:attachment":[{"href":"https:\/\/deportesdigital.com.ve\/public\/wp-json\/wp\/v2\/media?parent=98638"}],"wp:term":[{"taxonomy":"category","embeddable":true,"href":"https:\/\/deportesdigital.com.ve\/public\/wp-json\/wp\/v2\/categories?post=98638"},{"taxonomy":"post_tag","embeddable":true,"href":"https:\/\/deportesdigital.com.ve\/public\/wp-json\/wp\/v2\/tags?post=98638"}],"curies":[{"name":"wp","href":"https:\/\/api.w.org\/{rel}","templated":true}]}}