{"id":96734,"date":"2024-09-28T08:52:05","date_gmt":"2024-09-28T12:52:05","guid":{"rendered":"https:\/\/deportesdigital.com.ve\/public\/?p=96734"},"modified":"2024-09-28T08:52:38","modified_gmt":"2024-09-28T12:52:38","slug":"karate-do-zuliano-dice-presente-en-el-campeonato-nacional-infantil","status":"publish","type":"post","link":"https:\/\/deportesdigital.com.ve\/public\/karate-do-zuliano-dice-presente-en-el-campeonato-nacional-infantil\/","title":{"rendered":"Karate-Do zuliano dice presente en el Campeonato Nacional Infantil"},"content":{"rendered":"<p><strong><em>La selecci\u00f3n infantil de Karate-Do del Zulia buscara los primero lugres con 24 atletas.<\/em><\/strong><\/p>\n<hr \/>\n<p><strong><em>Jos\u00e9 Gil Deportes Digital\/Maracaibo:<\/em><\/strong> La selecci\u00f3n infantil de Karate-Do, del Zulia, esta lista para defenderlos colores regionales en el Campeonato Nacional de Infantil de Karate Do, que se realizara en\u00a0 Puerto la Cruz en el gimnasio Luis Ramos del 30 al 06 de octubre, con la participaci\u00f3n de 20 entidades del evento organizado por la Federaci\u00f3n Venezolana de Karate-Do.<\/p>\n<p>Ana Dugarte, secretaria de la Asociaci\u00f3n Zuliana de Karate-Do, inform\u00f3 que la selecci\u00f3n del Zulia est\u00e1 conformada por 24 atletas en las modalidades Kata y Kumite, buscaran los primeros lugares en el competencia nacional.<\/p>\n<p><a href=\"https:\/\/deportesdigital.com.ve\/public\/wp-content\/uploads\/2024\/09\/WhatsApp-Image-2024-09-25-at-6.38.01-PM.jpeg\"><img loading=\"lazy\" decoding=\"async\" class=\"aligncenter wp-image-96735 \" src=\"https:\/\/deportesdigital.com.ve\/public\/wp-content\/uploads\/2024\/09\/WhatsApp-Image-2024-09-25-at-6.38.01-PM-e1727527643244-300x292.jpeg\" alt=\"\" width=\"477\" height=\"464\" srcset=\"https:\/\/deportesdigital.com.ve\/public\/wp-content\/uploads\/2024\/09\/WhatsApp-Image-2024-09-25-at-6.38.01-PM-e1727527643244-300x292.jpeg 300w, https:\/\/deportesdigital.com.ve\/public\/wp-content\/uploads\/2024\/09\/WhatsApp-Image-2024-09-25-at-6.38.01-PM-e1727527643244-435x423.jpeg 435w, https:\/\/deportesdigital.com.ve\/public\/wp-content\/uploads\/2024\/09\/WhatsApp-Image-2024-09-25-at-6.38.01-PM-e1727527643244.jpeg 627w\" sizes=\"auto, (max-width: 477px) 100vw, 477px\" \/><\/a><\/p>\n<p>Destac\u00f3 el gran trabajo realizado por la junta directiva de la Asociaci\u00f3n Zuliana de Karate-Do presidida por el Jes\u00fas Serrano, para la preparaci\u00f3n durante el a\u00f1o de la selecci\u00f3n por la comisi\u00f3n t\u00e9cnica de la asociaci\u00f3n conformada Eleazar Monsalve, Ali Garcia, Daniel Huerfano, Ana Dugarte.<\/p>\n<p><a href=\"https:\/\/deportesdigital.com.ve\/public\/wp-content\/uploads\/2024\/09\/WhatsApp-Image-2024-09-27-at-12.59.53-PM.jpeg\"><img loading=\"lazy\" decoding=\"async\" class=\"wp-image-96739 aligncenter\" src=\"https:\/\/deportesdigital.com.ve\/public\/wp-content\/uploads\/2024\/09\/WhatsApp-Image-2024-09-27-at-12.59.53-PM-e1727527699178.jpeg\" alt=\"\" width=\"416\" height=\"500\" srcset=\"https:\/\/deportesdigital.com.ve\/public\/wp-content\/uploads\/2024\/09\/WhatsApp-Image-2024-09-27-at-12.59.53-PM-e1727527699178.jpeg 538w, https:\/\/deportesdigital.com.ve\/public\/wp-content\/uploads\/2024\/09\/WhatsApp-Image-2024-09-27-at-12.59.53-PM-e1727527699178-249x300.jpeg 249w, https:\/\/deportesdigital.com.ve\/public\/wp-content\/uploads\/2024\/09\/WhatsApp-Image-2024-09-27-at-12.59.53-PM-e1727527699178-435x523.jpeg 435w\" sizes=\"auto, (max-width: 416px) 100vw, 416px\" \/><\/a><\/p>\n<p>Aseguro que el equipo asiste bien preparado ya que contamos con un excelente grupo los atletas del Zulia dar\u00e1n la batalla por ocupar los primeros lugares en la competencia nacional.<\/p>\n<p><a href=\"https:\/\/deportesdigital.com.ve\/public\/wp-content\/uploads\/2024\/09\/WhatsApp-Image-2024-09-27-at-12.59.54-PM-1.jpeg\"><img loading=\"lazy\" decoding=\"async\" class=\"wp-image-96737 aligncenter\" src=\"https:\/\/deportesdigital.com.ve\/public\/wp-content\/uploads\/2024\/09\/WhatsApp-Image-2024-09-27-at-12.59.54-PM-1-e1727527763995-203x300.jpeg\" alt=\"\" width=\"346\" height=\"511\" srcset=\"https:\/\/deportesdigital.com.ve\/public\/wp-content\/uploads\/2024\/09\/WhatsApp-Image-2024-09-27-at-12.59.54-PM-1-e1727527763995-203x300.jpeg 203w, https:\/\/deportesdigital.com.ve\/public\/wp-content\/uploads\/2024\/09\/WhatsApp-Image-2024-09-27-at-12.59.54-PM-1-e1727527763995-435x643.jpeg 435w, https:\/\/deportesdigital.com.ve\/public\/wp-content\/uploads\/2024\/09\/WhatsApp-Image-2024-09-27-at-12.59.54-PM-1-e1727527763995.jpeg 538w\" sizes=\"auto, (max-width: 346px) 100vw, 346px\" \/><\/a><\/p>\n<p>La selecci\u00f3n infantil del Zulia de Karate\u2013Do, competir\u00e1 en la categor\u00edas 7-8-9 a\u00f1os sub 12 en las modalidades Kata Kumite y equipo Kata, \u00a0conformada por Amir Castellano, Renny Rosales, Raschell Escobar, Jerem\u00edas Padr\u00f3n, Marcela Betancourt, Nur Koukach, Susana Tuverquia, Andr\u00e9s Corona, JeanLuca Rangel, Iveth Samaan, Aranza Reyes, Sebasti\u00e1n Cardozo, Sara Socorro Armando V\u00e1squez, Diego Moronta, Valentina Sanchez, Luciano Paz, Sebasti\u00e1n Pirona, Kenny Legon, Anabella Yoris, Jos\u00e9 Barboza, Jade Cardozo, Estefan\u00eda Pirela, Keny Legon.<\/p>\n<p><a href=\"https:\/\/deportesdigital.com.ve\/public\/wp-content\/uploads\/2024\/09\/WhatsApp-Image-2024-09-27-at-12.59.54-PM.jpeg\"><img loading=\"lazy\" decoding=\"async\" class=\"wp-image-96738 aligncenter\" src=\"https:\/\/deportesdigital.com.ve\/public\/wp-content\/uploads\/2024\/09\/WhatsApp-Image-2024-09-27-at-12.59.54-PM-e1727527810879.jpeg\" alt=\"\" width=\"389\" height=\"495\" srcset=\"https:\/\/deportesdigital.com.ve\/public\/wp-content\/uploads\/2024\/09\/WhatsApp-Image-2024-09-27-at-12.59.54-PM-e1727527810879.jpeg 538w, https:\/\/deportesdigital.com.ve\/public\/wp-content\/uploads\/2024\/09\/WhatsApp-Image-2024-09-27-at-12.59.54-PM-e1727527810879-236x300.jpeg 236w, https:\/\/deportesdigital.com.ve\/public\/wp-content\/uploads\/2024\/09\/WhatsApp-Image-2024-09-27-at-12.59.54-PM-e1727527810879-435x553.jpeg 435w\" sizes=\"auto, (max-width: 389px) 100vw, 389px\" \/><\/a><\/p>\n<p>Destac\u00f3 la dirigente que el Karate-Do zuliano continua con su trabajo de desarrollo y masificaci\u00f3n contando siempre con el trabajo de entrenadores dirigentes y representantes para el desarrollo integral de los atletas y seguir dejando el nombre del Zulia en alto.<\/p>\n<p><a href=\"https:\/\/deportesdigital.com.ve\/public\/wp-content\/uploads\/2024\/09\/WhatsApp-Image-2024-09-27-at-12.59.55-PM.jpeg\"><img loading=\"lazy\" decoding=\"async\" class=\"wp-image-96736 size-full aligncenter\" src=\"https:\/\/deportesdigital.com.ve\/public\/wp-content\/uploads\/2024\/09\/WhatsApp-Image-2024-09-27-at-12.59.55-PM-e1727527879947.jpeg\" alt=\"\" width=\"464\" height=\"507\" srcset=\"https:\/\/deportesdigital.com.ve\/public\/wp-content\/uploads\/2024\/09\/WhatsApp-Image-2024-09-27-at-12.59.55-PM-e1727527879947.jpeg 464w, https:\/\/deportesdigital.com.ve\/public\/wp-content\/uploads\/2024\/09\/WhatsApp-Image-2024-09-27-at-12.59.55-PM-e1727527879947-275x300.jpeg 275w, https:\/\/deportesdigital.com.ve\/public\/wp-content\/uploads\/2024\/09\/WhatsApp-Image-2024-09-27-at-12.59.55-PM-e1727527879947-435x475.jpeg 435w\" sizes=\"auto, (max-width: 464px) 100vw, 464px\" \/><\/a><\/p>\n<p><strong><em>Sigue esta y otras\u00a0<\/em><\/strong><a href=\"https:\/\/z-p15.www.instagram.com\/explore\/tags\/noticias\/\">#Noticias<\/a><strong><em>\u00a0ingresando a nuestras plataformas digitales Deportes Digital, en Instagram, Facebook, Twitter, y en nuestros grupos de Whatsapp y Telegram.<\/em><\/strong><\/p>\n<p>&nbsp;<\/p>\n","protected":false},"excerpt":{"rendered":"<p>La selecci\u00f3n infantil de Karate-Do del Zulia buscara los primero lugres con 24 atletas. Jos\u00e9 Gil Deportes Digital\/Maracaibo: La selecci\u00f3n infantil de Karate-Do, del Zulia, esta lista para defenderlos colores [&hellip;]<\/p>\n","protected":false},"author":1,"featured_media":96741,"comment_status":"open","ping_status":"closed","sticky":false,"template":"","format":"standard","meta":{"footnotes":""},"categories":[5],"tags":[1454,100,476,40,662],"class_list":["post-96734","post","type-post","status-publish","format-standard","has-post-thumbnail","hentry","category-otrosdeportes","tag-campoenato","tag-infantil","tag-karatedo","tag-nacional","tag-seleccionzulia","clearfix"],"_links":{"self":[{"href":"https:\/\/deportesdigital.com.ve\/public\/wp-json\/wp\/v2\/posts\/96734","targetHints":{"allow":["GET"]}}],"collection":[{"href":"https:\/\/deportesdigital.com.ve\/public\/wp-json\/wp\/v2\/posts"}],"about":[{"href":"https:\/\/deportesdigital.com.ve\/public\/wp-json\/wp\/v2\/types\/post"}],"author":[{"embeddable":true,"href":"https:\/\/deportesdigital.com.ve\/public\/wp-json\/wp\/v2\/users\/1"}],"replies":[{"embeddable":true,"href":"https:\/\/deportesdigital.com.ve\/public\/wp-json\/wp\/v2\/comments?post=96734"}],"version-history":[{"count":1,"href":"https:\/\/deportesdigital.com.ve\/public\/wp-json\/wp\/v2\/posts\/96734\/revisions"}],"predecessor-version":[{"id":96740,"href":"https:\/\/deportesdigital.com.ve\/public\/wp-json\/wp\/v2\/posts\/96734\/revisions\/96740"}],"wp:featuredmedia":[{"embeddable":true,"href":"https:\/\/deportesdigital.com.ve\/public\/wp-json\/wp\/v2\/media\/96741"}],"wp:attachment":[{"href":"https:\/\/deportesdigital.com.ve\/public\/wp-json\/wp\/v2\/media?parent=96734"}],"wp:term":[{"taxonomy":"category","embeddable":true,"href":"https:\/\/deportesdigital.com.ve\/public\/wp-json\/wp\/v2\/categories?post=96734"},{"taxonomy":"post_tag","embeddable":true,"href":"https:\/\/deportesdigital.com.ve\/public\/wp-json\/wp\/v2\/tags?post=96734"}],"curies":[{"name":"wp","href":"https:\/\/api.w.org\/{rel}","templated":true}]}}