{"id":96712,"date":"2024-09-27T23:32:06","date_gmt":"2024-09-28T03:32:06","guid":{"rendered":"https:\/\/deportesdigital.com.ve\/public\/?p=96712"},"modified":"2024-09-27T23:32:06","modified_gmt":"2024-09-28T03:32:06","slug":"atletas-zulianos-recibieron-su-titulo-de-bachiller","status":"publish","type":"post","link":"https:\/\/deportesdigital.com.ve\/public\/atletas-zulianos-recibieron-su-titulo-de-bachiller\/","title":{"rendered":"Atletas zulianos recibieron su t\u00edtulo de bachiller"},"content":{"rendered":"<p><strong><em>Las autoridades deportivas otorgaron el t\u00edtulo de bachiller a los nuevos bachilleres de la rep\u00fablica.<\/em><\/strong><\/p>\n<hr \/>\n<p><strong><em>Prensa IRDEZ:<\/em><\/strong> Catorce atletas &#8211; estudiantes recibieron este mi\u00e9rcoles 25 de septiembre el T\u00edtulo de Bachiller de la Rep\u00fablica Bolivariana de Venezuela a trav\u00e9s del Programa de Educaci\u00f3n de Adultos de la Unidad Educativa Francisco Jos\u00e9 Duarte con la gesti\u00f3n de la Coordinaci\u00f3n de Atenci\u00f3n al Atleta del Instituto Regional de Deportes.<\/p>\n<p><a href=\"https:\/\/deportesdigital.com.ve\/public\/wp-content\/uploads\/2024\/09\/WhatsApp-Image-2024-09-26-at-12.24.22-PM-1.jpeg\"><img loading=\"lazy\" decoding=\"async\" class=\"alignnone size-full wp-image-96721\" src=\"https:\/\/deportesdigital.com.ve\/public\/wp-content\/uploads\/2024\/09\/WhatsApp-Image-2024-09-26-at-12.24.22-PM-1.jpeg\" alt=\"\" width=\"2560\" height=\"1920\" srcset=\"https:\/\/deportesdigital.com.ve\/public\/wp-content\/uploads\/2024\/09\/WhatsApp-Image-2024-09-26-at-12.24.22-PM-1.jpeg 2560w, https:\/\/deportesdigital.com.ve\/public\/wp-content\/uploads\/2024\/09\/WhatsApp-Image-2024-09-26-at-12.24.22-PM-1-300x225.jpeg 300w, https:\/\/deportesdigital.com.ve\/public\/wp-content\/uploads\/2024\/09\/WhatsApp-Image-2024-09-26-at-12.24.22-PM-1-1024x768.jpeg 1024w, https:\/\/deportesdigital.com.ve\/public\/wp-content\/uploads\/2024\/09\/WhatsApp-Image-2024-09-26-at-12.24.22-PM-1-768x576.jpeg 768w, https:\/\/deportesdigital.com.ve\/public\/wp-content\/uploads\/2024\/09\/WhatsApp-Image-2024-09-26-at-12.24.22-PM-1-1536x1152.jpeg 1536w, https:\/\/deportesdigital.com.ve\/public\/wp-content\/uploads\/2024\/09\/WhatsApp-Image-2024-09-26-at-12.24.22-PM-1-2048x1536.jpeg 2048w, https:\/\/deportesdigital.com.ve\/public\/wp-content\/uploads\/2024\/09\/WhatsApp-Image-2024-09-26-at-12.24.22-PM-1-730x548.jpeg 730w, https:\/\/deportesdigital.com.ve\/public\/wp-content\/uploads\/2024\/09\/WhatsApp-Image-2024-09-26-at-12.24.22-PM-1-435x326.jpeg 435w, https:\/\/deportesdigital.com.ve\/public\/wp-content\/uploads\/2024\/09\/WhatsApp-Image-2024-09-26-at-12.24.22-PM-1-80x60.jpeg 80w\" sizes=\"auto, (max-width: 2560px) 100vw, 2560px\" \/><\/a><\/p>\n<p>Jes\u00fas Ortega, Sub Secretario de Deportes, Francisco Riera, Director T\u00e9cnico del Irdez, y Pierina Valbuena, Coordinadora de Atenci\u00f3n al Atleta, presidieron el acto que se realiz\u00f3 en la Villa Deportiva Arqu\u00edmedes Herrera.<\/p>\n<p><a href=\"https:\/\/deportesdigital.com.ve\/public\/wp-content\/uploads\/2024\/09\/WhatsApp-Image-2024-09-26-at-12.24.23-PM-1.jpeg\"><img loading=\"lazy\" decoding=\"async\" class=\"alignnone size-full wp-image-96718\" src=\"https:\/\/deportesdigital.com.ve\/public\/wp-content\/uploads\/2024\/09\/WhatsApp-Image-2024-09-26-at-12.24.23-PM-1.jpeg\" alt=\"\" width=\"2560\" height=\"1923\" srcset=\"https:\/\/deportesdigital.com.ve\/public\/wp-content\/uploads\/2024\/09\/WhatsApp-Image-2024-09-26-at-12.24.23-PM-1.jpeg 2560w, https:\/\/deportesdigital.com.ve\/public\/wp-content\/uploads\/2024\/09\/WhatsApp-Image-2024-09-26-at-12.24.23-PM-1-300x225.jpeg 300w, https:\/\/deportesdigital.com.ve\/public\/wp-content\/uploads\/2024\/09\/WhatsApp-Image-2024-09-26-at-12.24.23-PM-1-1024x769.jpeg 1024w, https:\/\/deportesdigital.com.ve\/public\/wp-content\/uploads\/2024\/09\/WhatsApp-Image-2024-09-26-at-12.24.23-PM-1-768x577.jpeg 768w, https:\/\/deportesdigital.com.ve\/public\/wp-content\/uploads\/2024\/09\/WhatsApp-Image-2024-09-26-at-12.24.23-PM-1-1536x1154.jpeg 1536w, https:\/\/deportesdigital.com.ve\/public\/wp-content\/uploads\/2024\/09\/WhatsApp-Image-2024-09-26-at-12.24.23-PM-1-2048x1538.jpeg 2048w, https:\/\/deportesdigital.com.ve\/public\/wp-content\/uploads\/2024\/09\/WhatsApp-Image-2024-09-26-at-12.24.23-PM-1-730x548.jpeg 730w, https:\/\/deportesdigital.com.ve\/public\/wp-content\/uploads\/2024\/09\/WhatsApp-Image-2024-09-26-at-12.24.23-PM-1-435x327.jpeg 435w, https:\/\/deportesdigital.com.ve\/public\/wp-content\/uploads\/2024\/09\/WhatsApp-Image-2024-09-26-at-12.24.23-PM-1-80x60.jpeg 80w\" sizes=\"auto, (max-width: 2560px) 100vw, 2560px\" \/><\/a><\/p>\n<p>Joswel Cogoyo atleta integrante de la selecci\u00f3n de Zulia de f\u00fatbol sala para los Juegos Deportivos Nacionales Juveniles expres\u00f3 las palabras de agradecimiento en nombre de todos los graduandos, y Kevin Urdaneta, igualmente a la contienda venezolana en atletismo, efectu\u00f3 la solicitud de conferimiento de t\u00edtulos a las autoridades.<\/p>\n<p><a href=\"https:\/\/deportesdigital.com.ve\/public\/wp-content\/uploads\/2024\/09\/WhatsApp-Image-2024-09-26-at-12.24.27-PM-1.jpeg\"><img loading=\"lazy\" decoding=\"async\" class=\"alignnone size-full wp-image-96716\" src=\"https:\/\/deportesdigital.com.ve\/public\/wp-content\/uploads\/2024\/09\/WhatsApp-Image-2024-09-26-at-12.24.27-PM-1.jpeg\" alt=\"\" width=\"2560\" height=\"1920\" srcset=\"https:\/\/deportesdigital.com.ve\/public\/wp-content\/uploads\/2024\/09\/WhatsApp-Image-2024-09-26-at-12.24.27-PM-1.jpeg 2560w, https:\/\/deportesdigital.com.ve\/public\/wp-content\/uploads\/2024\/09\/WhatsApp-Image-2024-09-26-at-12.24.27-PM-1-300x225.jpeg 300w, https:\/\/deportesdigital.com.ve\/public\/wp-content\/uploads\/2024\/09\/WhatsApp-Image-2024-09-26-at-12.24.27-PM-1-1024x768.jpeg 1024w, https:\/\/deportesdigital.com.ve\/public\/wp-content\/uploads\/2024\/09\/WhatsApp-Image-2024-09-26-at-12.24.27-PM-1-768x576.jpeg 768w, https:\/\/deportesdigital.com.ve\/public\/wp-content\/uploads\/2024\/09\/WhatsApp-Image-2024-09-26-at-12.24.27-PM-1-1536x1152.jpeg 1536w, https:\/\/deportesdigital.com.ve\/public\/wp-content\/uploads\/2024\/09\/WhatsApp-Image-2024-09-26-at-12.24.27-PM-1-2048x1536.jpeg 2048w, https:\/\/deportesdigital.com.ve\/public\/wp-content\/uploads\/2024\/09\/WhatsApp-Image-2024-09-26-at-12.24.27-PM-1-730x548.jpeg 730w, https:\/\/deportesdigital.com.ve\/public\/wp-content\/uploads\/2024\/09\/WhatsApp-Image-2024-09-26-at-12.24.27-PM-1-435x326.jpeg 435w, https:\/\/deportesdigital.com.ve\/public\/wp-content\/uploads\/2024\/09\/WhatsApp-Image-2024-09-26-at-12.24.27-PM-1-80x60.jpeg 80w\" sizes=\"auto, (max-width: 2560px) 100vw, 2560px\" \/><\/a><\/p>\n<p>Felicidades a los nuevos bachilleres de la rep\u00fablica y deportistas de sambo, goalball, atletismo, f\u00fatbol campo, f\u00fatbol sala, lucha ol\u00edmpica, levantamiento de pesas, balonmano boxeo y b\u00e9isbol, por haber culminado la etapa escolar<\/p>\n<p><a href=\"https:\/\/deportesdigital.com.ve\/public\/wp-content\/uploads\/2024\/09\/WhatsApp-Image-2024-09-26-at-12.24.27-PM.jpeg\"><img loading=\"lazy\" decoding=\"async\" class=\"alignnone size-full wp-image-96717\" src=\"https:\/\/deportesdigital.com.ve\/public\/wp-content\/uploads\/2024\/09\/WhatsApp-Image-2024-09-26-at-12.24.27-PM.jpeg\" alt=\"\" width=\"2560\" height=\"1920\" srcset=\"https:\/\/deportesdigital.com.ve\/public\/wp-content\/uploads\/2024\/09\/WhatsApp-Image-2024-09-26-at-12.24.27-PM.jpeg 2560w, https:\/\/deportesdigital.com.ve\/public\/wp-content\/uploads\/2024\/09\/WhatsApp-Image-2024-09-26-at-12.24.27-PM-300x225.jpeg 300w, https:\/\/deportesdigital.com.ve\/public\/wp-content\/uploads\/2024\/09\/WhatsApp-Image-2024-09-26-at-12.24.27-PM-1024x768.jpeg 1024w, https:\/\/deportesdigital.com.ve\/public\/wp-content\/uploads\/2024\/09\/WhatsApp-Image-2024-09-26-at-12.24.27-PM-768x576.jpeg 768w, https:\/\/deportesdigital.com.ve\/public\/wp-content\/uploads\/2024\/09\/WhatsApp-Image-2024-09-26-at-12.24.27-PM-1536x1152.jpeg 1536w, https:\/\/deportesdigital.com.ve\/public\/wp-content\/uploads\/2024\/09\/WhatsApp-Image-2024-09-26-at-12.24.27-PM-2048x1536.jpeg 2048w, https:\/\/deportesdigital.com.ve\/public\/wp-content\/uploads\/2024\/09\/WhatsApp-Image-2024-09-26-at-12.24.27-PM-730x548.jpeg 730w, https:\/\/deportesdigital.com.ve\/public\/wp-content\/uploads\/2024\/09\/WhatsApp-Image-2024-09-26-at-12.24.27-PM-435x326.jpeg 435w, https:\/\/deportesdigital.com.ve\/public\/wp-content\/uploads\/2024\/09\/WhatsApp-Image-2024-09-26-at-12.24.27-PM-80x60.jpeg 80w\" sizes=\"auto, (max-width: 2560px) 100vw, 2560px\" \/><\/a> <a href=\"https:\/\/deportesdigital.com.ve\/public\/wp-content\/uploads\/2024\/09\/WhatsApp-Image-2024-09-26-at-12.34.14-PM.jpeg\"><img loading=\"lazy\" decoding=\"async\" class=\"alignnone size-full wp-image-96715\" src=\"https:\/\/deportesdigital.com.ve\/public\/wp-content\/uploads\/2024\/09\/WhatsApp-Image-2024-09-26-at-12.34.14-PM.jpeg\" alt=\"\" width=\"2560\" height=\"1920\" srcset=\"https:\/\/deportesdigital.com.ve\/public\/wp-content\/uploads\/2024\/09\/WhatsApp-Image-2024-09-26-at-12.34.14-PM.jpeg 2560w, https:\/\/deportesdigital.com.ve\/public\/wp-content\/uploads\/2024\/09\/WhatsApp-Image-2024-09-26-at-12.34.14-PM-300x225.jpeg 300w, https:\/\/deportesdigital.com.ve\/public\/wp-content\/uploads\/2024\/09\/WhatsApp-Image-2024-09-26-at-12.34.14-PM-1024x768.jpeg 1024w, https:\/\/deportesdigital.com.ve\/public\/wp-content\/uploads\/2024\/09\/WhatsApp-Image-2024-09-26-at-12.34.14-PM-768x576.jpeg 768w, https:\/\/deportesdigital.com.ve\/public\/wp-content\/uploads\/2024\/09\/WhatsApp-Image-2024-09-26-at-12.34.14-PM-1536x1152.jpeg 1536w, https:\/\/deportesdigital.com.ve\/public\/wp-content\/uploads\/2024\/09\/WhatsApp-Image-2024-09-26-at-12.34.14-PM-2048x1536.jpeg 2048w, https:\/\/deportesdigital.com.ve\/public\/wp-content\/uploads\/2024\/09\/WhatsApp-Image-2024-09-26-at-12.34.14-PM-730x548.jpeg 730w, https:\/\/deportesdigital.com.ve\/public\/wp-content\/uploads\/2024\/09\/WhatsApp-Image-2024-09-26-at-12.34.14-PM-435x326.jpeg 435w, https:\/\/deportesdigital.com.ve\/public\/wp-content\/uploads\/2024\/09\/WhatsApp-Image-2024-09-26-at-12.34.14-PM-80x60.jpeg 80w\" sizes=\"auto, (max-width: 2560px) 100vw, 2560px\" \/><\/a> <a href=\"https:\/\/deportesdigital.com.ve\/public\/wp-content\/uploads\/2024\/09\/WhatsApp-Image-2024-09-26-at-12.34.16-PM.jpeg\"><img loading=\"lazy\" decoding=\"async\" class=\"alignnone size-full wp-image-96714\" src=\"https:\/\/deportesdigital.com.ve\/public\/wp-content\/uploads\/2024\/09\/WhatsApp-Image-2024-09-26-at-12.34.16-PM.jpeg\" alt=\"\" width=\"2560\" height=\"1920\" srcset=\"https:\/\/deportesdigital.com.ve\/public\/wp-content\/uploads\/2024\/09\/WhatsApp-Image-2024-09-26-at-12.34.16-PM.jpeg 2560w, https:\/\/deportesdigital.com.ve\/public\/wp-content\/uploads\/2024\/09\/WhatsApp-Image-2024-09-26-at-12.34.16-PM-300x225.jpeg 300w, https:\/\/deportesdigital.com.ve\/public\/wp-content\/uploads\/2024\/09\/WhatsApp-Image-2024-09-26-at-12.34.16-PM-1024x768.jpeg 1024w, https:\/\/deportesdigital.com.ve\/public\/wp-content\/uploads\/2024\/09\/WhatsApp-Image-2024-09-26-at-12.34.16-PM-768x576.jpeg 768w, https:\/\/deportesdigital.com.ve\/public\/wp-content\/uploads\/2024\/09\/WhatsApp-Image-2024-09-26-at-12.34.16-PM-1536x1152.jpeg 1536w, https:\/\/deportesdigital.com.ve\/public\/wp-content\/uploads\/2024\/09\/WhatsApp-Image-2024-09-26-at-12.34.16-PM-2048x1536.jpeg 2048w, https:\/\/deportesdigital.com.ve\/public\/wp-content\/uploads\/2024\/09\/WhatsApp-Image-2024-09-26-at-12.34.16-PM-730x548.jpeg 730w, https:\/\/deportesdigital.com.ve\/public\/wp-content\/uploads\/2024\/09\/WhatsApp-Image-2024-09-26-at-12.34.16-PM-435x326.jpeg 435w, https:\/\/deportesdigital.com.ve\/public\/wp-content\/uploads\/2024\/09\/WhatsApp-Image-2024-09-26-at-12.34.16-PM-80x60.jpeg 80w\" sizes=\"auto, (max-width: 2560px) 100vw, 2560px\" \/><\/a><\/p>\n<p><strong><em>Sigue esta y otras\u00a0<\/em><\/strong><a href=\"https:\/\/z-p15.www.instagram.com\/explore\/tags\/noticias\/\">#Noticias<\/a><strong><em>\u00a0ingresando a nuestras plataformas digitales Deportes Digital, en Instagram, Facebook, Twitter, y en nuestros grupos de Whatsapp y Telegram.<\/em><\/strong><\/p>\n","protected":false},"excerpt":{"rendered":"<p>Las autoridades deportivas otorgaron el t\u00edtulo de bachiller a los nuevos bachilleres de la rep\u00fablica. Prensa IRDEZ: Catorce atletas &#8211; estudiantes recibieron este mi\u00e9rcoles 25 de septiembre el T\u00edtulo de [&hellip;]<\/p>\n","protected":false},"author":1,"featured_media":96713,"comment_status":"open","ping_status":"closed","sticky":false,"template":"","format":"standard","meta":{"footnotes":""},"categories":[5],"tags":[2710,2711,2208,2708,2709,110,588,2707],"class_list":["post-96712","post","type-post","status-publish","format-standard","has-post-thumbnail","hentry","category-otrosdeportes","tag-atencion","tag-atleta","tag-bachilleres","tag-educacion","tag-franciscoduarte","tag-irdez","tag-nuevos","tag-proma","clearfix"],"_links":{"self":[{"href":"https:\/\/deportesdigital.com.ve\/public\/wp-json\/wp\/v2\/posts\/96712","targetHints":{"allow":["GET"]}}],"collection":[{"href":"https:\/\/deportesdigital.com.ve\/public\/wp-json\/wp\/v2\/posts"}],"about":[{"href":"https:\/\/deportesdigital.com.ve\/public\/wp-json\/wp\/v2\/types\/post"}],"author":[{"embeddable":true,"href":"https:\/\/deportesdigital.com.ve\/public\/wp-json\/wp\/v2\/users\/1"}],"replies":[{"embeddable":true,"href":"https:\/\/deportesdigital.com.ve\/public\/wp-json\/wp\/v2\/comments?post=96712"}],"version-history":[{"count":1,"href":"https:\/\/deportesdigital.com.ve\/public\/wp-json\/wp\/v2\/posts\/96712\/revisions"}],"predecessor-version":[{"id":96722,"href":"https:\/\/deportesdigital.com.ve\/public\/wp-json\/wp\/v2\/posts\/96712\/revisions\/96722"}],"wp:featuredmedia":[{"embeddable":true,"href":"https:\/\/deportesdigital.com.ve\/public\/wp-json\/wp\/v2\/media\/96713"}],"wp:attachment":[{"href":"https:\/\/deportesdigital.com.ve\/public\/wp-json\/wp\/v2\/media?parent=96712"}],"wp:term":[{"taxonomy":"category","embeddable":true,"href":"https:\/\/deportesdigital.com.ve\/public\/wp-json\/wp\/v2\/categories?post=96712"},{"taxonomy":"post_tag","embeddable":true,"href":"https:\/\/deportesdigital.com.ve\/public\/wp-json\/wp\/v2\/tags?post=96712"}],"curies":[{"name":"wp","href":"https:\/\/api.w.org\/{rel}","templated":true}]}}