{"id":96709,"date":"2024-09-27T17:31:54","date_gmt":"2024-09-27T21:31:54","guid":{"rendered":"https:\/\/deportesdigital.com.ve\/public\/?p=96709"},"modified":"2024-09-27T17:31:54","modified_gmt":"2024-09-27T21:31:54","slug":"culmina-3ra-jornada-de-pre-temporada-de-aguilas-del-zulia","status":"publish","type":"post","link":"https:\/\/deportesdigital.com.ve\/public\/culmina-3ra-jornada-de-pre-temporada-de-aguilas-del-zulia\/","title":{"rendered":"Culmina \u00a03ra jornada de pre temporada de \u00c1guilas del Zulia"},"content":{"rendered":"<p><strong><em>La jornada transcurri\u00f3 con preparaci\u00f3n f\u00edsica, jugadas alrededor del mont\u00edculo y pr\u00e1ctica de bateo.<\/em><\/strong><\/p>\n<p><strong>Prensa\/\u00c1guilas: <\/strong>En el tercer d\u00eda de pretemporada el equipo rapaz recibi\u00f3 al pitcher Emilio M\u00e1rquez, quien conjuntamente con el tambi\u00e9n lanzador Aliangel L\u00f3pez llegaron en la primera transacci\u00f3n en el receso de temporada<\/p>\n<p>La jornada transcurri\u00f3 con preparaci\u00f3n f\u00edsica, jugadas alrededor del mont\u00edculo y pr\u00e1ctica de bateo. Para ma\u00f1ana los lanzadores del grupo unos ver\u00e1n por primera vez a bateadores inform\u00f3 Guillermo \u201cMemo\u201d Larreral coach del equipo<\/p>\n<p>Emilio M\u00e1rquez nativo de Upata, en el estado Bol\u00edvar indic\u00f3 no tener problemas con el clima marabino a casi 40 grados de sensaci\u00f3n t\u00e9rmica en el estadio de la facultad de derecho de LUZ.<\/p>\n<p><strong><em>\u201cMe hab\u00edan hablado del calor de aqu\u00ed, pero es el mismo de oriente ya estoy adaptado\u201d <\/em><\/strong>dijo en tono muy tranquilo<\/p>\n<p>\u201cSobre el cambio te puedo decir que agradezco mucho al Caracas y si las \u00c1guilas me trajeron en cambio por algo ser\u00e1\u201d acot\u00f3 el jugador de 26 a\u00f1os<\/p>\n<p>El siniestro viene de cumplir campa\u00f1a en liga independiente y en M\u00e9xico con Pericos de Puebla, combinando 43.1 episodios, 52 ponches propinados, 13 bases por bolas.<\/p>\n<p>\u201cComenc\u00e9 la temporada con Kansas City, pero me dejaron libre antes de comenzar y me fui al equipo del Long Island y luego a M\u00e9xico, me adapt\u00e9 r\u00e1pido porque el nivel de bateadores es diferente entre esas ligas, en M\u00e9xico us\u00e9 menos la recta por la<\/p>\n<p><strong><em>altura y los bateadores de experiencia que enfrentas\u201d <\/em><\/strong>agreg\u00f3 al finalizar la jornada<\/p>\n<p>De sus 17 apariciones en la campa\u00f1a, nueve fueron en calidad de abridor, sobre el rol que aspira con los rapaces acot\u00f3 <strong><em>\u201cVengo a ayudar en cualquier rol, puedo lanzar todos los d\u00edas si es necesario\u201d<\/em><\/strong><\/p>\n<p><strong><em>\u00a0<\/em><\/strong>Para el zurdo con cinco a\u00f1os de experiencia en el sistema de ligas menores de los Reales de Kansas City tener a Lipso Nava como m\u00e9nager tambi\u00e9n le genera m\u00e1s confianza y espera cumplir con las expectativas.<\/p>\n<p>Para este s\u00e1bado el equipo espera la incorporaci\u00f3n de los jugadores de posici\u00f3n.<\/p>\n<p><strong>Roster de pretemporada<\/strong><\/p>\n<p><strong>\u00a0<\/strong><strong>Lanzadores: <\/strong>Kleiderver Andrade, Luis Moncada, Alvin Herrera, Manuel Medina, Francisco Carrillo, Alejandro Melean, Jos\u00e9 Moreno, Ismael Guill\u00f3n, Aliangel L\u00f3pez, Juan Morillo, Eduardo Jim\u00e9nez, Aldry Acosta, Emilio M\u00e1rquez.<\/p>\n<p><strong>Receptores: <\/strong>Andrick Nava, Humberto Tiberi.<\/p>\n<p><strong>Invitados: <\/strong>Elvis Escobar (P), Rafael Cova (P), Jon Landaeta (P), Franklin DaCosta (P), Luis Bellor\u00edn (P), David Morillo (P), Juan Querecuto (P), Osman Marval (Inf), Luis Ortega C, Newrenberg Rond\u00f3n C, Luis Ram\u00edrez<\/p>\n<p><strong>T\u00e9cnicos: <\/strong>Alexander Delgado, Guillermo \u201cMemo\u201d Larreal, Alex Romero, Marcos T\u00e1bata, Gary Villalobos, Mario Labastidas.<\/p>\n<p>Sigue esta y otras\u00a0<a href=\"https:\/\/z-p15.www.instagram.com\/explore\/tags\/noticias\/\">#Noticias<\/a>\u00a0ingresando a nuestras plataformas digitales Deportes Digital, en Instagram, Facebook, Twitter, y en nuestros grupos de Whatsapp y Telegram.<\/p>\n","protected":false},"excerpt":{"rendered":"<p>La jornada transcurri\u00f3 con preparaci\u00f3n f\u00edsica, jugadas alrededor del mont\u00edculo y pr\u00e1ctica de bateo. Prensa\/\u00c1guilas: En el tercer d\u00eda de pretemporada el equipo rapaz recibi\u00f3 al pitcher Emilio M\u00e1rquez, quien [&hellip;]<\/p>\n","protected":false},"author":1,"featured_media":96710,"comment_status":"open","ping_status":"closed","sticky":false,"template":"","format":"standard","meta":{"footnotes":""},"categories":[1],"tags":[],"class_list":["post-96709","post","type-post","status-publish","format-standard","has-post-thumbnail","hentry","category-sin-categoria","clearfix"],"_links":{"self":[{"href":"https:\/\/deportesdigital.com.ve\/public\/wp-json\/wp\/v2\/posts\/96709","targetHints":{"allow":["GET"]}}],"collection":[{"href":"https:\/\/deportesdigital.com.ve\/public\/wp-json\/wp\/v2\/posts"}],"about":[{"href":"https:\/\/deportesdigital.com.ve\/public\/wp-json\/wp\/v2\/types\/post"}],"author":[{"embeddable":true,"href":"https:\/\/deportesdigital.com.ve\/public\/wp-json\/wp\/v2\/users\/1"}],"replies":[{"embeddable":true,"href":"https:\/\/deportesdigital.com.ve\/public\/wp-json\/wp\/v2\/comments?post=96709"}],"version-history":[{"count":1,"href":"https:\/\/deportesdigital.com.ve\/public\/wp-json\/wp\/v2\/posts\/96709\/revisions"}],"predecessor-version":[{"id":96711,"href":"https:\/\/deportesdigital.com.ve\/public\/wp-json\/wp\/v2\/posts\/96709\/revisions\/96711"}],"wp:featuredmedia":[{"embeddable":true,"href":"https:\/\/deportesdigital.com.ve\/public\/wp-json\/wp\/v2\/media\/96710"}],"wp:attachment":[{"href":"https:\/\/deportesdigital.com.ve\/public\/wp-json\/wp\/v2\/media?parent=96709"}],"wp:term":[{"taxonomy":"category","embeddable":true,"href":"https:\/\/deportesdigital.com.ve\/public\/wp-json\/wp\/v2\/categories?post=96709"},{"taxonomy":"post_tag","embeddable":true,"href":"https:\/\/deportesdigital.com.ve\/public\/wp-json\/wp\/v2\/tags?post=96709"}],"curies":[{"name":"wp","href":"https:\/\/api.w.org\/{rel}","templated":true}]}}