{"id":96656,"date":"2024-09-26T16:59:36","date_gmt":"2024-09-26T20:59:36","guid":{"rendered":"https:\/\/deportesdigital.com.ve\/public\/?p=96656"},"modified":"2024-09-26T16:59:36","modified_gmt":"2024-09-26T20:59:36","slug":"morillo-jimenez-y-acosta-se-reportaron","status":"publish","type":"post","link":"https:\/\/deportesdigital.com.ve\/public\/morillo-jimenez-y-acosta-se-reportaron\/","title":{"rendered":"Morillo, Jim\u00e9nez y Acosta se reportaron"},"content":{"rendered":"<p><strong><em>Las \u00c1guilas del Zulia realizaron su segundo d\u00eda de pretemporada con las incorporaciones de los lanzadores Juan Morillo, Aldry Acosta y Eduardo Jim\u00e9nez.<\/em><\/strong><\/p>\n<p><strong>Prensa\/\u00c1guilas<\/strong>: Este jueves 26 de septiembre, las \u00c1guilas del Zulia realizaron su segundo d\u00eda de pretemporada en las instalaciones del estadio de la facultad de derecho de la Universidad del Zulia, con las incorporaciones de los lanzadores Juan Morillo, Aldry Acosta y Eduardo Jim\u00e9nez.<\/p>\n<p>El grupo de lanzadores sigui\u00f3 prepar\u00e1ndose con sesi\u00f3n de bullpen para los lanzadores del grupo dos, mientras el primer grupo realiz\u00f3 jugadas, como tiros a las bases y situaciones de juego.<\/p>\n<p><a href=\"https:\/\/deportesdigital.com.ve\/public\/wp-content\/uploads\/2024\/09\/WhatsApp-Image-2024-09-26-at-2.20.03-PM.jpeg\"><img loading=\"lazy\" decoding=\"async\" class=\"wp-image-96658 aligncenter\" src=\"https:\/\/deportesdigital.com.ve\/public\/wp-content\/uploads\/2024\/09\/WhatsApp-Image-2024-09-26-at-2.20.03-PM.jpeg\" alt=\"\" width=\"336\" height=\"448\" srcset=\"https:\/\/deportesdigital.com.ve\/public\/wp-content\/uploads\/2024\/09\/WhatsApp-Image-2024-09-26-at-2.20.03-PM.jpeg 960w, https:\/\/deportesdigital.com.ve\/public\/wp-content\/uploads\/2024\/09\/WhatsApp-Image-2024-09-26-at-2.20.03-PM-225x300.jpeg 225w, https:\/\/deportesdigital.com.ve\/public\/wp-content\/uploads\/2024\/09\/WhatsApp-Image-2024-09-26-at-2.20.03-PM-768x1024.jpeg 768w, https:\/\/deportesdigital.com.ve\/public\/wp-content\/uploads\/2024\/09\/WhatsApp-Image-2024-09-26-at-2.20.03-PM-730x973.jpeg 730w, https:\/\/deportesdigital.com.ve\/public\/wp-content\/uploads\/2024\/09\/WhatsApp-Image-2024-09-26-at-2.20.03-PM-435x580.jpeg 435w\" sizes=\"auto, (max-width: 336px) 100vw, 336px\" \/><\/a><\/p>\n<p>Morillo, lanzador derecho de 25 a\u00f1os, viene de cumplir campa\u00f1a con la filial doble A de los Dodgers de Los \u00c1ngeles. En 41 episodios como relevista gan\u00f3 cinco juegos, perdi\u00f3 cuatro y dej\u00f3 efectividad de 4.76.<\/p>\n<p><strong>\u00a0\u201cMuy contento de poder debutar en la liga con las \u00c1guilas, en a\u00f1os anteriores no pude jugar por tema de lesiones, pero ahora si puedo estar con el equipo\u201d<\/strong> dijo el diestro<\/p>\n<p>En 51.0 entradas, permiti\u00f3 27 carreras limpias, 29 boletos y 30 ponches recetados, adem\u00e1s dej\u00f3 un Whip de 1.45.<\/p>\n<p><strong>\u00a0\u201cFue una buena temporada, en la liga hay buenos bateadores, entre las cosas que quiero mejorar est\u00e1 mi slider, soy relevista, luego de algunas lesiones ese es mi rol\u201d<\/strong> agreg\u00f3<\/p>\n<p>Al igual que Morillo, Aldry Acosta realiz\u00f3 trabajos f\u00edsicos y ma\u00f1ana se subir\u00e1 al mont\u00edculo para su primera sesi\u00f3n de la pretemporada.<\/p>\n<p><strong>\u00a0\u201cMe siento saludable, este a\u00f1o estuve en la liga independiente trabajando fuerte, mi principal pitcheo sigue siendo la recta y este a\u00f1o mejor\u00e9 mi curva sobre todos en situaciones de juego\u201d<\/strong> acot\u00f3 al finalizar la jornada en los campos de la Universidad del Zulia.<\/p>\n<p>Por su parte Eduardo Jim\u00e9nez realiz\u00f3 su primera sesi\u00f3n de 25 pitcheos bajo la mirada del coach Guillermo \u201cMemo\u201d Larreal.<\/p>\n<p><strong>\u201cMe sent\u00ed bien lanzado mis pitcheos tratando de encontrar la zona y adaptarme de nuevo al calor de Maracaibo\u201d<\/strong> dijo entre risas.<\/p>\n<p><a href=\"https:\/\/deportesdigital.com.ve\/public\/wp-content\/uploads\/2024\/09\/WhatsApp-Image-2024-09-26-at-2.20.02-PM.jpeg\"><img loading=\"lazy\" decoding=\"async\" class=\"wp-image-96659 aligncenter\" src=\"https:\/\/deportesdigital.com.ve\/public\/wp-content\/uploads\/2024\/09\/WhatsApp-Image-2024-09-26-at-2.20.02-PM.jpeg\" alt=\"\" width=\"503\" height=\"671\" srcset=\"https:\/\/deportesdigital.com.ve\/public\/wp-content\/uploads\/2024\/09\/WhatsApp-Image-2024-09-26-at-2.20.02-PM.jpeg 960w, https:\/\/deportesdigital.com.ve\/public\/wp-content\/uploads\/2024\/09\/WhatsApp-Image-2024-09-26-at-2.20.02-PM-225x300.jpeg 225w, https:\/\/deportesdigital.com.ve\/public\/wp-content\/uploads\/2024\/09\/WhatsApp-Image-2024-09-26-at-2.20.02-PM-768x1024.jpeg 768w, https:\/\/deportesdigital.com.ve\/public\/wp-content\/uploads\/2024\/09\/WhatsApp-Image-2024-09-26-at-2.20.02-PM-730x973.jpeg 730w, https:\/\/deportesdigital.com.ve\/public\/wp-content\/uploads\/2024\/09\/WhatsApp-Image-2024-09-26-at-2.20.02-PM-435x580.jpeg 435w\" sizes=\"auto, (max-width: 503px) 100vw, 503px\" \/><\/a><\/p>\n<p><strong>\u00a0\u201cEn la liga mayor us\u00e9 m\u00e1s mi slider y aqu\u00ed tambi\u00e9n creo que la voy a usar m\u00e1s\u201d<\/strong> agreg\u00f3 Jim\u00e9nez<\/p>\n<p><strong>Recuperado<\/strong><\/p>\n<p>Luego de realizar ayer su primera sesi\u00f3n de pitcheo, el zurdo Ismael Guill\u00f3n trabaj\u00f3 con segundo grupo en jugadas alrededor del mont\u00edculo. El siniestro sufri\u00f3 la ruptura del tend\u00f3n de Aquiles del tal\u00f3n derecho y limit\u00f3 su actividad a solo un juego la temporada pasada.<\/p>\n<p><strong>\u201cDespu\u00e9s de la cirug\u00eda comenz\u00f3 el proceso de rehabilitaci\u00f3n, de verdad fue m\u00e1s mental, cuando pasan este tipo de lesiones lo m\u00e1s dif\u00edcil es retomar la confianza, lanc\u00e9 en la liga mayor un poco y me ayudo a regresar\u201d<\/strong> enfatiz\u00f3 Guill\u00f3n<\/p>\n<p>Para este viernes continuar\u00e1n los trabajos de pretemporada con lanzadores y receptores hasta la incorporaci\u00f3n de los jugadores de posici\u00f3n desde el s\u00e1bado 28.<\/p>\n<p><strong>Roster de pretemporada <\/strong><\/p>\n<p><strong>Lanzadores:<\/strong> Kleiderver Andrade, Luis Moncada, Alvin Herrera, Manuel Medina, Francisco Carrillo, Alejandro Melean, Jos\u00e9 Moreno, Ismael Guill\u00f3n, Aliangel L\u00f3pez, Juan Morillo, Eduardo Jim\u00e9nez, Aldry Acosta<\/p>\n<p><strong>\u00a0Receptores:<\/strong> Andrick Nava, Humberto Tiberi.<\/p>\n<p><strong>Invitados:<\/strong> Elvis Escobar (P), Rafael Cova (P), Jon Landaeta (P), Franklin DaCosta (P), Luis Bellor\u00edn (P), David Morillo (P), Juan Querecuto (P), Osman Marval (Inf), Luis Ortega C, Newrenberg Rond\u00f3n C.<\/p>\n<p><strong>T\u00e9cnicos:<\/strong> Alexander Delgado, Guillermo \u201cMemo\u201d Larreal, Alex Romero, Marcos T\u00e1bata, Gary Villalobos, Mario Labastidas.<\/p>\n<p>Fotos Prensa \u00c1guilas<\/p>\n<p><strong><em>Sigue esta y otras\u00a0<\/em><\/strong><a href=\"https:\/\/z-p15.www.instagram.com\/explore\/tags\/noticias\/\">#Noticias<\/a><strong><em>\u00a0ingresando a nuestras plataformas digitales Deportes Digital, en Instagram, Facebook, Twitter, y en nuestros grupos de Whatsapp y Telegram.<\/em><\/strong><\/p>\n","protected":false},"excerpt":{"rendered":"<p>Las \u00c1guilas del Zulia realizaron su segundo d\u00eda de pretemporada con las incorporaciones de los lanzadores Juan Morillo, Aldry Acosta y Eduardo Jim\u00e9nez. Prensa\/\u00c1guilas: Este jueves 26 de septiembre, las [&hellip;]<\/p>\n","protected":false},"author":1,"featured_media":96657,"comment_status":"open","ping_status":"closed","sticky":false,"template":"","format":"standard","meta":{"footnotes":""},"categories":[2],"tags":[],"class_list":["post-96656","post","type-post","status-publish","format-standard","has-post-thumbnail","hentry","category-beisbol","clearfix"],"_links":{"self":[{"href":"https:\/\/deportesdigital.com.ve\/public\/wp-json\/wp\/v2\/posts\/96656","targetHints":{"allow":["GET"]}}],"collection":[{"href":"https:\/\/deportesdigital.com.ve\/public\/wp-json\/wp\/v2\/posts"}],"about":[{"href":"https:\/\/deportesdigital.com.ve\/public\/wp-json\/wp\/v2\/types\/post"}],"author":[{"embeddable":true,"href":"https:\/\/deportesdigital.com.ve\/public\/wp-json\/wp\/v2\/users\/1"}],"replies":[{"embeddable":true,"href":"https:\/\/deportesdigital.com.ve\/public\/wp-json\/wp\/v2\/comments?post=96656"}],"version-history":[{"count":1,"href":"https:\/\/deportesdigital.com.ve\/public\/wp-json\/wp\/v2\/posts\/96656\/revisions"}],"predecessor-version":[{"id":96660,"href":"https:\/\/deportesdigital.com.ve\/public\/wp-json\/wp\/v2\/posts\/96656\/revisions\/96660"}],"wp:featuredmedia":[{"embeddable":true,"href":"https:\/\/deportesdigital.com.ve\/public\/wp-json\/wp\/v2\/media\/96657"}],"wp:attachment":[{"href":"https:\/\/deportesdigital.com.ve\/public\/wp-json\/wp\/v2\/media?parent=96656"}],"wp:term":[{"taxonomy":"category","embeddable":true,"href":"https:\/\/deportesdigital.com.ve\/public\/wp-json\/wp\/v2\/categories?post=96656"},{"taxonomy":"post_tag","embeddable":true,"href":"https:\/\/deportesdigital.com.ve\/public\/wp-json\/wp\/v2\/tags?post=96656"}],"curies":[{"name":"wp","href":"https:\/\/api.w.org\/{rel}","templated":true}]}}