{"id":96469,"date":"2024-09-23T09:09:03","date_gmt":"2024-09-23T13:09:03","guid":{"rendered":"https:\/\/deportesdigital.com.ve\/public\/?p=96469"},"modified":"2024-09-23T09:09:03","modified_gmt":"2024-09-23T13:09:03","slug":"la-cumpleanera-pequenas-ligas-sierra-maestra-inaugura-su-45-torneo-anual-copa-bicolor","status":"publish","type":"post","link":"https:\/\/deportesdigital.com.ve\/public\/la-cumpleanera-pequenas-ligas-sierra-maestra-inaugura-su-45-torneo-anual-copa-bicolor\/","title":{"rendered":"La cumplea\u00f1era Peque\u00f1as Ligas Sierra Maestra inaugura su 45 Torneo Anual Copa Bicolor"},"content":{"rendered":"<p><strong><em>La gran fiesta inaugural reuni\u00f3 a la gran familia del beisbol de la Peque\u00f1as Ligas Sierra Maestra para celebrar su cumplea\u00f1os.<\/em><\/strong><\/p>\n<p><strong><em>Jos\u00e9 Gil Deportes Digital\/Maracaibo:<\/em><\/strong> La Peque\u00f1as Ligas Sierra Maestra inauguro su Torneo Anual 2024-2025 jugando la copa Bicolor, llenando de alegr\u00eda el diamante del estadio Jos\u00e9 \u201cPapuche\u201d D\u00edaz de Sierra Maestra para celebrar sus 45 aniversario.<\/p>\n<p>La fiesta se inicio con la instalaci\u00f3n del pres\u00eddium conformado por Neido Urdaneta presidente de la Peque\u00f1as Ligas Sierras Maestra, \u00a0Ra\u00fal Salazar \u00a0presidente del Directorio Nacional de la Peque\u00f1as Ligas de Venezuela, Alexander Delgado, secretario de Deportes del Zulia Gerardo Mu\u00f1oz presidente del Instituto Municipal de Deportes de San Francisco, Douglas Urribarri, Luis Urribarri y Franklin Garcias representantes de las Glorias Deportivas del Zulia.<\/p>\n<p><a href=\"https:\/\/deportesdigital.com.ve\/public\/wp-content\/uploads\/2024\/09\/1-10.jpg\"><img loading=\"lazy\" decoding=\"async\" class=\"size-full wp-image-96470 aligncenter\" src=\"https:\/\/deportesdigital.com.ve\/public\/wp-content\/uploads\/2024\/09\/1-10.jpg\" alt=\"\" width=\"800\" height=\"467\" srcset=\"https:\/\/deportesdigital.com.ve\/public\/wp-content\/uploads\/2024\/09\/1-10.jpg 800w, https:\/\/deportesdigital.com.ve\/public\/wp-content\/uploads\/2024\/09\/1-10-300x175.jpg 300w, https:\/\/deportesdigital.com.ve\/public\/wp-content\/uploads\/2024\/09\/1-10-768x448.jpg 768w, https:\/\/deportesdigital.com.ve\/public\/wp-content\/uploads\/2024\/09\/1-10-730x426.jpg 730w, https:\/\/deportesdigital.com.ve\/public\/wp-content\/uploads\/2024\/09\/1-10-435x254.jpg 435w\" sizes=\"auto, (max-width: 800px) 100vw, 800px\" \/><\/a><\/p>\n<p>Al compas musical de la Banda de la Fundaci\u00f3n Municipal Escuela Santa Rita, se inicio el desfile con la entrada de los s\u00edmbolos patrios y los estandartes de la Peque\u00f1as Ligas de Venezuela y Sierra Maestra.<\/p>\n<p><a href=\"https:\/\/deportesdigital.com.ve\/public\/wp-content\/uploads\/2024\/09\/10-9.jpg\"><img loading=\"lazy\" decoding=\"async\" class=\"size-full wp-image-96479 aligncenter\" src=\"https:\/\/deportesdigital.com.ve\/public\/wp-content\/uploads\/2024\/09\/10-9.jpg\" alt=\"\" width=\"800\" height=\"374\" srcset=\"https:\/\/deportesdigital.com.ve\/public\/wp-content\/uploads\/2024\/09\/10-9.jpg 800w, https:\/\/deportesdigital.com.ve\/public\/wp-content\/uploads\/2024\/09\/10-9-300x140.jpg 300w, https:\/\/deportesdigital.com.ve\/public\/wp-content\/uploads\/2024\/09\/10-9-768x359.jpg 768w, https:\/\/deportesdigital.com.ve\/public\/wp-content\/uploads\/2024\/09\/10-9-730x341.jpg 730w, https:\/\/deportesdigital.com.ve\/public\/wp-content\/uploads\/2024\/09\/10-9-435x203.jpg 435w\" sizes=\"auto, (max-width: 800px) 100vw, 800px\" \/><\/a><\/p>\n<p>Seguidamente e las categor\u00eda Senior y Junior\u00a0 fueron la encargadas de abrir el desfile inaugural\u00a0 con los equipos de Boston y Yankees, seguidamente los equipos de\u00a0 Rojos de Cincinnati desfilaron en la categor\u00eda Intermedia.<\/p>\n<p><a href=\"https:\/\/deportesdigital.com.ve\/public\/wp-content\/uploads\/2024\/09\/8-8.jpg\"><img loading=\"lazy\" decoding=\"async\" class=\"size-full wp-image-96477 aligncenter\" src=\"https:\/\/deportesdigital.com.ve\/public\/wp-content\/uploads\/2024\/09\/8-8.jpg\" alt=\"\" width=\"800\" height=\"542\" srcset=\"https:\/\/deportesdigital.com.ve\/public\/wp-content\/uploads\/2024\/09\/8-8.jpg 800w, https:\/\/deportesdigital.com.ve\/public\/wp-content\/uploads\/2024\/09\/8-8-300x203.jpg 300w, https:\/\/deportesdigital.com.ve\/public\/wp-content\/uploads\/2024\/09\/8-8-768x520.jpg 768w, https:\/\/deportesdigital.com.ve\/public\/wp-content\/uploads\/2024\/09\/8-8-730x495.jpg 730w, https:\/\/deportesdigital.com.ve\/public\/wp-content\/uploads\/2024\/09\/8-8-435x295.jpg 435w\" sizes=\"auto, (max-width: 800px) 100vw, 800px\" \/><\/a><\/p>\n<p>El paso ante el p\u00fablico asistente la inauguraci\u00f3n lo hicieron las novenas de Dodgers y Seattle en la categor\u00eda infantil, mientras que Boston y Yankees fueron recibidos con fuertes aplausos en la categor\u00eda Preinfantil.<\/p>\n<p><a href=\"https:\/\/deportesdigital.com.ve\/public\/wp-content\/uploads\/2024\/09\/5-9.jpg\"><img loading=\"lazy\" decoding=\"async\" class=\"size-full wp-image-96474 aligncenter\" src=\"https:\/\/deportesdigital.com.ve\/public\/wp-content\/uploads\/2024\/09\/5-9.jpg\" alt=\"\" width=\"800\" height=\"464\" srcset=\"https:\/\/deportesdigital.com.ve\/public\/wp-content\/uploads\/2024\/09\/5-9.jpg 800w, https:\/\/deportesdigital.com.ve\/public\/wp-content\/uploads\/2024\/09\/5-9-300x174.jpg 300w, https:\/\/deportesdigital.com.ve\/public\/wp-content\/uploads\/2024\/09\/5-9-768x445.jpg 768w, https:\/\/deportesdigital.com.ve\/public\/wp-content\/uploads\/2024\/09\/5-9-730x423.jpg 730w, https:\/\/deportesdigital.com.ve\/public\/wp-content\/uploads\/2024\/09\/5-9-435x252.jpg 435w\" sizes=\"auto, (max-width: 800px) 100vw, 800px\" \/><\/a><\/p>\n<p>El desfile del aniversario 45 lo cerraron los consentidos del beisbol las categor\u00edas Pitoco y Escuela con los desfiles de los equipos Bravos de Atlanta, Cerveceros de Milwaukee, Piratas de <em>de Pittsburgh<\/em> y los Azulejos de Toronto.<\/p>\n<p><a href=\"https:\/\/deportesdigital.com.ve\/public\/wp-content\/uploads\/2024\/09\/3-6.jpg\"><img loading=\"lazy\" decoding=\"async\" class=\"size-full wp-image-96472 aligncenter\" src=\"https:\/\/deportesdigital.com.ve\/public\/wp-content\/uploads\/2024\/09\/3-6.jpg\" alt=\"\" width=\"800\" height=\"509\" srcset=\"https:\/\/deportesdigital.com.ve\/public\/wp-content\/uploads\/2024\/09\/3-6.jpg 800w, https:\/\/deportesdigital.com.ve\/public\/wp-content\/uploads\/2024\/09\/3-6-300x191.jpg 300w, https:\/\/deportesdigital.com.ve\/public\/wp-content\/uploads\/2024\/09\/3-6-768x489.jpg 768w, https:\/\/deportesdigital.com.ve\/public\/wp-content\/uploads\/2024\/09\/3-6-730x464.jpg 730w, https:\/\/deportesdigital.com.ve\/public\/wp-content\/uploads\/2024\/09\/3-6-410x260.jpg 410w, https:\/\/deportesdigital.com.ve\/public\/wp-content\/uploads\/2024\/09\/3-6-435x277.jpg 435w\" sizes=\"auto, (max-width: 800px) 100vw, 800px\" \/><\/a><\/p>\n<p>Concentrados los equipos en el centro del terreno se entonaron las notas del himno nacional, para dar paso a las palabras de salutaci\u00f3n y bienvenida por parte de Neido Urdaneta presidente de la Peque\u00f1as Ligas Sierra Maestra, Ra\u00fal Salazar y Gerardo Mu\u00f1oz presidente del Instituto Municipal de portes de San Francisco.<\/p>\n<p><a href=\"https:\/\/deportesdigital.com.ve\/public\/wp-content\/uploads\/2024\/09\/19-5.jpg\"><img loading=\"lazy\" decoding=\"async\" class=\"size-full wp-image-96488 aligncenter\" src=\"https:\/\/deportesdigital.com.ve\/public\/wp-content\/uploads\/2024\/09\/19-5.jpg\" alt=\"\" width=\"800\" height=\"468\" srcset=\"https:\/\/deportesdigital.com.ve\/public\/wp-content\/uploads\/2024\/09\/19-5.jpg 800w, https:\/\/deportesdigital.com.ve\/public\/wp-content\/uploads\/2024\/09\/19-5-300x176.jpg 300w, https:\/\/deportesdigital.com.ve\/public\/wp-content\/uploads\/2024\/09\/19-5-768x449.jpg 768w, https:\/\/deportesdigital.com.ve\/public\/wp-content\/uploads\/2024\/09\/19-5-730x427.jpg 730w, https:\/\/deportesdigital.com.ve\/public\/wp-content\/uploads\/2024\/09\/19-5-435x254.jpg 435w\" sizes=\"auto, (max-width: 800px) 100vw, 800px\" \/><\/a><\/p>\n<p>Continuando con el acto se presento el grupo de Danza Renacer con la coreograf\u00eda Hombre de Negros bajo la direcci\u00f3n Emylce Solarte y Emilexys Solarte.<\/p>\n<p><a href=\"https:\/\/deportesdigital.com.ve\/public\/wp-content\/uploads\/2024\/09\/18-6.jpg\"><img loading=\"lazy\" decoding=\"async\" class=\"size-full wp-image-96487 aligncenter\" src=\"https:\/\/deportesdigital.com.ve\/public\/wp-content\/uploads\/2024\/09\/18-6.jpg\" alt=\"\" width=\"800\" height=\"428\" srcset=\"https:\/\/deportesdigital.com.ve\/public\/wp-content\/uploads\/2024\/09\/18-6.jpg 800w, https:\/\/deportesdigital.com.ve\/public\/wp-content\/uploads\/2024\/09\/18-6-300x161.jpg 300w, https:\/\/deportesdigital.com.ve\/public\/wp-content\/uploads\/2024\/09\/18-6-768x411.jpg 768w, https:\/\/deportesdigital.com.ve\/public\/wp-content\/uploads\/2024\/09\/18-6-730x391.jpg 730w, https:\/\/deportesdigital.com.ve\/public\/wp-content\/uploads\/2024\/09\/18-6-435x233.jpg 435w\" sizes=\"auto, (max-width: 800px) 100vw, 800px\" \/><\/a><\/p>\n<p>Dando paso a la elecci\u00f3n de la reina del Torneo 45 aniversario siendo electa la se\u00f1orita Silvana Escalona del equipo Boston de la categor\u00eda Junior, la banda y la corona colocada por el secretario de deportes del Zulia Alexander Delgado.<\/p>\n<p><a href=\"https:\/\/deportesdigital.com.ve\/public\/wp-content\/uploads\/2024\/09\/14-8.jpg\"><img loading=\"lazy\" decoding=\"async\" class=\"size-full wp-image-96483 aligncenter\" src=\"https:\/\/deportesdigital.com.ve\/public\/wp-content\/uploads\/2024\/09\/14-8.jpg\" alt=\"\" width=\"800\" height=\"632\" srcset=\"https:\/\/deportesdigital.com.ve\/public\/wp-content\/uploads\/2024\/09\/14-8.jpg 800w, https:\/\/deportesdigital.com.ve\/public\/wp-content\/uploads\/2024\/09\/14-8-300x237.jpg 300w, https:\/\/deportesdigital.com.ve\/public\/wp-content\/uploads\/2024\/09\/14-8-768x607.jpg 768w, https:\/\/deportesdigital.com.ve\/public\/wp-content\/uploads\/2024\/09\/14-8-730x577.jpg 730w, https:\/\/deportesdigital.com.ve\/public\/wp-content\/uploads\/2024\/09\/14-8-435x344.jpg 435w\" sizes=\"auto, (max-width: 800px) 100vw, 800px\" \/><\/a><\/p>\n<p>La directiva de la Glorias Deportivas del Zulia, Douglas Urribarri, Luis Urribarri y Franklin Gracias entregaron reconocimiento a la Peque\u00f1a Ligas de Sierra Maestra por sus 45 aniversario.<\/p>\n<p><a href=\"https:\/\/deportesdigital.com.ve\/public\/wp-content\/uploads\/2024\/09\/16-6.jpg\"><img loading=\"lazy\" decoding=\"async\" class=\"size-full wp-image-96485 aligncenter\" src=\"https:\/\/deportesdigital.com.ve\/public\/wp-content\/uploads\/2024\/09\/16-6.jpg\" alt=\"\" width=\"800\" height=\"587\" srcset=\"https:\/\/deportesdigital.com.ve\/public\/wp-content\/uploads\/2024\/09\/16-6.jpg 800w, https:\/\/deportesdigital.com.ve\/public\/wp-content\/uploads\/2024\/09\/16-6-300x220.jpg 300w, https:\/\/deportesdigital.com.ve\/public\/wp-content\/uploads\/2024\/09\/16-6-768x564.jpg 768w, https:\/\/deportesdigital.com.ve\/public\/wp-content\/uploads\/2024\/09\/16-6-730x536.jpg 730w, https:\/\/deportesdigital.com.ve\/public\/wp-content\/uploads\/2024\/09\/16-6-435x319.jpg 435w, https:\/\/deportesdigital.com.ve\/public\/wp-content\/uploads\/2024\/09\/16-6-80x60.jpg 80w\" sizes=\"auto, (max-width: 800px) 100vw, 800px\" \/><\/a><\/p>\n<p>La inauguraci\u00f3n aniversaria culmino con el lanzamiento inicial a cargo de Douglas Urribarri presidente de la Glorias Deportivas del Zulia, para dar paso al juego inaugural\u00a0 en la categor\u00eda Escuela.<\/p>\n<p><a href=\"https:\/\/deportesdigital.com.ve\/public\/wp-content\/uploads\/2024\/09\/12-10.jpg\"><img loading=\"lazy\" decoding=\"async\" class=\"size-full wp-image-96481 aligncenter\" src=\"https:\/\/deportesdigital.com.ve\/public\/wp-content\/uploads\/2024\/09\/12-10.jpg\" alt=\"\" width=\"800\" height=\"539\" srcset=\"https:\/\/deportesdigital.com.ve\/public\/wp-content\/uploads\/2024\/09\/12-10.jpg 800w, https:\/\/deportesdigital.com.ve\/public\/wp-content\/uploads\/2024\/09\/12-10-300x202.jpg 300w, https:\/\/deportesdigital.com.ve\/public\/wp-content\/uploads\/2024\/09\/12-10-768x517.jpg 768w, https:\/\/deportesdigital.com.ve\/public\/wp-content\/uploads\/2024\/09\/12-10-730x492.jpg 730w, https:\/\/deportesdigital.com.ve\/public\/wp-content\/uploads\/2024\/09\/12-10-435x293.jpg 435w\" sizes=\"auto, (max-width: 800px) 100vw, 800px\" \/><\/a><\/p>\n<p>Yulibeth Atencio, directivo de la Peque\u00f1a Ligas Sierra Maestra, agradeci\u00f3 a todos los padres y representantes por su apoyo para realizar esta gran fiesta aniversario y al comit\u00e9 de damas por entrega para el \u00e9xito de la actividad.<\/p>\n<p><strong><em>Sigue esta y otras\u00a0<\/em><\/strong><a href=\"https:\/\/z-p15.www.instagram.com\/explore\/tags\/noticias\/\">#Noticias<\/a><strong><em>\u00a0ingresando a nuestras plataformas digitales Deportes Digital, en Instagram, Facebook, Twitter, y en nuestros grupos de Whatsapp y Telegram.<\/em><\/strong><\/p>\n<p><a href=\"https:\/\/deportesdigital.com.ve\/public\/wp-content\/uploads\/2024\/09\/17-5.jpg\"><img loading=\"lazy\" decoding=\"async\" class=\"alignnone size-full wp-image-96486\" src=\"https:\/\/deportesdigital.com.ve\/public\/wp-content\/uploads\/2024\/09\/17-5.jpg\" alt=\"\" width=\"800\" height=\"436\" srcset=\"https:\/\/deportesdigital.com.ve\/public\/wp-content\/uploads\/2024\/09\/17-5.jpg 800w, https:\/\/deportesdigital.com.ve\/public\/wp-content\/uploads\/2024\/09\/17-5-300x164.jpg 300w, https:\/\/deportesdigital.com.ve\/public\/wp-content\/uploads\/2024\/09\/17-5-768x419.jpg 768w, https:\/\/deportesdigital.com.ve\/public\/wp-content\/uploads\/2024\/09\/17-5-730x398.jpg 730w, https:\/\/deportesdigital.com.ve\/public\/wp-content\/uploads\/2024\/09\/17-5-435x237.jpg 435w\" sizes=\"auto, (max-width: 800px) 100vw, 800px\" \/><\/a> <a href=\"https:\/\/deportesdigital.com.ve\/public\/wp-content\/uploads\/2024\/09\/15-8.jpg\"><img loading=\"lazy\" decoding=\"async\" class=\"alignnone size-full wp-image-96484\" src=\"https:\/\/deportesdigital.com.ve\/public\/wp-content\/uploads\/2024\/09\/15-8.jpg\" alt=\"\" width=\"800\" height=\"592\" srcset=\"https:\/\/deportesdigital.com.ve\/public\/wp-content\/uploads\/2024\/09\/15-8.jpg 800w, https:\/\/deportesdigital.com.ve\/public\/wp-content\/uploads\/2024\/09\/15-8-300x222.jpg 300w, https:\/\/deportesdigital.com.ve\/public\/wp-content\/uploads\/2024\/09\/15-8-768x568.jpg 768w, https:\/\/deportesdigital.com.ve\/public\/wp-content\/uploads\/2024\/09\/15-8-730x540.jpg 730w, https:\/\/deportesdigital.com.ve\/public\/wp-content\/uploads\/2024\/09\/15-8-435x322.jpg 435w, https:\/\/deportesdigital.com.ve\/public\/wp-content\/uploads\/2024\/09\/15-8-80x60.jpg 80w\" sizes=\"auto, (max-width: 800px) 100vw, 800px\" \/><\/a> <a href=\"https:\/\/deportesdigital.com.ve\/public\/wp-content\/uploads\/2024\/09\/13-8.jpg\"><img loading=\"lazy\" decoding=\"async\" class=\"alignnone size-full wp-image-96482\" src=\"https:\/\/deportesdigital.com.ve\/public\/wp-content\/uploads\/2024\/09\/13-8.jpg\" alt=\"\" width=\"800\" height=\"657\" srcset=\"https:\/\/deportesdigital.com.ve\/public\/wp-content\/uploads\/2024\/09\/13-8.jpg 800w, https:\/\/deportesdigital.com.ve\/public\/wp-content\/uploads\/2024\/09\/13-8-300x246.jpg 300w, https:\/\/deportesdigital.com.ve\/public\/wp-content\/uploads\/2024\/09\/13-8-768x631.jpg 768w, https:\/\/deportesdigital.com.ve\/public\/wp-content\/uploads\/2024\/09\/13-8-730x600.jpg 730w, https:\/\/deportesdigital.com.ve\/public\/wp-content\/uploads\/2024\/09\/13-8-435x357.jpg 435w\" sizes=\"auto, (max-width: 800px) 100vw, 800px\" \/><\/a> <a href=\"https:\/\/deportesdigital.com.ve\/public\/wp-content\/uploads\/2024\/09\/7-8.jpg\"><img loading=\"lazy\" decoding=\"async\" class=\"alignnone size-full wp-image-96476\" src=\"https:\/\/deportesdigital.com.ve\/public\/wp-content\/uploads\/2024\/09\/7-8.jpg\" alt=\"\" width=\"800\" height=\"630\" srcset=\"https:\/\/deportesdigital.com.ve\/public\/wp-content\/uploads\/2024\/09\/7-8.jpg 800w, https:\/\/deportesdigital.com.ve\/public\/wp-content\/uploads\/2024\/09\/7-8-300x236.jpg 300w, https:\/\/deportesdigital.com.ve\/public\/wp-content\/uploads\/2024\/09\/7-8-768x605.jpg 768w, https:\/\/deportesdigital.com.ve\/public\/wp-content\/uploads\/2024\/09\/7-8-730x575.jpg 730w, https:\/\/deportesdigital.com.ve\/public\/wp-content\/uploads\/2024\/09\/7-8-435x343.jpg 435w\" sizes=\"auto, (max-width: 800px) 100vw, 800px\" \/><\/a> <a href=\"https:\/\/deportesdigital.com.ve\/public\/wp-content\/uploads\/2024\/09\/11-9.jpg\"><img loading=\"lazy\" decoding=\"async\" class=\"alignnone size-full wp-image-96480\" src=\"https:\/\/deportesdigital.com.ve\/public\/wp-content\/uploads\/2024\/09\/11-9.jpg\" alt=\"\" width=\"800\" height=\"446\" srcset=\"https:\/\/deportesdigital.com.ve\/public\/wp-content\/uploads\/2024\/09\/11-9.jpg 800w, https:\/\/deportesdigital.com.ve\/public\/wp-content\/uploads\/2024\/09\/11-9-300x167.jpg 300w, https:\/\/deportesdigital.com.ve\/public\/wp-content\/uploads\/2024\/09\/11-9-768x428.jpg 768w, https:\/\/deportesdigital.com.ve\/public\/wp-content\/uploads\/2024\/09\/11-9-730x407.jpg 730w, https:\/\/deportesdigital.com.ve\/public\/wp-content\/uploads\/2024\/09\/11-9-435x243.jpg 435w\" sizes=\"auto, (max-width: 800px) 100vw, 800px\" \/><\/a> <a href=\"https:\/\/deportesdigital.com.ve\/public\/wp-content\/uploads\/2024\/09\/2-9.jpg\"><img loading=\"lazy\" decoding=\"async\" class=\"alignnone size-full wp-image-96471\" src=\"https:\/\/deportesdigital.com.ve\/public\/wp-content\/uploads\/2024\/09\/2-9.jpg\" alt=\"\" width=\"800\" height=\"536\" srcset=\"https:\/\/deportesdigital.com.ve\/public\/wp-content\/uploads\/2024\/09\/2-9.jpg 800w, https:\/\/deportesdigital.com.ve\/public\/wp-content\/uploads\/2024\/09\/2-9-300x201.jpg 300w, https:\/\/deportesdigital.com.ve\/public\/wp-content\/uploads\/2024\/09\/2-9-768x515.jpg 768w, https:\/\/deportesdigital.com.ve\/public\/wp-content\/uploads\/2024\/09\/2-9-730x489.jpg 730w, https:\/\/deportesdigital.com.ve\/public\/wp-content\/uploads\/2024\/09\/2-9-435x291.jpg 435w\" sizes=\"auto, (max-width: 800px) 100vw, 800px\" \/><\/a><\/p>\n<p><strong><em>\u00a0<\/em><\/strong><\/p>\n<p><strong><em>\u00a0<\/em><\/strong><\/p>\n<p>&nbsp;<\/p>\n","protected":false},"excerpt":{"rendered":"<p>La gran fiesta inaugural reuni\u00f3 a la gran familia del beisbol de la Peque\u00f1as Ligas Sierra Maestra para celebrar su cumplea\u00f1os. Jos\u00e9 Gil Deportes Digital\/Maracaibo: La Peque\u00f1as Ligas Sierra Maestra [&hellip;]<\/p>\n","protected":false},"author":1,"featured_media":96489,"comment_status":"open","ping_status":"closed","sticky":false,"template":"","format":"standard","meta":{"footnotes":""},"categories":[2],"tags":[2662,2663,170,685,527,459,2661],"class_list":["post-96469","post","type-post","status-publish","format-standard","has-post-thumbnail","hentry","category-beisbol","tag-45-aniversario","tag-bicolor","tag-copa","tag-inauguracaion","tag-pequenasligas","tag-sierramaestra","tag-torneo-anula","clearfix"],"_links":{"self":[{"href":"https:\/\/deportesdigital.com.ve\/public\/wp-json\/wp\/v2\/posts\/96469","targetHints":{"allow":["GET"]}}],"collection":[{"href":"https:\/\/deportesdigital.com.ve\/public\/wp-json\/wp\/v2\/posts"}],"about":[{"href":"https:\/\/deportesdigital.com.ve\/public\/wp-json\/wp\/v2\/types\/post"}],"author":[{"embeddable":true,"href":"https:\/\/deportesdigital.com.ve\/public\/wp-json\/wp\/v2\/users\/1"}],"replies":[{"embeddable":true,"href":"https:\/\/deportesdigital.com.ve\/public\/wp-json\/wp\/v2\/comments?post=96469"}],"version-history":[{"count":1,"href":"https:\/\/deportesdigital.com.ve\/public\/wp-json\/wp\/v2\/posts\/96469\/revisions"}],"predecessor-version":[{"id":96490,"href":"https:\/\/deportesdigital.com.ve\/public\/wp-json\/wp\/v2\/posts\/96469\/revisions\/96490"}],"wp:featuredmedia":[{"embeddable":true,"href":"https:\/\/deportesdigital.com.ve\/public\/wp-json\/wp\/v2\/media\/96489"}],"wp:attachment":[{"href":"https:\/\/deportesdigital.com.ve\/public\/wp-json\/wp\/v2\/media?parent=96469"}],"wp:term":[{"taxonomy":"category","embeddable":true,"href":"https:\/\/deportesdigital.com.ve\/public\/wp-json\/wp\/v2\/categories?post=96469"},{"taxonomy":"post_tag","embeddable":true,"href":"https:\/\/deportesdigital.com.ve\/public\/wp-json\/wp\/v2\/tags?post=96469"}],"curies":[{"name":"wp","href":"https:\/\/api.w.org\/{rel}","templated":true}]}}