{"id":96042,"date":"2024-09-13T21:48:13","date_gmt":"2024-09-14T01:48:13","guid":{"rendered":"https:\/\/deportesdigital.com.ve\/public\/?p=96042"},"modified":"2024-09-13T21:48:13","modified_gmt":"2024-09-14T01:48:13","slug":"cardenales-de-lara-fijo-fecha-para-su-pretemporada","status":"publish","type":"post","link":"https:\/\/deportesdigital.com.ve\/public\/cardenales-de-lara-fijo-fecha-para-su-pretemporada\/","title":{"rendered":"Cardenales de Lara fij\u00f3 fecha para su pretemporada"},"content":{"rendered":"<p><strong><em>Los P\u00e1jaros Rojos trabajaran con el coach de banca C\u00e9sar Izturis en el estadio Antonio Herrera Guti\u00e9rrez.<\/em><\/strong><\/p>\n<hr \/>\n<p><strong><em>Prensa Cardenales de Lara:<\/em><\/strong> La gerencia de los Cardenales de Lara confirm\u00f3 este martes su fecha de inicio de los entrenamientos de pretemporada, siendo el 23 septiembre el d\u00eda para que se reporten lanzadores y receptores; mientras que el grupo completo se incorporar\u00e1 el 26 de septiembre.<\/p>\n<p>La sede ser\u00e1 el Estadio Antonio Herrera Guti\u00e9rrez de Barquisimeto. En un principio las pr\u00e1cticas estar\u00e1n lideradas por C\u00e9sar Izturis, coach de banca de los p\u00e1jaros rojos.<\/p>\n<p>\u201cMuy contentos con el inicio de una nueva pretemporada, C\u00e9sar (Izturis) ser\u00e1 el encargado del equipo mientras (que el m\u00e1nager) Henry Blanco concluye sus compromisos con su organizaci\u00f3n en Grandes Ligas.<\/p>\n<p>Decidimos que se reportaran los pitchers y los c\u00e1tchers primero, para de esa manera brindarle unos d\u00edas m\u00e1s en su preparaci\u00f3n\u201d, coment\u00f3 Carlos Miguel Oropeza. \u201cHenry (Blanco) ha estado muy pendiente de todo lo que hemos coordinado.<\/p>\n<p>En d\u00edas recientes estuvimos en reuniones con \u00e9l para conocer cu\u00e1l ser\u00eda su plan de trabajo en esta pretemporada\u201d, agreg\u00f3 el gerente general de los larenses.<\/p>\n<p>La novena crepuscular contar\u00e1 con el resto del staff de t\u00e9cnicos desde el d\u00eda uno, exceptuando a Blanco y Ricky Bones (coach de pitcheo), quienes al concluir sus labores con los Nacionales de Washington vendr\u00e1n a la capital larense.<\/p>\n<p><strong><em>Sigue esta y otras\u00a0<\/em><\/strong><a href=\"https:\/\/z-p15.www.instagram.com\/explore\/tags\/noticias\/\"><em>#Noticias<\/em><\/a><strong><em>\u00a0ingresando a nuestras plataformas digitales Deportes Digital, en Instagram, Facebook, Twitter, y en nuestros grupos de Whatsapp y Telegram.<\/em><\/strong><\/p>\n","protected":false},"excerpt":{"rendered":"<p>Los P\u00e1jaros Rojos trabajaran con el coach de banca C\u00e9sar Izturis en el estadio Antonio Herrera Guti\u00e9rrez. Prensa Cardenales de Lara: La gerencia de los Cardenales de Lara confirm\u00f3 este [&hellip;]<\/p>\n","protected":false},"author":1,"featured_media":96044,"comment_status":"open","ping_status":"closed","sticky":false,"template":"","format":"standard","meta":{"footnotes":""},"categories":[2],"tags":[2594,398,2592,342,2593,2591],"class_list":["post-96042","post","type-post","status-publish","format-standard","has-post-thumbnail","hentry","category-beisbol","tag-30-de-septiembre","tag-cardenales","tag-incia","tag-lara","tag-su-entrenamientos","tag-temporad2024-25","clearfix"],"_links":{"self":[{"href":"https:\/\/deportesdigital.com.ve\/public\/wp-json\/wp\/v2\/posts\/96042","targetHints":{"allow":["GET"]}}],"collection":[{"href":"https:\/\/deportesdigital.com.ve\/public\/wp-json\/wp\/v2\/posts"}],"about":[{"href":"https:\/\/deportesdigital.com.ve\/public\/wp-json\/wp\/v2\/types\/post"}],"author":[{"embeddable":true,"href":"https:\/\/deportesdigital.com.ve\/public\/wp-json\/wp\/v2\/users\/1"}],"replies":[{"embeddable":true,"href":"https:\/\/deportesdigital.com.ve\/public\/wp-json\/wp\/v2\/comments?post=96042"}],"version-history":[{"count":1,"href":"https:\/\/deportesdigital.com.ve\/public\/wp-json\/wp\/v2\/posts\/96042\/revisions"}],"predecessor-version":[{"id":96045,"href":"https:\/\/deportesdigital.com.ve\/public\/wp-json\/wp\/v2\/posts\/96042\/revisions\/96045"}],"wp:featuredmedia":[{"embeddable":true,"href":"https:\/\/deportesdigital.com.ve\/public\/wp-json\/wp\/v2\/media\/96044"}],"wp:attachment":[{"href":"https:\/\/deportesdigital.com.ve\/public\/wp-json\/wp\/v2\/media?parent=96042"}],"wp:term":[{"taxonomy":"category","embeddable":true,"href":"https:\/\/deportesdigital.com.ve\/public\/wp-json\/wp\/v2\/categories?post=96042"},{"taxonomy":"post_tag","embeddable":true,"href":"https:\/\/deportesdigital.com.ve\/public\/wp-json\/wp\/v2\/tags?post=96042"}],"curies":[{"name":"wp","href":"https:\/\/api.w.org\/{rel}","templated":true}]}}