{"id":96034,"date":"2024-09-13T08:21:30","date_gmt":"2024-09-13T12:21:30","guid":{"rendered":"https:\/\/deportesdigital.com.ve\/public\/?p=96034"},"modified":"2024-09-13T08:21:30","modified_gmt":"2024-09-13T12:21:30","slug":"tatami-listo-para-recibir-a-los-competidores-de-la-viii-copa-de-karate-do-dojo-san-francisco","status":"publish","type":"post","link":"https:\/\/deportesdigital.com.ve\/public\/tatami-listo-para-recibir-a-los-competidores-de-la-viii-copa-de-karate-do-dojo-san-francisco\/","title":{"rendered":"Tatami listo para recibir a los competidores de la VIII Copa de Karate-Do Dojo San Francisco"},"content":{"rendered":"<p><strong><em>Las competencias se realizar\u00e1n este s\u00e1bado en las diferentes categor\u00edas en masculino y femenino en las modalidades de Kata y Kumite.<\/em><\/strong><\/p>\n<hr \/>\n<p><strong><em>Jos\u00e9 Gil Deportes Digital\/Maracaibo:<\/em><\/strong> El Tatami del Palacio de combates de San Francisco, esta listo para recibir a los distintos participantes de la Octava Copa de Karate-Do Dojo San Francisco, que se realiza este s\u00e1bado 14 de septiembre desde las 09.00 de la ma\u00f1ana<\/p>\n<p>Los Senseis, Roxana Urdaneta, Frankis Escobar Jelka \u00c1lvarez, Julio Matusal\u00e9n, organizadores del evento, informaron\u00a0 que para la octava edici\u00f3n de la copa se espera la participaci\u00f3n aproximadamente de 150 atletas de los distintos clubes del Zulia.<\/p>\n<p>Indicaron que agradecen el apoyo del Instituto Regional de Deportes del Zulia, (IRDEZ) para la realizaci\u00f3n del evento deportivo.<\/p>\n<p>Los atletas tendr\u00e1n la oportunidad de mostrar lo aprendido en cada uno de Dojo en las distintas categor\u00edas en las modalidades Kata (Formas) y Kumite (Combates)<\/p>\n<p><strong><em>Sigue esta y otras\u00a0<\/em><\/strong><a href=\"https:\/\/z-p15.www.instagram.com\/explore\/tags\/noticias\/\"><em>#Noticias<\/em><\/a><strong><em>\u00a0ingresando a nuestras plataformas digitales Deportes Digital, en Instagram, Facebook, Twitter, y en nuestros grupos de Whatsapp y Telegram.<\/em><\/strong><\/p>\n<p>&nbsp;<\/p>\n","protected":false},"excerpt":{"rendered":"<p>Las competencias se realizar\u00e1n este s\u00e1bado en las diferentes categor\u00edas en masculino y femenino en las modalidades de Kata y Kumite. Jos\u00e9 Gil Deportes Digital\/Maracaibo: El Tatami del Palacio de [&hellip;]<\/p>\n","protected":false},"author":1,"featured_media":96035,"comment_status":"open","ping_status":"closed","sticky":false,"template":"","format":"standard","meta":{"footnotes":""},"categories":[5],"tags":[170,2449,2589,2590,54],"class_list":["post-96034","post","type-post","status-publish","format-standard","has-post-thumbnail","hentry","category-otrosdeportes","tag-copa","tag-dojo","tag-kartedo","tag-sabdao","tag-sanfrancisco","clearfix"],"_links":{"self":[{"href":"https:\/\/deportesdigital.com.ve\/public\/wp-json\/wp\/v2\/posts\/96034","targetHints":{"allow":["GET"]}}],"collection":[{"href":"https:\/\/deportesdigital.com.ve\/public\/wp-json\/wp\/v2\/posts"}],"about":[{"href":"https:\/\/deportesdigital.com.ve\/public\/wp-json\/wp\/v2\/types\/post"}],"author":[{"embeddable":true,"href":"https:\/\/deportesdigital.com.ve\/public\/wp-json\/wp\/v2\/users\/1"}],"replies":[{"embeddable":true,"href":"https:\/\/deportesdigital.com.ve\/public\/wp-json\/wp\/v2\/comments?post=96034"}],"version-history":[{"count":1,"href":"https:\/\/deportesdigital.com.ve\/public\/wp-json\/wp\/v2\/posts\/96034\/revisions"}],"predecessor-version":[{"id":96036,"href":"https:\/\/deportesdigital.com.ve\/public\/wp-json\/wp\/v2\/posts\/96034\/revisions\/96036"}],"wp:featuredmedia":[{"embeddable":true,"href":"https:\/\/deportesdigital.com.ve\/public\/wp-json\/wp\/v2\/media\/96035"}],"wp:attachment":[{"href":"https:\/\/deportesdigital.com.ve\/public\/wp-json\/wp\/v2\/media?parent=96034"}],"wp:term":[{"taxonomy":"category","embeddable":true,"href":"https:\/\/deportesdigital.com.ve\/public\/wp-json\/wp\/v2\/categories?post=96034"},{"taxonomy":"post_tag","embeddable":true,"href":"https:\/\/deportesdigital.com.ve\/public\/wp-json\/wp\/v2\/tags?post=96034"}],"curies":[{"name":"wp","href":"https:\/\/api.w.org\/{rel}","templated":true}]}}