{"id":95039,"date":"2024-08-15T11:58:56","date_gmt":"2024-08-15T15:58:56","guid":{"rendered":"https:\/\/deportesdigital.com.ve\/public\/?p=95039"},"modified":"2024-08-15T11:58:56","modified_gmt":"2024-08-15T15:58:56","slug":"baloncesto-u15-femenino-afina-detalles-para-el-campeonato-nacional-superliga-junior-u15","status":"publish","type":"post","link":"https:\/\/deportesdigital.com.ve\/public\/baloncesto-u15-femenino-afina-detalles-para-el-campeonato-nacional-superliga-junior-u15\/","title":{"rendered":"Baloncesto U15 femenino afina detalles para el Campeonato Nacional Superliga Junior U15"},"content":{"rendered":"<p><strong><em>La selecci\u00f3n del Zulia, se ubico entre las ocho mejores del pa\u00eds en la primera divisi\u00f3n del campeonato nacional por haber obtenido\u00a0 el quinto lugar en el Campeonato Nacional U14\u00a0 realizado en el 2023.<\/em><\/strong><\/p>\n<hr \/>\n<p><strong><em>Jos\u00e9 Gil Deportes Digital<\/em><\/strong>\/Maracaibo: La selecci\u00f3n de Baloncesto U15 femenino afina detalles para su actuaci\u00f3n en el Campeonato Nacional Superliga Junior U15masculino y femenino que s e realiza en Barquisimeto del 25 de agosto al 1 de septiembre que se jugara en tres escenarios.<\/p>\n<p>La selecci\u00f3n del Zulia, que est\u00e1 bajo la direcci\u00f3n t\u00e9cnica de Alberto Burgos y del asistente Alberto Gauma, trabajando con el equipo desde hace dos meses con trabajo de acoplamiento t\u00e9cnica en la defensa.<\/p>\n<p><a href=\"https:\/\/deportesdigital.com.ve\/public\/wp-content\/uploads\/2024\/08\/ba4.jpg\"><img loading=\"lazy\" decoding=\"async\" class=\"size-full wp-image-95043 aligncenter\" src=\"https:\/\/deportesdigital.com.ve\/public\/wp-content\/uploads\/2024\/08\/ba4.jpg\" alt=\"\" width=\"800\" height=\"676\" srcset=\"https:\/\/deportesdigital.com.ve\/public\/wp-content\/uploads\/2024\/08\/ba4.jpg 800w, https:\/\/deportesdigital.com.ve\/public\/wp-content\/uploads\/2024\/08\/ba4-300x254.jpg 300w, https:\/\/deportesdigital.com.ve\/public\/wp-content\/uploads\/2024\/08\/ba4-768x649.jpg 768w, https:\/\/deportesdigital.com.ve\/public\/wp-content\/uploads\/2024\/08\/ba4-730x617.jpg 730w, https:\/\/deportesdigital.com.ve\/public\/wp-content\/uploads\/2024\/08\/ba4-435x368.jpg 435w\" sizes=\"auto, (max-width: 800px) 100vw, 800px\" \/><\/a><\/p>\n<p>Contamos con un grupo de trabajo que dar\u00e1 la batalla para buscar la clasificaci\u00f3n a la siguiente ronda del evento nacional.<\/p>\n<p><a href=\"https:\/\/deportesdigital.com.ve\/public\/wp-content\/uploads\/2024\/08\/ba3.jpg\"><img loading=\"lazy\" decoding=\"async\" class=\"size-full wp-image-95042 aligncenter\" src=\"https:\/\/deportesdigital.com.ve\/public\/wp-content\/uploads\/2024\/08\/ba3.jpg\" alt=\"\" width=\"800\" height=\"544\" srcset=\"https:\/\/deportesdigital.com.ve\/public\/wp-content\/uploads\/2024\/08\/ba3.jpg 800w, https:\/\/deportesdigital.com.ve\/public\/wp-content\/uploads\/2024\/08\/ba3-300x204.jpg 300w, https:\/\/deportesdigital.com.ve\/public\/wp-content\/uploads\/2024\/08\/ba3-768x522.jpg 768w, https:\/\/deportesdigital.com.ve\/public\/wp-content\/uploads\/2024\/08\/ba3-730x496.jpg 730w, https:\/\/deportesdigital.com.ve\/public\/wp-content\/uploads\/2024\/08\/ba3-435x296.jpg 435w\" sizes=\"auto, (max-width: 800px) 100vw, 800px\" \/><\/a><\/p>\n<p>Por su parte Joaly Carrasquero, directivo de la Asociaci\u00f3n Zuliana de Baloncesto y delegada de la selecci\u00f3n\u00a0 inform\u00f3 que el equipo est\u00e1 trabajando\u00a0 con el prop\u00f3sito de buscar los primeros lugares en el Campeonato Nacional organizado por la Federaci\u00f3n Venezolana de Baloncesto.<\/p>\n<p><a href=\"https:\/\/deportesdigital.com.ve\/public\/wp-content\/uploads\/2024\/08\/ba2.jpg\"><img loading=\"lazy\" decoding=\"async\" class=\"size-full wp-image-95041 aligncenter\" src=\"https:\/\/deportesdigital.com.ve\/public\/wp-content\/uploads\/2024\/08\/ba2.jpg\" alt=\"\" width=\"800\" height=\"542\" srcset=\"https:\/\/deportesdigital.com.ve\/public\/wp-content\/uploads\/2024\/08\/ba2.jpg 800w, https:\/\/deportesdigital.com.ve\/public\/wp-content\/uploads\/2024\/08\/ba2-300x203.jpg 300w, https:\/\/deportesdigital.com.ve\/public\/wp-content\/uploads\/2024\/08\/ba2-768x520.jpg 768w, https:\/\/deportesdigital.com.ve\/public\/wp-content\/uploads\/2024\/08\/ba2-730x495.jpg 730w, https:\/\/deportesdigital.com.ve\/public\/wp-content\/uploads\/2024\/08\/ba2-435x295.jpg 435w\" sizes=\"auto, (max-width: 800px) 100vw, 800px\" \/><\/a><\/p>\n<p>Indico que la selecci\u00f3n ha realizado una serie de encuentro amistosos donde se visto el crecimiento y el buen trabajo para la competencia en su mayor\u00eda son el equipo del estado que estuvo en el nacional U14 del 2023.<\/p>\n<p><a href=\"https:\/\/deportesdigital.com.ve\/public\/wp-content\/uploads\/2024\/08\/ba1.jpg\"><img loading=\"lazy\" decoding=\"async\" class=\"size-full wp-image-95040 aligncenter\" src=\"https:\/\/deportesdigital.com.ve\/public\/wp-content\/uploads\/2024\/08\/ba1.jpg\" alt=\"\" width=\"800\" height=\"515\" srcset=\"https:\/\/deportesdigital.com.ve\/public\/wp-content\/uploads\/2024\/08\/ba1.jpg 800w, https:\/\/deportesdigital.com.ve\/public\/wp-content\/uploads\/2024\/08\/ba1-300x193.jpg 300w, https:\/\/deportesdigital.com.ve\/public\/wp-content\/uploads\/2024\/08\/ba1-768x494.jpg 768w, https:\/\/deportesdigital.com.ve\/public\/wp-content\/uploads\/2024\/08\/ba1-730x470.jpg 730w, https:\/\/deportesdigital.com.ve\/public\/wp-content\/uploads\/2024\/08\/ba1-435x280.jpg 435w\" sizes=\"auto, (max-width: 800px) 100vw, 800px\" \/><\/a><\/p>\n<p>Explico que el equipo del Zulia, se ubico entre las ocho mejores del pa\u00eds en la primera divisi\u00f3n del campeonato nacional por haber obtenido\u00a0 el quinto lugar en el Campeonato Nacional U14\u00a0 realizado en el 2023.<\/p>\n<p>Estamos esperando la conformaci\u00f3n de las divisiones y esperando cuales ser\u00e1n los ocho equipos que estar\u00e1n en la competencia en la primera divisi\u00f3n.<\/p>\n<p><a href=\"https:\/\/deportesdigital.com.ve\/public\/wp-content\/uploads\/2024\/08\/ba5.jpg\"><img loading=\"lazy\" decoding=\"async\" class=\"size-full wp-image-95044 aligncenter\" src=\"https:\/\/deportesdigital.com.ve\/public\/wp-content\/uploads\/2024\/08\/ba5.jpg\" alt=\"\" width=\"800\" height=\"612\" srcset=\"https:\/\/deportesdigital.com.ve\/public\/wp-content\/uploads\/2024\/08\/ba5.jpg 800w, https:\/\/deportesdigital.com.ve\/public\/wp-content\/uploads\/2024\/08\/ba5-300x230.jpg 300w, https:\/\/deportesdigital.com.ve\/public\/wp-content\/uploads\/2024\/08\/ba5-768x588.jpg 768w, https:\/\/deportesdigital.com.ve\/public\/wp-content\/uploads\/2024\/08\/ba5-730x558.jpg 730w, https:\/\/deportesdigital.com.ve\/public\/wp-content\/uploads\/2024\/08\/ba5-435x333.jpg 435w, https:\/\/deportesdigital.com.ve\/public\/wp-content\/uploads\/2024\/08\/ba5-80x60.jpg 80w\" sizes=\"auto, (max-width: 800px) 100vw, 800px\" \/><\/a><\/p>\n<p>De igual forma indic\u00f3 que los tr\u00e1mites para la participaci\u00f3n del Zulia al evento nacional ya fueron introducidos en el Instituto Regional Deportes, esperando respuesta de los mismos.<\/p>\n<p>El equipo del Zulia est\u00e1 conformado por las jugadoras, Waleska Ortega<\/p>\n<p>Carmen L\u00f3pez, Yelinar de la Cruz, Valeria Gonz\u00e1lez, Dayerli Lugo, Danna Acosta, Laura Polanco, Camila Lizardo, Kimberlin Villasmil<\/p>\n<p>Gabriela Cardina, Sayrelis Macca, t\u00e9cnico: Alberto (Beto) Burgos Asistente: Alberto (Beto) Gauna, delegado Joaly Carrasquero.<\/p>\n<p><strong><em>Sigue esta y otras\u00a0<\/em><\/strong><a href=\"https:\/\/z-p15.www.instagram.com\/explore\/tags\/noticias\/\"><strong><em>#Noticias<\/em><\/strong><\/a><strong><em>\u00a0ingresando a nuestras plataformas digitales Deportes Digital, en Instagram, Facebook, Twitter, y en nuestros grupos de Whatsapp y Telegram<\/em><\/strong><\/p>\n","protected":false},"excerpt":{"rendered":"<p>La selecci\u00f3n del Zulia, se ubico entre las ocho mejores del pa\u00eds en la primera divisi\u00f3n del campeonato nacional por haber obtenido\u00a0 el quinto lugar en el Campeonato Nacional U14\u00a0 [&hellip;]<\/p>\n","protected":false},"author":1,"featured_media":95045,"comment_status":"open","ping_status":"closed","sticky":false,"template":"","format":"standard","meta":{"footnotes":""},"categories":[4],"tags":[2374,41,1454,482,40,2375,1414],"class_list":["post-95039","post","type-post","status-publish","format-standard","has-post-thumbnail","hentry","category-baloncesto","tag-afina","tag-baloncesto","tag-campoenato","tag-junior","tag-nacional","tag-prepracaion","tag-u15","clearfix"],"_links":{"self":[{"href":"https:\/\/deportesdigital.com.ve\/public\/wp-json\/wp\/v2\/posts\/95039","targetHints":{"allow":["GET"]}}],"collection":[{"href":"https:\/\/deportesdigital.com.ve\/public\/wp-json\/wp\/v2\/posts"}],"about":[{"href":"https:\/\/deportesdigital.com.ve\/public\/wp-json\/wp\/v2\/types\/post"}],"author":[{"embeddable":true,"href":"https:\/\/deportesdigital.com.ve\/public\/wp-json\/wp\/v2\/users\/1"}],"replies":[{"embeddable":true,"href":"https:\/\/deportesdigital.com.ve\/public\/wp-json\/wp\/v2\/comments?post=95039"}],"version-history":[{"count":2,"href":"https:\/\/deportesdigital.com.ve\/public\/wp-json\/wp\/v2\/posts\/95039\/revisions"}],"predecessor-version":[{"id":95047,"href":"https:\/\/deportesdigital.com.ve\/public\/wp-json\/wp\/v2\/posts\/95039\/revisions\/95047"}],"wp:featuredmedia":[{"embeddable":true,"href":"https:\/\/deportesdigital.com.ve\/public\/wp-json\/wp\/v2\/media\/95045"}],"wp:attachment":[{"href":"https:\/\/deportesdigital.com.ve\/public\/wp-json\/wp\/v2\/media?parent=95039"}],"wp:term":[{"taxonomy":"category","embeddable":true,"href":"https:\/\/deportesdigital.com.ve\/public\/wp-json\/wp\/v2\/categories?post=95039"},{"taxonomy":"post_tag","embeddable":true,"href":"https:\/\/deportesdigital.com.ve\/public\/wp-json\/wp\/v2\/tags?post=95039"}],"curies":[{"name":"wp","href":"https:\/\/api.w.org\/{rel}","templated":true}]}}