{"id":92175,"date":"2024-06-05T18:47:58","date_gmt":"2024-06-05T22:47:58","guid":{"rendered":"https:\/\/deportesdigital.com.ve\/public\/?p=92175"},"modified":"2024-06-05T18:49:23","modified_gmt":"2024-06-05T22:49:23","slug":"salomon-mejias-y-alejandra-perez-en-busca-del-sueno-paralimpico","status":"publish","type":"post","link":"https:\/\/deportesdigital.com.ve\/public\/salomon-mejias-y-alejandra-perez-en-busca-del-sueno-paralimpico\/","title":{"rendered":"Salom\u00f3n Mej\u00edas y Alejandra P\u00e9rez en busca del sue\u00f1o Paral\u00edmpico"},"content":{"rendered":"<p><strong><em>Los Paratletas zulianos buscara la marca que lo lleve a los Juego Paraol\u00edmpicos Paris 2024, en el Mundial de Paranataci\u00f3n \u00a0a efectuarse en Limoges, Francia.<\/em><\/strong><\/p>\n<hr \/>\n<p><strong><em>Jos\u00e9 Gil Deportes Digital\/Maracaibo:<\/em><\/strong> Los Paratletas zulianos Salom\u00f3n Mej\u00e1is Paranataci\u00f3n y Alejandra P\u00e9rez \u00a0Paratletismo, buscaran la marca que los clasifique a los Juego Paraol\u00edmpicos Paris 2024, en el Mundial de Paranataci\u00f3n que se realizara del 07 al 10 de junio en Limoges Francia y en el Grand Prix Nottwil Suiza Paratletismo a partir del 06 al 08 de junio.<\/p>\n<p><a href=\"https:\/\/deportesdigital.com.ve\/public\/wp-content\/uploads\/2024\/06\/nata3.jpg\"><img loading=\"lazy\" decoding=\"async\" class=\"size-full wp-image-92176 aligncenter\" src=\"https:\/\/deportesdigital.com.ve\/public\/wp-content\/uploads\/2024\/06\/nata3.jpg\" alt=\"\" width=\"730\" height=\"439\" srcset=\"https:\/\/deportesdigital.com.ve\/public\/wp-content\/uploads\/2024\/06\/nata3.jpg 730w, https:\/\/deportesdigital.com.ve\/public\/wp-content\/uploads\/2024\/06\/nata3-300x180.jpg 300w, https:\/\/deportesdigital.com.ve\/public\/wp-content\/uploads\/2024\/06\/nata3-435x262.jpg 435w\" sizes=\"auto, (max-width: 730px) 100vw, 730px\" \/><\/a><\/p>\n<p>El Paratleta zuliano Salom\u00f3n Mej\u00e1is Paranataci\u00f3n junto a su entrenador Amancio Guti\u00e9rrez, han realizado una serie de competencia do en busca de la marca para cumplir el sue\u00f1o paraol\u00edmpico, estuvo cerca de lograrlo en el Primer Abierto Nacional de Paranataci\u00f3n realizada en el Complejo de Piscinas Bolivarianas de Barquisimeto, en la prueba de los 100 metros pechos donde se ubico en el primer lugar con tiempo de 1.28.76.<\/p>\n<p>Su segundo intento fue en su patio, Mej\u00e1is de 21 a\u00f1os de la clase F11 (Discapacidad Visual Total), logro un tiempo registro de 1 minuto, 27 segundos y 03 el cual buscara revalidar en el competencia internacional.<\/p>\n<p>El atleta y el entrenador ya est\u00e1n entrenando y prepar\u00e1ndose para la busca\u00a0 de la maraca competencia en el Mundial de Paranataci\u00f3n a efectuarse en Limoges, Francia.<\/p>\n<p><strong>Alejandra P\u00e9rez por la marca Paraol\u00edmpica<\/strong><\/p>\n<p><a href=\"https:\/\/deportesdigital.com.ve\/public\/wp-content\/uploads\/2024\/06\/para43.jpg\"><img loading=\"lazy\" decoding=\"async\" class=\" wp-image-92177 aligncenter\" src=\"https:\/\/deportesdigital.com.ve\/public\/wp-content\/uploads\/2024\/06\/para43.jpg\" alt=\"\" width=\"342\" height=\"490\" srcset=\"https:\/\/deportesdigital.com.ve\/public\/wp-content\/uploads\/2024\/06\/para43.jpg 307w, https:\/\/deportesdigital.com.ve\/public\/wp-content\/uploads\/2024\/06\/para43-209x300.jpg 209w\" sizes=\"auto, (max-width: 342px) 100vw, 342px\" \/><\/a><\/p>\n<p>Los zulianos contin\u00faan en busca del sue\u00f1o Paraol\u00edmpico, la velocista Alejandra P\u00e9rez junto a su gu\u00eda Markinson Manzanilla, buscaran la marca en el en el Grand Prix Nottwil Suiza Paratletismo a que s realizara del 06 al 08 de junio.<\/p>\n<p>La Paratleta zuliana junto a gu\u00eda buscara la marca en la prueba de los 100mts y 200mts T12.<\/p>\n<p>La pareja zuliana que estar\u00e1 junto a una delegaci\u00f3n conformada por; Naibys Morillo F47 Lanzamiento de Jabalina, Paola Garc\u00eda (clase T46) Salto Largo, Yomaira Cohen (clase F37), Impulso de Bala, Enderson Santos Eubrig Maza (Gu\u00eda), (clase T20), 100,200 y 400 mts.<\/p>\n<p><strong><em>Sigue esta y otras\u00a0<\/em><\/strong><a href=\"https:\/\/z-p15.www.instagram.com\/explore\/tags\/noticias\/\"><strong><em>#Noticias<\/em><\/strong><\/a><strong><em>\u00a0ingresando a nuestras plataformas digitales Deportes Digital, en Instagram, Facebook, Twitter, y en nuestros grupos de Whatsapp y Telegram<\/em><\/strong><\/p>\n<p>&nbsp;<\/p>\n","protected":false},"excerpt":{"rendered":"<p>Los Paratletas zulianos buscara la marca que lo lleve a los Juego Paraol\u00edmpicos Paris 2024, en el Mundial de Paranataci\u00f3n \u00a0a efectuarse en Limoges, Francia. Jos\u00e9 Gil Deportes Digital\/Maracaibo: Los [&hellip;]<\/p>\n","protected":false},"author":1,"featured_media":92178,"comment_status":"open","ping_status":"closed","sticky":false,"template":"","format":"standard","meta":{"footnotes":""},"categories":[5],"tags":[596,636,1970,1969,1837,1155,46],"class_list":["post-92175","post","type-post","status-publish","format-standard","has-post-thumbnail","hentry","category-otrosdeportes","tag-clasificacion","tag-paranatacaion","tag-paraolimpiadas","tag-paratleta","tag-paratletismo","tag-paris2024","tag-venezuela","clearfix"],"_links":{"self":[{"href":"https:\/\/deportesdigital.com.ve\/public\/wp-json\/wp\/v2\/posts\/92175","targetHints":{"allow":["GET"]}}],"collection":[{"href":"https:\/\/deportesdigital.com.ve\/public\/wp-json\/wp\/v2\/posts"}],"about":[{"href":"https:\/\/deportesdigital.com.ve\/public\/wp-json\/wp\/v2\/types\/post"}],"author":[{"embeddable":true,"href":"https:\/\/deportesdigital.com.ve\/public\/wp-json\/wp\/v2\/users\/1"}],"replies":[{"embeddable":true,"href":"https:\/\/deportesdigital.com.ve\/public\/wp-json\/wp\/v2\/comments?post=92175"}],"version-history":[{"count":2,"href":"https:\/\/deportesdigital.com.ve\/public\/wp-json\/wp\/v2\/posts\/92175\/revisions"}],"predecessor-version":[{"id":92180,"href":"https:\/\/deportesdigital.com.ve\/public\/wp-json\/wp\/v2\/posts\/92175\/revisions\/92180"}],"wp:featuredmedia":[{"embeddable":true,"href":"https:\/\/deportesdigital.com.ve\/public\/wp-json\/wp\/v2\/media\/92178"}],"wp:attachment":[{"href":"https:\/\/deportesdigital.com.ve\/public\/wp-json\/wp\/v2\/media?parent=92175"}],"wp:term":[{"taxonomy":"category","embeddable":true,"href":"https:\/\/deportesdigital.com.ve\/public\/wp-json\/wp\/v2\/categories?post=92175"},{"taxonomy":"post_tag","embeddable":true,"href":"https:\/\/deportesdigital.com.ve\/public\/wp-json\/wp\/v2\/tags?post=92175"}],"curies":[{"name":"wp","href":"https:\/\/api.w.org\/{rel}","templated":true}]}}