{"id":91391,"date":"2024-05-16T05:43:10","date_gmt":"2024-05-16T09:43:10","guid":{"rendered":"https:\/\/deportesdigital.com.ve\/public\/?p=91391"},"modified":"2024-05-16T05:43:10","modified_gmt":"2024-05-16T09:43:10","slug":"lisbeli-vera-y-linda-perez-buscan-el-sueno-paralimpico","status":"publish","type":"post","link":"https:\/\/deportesdigital.com.ve\/public\/lisbeli-vera-y-linda-perez-buscan-el-sueno-paralimpico\/","title":{"rendered":"Lisbeli Vera y Linda P\u00e9rez buscan el sue\u00f1o paral\u00edmpico"},"content":{"rendered":"<p><strong><em>La delegaci\u00f3n venezolana viajar\u00e1 a territorio nip\u00f3n en b\u00fasqueda del sue\u00f1o paral\u00edmpico.<\/em><\/strong><\/p>\n<hr \/>\n<p><strong><em>\u00a0<\/em><\/strong><strong><em>Agencias:<\/em><\/strong> Las Paratletas zulianas Lisbeli Vera y Linda P\u00e9rez, forman parte d ela delegaci\u00f3n venezolana que otorgar\u00e1 plazas directas a los\u00a0Juegos Paral\u00edmpicos,\u00a0a realizarse del 28 de agosto al 08 de septiembre la cita ser\u00e1 en Kobe, Jap\u00f3n, en el Mundial de Paratletismo 2024,\u00a0que se realizar\u00e1 del 17 al 25 de mayo, en\u00a0el Estadio Conmemorativo de la Universidad de Kobe.<\/p>\n<p>La delegaci\u00f3n venezolana conformada por siete Paratletas, donde destacan\u00a0 las zulianas estar\u00e1n tambi\u00e9n Rafael Uribe, medallista en Rio 2016 y Luis Felipe Rodr\u00edguez, medallista de plata en Tokio 2020.<\/p>\n<p>En el evento los Paratletas que logren posicionarse en los dos primeros lugares de cada prueba tendr\u00e1n la clasificaci\u00f3n directa a la pr\u00f3xima justa universal deportiva.<\/p>\n<p><strong><em>Sigue esta y otras\u00a0<\/em><\/strong><a href=\"https:\/\/z-p15.www.instagram.com\/explore\/tags\/noticias\/\"><strong><em>#Noticias<\/em><\/strong><\/a><strong><em>\u00a0ingresando a nuestras plataformas digitales Deportes Digital, en Instagram, Facebook, Twitter, y en nuestros grupos de Whatsapp y Telegram.<\/em><\/strong><\/p>\n<p>&nbsp;<\/p>\n","protected":false},"excerpt":{"rendered":"<p>La delegaci\u00f3n venezolana viajar\u00e1 a territorio nip\u00f3n en b\u00fasqueda del sue\u00f1o paral\u00edmpico. \u00a0Agencias: Las Paratletas zulianas Lisbeli Vera y Linda P\u00e9rez, forman parte d ela delegaci\u00f3n venezolana que otorgar\u00e1 plazas [&hellip;]<\/p>\n","protected":false},"author":1,"featured_media":91392,"comment_status":"open","ping_status":"closed","sticky":false,"template":"","format":"standard","meta":{"footnotes":""},"categories":[30],"tags":[1839,1840,1841,651,639,1837,1838],"class_list":["post-91391","post","type-post","status-publish","format-standard","has-post-thumbnail","hentry","category-atletismo","tag-cupoa","tag-jyegod-olimpicos","tag-lindapere","tag-lisbelivera","tag-mundila","tag-paratletismo","tag-zulianas","clearfix"],"yoast_head":"<!-- This site is optimized with the Yoast SEO plugin v27.8 - https:\/\/yoast.com\/product\/yoast-seo-wordpress\/ -->\n<title>Lisbeli Vera y Linda P\u00e9rez buscan el sue\u00f1o paral\u00edmpico - Deportes Digital<\/title>\n<meta name=\"robots\" content=\"index, follow, max-snippet:-1, max-image-preview:large, max-video-preview:-1\" \/>\n<link rel=\"canonical\" href=\"https:\/\/deportesdigital.com.ve\/public\/lisbeli-vera-y-linda-perez-buscan-el-sueno-paralimpico\/\" \/>\n<meta property=\"og:locale\" content=\"es_ES\" \/>\n<meta property=\"og:type\" content=\"article\" \/>\n<meta property=\"og:title\" content=\"Lisbeli Vera y Linda P\u00e9rez buscan el sue\u00f1o paral\u00edmpico - Deportes Digital\" \/>\n<meta property=\"og:description\" content=\"La delegaci\u00f3n venezolana viajar\u00e1 a territorio nip\u00f3n en b\u00fasqueda del sue\u00f1o paral\u00edmpico. \u00a0Agencias: Las Paratletas zulianas Lisbeli Vera y Linda P\u00e9rez, forman parte d ela delegaci\u00f3n venezolana que otorgar\u00e1 plazas [&hellip;]\" \/>\n<meta property=\"og:url\" content=\"https:\/\/deportesdigital.com.ve\/public\/lisbeli-vera-y-linda-perez-buscan-el-sueno-paralimpico\/\" \/>\n<meta property=\"og:site_name\" content=\"Deportes Digital\" \/>\n<meta property=\"article:publisher\" content=\"https:\/\/www.facebook.com\/DeportesDigitalZulia25\" \/>\n<meta property=\"article:published_time\" content=\"2024-05-16T09:43:10+00:00\" \/>\n<meta property=\"og:image\" content=\"https:\/\/deportesdigital.com.ve\/public\/wp-content\/uploads\/2024\/05\/Lisbeli-Vera-y-Linda-Perez-ganan-oro-en-los-paralimpicos-Foto_-.webp\" \/>\n\t<meta property=\"og:image:width\" content=\"960\" \/>\n\t<meta property=\"og:image:height\" content=\"540\" \/>\n\t<meta property=\"og:image:type\" content=\"image\/webp\" \/>\n<meta name=\"author\" content=\"luisg15\" \/>\n<meta name=\"twitter:card\" content=\"summary_large_image\" \/>\n<meta name=\"twitter:creator\" content=\"@deporteszulia\" \/>\n<meta name=\"twitter:site\" content=\"@deporteszulia\" \/>\n<meta name=\"twitter:label1\" content=\"Escrito por\" \/>\n\t<meta name=\"twitter:data1\" content=\"luisg15\" \/>\n\t<meta name=\"twitter:label2\" content=\"Tiempo de lectura\" \/>\n\t<meta name=\"twitter:data2\" content=\"1 minuto\" \/>\n<script type=\"application\/ld+json\" class=\"yoast-schema-graph\">{\"@context\":\"https:\\\/\\\/schema.org\",\"@graph\":[{\"@type\":\"Article\",\"@id\":\"https:\\\/\\\/deportesdigital.com.ve\\\/public\\\/lisbeli-vera-y-linda-perez-buscan-el-sueno-paralimpico\\\/#article\",\"isPartOf\":{\"@id\":\"https:\\\/\\\/deportesdigital.com.ve\\\/public\\\/lisbeli-vera-y-linda-perez-buscan-el-sueno-paralimpico\\\/\"},\"author\":{\"name\":\"luisg15\",\"@id\":\"https:\\\/\\\/deportesdigital.com.ve\\\/public\\\/#\\\/schema\\\/person\\\/57d2f23f17d761b1672066d1905e88a0\"},\"headline\":\"Lisbeli Vera y Linda P\u00e9rez buscan el sue\u00f1o paral\u00edmpico\",\"datePublished\":\"2024-05-16T09:43:10+00:00\",\"mainEntityOfPage\":{\"@id\":\"https:\\\/\\\/deportesdigital.com.ve\\\/public\\\/lisbeli-vera-y-linda-perez-buscan-el-sueno-paralimpico\\\/\"},\"wordCount\":176,\"commentCount\":0,\"publisher\":{\"@id\":\"https:\\\/\\\/deportesdigital.com.ve\\\/public\\\/#organization\"},\"image\":{\"@id\":\"https:\\\/\\\/deportesdigital.com.ve\\\/public\\\/lisbeli-vera-y-linda-perez-buscan-el-sueno-paralimpico\\\/#primaryimage\"},\"thumbnailUrl\":\"https:\\\/\\\/deportesdigital.com.ve\\\/public\\\/wp-content\\\/uploads\\\/2024\\\/05\\\/Lisbeli-Vera-y-Linda-Perez-ganan-oro-en-los-paralimpicos-Foto_-.webp\",\"keywords\":[\"cupoa\",\"jyegod olimpicos\",\"lindapere\",\"lisbelivera\",\"mundila\",\"paratletismo\",\"zulianas\"],\"articleSection\":[\"atletismo\"],\"inLanguage\":\"es\",\"potentialAction\":[{\"@type\":\"CommentAction\",\"name\":\"Comment\",\"target\":[\"https:\\\/\\\/deportesdigital.com.ve\\\/public\\\/lisbeli-vera-y-linda-perez-buscan-el-sueno-paralimpico\\\/#respond\"]}]},{\"@type\":\"WebPage\",\"@id\":\"https:\\\/\\\/deportesdigital.com.ve\\\/public\\\/lisbeli-vera-y-linda-perez-buscan-el-sueno-paralimpico\\\/\",\"url\":\"https:\\\/\\\/deportesdigital.com.ve\\\/public\\\/lisbeli-vera-y-linda-perez-buscan-el-sueno-paralimpico\\\/\",\"name\":\"Lisbeli Vera y Linda P\u00e9rez buscan el sue\u00f1o paral\u00edmpico - Deportes Digital\",\"isPartOf\":{\"@id\":\"https:\\\/\\\/deportesdigital.com.ve\\\/public\\\/#website\"},\"primaryImageOfPage\":{\"@id\":\"https:\\\/\\\/deportesdigital.com.ve\\\/public\\\/lisbeli-vera-y-linda-perez-buscan-el-sueno-paralimpico\\\/#primaryimage\"},\"image\":{\"@id\":\"https:\\\/\\\/deportesdigital.com.ve\\\/public\\\/lisbeli-vera-y-linda-perez-buscan-el-sueno-paralimpico\\\/#primaryimage\"},\"thumbnailUrl\":\"https:\\\/\\\/deportesdigital.com.ve\\\/public\\\/wp-content\\\/uploads\\\/2024\\\/05\\\/Lisbeli-Vera-y-Linda-Perez-ganan-oro-en-los-paralimpicos-Foto_-.webp\",\"datePublished\":\"2024-05-16T09:43:10+00:00\",\"breadcrumb\":{\"@id\":\"https:\\\/\\\/deportesdigital.com.ve\\\/public\\\/lisbeli-vera-y-linda-perez-buscan-el-sueno-paralimpico\\\/#breadcrumb\"},\"inLanguage\":\"es\",\"potentialAction\":[{\"@type\":\"ReadAction\",\"target\":[\"https:\\\/\\\/deportesdigital.com.ve\\\/public\\\/lisbeli-vera-y-linda-perez-buscan-el-sueno-paralimpico\\\/\"]}]},{\"@type\":\"ImageObject\",\"inLanguage\":\"es\",\"@id\":\"https:\\\/\\\/deportesdigital.com.ve\\\/public\\\/lisbeli-vera-y-linda-perez-buscan-el-sueno-paralimpico\\\/#primaryimage\",\"url\":\"https:\\\/\\\/deportesdigital.com.ve\\\/public\\\/wp-content\\\/uploads\\\/2024\\\/05\\\/Lisbeli-Vera-y-Linda-Perez-ganan-oro-en-los-paralimpicos-Foto_-.webp\",\"contentUrl\":\"https:\\\/\\\/deportesdigital.com.ve\\\/public\\\/wp-content\\\/uploads\\\/2024\\\/05\\\/Lisbeli-Vera-y-Linda-Perez-ganan-oro-en-los-paralimpicos-Foto_-.webp\",\"width\":960,\"height\":540},{\"@type\":\"BreadcrumbList\",\"@id\":\"https:\\\/\\\/deportesdigital.com.ve\\\/public\\\/lisbeli-vera-y-linda-perez-buscan-el-sueno-paralimpico\\\/#breadcrumb\",\"itemListElement\":[{\"@type\":\"ListItem\",\"position\":1,\"name\":\"Portada\",\"item\":\"https:\\\/\\\/deportesdigital.com.ve\\\/public\\\/\"},{\"@type\":\"ListItem\",\"position\":2,\"name\":\"Lisbeli Vera y Linda P\u00e9rez buscan el sue\u00f1o paral\u00edmpico\"}]},{\"@type\":\"WebSite\",\"@id\":\"https:\\\/\\\/deportesdigital.com.ve\\\/public\\\/#website\",\"url\":\"https:\\\/\\\/deportesdigital.com.ve\\\/public\\\/\",\"name\":\"Deportes Digital\",\"description\":\"Solo Deportes\",\"publisher\":{\"@id\":\"https:\\\/\\\/deportesdigital.com.ve\\\/public\\\/#organization\"},\"potentialAction\":[{\"@type\":\"SearchAction\",\"target\":{\"@type\":\"EntryPoint\",\"urlTemplate\":\"https:\\\/\\\/deportesdigital.com.ve\\\/public\\\/?s={search_term_string}\"},\"query-input\":{\"@type\":\"PropertyValueSpecification\",\"valueRequired\":true,\"valueName\":\"search_term_string\"}}],\"inLanguage\":\"es\"},{\"@type\":\"Organization\",\"@id\":\"https:\\\/\\\/deportesdigital.com.ve\\\/public\\\/#organization\",\"name\":\"Deportes Digital\",\"url\":\"https:\\\/\\\/deportesdigital.com.ve\\\/public\\\/\",\"logo\":{\"@type\":\"ImageObject\",\"inLanguage\":\"es\",\"@id\":\"https:\\\/\\\/deportesdigital.com.ve\\\/public\\\/#\\\/schema\\\/logo\\\/image\\\/\",\"url\":\"https:\\\/\\\/i0.wp.com\\\/deportesdigital.com.ve\\\/public\\\/wp-content\\\/uploads\\\/2023\\\/09\\\/1677066431475.png?fit=1032%2C624&ssl=1\",\"contentUrl\":\"https:\\\/\\\/i0.wp.com\\\/deportesdigital.com.ve\\\/public\\\/wp-content\\\/uploads\\\/2023\\\/09\\\/1677066431475.png?fit=1032%2C624&ssl=1\",\"width\":1032,\"height\":624,\"caption\":\"Deportes Digital\"},\"image\":{\"@id\":\"https:\\\/\\\/deportesdigital.com.ve\\\/public\\\/#\\\/schema\\\/logo\\\/image\\\/\"},\"sameAs\":[\"https:\\\/\\\/www.facebook.com\\\/DeportesDigitalZulia25\",\"https:\\\/\\\/x.com\\\/deporteszulia\",\"https:\\\/\\\/www.instagram.com\\\/deportesdigitalzulia\\\/\"]},{\"@type\":\"Person\",\"@id\":\"https:\\\/\\\/deportesdigital.com.ve\\\/public\\\/#\\\/schema\\\/person\\\/57d2f23f17d761b1672066d1905e88a0\",\"name\":\"luisg15\",\"image\":{\"@type\":\"ImageObject\",\"inLanguage\":\"es\",\"@id\":\"https:\\\/\\\/secure.gravatar.com\\\/avatar\\\/4d424b63ebd2800d281b824141af3d97c1332dfdda83d70b2057085925af58a3?s=96&d=mm&r=g\",\"url\":\"https:\\\/\\\/secure.gravatar.com\\\/avatar\\\/4d424b63ebd2800d281b824141af3d97c1332dfdda83d70b2057085925af58a3?s=96&d=mm&r=g\",\"contentUrl\":\"https:\\\/\\\/secure.gravatar.com\\\/avatar\\\/4d424b63ebd2800d281b824141af3d97c1332dfdda83d70b2057085925af58a3?s=96&d=mm&r=g\",\"caption\":\"luisg15\"},\"description\":\"Medio de Comunicaci\u00f3n digital dedicado al deporte menor\",\"sameAs\":[\"https:\\\/\\\/deportesdigital.com.ve\\\/public\"],\"url\":\"https:\\\/\\\/deportesdigital.com.ve\\\/public\\\/author\\\/luisg15\\\/\"}]}<\/script>\n<!-- \/ Yoast SEO plugin. -->","yoast_head_json":{"title":"Lisbeli Vera y Linda P\u00e9rez buscan el sue\u00f1o paral\u00edmpico - Deportes Digital","robots":{"index":"index","follow":"follow","max-snippet":"max-snippet:-1","max-image-preview":"max-image-preview:large","max-video-preview":"max-video-preview:-1"},"canonical":"https:\/\/deportesdigital.com.ve\/public\/lisbeli-vera-y-linda-perez-buscan-el-sueno-paralimpico\/","og_locale":"es_ES","og_type":"article","og_title":"Lisbeli Vera y Linda P\u00e9rez buscan el sue\u00f1o paral\u00edmpico - Deportes Digital","og_description":"La delegaci\u00f3n venezolana viajar\u00e1 a territorio nip\u00f3n en b\u00fasqueda del sue\u00f1o paral\u00edmpico. \u00a0Agencias: Las Paratletas zulianas Lisbeli Vera y Linda P\u00e9rez, forman parte d ela delegaci\u00f3n venezolana que otorgar\u00e1 plazas [&hellip;]","og_url":"https:\/\/deportesdigital.com.ve\/public\/lisbeli-vera-y-linda-perez-buscan-el-sueno-paralimpico\/","og_site_name":"Deportes Digital","article_publisher":"https:\/\/www.facebook.com\/DeportesDigitalZulia25","article_published_time":"2024-05-16T09:43:10+00:00","og_image":[{"width":960,"height":540,"url":"https:\/\/deportesdigital.com.ve\/public\/wp-content\/uploads\/2024\/05\/Lisbeli-Vera-y-Linda-Perez-ganan-oro-en-los-paralimpicos-Foto_-.webp","type":"image\/webp"}],"author":"luisg15","twitter_card":"summary_large_image","twitter_creator":"@deporteszulia","twitter_site":"@deporteszulia","twitter_misc":{"Escrito por":"luisg15","Tiempo de lectura":"1 minuto"},"schema":{"@context":"https:\/\/schema.org","@graph":[{"@type":"Article","@id":"https:\/\/deportesdigital.com.ve\/public\/lisbeli-vera-y-linda-perez-buscan-el-sueno-paralimpico\/#article","isPartOf":{"@id":"https:\/\/deportesdigital.com.ve\/public\/lisbeli-vera-y-linda-perez-buscan-el-sueno-paralimpico\/"},"author":{"name":"luisg15","@id":"https:\/\/deportesdigital.com.ve\/public\/#\/schema\/person\/57d2f23f17d761b1672066d1905e88a0"},"headline":"Lisbeli Vera y Linda P\u00e9rez buscan el sue\u00f1o paral\u00edmpico","datePublished":"2024-05-16T09:43:10+00:00","mainEntityOfPage":{"@id":"https:\/\/deportesdigital.com.ve\/public\/lisbeli-vera-y-linda-perez-buscan-el-sueno-paralimpico\/"},"wordCount":176,"commentCount":0,"publisher":{"@id":"https:\/\/deportesdigital.com.ve\/public\/#organization"},"image":{"@id":"https:\/\/deportesdigital.com.ve\/public\/lisbeli-vera-y-linda-perez-buscan-el-sueno-paralimpico\/#primaryimage"},"thumbnailUrl":"https:\/\/deportesdigital.com.ve\/public\/wp-content\/uploads\/2024\/05\/Lisbeli-Vera-y-Linda-Perez-ganan-oro-en-los-paralimpicos-Foto_-.webp","keywords":["cupoa","jyegod olimpicos","lindapere","lisbelivera","mundila","paratletismo","zulianas"],"articleSection":["atletismo"],"inLanguage":"es","potentialAction":[{"@type":"CommentAction","name":"Comment","target":["https:\/\/deportesdigital.com.ve\/public\/lisbeli-vera-y-linda-perez-buscan-el-sueno-paralimpico\/#respond"]}]},{"@type":"WebPage","@id":"https:\/\/deportesdigital.com.ve\/public\/lisbeli-vera-y-linda-perez-buscan-el-sueno-paralimpico\/","url":"https:\/\/deportesdigital.com.ve\/public\/lisbeli-vera-y-linda-perez-buscan-el-sueno-paralimpico\/","name":"Lisbeli Vera y Linda P\u00e9rez buscan el sue\u00f1o paral\u00edmpico - Deportes Digital","isPartOf":{"@id":"https:\/\/deportesdigital.com.ve\/public\/#website"},"primaryImageOfPage":{"@id":"https:\/\/deportesdigital.com.ve\/public\/lisbeli-vera-y-linda-perez-buscan-el-sueno-paralimpico\/#primaryimage"},"image":{"@id":"https:\/\/deportesdigital.com.ve\/public\/lisbeli-vera-y-linda-perez-buscan-el-sueno-paralimpico\/#primaryimage"},"thumbnailUrl":"https:\/\/deportesdigital.com.ve\/public\/wp-content\/uploads\/2024\/05\/Lisbeli-Vera-y-Linda-Perez-ganan-oro-en-los-paralimpicos-Foto_-.webp","datePublished":"2024-05-16T09:43:10+00:00","breadcrumb":{"@id":"https:\/\/deportesdigital.com.ve\/public\/lisbeli-vera-y-linda-perez-buscan-el-sueno-paralimpico\/#breadcrumb"},"inLanguage":"es","potentialAction":[{"@type":"ReadAction","target":["https:\/\/deportesdigital.com.ve\/public\/lisbeli-vera-y-linda-perez-buscan-el-sueno-paralimpico\/"]}]},{"@type":"ImageObject","inLanguage":"es","@id":"https:\/\/deportesdigital.com.ve\/public\/lisbeli-vera-y-linda-perez-buscan-el-sueno-paralimpico\/#primaryimage","url":"https:\/\/deportesdigital.com.ve\/public\/wp-content\/uploads\/2024\/05\/Lisbeli-Vera-y-Linda-Perez-ganan-oro-en-los-paralimpicos-Foto_-.webp","contentUrl":"https:\/\/deportesdigital.com.ve\/public\/wp-content\/uploads\/2024\/05\/Lisbeli-Vera-y-Linda-Perez-ganan-oro-en-los-paralimpicos-Foto_-.webp","width":960,"height":540},{"@type":"BreadcrumbList","@id":"https:\/\/deportesdigital.com.ve\/public\/lisbeli-vera-y-linda-perez-buscan-el-sueno-paralimpico\/#breadcrumb","itemListElement":[{"@type":"ListItem","position":1,"name":"Portada","item":"https:\/\/deportesdigital.com.ve\/public\/"},{"@type":"ListItem","position":2,"name":"Lisbeli Vera y Linda P\u00e9rez buscan el sue\u00f1o paral\u00edmpico"}]},{"@type":"WebSite","@id":"https:\/\/deportesdigital.com.ve\/public\/#website","url":"https:\/\/deportesdigital.com.ve\/public\/","name":"Deportes Digital","description":"Solo Deportes","publisher":{"@id":"https:\/\/deportesdigital.com.ve\/public\/#organization"},"potentialAction":[{"@type":"SearchAction","target":{"@type":"EntryPoint","urlTemplate":"https:\/\/deportesdigital.com.ve\/public\/?s={search_term_string}"},"query-input":{"@type":"PropertyValueSpecification","valueRequired":true,"valueName":"search_term_string"}}],"inLanguage":"es"},{"@type":"Organization","@id":"https:\/\/deportesdigital.com.ve\/public\/#organization","name":"Deportes Digital","url":"https:\/\/deportesdigital.com.ve\/public\/","logo":{"@type":"ImageObject","inLanguage":"es","@id":"https:\/\/deportesdigital.com.ve\/public\/#\/schema\/logo\/image\/","url":"https:\/\/i0.wp.com\/deportesdigital.com.ve\/public\/wp-content\/uploads\/2023\/09\/1677066431475.png?fit=1032%2C624&ssl=1","contentUrl":"https:\/\/i0.wp.com\/deportesdigital.com.ve\/public\/wp-content\/uploads\/2023\/09\/1677066431475.png?fit=1032%2C624&ssl=1","width":1032,"height":624,"caption":"Deportes Digital"},"image":{"@id":"https:\/\/deportesdigital.com.ve\/public\/#\/schema\/logo\/image\/"},"sameAs":["https:\/\/www.facebook.com\/DeportesDigitalZulia25","https:\/\/x.com\/deporteszulia","https:\/\/www.instagram.com\/deportesdigitalzulia\/"]},{"@type":"Person","@id":"https:\/\/deportesdigital.com.ve\/public\/#\/schema\/person\/57d2f23f17d761b1672066d1905e88a0","name":"luisg15","image":{"@type":"ImageObject","inLanguage":"es","@id":"https:\/\/secure.gravatar.com\/avatar\/4d424b63ebd2800d281b824141af3d97c1332dfdda83d70b2057085925af58a3?s=96&d=mm&r=g","url":"https:\/\/secure.gravatar.com\/avatar\/4d424b63ebd2800d281b824141af3d97c1332dfdda83d70b2057085925af58a3?s=96&d=mm&r=g","contentUrl":"https:\/\/secure.gravatar.com\/avatar\/4d424b63ebd2800d281b824141af3d97c1332dfdda83d70b2057085925af58a3?s=96&d=mm&r=g","caption":"luisg15"},"description":"Medio de Comunicaci\u00f3n digital dedicado al deporte menor","sameAs":["https:\/\/deportesdigital.com.ve\/public"],"url":"https:\/\/deportesdigital.com.ve\/public\/author\/luisg15\/"}]}},"_links":{"self":[{"href":"https:\/\/deportesdigital.com.ve\/public\/wp-json\/wp\/v2\/posts\/91391","targetHints":{"allow":["GET"]}}],"collection":[{"href":"https:\/\/deportesdigital.com.ve\/public\/wp-json\/wp\/v2\/posts"}],"about":[{"href":"https:\/\/deportesdigital.com.ve\/public\/wp-json\/wp\/v2\/types\/post"}],"author":[{"embeddable":true,"href":"https:\/\/deportesdigital.com.ve\/public\/wp-json\/wp\/v2\/users\/1"}],"replies":[{"embeddable":true,"href":"https:\/\/deportesdigital.com.ve\/public\/wp-json\/wp\/v2\/comments?post=91391"}],"version-history":[{"count":1,"href":"https:\/\/deportesdigital.com.ve\/public\/wp-json\/wp\/v2\/posts\/91391\/revisions"}],"predecessor-version":[{"id":91393,"href":"https:\/\/deportesdigital.com.ve\/public\/wp-json\/wp\/v2\/posts\/91391\/revisions\/91393"}],"wp:featuredmedia":[{"embeddable":true,"href":"https:\/\/deportesdigital.com.ve\/public\/wp-json\/wp\/v2\/media\/91392"}],"wp:attachment":[{"href":"https:\/\/deportesdigital.com.ve\/public\/wp-json\/wp\/v2\/media?parent=91391"}],"wp:term":[{"taxonomy":"category","embeddable":true,"href":"https:\/\/deportesdigital.com.ve\/public\/wp-json\/wp\/v2\/categories?post=91391"},{"taxonomy":"post_tag","embeddable":true,"href":"https:\/\/deportesdigital.com.ve\/public\/wp-json\/wp\/v2\/tags?post=91391"}],"curies":[{"name":"wp","href":"https:\/\/api.w.org\/{rel}","templated":true}]}}