{"id":91384,"date":"2024-05-16T05:36:31","date_gmt":"2024-05-16T09:36:31","guid":{"rendered":"https:\/\/deportesdigital.com.ve\/public\/?p=91384"},"modified":"2024-05-16T05:36:31","modified_gmt":"2024-05-16T09:36:31","slug":"la-vinotinto-presenta-la-lista-preliminar-de-convocados-para-la-copa-america","status":"publish","type":"post","link":"https:\/\/deportesdigital.com.ve\/public\/la-vinotinto-presenta-la-lista-preliminar-de-convocados-para-la-copa-america\/","title":{"rendered":"La Vinotinto presenta la lista preliminar de convocados para la Copa Am\u00e9rica"},"content":{"rendered":"<p><strong><em>Fernando \u00abBocha\u00bb Batista, junto al resto de la junta directiva de la selecci\u00f3n nacional, seleccion\u00f3 a los jugadores que podr\u00edan defender los colores de la Vinotinto en el venidero torneo continental<\/em><\/strong><\/p>\n<hr \/>\n<p><strong><em>\u00a0<\/em><\/strong><strong><em>Agencia:<\/em><\/strong> \u00a1Comienza el sue\u00f1o! La Vinotinto presenta la lista preliminar de convocados, El comienzo de la pr\u00f3xima edici\u00f3n de la Copa Am\u00e9rica est\u00e1 a la vuelta de la esquina, ya que el torneo de selecciones m\u00e1s importante de la regi\u00f3n se comenzar\u00e1 a celebrar desde el pr\u00f3ximo 20 de junio. Por esta raz\u00f3n, varias selecciones que participar\u00e1n en la competici\u00f3n se encuentran alistando los \u00faltimos detalles para dar comienzo a uno de los eventos deportivos m\u00e1s importantes del verano.<\/p>\n<p>Una de esas delegaciones fue la Vinotinto, quien de la mano de Fernando \u00abBocha\u00bb Batista, al igual que el resto de su cuerpo t\u00e9cnico, present\u00f3 la lista de 46 jugadores preseleccionados para defender los colores de la selecci\u00f3n criolla en la venidera edici\u00f3n de la Copa Am\u00e9rica 2024.<\/p>\n<p>El estratega argentino present\u00f3 una extensa lista de convocados para el comienzo de la fase de grupos de la competici\u00f3n de selecciones m\u00e1s prestigiosa de la regi\u00f3n, la cual se llevar\u00e1 a cabo en los Estados Unidos por segunda vez en la historia del evento.<\/p>\n<p>Sin embargo, dicha lista preliminar deber\u00e1 descender a 23 jugadores, ya que es el m\u00e1ximo establecido por la CONMEBOL para el comienzo de la Copa Am\u00e9rica. Asimismo, la Vinotinto disputar\u00e1 su primer partido el pr\u00f3ximo 22 de junio en el Levi\u2019s Stadium ante Ecuador, el 26 de junio ante su similar de M\u00e9xico en el SOFI Stadium, y culminar\u00e1 la fase grupos el pr\u00f3ximo 30 de junio en el Q2 Stadium ante Jamaica.<\/p>\n<p><strong>Prelista de convocado<\/strong><\/p>\n<p><strong><br \/>\n<\/strong><strong>Porteros<br \/>\n<\/strong>Rafael Romo (Universidad Cat\u00f3lica)<br \/>\nJoel Graterol (Am\u00e9rica de Cali)<br \/>\nJos\u00e9 David Contreras (\u00c1guilas Doradas)<br \/>\nAlain Baroja (Always Ready)<br \/>\nWuilker Far\u00ed\u00f1ez (Caracas FC)<\/p>\n<p><strong>Defensas<br \/>\n<\/strong>Alexander Gonz\u00e1lez (Emelec)<br \/>\nJon Aramburu (Real Sociedad)<br \/>\nNahuel Ferraresi (Sao Paulo)<br \/>\nYordan Osorio (Parma)<br \/>\nCarlos Vivas (Deportivo T\u00e1chira)<br \/>\nDiego Luna (FC Baltika Kaliningrad)<br \/>\nWilker \u00c1ngel (Crici\u00fama)<br \/>\nChristian Makoun (Anorthosis Famagusta)<br \/>\nTeo Quintero (KMSK Deinze)<br \/>\nJhon Chancellor (Metropolitanos FC)<br \/>\nMiguel Navarro (Talleres)<br \/>\nRenn\u00e9 Rivas (Caracas FC)<br \/>\nRoberto Rosales (Sport Recife)<br \/>\nDelvin Alfonzo (Millonarios FC)<\/p>\n<p><strong>Mediocampistas<br \/>\n<\/strong>Jos\u00e9 Andr\u00e9s Mart\u00ednez (Philadelphia Union)<br \/>\nCristian C\u00e1sseres (Toulouse)<br \/>\nJes\u00fas Bueno (Philadelphia Union)<br \/>\nBryant Ortega (Caracas FC)<br \/>\nJunior Moreno (Al Hazem)<br \/>\nYangel Herrera (Girona)<br \/>\nDaniel Pereira (Austin)<br \/>\nTom\u00e1s Rinc\u00f3n (Santos FC)<br \/>\nEdson Castillo (Kaizer Chiefs)<br \/>\nTelasco Segovia (Casa Pia)<br \/>\nSamuel Sosa (Quer\u00e9taro)<br \/>\nEduard Bello (Mazatl\u00e1n FC)<br \/>\nKervin Andrade (Fortaleza)<br \/>\nJovanny Bol\u00edvar (SD Huesca)<br \/>\nDarwin Mach\u00eds (C\u00e1diz)<br \/>\nJhon Murillo (Atlas FC)<br \/>\nR\u00f3mulo Otero (Santos FC)<br \/>\nMat\u00edas Lacava (FC Vizela)<br \/>\nYeferson Soteldo (Gremio)<br \/>\nJefferson Savarino (Botafogo)<br \/>\nEnrique Pe\u00f1a Zauner (Roda JC)<\/p>\n<p>&nbsp;<\/p>\n<p><strong><em>Sigue esta y otras\u00a0<\/em><\/strong><a href=\"https:\/\/z-p15.www.instagram.com\/explore\/tags\/noticias\/\"><strong><em>#Noticias<\/em><\/strong><\/a><strong><em>\u00a0ingresando a nuestras plataformas digitales Deportes Digital, en Instagram, Facebook, Twitter, y en nuestros grupos de Whatsapp y Telegram.<\/em><\/strong><\/p>\n<p>&nbsp;<\/p>\n<p><strong>\u00a0<\/strong><\/p>\n","protected":false},"excerpt":{"rendered":"<p>Fernando \u00abBocha\u00bb Batista, junto al resto de la junta directiva de la selecci\u00f3n nacional, seleccion\u00f3 a los jugadores que podr\u00edan defender los colores de la Vinotinto en el venidero torneo [&hellip;]<\/p>\n","protected":false},"author":1,"featured_media":91385,"comment_status":"open","ping_status":"closed","sticky":false,"template":"","format":"standard","meta":{"footnotes":""},"categories":[3],"tags":[1834,170,1833,1352,156],"class_list":["post-91384","post","type-post","status-publish","format-standard","has-post-thumbnail","hentry","category-futbol","tag-america","tag-copa","tag-mayores","tag-preseleccion","tag-vinotinto","clearfix"],"yoast_head":"<!-- This site is optimized with the Yoast SEO plugin v27.8 - https:\/\/yoast.com\/product\/yoast-seo-wordpress\/ -->\n<title>La Vinotinto presenta la lista preliminar de convocados para la Copa Am\u00e9rica - Deportes Digital<\/title>\n<meta name=\"robots\" content=\"index, follow, max-snippet:-1, max-image-preview:large, max-video-preview:-1\" \/>\n<link rel=\"canonical\" href=\"https:\/\/deportesdigital.com.ve\/public\/la-vinotinto-presenta-la-lista-preliminar-de-convocados-para-la-copa-america\/\" \/>\n<meta property=\"og:locale\" content=\"es_ES\" \/>\n<meta property=\"og:type\" content=\"article\" \/>\n<meta property=\"og:title\" content=\"La Vinotinto presenta la lista preliminar de convocados para la Copa Am\u00e9rica - Deportes Digital\" \/>\n<meta property=\"og:description\" content=\"Fernando \u00abBocha\u00bb Batista, junto al resto de la junta directiva de la selecci\u00f3n nacional, seleccion\u00f3 a los jugadores que podr\u00edan defender los colores de la Vinotinto en el venidero torneo [&hellip;]\" \/>\n<meta property=\"og:url\" content=\"https:\/\/deportesdigital.com.ve\/public\/la-vinotinto-presenta-la-lista-preliminar-de-convocados-para-la-copa-america\/\" \/>\n<meta property=\"og:site_name\" content=\"Deportes Digital\" \/>\n<meta property=\"article:publisher\" content=\"https:\/\/www.facebook.com\/DeportesDigitalZulia25\" \/>\n<meta property=\"article:published_time\" content=\"2024-05-16T09:36:31+00:00\" \/>\n<meta property=\"og:image\" content=\"https:\/\/deportesdigital.com.ve\/public\/wp-content\/uploads\/2024\/05\/vinotinto-arabia-030123.jpg\" \/>\n\t<meta property=\"og:image:width\" content=\"1080\" \/>\n\t<meta property=\"og:image:height\" content=\"647\" \/>\n\t<meta property=\"og:image:type\" content=\"image\/jpeg\" \/>\n<meta name=\"author\" content=\"luisg15\" \/>\n<meta name=\"twitter:card\" content=\"summary_large_image\" \/>\n<meta name=\"twitter:creator\" content=\"@deporteszulia\" \/>\n<meta name=\"twitter:site\" content=\"@deporteszulia\" \/>\n<meta name=\"twitter:label1\" content=\"Escrito por\" \/>\n\t<meta name=\"twitter:data1\" content=\"luisg15\" \/>\n\t<meta name=\"twitter:label2\" content=\"Tiempo de lectura\" \/>\n\t<meta name=\"twitter:data2\" content=\"3 minutos\" \/>\n<script type=\"application\/ld+json\" class=\"yoast-schema-graph\">{\"@context\":\"https:\\\/\\\/schema.org\",\"@graph\":[{\"@type\":\"Article\",\"@id\":\"https:\\\/\\\/deportesdigital.com.ve\\\/public\\\/la-vinotinto-presenta-la-lista-preliminar-de-convocados-para-la-copa-america\\\/#article\",\"isPartOf\":{\"@id\":\"https:\\\/\\\/deportesdigital.com.ve\\\/public\\\/la-vinotinto-presenta-la-lista-preliminar-de-convocados-para-la-copa-america\\\/\"},\"author\":{\"name\":\"luisg15\",\"@id\":\"https:\\\/\\\/deportesdigital.com.ve\\\/public\\\/#\\\/schema\\\/person\\\/57d2f23f17d761b1672066d1905e88a0\"},\"headline\":\"La Vinotinto presenta la lista preliminar de convocados para la Copa Am\u00e9rica\",\"datePublished\":\"2024-05-16T09:36:31+00:00\",\"mainEntityOfPage\":{\"@id\":\"https:\\\/\\\/deportesdigital.com.ve\\\/public\\\/la-vinotinto-presenta-la-lista-preliminar-de-convocados-para-la-copa-america\\\/\"},\"wordCount\":513,\"commentCount\":0,\"publisher\":{\"@id\":\"https:\\\/\\\/deportesdigital.com.ve\\\/public\\\/#organization\"},\"image\":{\"@id\":\"https:\\\/\\\/deportesdigital.com.ve\\\/public\\\/la-vinotinto-presenta-la-lista-preliminar-de-convocados-para-la-copa-america\\\/#primaryimage\"},\"thumbnailUrl\":\"https:\\\/\\\/deportesdigital.com.ve\\\/public\\\/wp-content\\\/uploads\\\/2024\\\/05\\\/vinotinto-arabia-030123.jpg\",\"keywords\":[\"america\",\"copa\",\"mayores\",\"preseleccion\",\"vinotinto\"],\"articleSection\":[\"F\u00fatbol\"],\"inLanguage\":\"es\",\"potentialAction\":[{\"@type\":\"CommentAction\",\"name\":\"Comment\",\"target\":[\"https:\\\/\\\/deportesdigital.com.ve\\\/public\\\/la-vinotinto-presenta-la-lista-preliminar-de-convocados-para-la-copa-america\\\/#respond\"]}]},{\"@type\":\"WebPage\",\"@id\":\"https:\\\/\\\/deportesdigital.com.ve\\\/public\\\/la-vinotinto-presenta-la-lista-preliminar-de-convocados-para-la-copa-america\\\/\",\"url\":\"https:\\\/\\\/deportesdigital.com.ve\\\/public\\\/la-vinotinto-presenta-la-lista-preliminar-de-convocados-para-la-copa-america\\\/\",\"name\":\"La Vinotinto presenta la lista preliminar de convocados para la Copa Am\u00e9rica - Deportes Digital\",\"isPartOf\":{\"@id\":\"https:\\\/\\\/deportesdigital.com.ve\\\/public\\\/#website\"},\"primaryImageOfPage\":{\"@id\":\"https:\\\/\\\/deportesdigital.com.ve\\\/public\\\/la-vinotinto-presenta-la-lista-preliminar-de-convocados-para-la-copa-america\\\/#primaryimage\"},\"image\":{\"@id\":\"https:\\\/\\\/deportesdigital.com.ve\\\/public\\\/la-vinotinto-presenta-la-lista-preliminar-de-convocados-para-la-copa-america\\\/#primaryimage\"},\"thumbnailUrl\":\"https:\\\/\\\/deportesdigital.com.ve\\\/public\\\/wp-content\\\/uploads\\\/2024\\\/05\\\/vinotinto-arabia-030123.jpg\",\"datePublished\":\"2024-05-16T09:36:31+00:00\",\"breadcrumb\":{\"@id\":\"https:\\\/\\\/deportesdigital.com.ve\\\/public\\\/la-vinotinto-presenta-la-lista-preliminar-de-convocados-para-la-copa-america\\\/#breadcrumb\"},\"inLanguage\":\"es\",\"potentialAction\":[{\"@type\":\"ReadAction\",\"target\":[\"https:\\\/\\\/deportesdigital.com.ve\\\/public\\\/la-vinotinto-presenta-la-lista-preliminar-de-convocados-para-la-copa-america\\\/\"]}]},{\"@type\":\"ImageObject\",\"inLanguage\":\"es\",\"@id\":\"https:\\\/\\\/deportesdigital.com.ve\\\/public\\\/la-vinotinto-presenta-la-lista-preliminar-de-convocados-para-la-copa-america\\\/#primaryimage\",\"url\":\"https:\\\/\\\/deportesdigital.com.ve\\\/public\\\/wp-content\\\/uploads\\\/2024\\\/05\\\/vinotinto-arabia-030123.jpg\",\"contentUrl\":\"https:\\\/\\\/deportesdigital.com.ve\\\/public\\\/wp-content\\\/uploads\\\/2024\\\/05\\\/vinotinto-arabia-030123.jpg\",\"width\":1080,\"height\":647},{\"@type\":\"BreadcrumbList\",\"@id\":\"https:\\\/\\\/deportesdigital.com.ve\\\/public\\\/la-vinotinto-presenta-la-lista-preliminar-de-convocados-para-la-copa-america\\\/#breadcrumb\",\"itemListElement\":[{\"@type\":\"ListItem\",\"position\":1,\"name\":\"Portada\",\"item\":\"https:\\\/\\\/deportesdigital.com.ve\\\/public\\\/\"},{\"@type\":\"ListItem\",\"position\":2,\"name\":\"La Vinotinto presenta la lista preliminar de convocados para la Copa Am\u00e9rica\"}]},{\"@type\":\"WebSite\",\"@id\":\"https:\\\/\\\/deportesdigital.com.ve\\\/public\\\/#website\",\"url\":\"https:\\\/\\\/deportesdigital.com.ve\\\/public\\\/\",\"name\":\"Deportes Digital\",\"description\":\"Solo Deportes\",\"publisher\":{\"@id\":\"https:\\\/\\\/deportesdigital.com.ve\\\/public\\\/#organization\"},\"potentialAction\":[{\"@type\":\"SearchAction\",\"target\":{\"@type\":\"EntryPoint\",\"urlTemplate\":\"https:\\\/\\\/deportesdigital.com.ve\\\/public\\\/?s={search_term_string}\"},\"query-input\":{\"@type\":\"PropertyValueSpecification\",\"valueRequired\":true,\"valueName\":\"search_term_string\"}}],\"inLanguage\":\"es\"},{\"@type\":\"Organization\",\"@id\":\"https:\\\/\\\/deportesdigital.com.ve\\\/public\\\/#organization\",\"name\":\"Deportes Digital\",\"url\":\"https:\\\/\\\/deportesdigital.com.ve\\\/public\\\/\",\"logo\":{\"@type\":\"ImageObject\",\"inLanguage\":\"es\",\"@id\":\"https:\\\/\\\/deportesdigital.com.ve\\\/public\\\/#\\\/schema\\\/logo\\\/image\\\/\",\"url\":\"https:\\\/\\\/i0.wp.com\\\/deportesdigital.com.ve\\\/public\\\/wp-content\\\/uploads\\\/2023\\\/09\\\/1677066431475.png?fit=1032%2C624&ssl=1\",\"contentUrl\":\"https:\\\/\\\/i0.wp.com\\\/deportesdigital.com.ve\\\/public\\\/wp-content\\\/uploads\\\/2023\\\/09\\\/1677066431475.png?fit=1032%2C624&ssl=1\",\"width\":1032,\"height\":624,\"caption\":\"Deportes Digital\"},\"image\":{\"@id\":\"https:\\\/\\\/deportesdigital.com.ve\\\/public\\\/#\\\/schema\\\/logo\\\/image\\\/\"},\"sameAs\":[\"https:\\\/\\\/www.facebook.com\\\/DeportesDigitalZulia25\",\"https:\\\/\\\/x.com\\\/deporteszulia\",\"https:\\\/\\\/www.instagram.com\\\/deportesdigitalzulia\\\/\"]},{\"@type\":\"Person\",\"@id\":\"https:\\\/\\\/deportesdigital.com.ve\\\/public\\\/#\\\/schema\\\/person\\\/57d2f23f17d761b1672066d1905e88a0\",\"name\":\"luisg15\",\"image\":{\"@type\":\"ImageObject\",\"inLanguage\":\"es\",\"@id\":\"https:\\\/\\\/secure.gravatar.com\\\/avatar\\\/4d424b63ebd2800d281b824141af3d97c1332dfdda83d70b2057085925af58a3?s=96&d=mm&r=g\",\"url\":\"https:\\\/\\\/secure.gravatar.com\\\/avatar\\\/4d424b63ebd2800d281b824141af3d97c1332dfdda83d70b2057085925af58a3?s=96&d=mm&r=g\",\"contentUrl\":\"https:\\\/\\\/secure.gravatar.com\\\/avatar\\\/4d424b63ebd2800d281b824141af3d97c1332dfdda83d70b2057085925af58a3?s=96&d=mm&r=g\",\"caption\":\"luisg15\"},\"description\":\"Medio de Comunicaci\u00f3n digital dedicado al deporte menor\",\"sameAs\":[\"https:\\\/\\\/deportesdigital.com.ve\\\/public\"],\"url\":\"https:\\\/\\\/deportesdigital.com.ve\\\/public\\\/author\\\/luisg15\\\/\"}]}<\/script>\n<!-- \/ Yoast SEO plugin. -->","yoast_head_json":{"title":"La Vinotinto presenta la lista preliminar de convocados para la Copa Am\u00e9rica - Deportes Digital","robots":{"index":"index","follow":"follow","max-snippet":"max-snippet:-1","max-image-preview":"max-image-preview:large","max-video-preview":"max-video-preview:-1"},"canonical":"https:\/\/deportesdigital.com.ve\/public\/la-vinotinto-presenta-la-lista-preliminar-de-convocados-para-la-copa-america\/","og_locale":"es_ES","og_type":"article","og_title":"La Vinotinto presenta la lista preliminar de convocados para la Copa Am\u00e9rica - Deportes Digital","og_description":"Fernando \u00abBocha\u00bb Batista, junto al resto de la junta directiva de la selecci\u00f3n nacional, seleccion\u00f3 a los jugadores que podr\u00edan defender los colores de la Vinotinto en el venidero torneo [&hellip;]","og_url":"https:\/\/deportesdigital.com.ve\/public\/la-vinotinto-presenta-la-lista-preliminar-de-convocados-para-la-copa-america\/","og_site_name":"Deportes Digital","article_publisher":"https:\/\/www.facebook.com\/DeportesDigitalZulia25","article_published_time":"2024-05-16T09:36:31+00:00","og_image":[{"width":1080,"height":647,"url":"https:\/\/deportesdigital.com.ve\/public\/wp-content\/uploads\/2024\/05\/vinotinto-arabia-030123.jpg","type":"image\/jpeg"}],"author":"luisg15","twitter_card":"summary_large_image","twitter_creator":"@deporteszulia","twitter_site":"@deporteszulia","twitter_misc":{"Escrito por":"luisg15","Tiempo de lectura":"3 minutos"},"schema":{"@context":"https:\/\/schema.org","@graph":[{"@type":"Article","@id":"https:\/\/deportesdigital.com.ve\/public\/la-vinotinto-presenta-la-lista-preliminar-de-convocados-para-la-copa-america\/#article","isPartOf":{"@id":"https:\/\/deportesdigital.com.ve\/public\/la-vinotinto-presenta-la-lista-preliminar-de-convocados-para-la-copa-america\/"},"author":{"name":"luisg15","@id":"https:\/\/deportesdigital.com.ve\/public\/#\/schema\/person\/57d2f23f17d761b1672066d1905e88a0"},"headline":"La Vinotinto presenta la lista preliminar de convocados para la Copa Am\u00e9rica","datePublished":"2024-05-16T09:36:31+00:00","mainEntityOfPage":{"@id":"https:\/\/deportesdigital.com.ve\/public\/la-vinotinto-presenta-la-lista-preliminar-de-convocados-para-la-copa-america\/"},"wordCount":513,"commentCount":0,"publisher":{"@id":"https:\/\/deportesdigital.com.ve\/public\/#organization"},"image":{"@id":"https:\/\/deportesdigital.com.ve\/public\/la-vinotinto-presenta-la-lista-preliminar-de-convocados-para-la-copa-america\/#primaryimage"},"thumbnailUrl":"https:\/\/deportesdigital.com.ve\/public\/wp-content\/uploads\/2024\/05\/vinotinto-arabia-030123.jpg","keywords":["america","copa","mayores","preseleccion","vinotinto"],"articleSection":["F\u00fatbol"],"inLanguage":"es","potentialAction":[{"@type":"CommentAction","name":"Comment","target":["https:\/\/deportesdigital.com.ve\/public\/la-vinotinto-presenta-la-lista-preliminar-de-convocados-para-la-copa-america\/#respond"]}]},{"@type":"WebPage","@id":"https:\/\/deportesdigital.com.ve\/public\/la-vinotinto-presenta-la-lista-preliminar-de-convocados-para-la-copa-america\/","url":"https:\/\/deportesdigital.com.ve\/public\/la-vinotinto-presenta-la-lista-preliminar-de-convocados-para-la-copa-america\/","name":"La Vinotinto presenta la lista preliminar de convocados para la Copa Am\u00e9rica - Deportes Digital","isPartOf":{"@id":"https:\/\/deportesdigital.com.ve\/public\/#website"},"primaryImageOfPage":{"@id":"https:\/\/deportesdigital.com.ve\/public\/la-vinotinto-presenta-la-lista-preliminar-de-convocados-para-la-copa-america\/#primaryimage"},"image":{"@id":"https:\/\/deportesdigital.com.ve\/public\/la-vinotinto-presenta-la-lista-preliminar-de-convocados-para-la-copa-america\/#primaryimage"},"thumbnailUrl":"https:\/\/deportesdigital.com.ve\/public\/wp-content\/uploads\/2024\/05\/vinotinto-arabia-030123.jpg","datePublished":"2024-05-16T09:36:31+00:00","breadcrumb":{"@id":"https:\/\/deportesdigital.com.ve\/public\/la-vinotinto-presenta-la-lista-preliminar-de-convocados-para-la-copa-america\/#breadcrumb"},"inLanguage":"es","potentialAction":[{"@type":"ReadAction","target":["https:\/\/deportesdigital.com.ve\/public\/la-vinotinto-presenta-la-lista-preliminar-de-convocados-para-la-copa-america\/"]}]},{"@type":"ImageObject","inLanguage":"es","@id":"https:\/\/deportesdigital.com.ve\/public\/la-vinotinto-presenta-la-lista-preliminar-de-convocados-para-la-copa-america\/#primaryimage","url":"https:\/\/deportesdigital.com.ve\/public\/wp-content\/uploads\/2024\/05\/vinotinto-arabia-030123.jpg","contentUrl":"https:\/\/deportesdigital.com.ve\/public\/wp-content\/uploads\/2024\/05\/vinotinto-arabia-030123.jpg","width":1080,"height":647},{"@type":"BreadcrumbList","@id":"https:\/\/deportesdigital.com.ve\/public\/la-vinotinto-presenta-la-lista-preliminar-de-convocados-para-la-copa-america\/#breadcrumb","itemListElement":[{"@type":"ListItem","position":1,"name":"Portada","item":"https:\/\/deportesdigital.com.ve\/public\/"},{"@type":"ListItem","position":2,"name":"La Vinotinto presenta la lista preliminar de convocados para la Copa Am\u00e9rica"}]},{"@type":"WebSite","@id":"https:\/\/deportesdigital.com.ve\/public\/#website","url":"https:\/\/deportesdigital.com.ve\/public\/","name":"Deportes Digital","description":"Solo Deportes","publisher":{"@id":"https:\/\/deportesdigital.com.ve\/public\/#organization"},"potentialAction":[{"@type":"SearchAction","target":{"@type":"EntryPoint","urlTemplate":"https:\/\/deportesdigital.com.ve\/public\/?s={search_term_string}"},"query-input":{"@type":"PropertyValueSpecification","valueRequired":true,"valueName":"search_term_string"}}],"inLanguage":"es"},{"@type":"Organization","@id":"https:\/\/deportesdigital.com.ve\/public\/#organization","name":"Deportes Digital","url":"https:\/\/deportesdigital.com.ve\/public\/","logo":{"@type":"ImageObject","inLanguage":"es","@id":"https:\/\/deportesdigital.com.ve\/public\/#\/schema\/logo\/image\/","url":"https:\/\/i0.wp.com\/deportesdigital.com.ve\/public\/wp-content\/uploads\/2023\/09\/1677066431475.png?fit=1032%2C624&ssl=1","contentUrl":"https:\/\/i0.wp.com\/deportesdigital.com.ve\/public\/wp-content\/uploads\/2023\/09\/1677066431475.png?fit=1032%2C624&ssl=1","width":1032,"height":624,"caption":"Deportes Digital"},"image":{"@id":"https:\/\/deportesdigital.com.ve\/public\/#\/schema\/logo\/image\/"},"sameAs":["https:\/\/www.facebook.com\/DeportesDigitalZulia25","https:\/\/x.com\/deporteszulia","https:\/\/www.instagram.com\/deportesdigitalzulia\/"]},{"@type":"Person","@id":"https:\/\/deportesdigital.com.ve\/public\/#\/schema\/person\/57d2f23f17d761b1672066d1905e88a0","name":"luisg15","image":{"@type":"ImageObject","inLanguage":"es","@id":"https:\/\/secure.gravatar.com\/avatar\/4d424b63ebd2800d281b824141af3d97c1332dfdda83d70b2057085925af58a3?s=96&d=mm&r=g","url":"https:\/\/secure.gravatar.com\/avatar\/4d424b63ebd2800d281b824141af3d97c1332dfdda83d70b2057085925af58a3?s=96&d=mm&r=g","contentUrl":"https:\/\/secure.gravatar.com\/avatar\/4d424b63ebd2800d281b824141af3d97c1332dfdda83d70b2057085925af58a3?s=96&d=mm&r=g","caption":"luisg15"},"description":"Medio de Comunicaci\u00f3n digital dedicado al deporte menor","sameAs":["https:\/\/deportesdigital.com.ve\/public"],"url":"https:\/\/deportesdigital.com.ve\/public\/author\/luisg15\/"}]}},"_links":{"self":[{"href":"https:\/\/deportesdigital.com.ve\/public\/wp-json\/wp\/v2\/posts\/91384","targetHints":{"allow":["GET"]}}],"collection":[{"href":"https:\/\/deportesdigital.com.ve\/public\/wp-json\/wp\/v2\/posts"}],"about":[{"href":"https:\/\/deportesdigital.com.ve\/public\/wp-json\/wp\/v2\/types\/post"}],"author":[{"embeddable":true,"href":"https:\/\/deportesdigital.com.ve\/public\/wp-json\/wp\/v2\/users\/1"}],"replies":[{"embeddable":true,"href":"https:\/\/deportesdigital.com.ve\/public\/wp-json\/wp\/v2\/comments?post=91384"}],"version-history":[{"count":1,"href":"https:\/\/deportesdigital.com.ve\/public\/wp-json\/wp\/v2\/posts\/91384\/revisions"}],"predecessor-version":[{"id":91386,"href":"https:\/\/deportesdigital.com.ve\/public\/wp-json\/wp\/v2\/posts\/91384\/revisions\/91386"}],"wp:featuredmedia":[{"embeddable":true,"href":"https:\/\/deportesdigital.com.ve\/public\/wp-json\/wp\/v2\/media\/91385"}],"wp:attachment":[{"href":"https:\/\/deportesdigital.com.ve\/public\/wp-json\/wp\/v2\/media?parent=91384"}],"wp:term":[{"taxonomy":"category","embeddable":true,"href":"https:\/\/deportesdigital.com.ve\/public\/wp-json\/wp\/v2\/categories?post=91384"},{"taxonomy":"post_tag","embeddable":true,"href":"https:\/\/deportesdigital.com.ve\/public\/wp-json\/wp\/v2\/tags?post=91384"}],"curies":[{"name":"wp","href":"https:\/\/api.w.org\/{rel}","templated":true}]}}