{"id":91374,"date":"2024-05-15T22:17:54","date_gmt":"2024-05-16T02:17:54","guid":{"rendered":"https:\/\/deportesdigital.com.ve\/public\/?p=91374"},"modified":"2024-05-15T22:17:54","modified_gmt":"2024-05-16T02:17:54","slug":"bicicross-zuliano-buscaran-cupo-a-los-juegos-deportivos-nacionales","status":"publish","type":"post","link":"https:\/\/deportesdigital.com.ve\/public\/bicicross-zuliano-buscaran-cupo-a-los-juegos-deportivos-nacionales\/","title":{"rendered":"Bicicross zuliano buscaran cupo a los Juegos Deportivos Nacionales"},"content":{"rendered":"<p><strong><em>El equipo de futbol femenino gano en partido de ida contra Falc\u00f3n en la fase clasificatoria a los Juegos Deportivos Nacionales.<\/em><\/strong><\/p>\n<hr \/>\n<p><strong><em>Jos\u00e9 Gil Deportes Digital \/Maracaibo:<\/em><\/strong> Las selecciones de Bicicross estar\u00e1n presentes en la fase de clasificaci\u00f3n a los Juegos Deportivos Nacionales mientras que la selecci\u00f3n de futbol conquisto triunfo en partido de ida contra Falc\u00f3n por la clasificaci\u00f3n a los juegos.<\/p>\n<p>La selecci\u00f3n de Bicicross del Zulia conformada por los pedalistas, Yesdanya Paz Carlos Mu\u00f1oz, Manuel Amico, bajo la direcci\u00f3n t\u00e9cnica Nelson V\u00edlchez y el mec\u00e1nico Yesso Paz.<\/p>\n<p>El equipo que estuvo trabajando por dos d\u00edas en la abandonada pista de Bicicross Misael V\u00edlchez, se mostraron muy positivos para la competencia nacional a pesar del poco tiempo de trabajo.<\/p>\n<p>Estamos muy contento de representar al Zulia en tan importante competencia manifest\u00f3 Yesdanya Paz quien cuenta con 15 a\u00f1os y buscara su cupo a los juegos en la modalidad Ring 20.<\/p>\n<p>\u201cEsta es mi primera experiencia en una competencia nacional, pero tengo experiencia en la disciplina que he practicado por cinco a\u00f1os, estuve retirada pero no deje de trabajar por mi cuenta ya que el Zulia no tiene una pista apta para poder entrenar\u201d.<\/p>\n<p>Por su parte Carlos Mu\u00f1oz, quien competir\u00e1 tambi\u00e9n en la modalidad Ring 20, aseguro que trabajo duro para ir al competencia y buscara el cupo para el Zulia a los Juegos Nacionales.<\/p>\n<p><a href=\"https:\/\/deportesdigital.com.ve\/public\/wp-content\/uploads\/2024\/05\/bici.jpg\"><img loading=\"lazy\" decoding=\"async\" class=\"size-full wp-image-91375 aligncenter\" src=\"https:\/\/deportesdigital.com.ve\/public\/wp-content\/uploads\/2024\/05\/bici.jpg\" alt=\"\" width=\"800\" height=\"533\" srcset=\"https:\/\/deportesdigital.com.ve\/public\/wp-content\/uploads\/2024\/05\/bici.jpg 800w, https:\/\/deportesdigital.com.ve\/public\/wp-content\/uploads\/2024\/05\/bici-300x200.jpg 300w, https:\/\/deportesdigital.com.ve\/public\/wp-content\/uploads\/2024\/05\/bici-768x512.jpg 768w, https:\/\/deportesdigital.com.ve\/public\/wp-content\/uploads\/2024\/05\/bici-730x486.jpg 730w, https:\/\/deportesdigital.com.ve\/public\/wp-content\/uploads\/2024\/05\/bici-435x290.jpg 435w\" sizes=\"auto, (max-width: 800px) 100vw, 800px\" \/><\/a><\/p>\n<p>Estamos preparados para la competencia gracias al trabajo del entrenador V\u00edlchez, quien conf\u00eda mucho en este equipo para logara el \u00e9xito en la competencia.<\/p>\n<p>El pedalista Manuel Amico, expuso esta experiencia es \u00fanica ir a representar al Zulia es un orgullo, a pesar del poco tiempo de preparaci\u00f3n al no contar con un espacio para entrenar vamos a dar la batalla y traer los cupos para nuestro estado a los Juegos Deportivos Nacionales.<\/p>\n<p>El entrenador Nelson V\u00edlchez, explic\u00f3 como fue el trabajo con este tri\u00f3 de pedalista que fueron llamado luego de dos chequeos mostraron la cualidades para ser arte de este equipo, \u201cvamos con todo sabemos que no es f\u00e1cil, pero los muchachos est\u00e1n muy positivos y seguro de los que a van a hacer en la competencia.<\/p>\n<p>El presidente de la Asociaci\u00f3n Zuliana de Ciclismo, Jos\u00e9 Pulido, explic\u00f3 vamos con un grupo muy s\u00f3lido estamos dispuesto a dar la batalla por la clasificaci\u00f3n a los Juegos Deportivos Nacionales, vamos a buscar los cupos para el Zulia, estamos seguro que se har\u00e1 el trabajo a pesar del poco tiempo de trabajo del equipo son tres atletas con una buena experiencia en la materia estamos seguro que dar\u00e1n lo mejor de s\u00ed para lograr el \u00e9xito.<\/p>\n<p>Zulia esta presente en la clasificatorio que se realizara del 16 al 19 de mayo en la pista Domingo L\u00f3pez de Barquisimeto con la participaci\u00f3n aproximadamente de 12 estados.<\/p>\n<p><strong><em>Sigue esta y otras\u00a0<\/em><\/strong><a href=\"https:\/\/z-p15.www.instagram.com\/explore\/tags\/noticias\/\"><strong><em>#Noticias<\/em><\/strong><\/a><strong><em>\u00a0ingresando a nuestras plataformas digitales Deportes Digital, en Instagram, Facebook, Twitter, y en nuestros grupos de Whatsapp y Telegram.<\/em><\/strong><\/p>\n","protected":false},"excerpt":{"rendered":"<p>El equipo de futbol femenino gano en partido de ida contra Falc\u00f3n en la fase clasificatoria a los Juegos Deportivos Nacionales. Jos\u00e9 Gil Deportes Digital \/Maracaibo: Las selecciones de Bicicross [&hellip;]<\/p>\n","protected":false},"author":1,"featured_media":91376,"comment_status":"open","ping_status":"closed","sticky":false,"template":"","format":"standard","meta":{"footnotes":""},"categories":[9],"tags":[1832,1499,709,423,38],"class_list":["post-91374","post","type-post","status-publish","format-standard","has-post-thumbnail","hentry","category-ciclismo","tag-bicicross","tag-clasificatorio","tag-juegos","tag-nacionales","tag-zulia","clearfix"],"yoast_head":"<!-- This site is optimized with the Yoast SEO plugin v27.8 - https:\/\/yoast.com\/product\/yoast-seo-wordpress\/ -->\n<title>Bicicross zuliano buscaran cupo a los Juegos Deportivos Nacionales - Deportes Digital<\/title>\n<meta name=\"robots\" content=\"index, follow, max-snippet:-1, max-image-preview:large, max-video-preview:-1\" \/>\n<link rel=\"canonical\" href=\"https:\/\/deportesdigital.com.ve\/public\/bicicross-zuliano-buscaran-cupo-a-los-juegos-deportivos-nacionales\/\" \/>\n<meta property=\"og:locale\" content=\"es_ES\" \/>\n<meta property=\"og:type\" content=\"article\" \/>\n<meta property=\"og:title\" content=\"Bicicross zuliano buscaran cupo a los Juegos Deportivos Nacionales - Deportes Digital\" \/>\n<meta property=\"og:description\" content=\"El equipo de futbol femenino gano en partido de ida contra Falc\u00f3n en la fase clasificatoria a los Juegos Deportivos Nacionales. Jos\u00e9 Gil Deportes Digital \/Maracaibo: Las selecciones de Bicicross [&hellip;]\" \/>\n<meta property=\"og:url\" content=\"https:\/\/deportesdigital.com.ve\/public\/bicicross-zuliano-buscaran-cupo-a-los-juegos-deportivos-nacionales\/\" \/>\n<meta property=\"og:site_name\" content=\"Deportes Digital\" \/>\n<meta property=\"article:publisher\" content=\"https:\/\/www.facebook.com\/DeportesDigitalZulia25\" \/>\n<meta property=\"article:published_time\" content=\"2024-05-16T02:17:54+00:00\" \/>\n<meta property=\"og:image\" content=\"https:\/\/deportesdigital.com.ve\/public\/wp-content\/uploads\/2024\/05\/bici2.jpg\" \/>\n\t<meta property=\"og:image:width\" content=\"800\" \/>\n\t<meta property=\"og:image:height\" content=\"467\" \/>\n\t<meta property=\"og:image:type\" content=\"image\/jpeg\" \/>\n<meta name=\"author\" content=\"luisg15\" \/>\n<meta name=\"twitter:card\" content=\"summary_large_image\" \/>\n<meta name=\"twitter:creator\" content=\"@deporteszulia\" \/>\n<meta name=\"twitter:site\" content=\"@deporteszulia\" \/>\n<meta name=\"twitter:label1\" content=\"Escrito por\" \/>\n\t<meta name=\"twitter:data1\" content=\"luisg15\" \/>\n\t<meta name=\"twitter:label2\" content=\"Tiempo de lectura\" \/>\n\t<meta name=\"twitter:data2\" content=\"3 minutos\" \/>\n<script type=\"application\/ld+json\" class=\"yoast-schema-graph\">{\"@context\":\"https:\\\/\\\/schema.org\",\"@graph\":[{\"@type\":\"Article\",\"@id\":\"https:\\\/\\\/deportesdigital.com.ve\\\/public\\\/bicicross-zuliano-buscaran-cupo-a-los-juegos-deportivos-nacionales\\\/#article\",\"isPartOf\":{\"@id\":\"https:\\\/\\\/deportesdigital.com.ve\\\/public\\\/bicicross-zuliano-buscaran-cupo-a-los-juegos-deportivos-nacionales\\\/\"},\"author\":{\"name\":\"luisg15\",\"@id\":\"https:\\\/\\\/deportesdigital.com.ve\\\/public\\\/#\\\/schema\\\/person\\\/57d2f23f17d761b1672066d1905e88a0\"},\"headline\":\"Bicicross zuliano buscaran cupo a los Juegos Deportivos Nacionales\",\"datePublished\":\"2024-05-16T02:17:54+00:00\",\"mainEntityOfPage\":{\"@id\":\"https:\\\/\\\/deportesdigital.com.ve\\\/public\\\/bicicross-zuliano-buscaran-cupo-a-los-juegos-deportivos-nacionales\\\/\"},\"wordCount\":518,\"commentCount\":0,\"publisher\":{\"@id\":\"https:\\\/\\\/deportesdigital.com.ve\\\/public\\\/#organization\"},\"image\":{\"@id\":\"https:\\\/\\\/deportesdigital.com.ve\\\/public\\\/bicicross-zuliano-buscaran-cupo-a-los-juegos-deportivos-nacionales\\\/#primaryimage\"},\"thumbnailUrl\":\"https:\\\/\\\/deportesdigital.com.ve\\\/public\\\/wp-content\\\/uploads\\\/2024\\\/05\\\/bici2.jpg\",\"keywords\":[\"bicicross\",\"clasificatorio\",\"juegos\",\"nacionales\",\"Zulia\"],\"articleSection\":[\"Ciclismo\"],\"inLanguage\":\"es\",\"potentialAction\":[{\"@type\":\"CommentAction\",\"name\":\"Comment\",\"target\":[\"https:\\\/\\\/deportesdigital.com.ve\\\/public\\\/bicicross-zuliano-buscaran-cupo-a-los-juegos-deportivos-nacionales\\\/#respond\"]}]},{\"@type\":\"WebPage\",\"@id\":\"https:\\\/\\\/deportesdigital.com.ve\\\/public\\\/bicicross-zuliano-buscaran-cupo-a-los-juegos-deportivos-nacionales\\\/\",\"url\":\"https:\\\/\\\/deportesdigital.com.ve\\\/public\\\/bicicross-zuliano-buscaran-cupo-a-los-juegos-deportivos-nacionales\\\/\",\"name\":\"Bicicross zuliano buscaran cupo a los Juegos Deportivos Nacionales - Deportes Digital\",\"isPartOf\":{\"@id\":\"https:\\\/\\\/deportesdigital.com.ve\\\/public\\\/#website\"},\"primaryImageOfPage\":{\"@id\":\"https:\\\/\\\/deportesdigital.com.ve\\\/public\\\/bicicross-zuliano-buscaran-cupo-a-los-juegos-deportivos-nacionales\\\/#primaryimage\"},\"image\":{\"@id\":\"https:\\\/\\\/deportesdigital.com.ve\\\/public\\\/bicicross-zuliano-buscaran-cupo-a-los-juegos-deportivos-nacionales\\\/#primaryimage\"},\"thumbnailUrl\":\"https:\\\/\\\/deportesdigital.com.ve\\\/public\\\/wp-content\\\/uploads\\\/2024\\\/05\\\/bici2.jpg\",\"datePublished\":\"2024-05-16T02:17:54+00:00\",\"breadcrumb\":{\"@id\":\"https:\\\/\\\/deportesdigital.com.ve\\\/public\\\/bicicross-zuliano-buscaran-cupo-a-los-juegos-deportivos-nacionales\\\/#breadcrumb\"},\"inLanguage\":\"es\",\"potentialAction\":[{\"@type\":\"ReadAction\",\"target\":[\"https:\\\/\\\/deportesdigital.com.ve\\\/public\\\/bicicross-zuliano-buscaran-cupo-a-los-juegos-deportivos-nacionales\\\/\"]}]},{\"@type\":\"ImageObject\",\"inLanguage\":\"es\",\"@id\":\"https:\\\/\\\/deportesdigital.com.ve\\\/public\\\/bicicross-zuliano-buscaran-cupo-a-los-juegos-deportivos-nacionales\\\/#primaryimage\",\"url\":\"https:\\\/\\\/deportesdigital.com.ve\\\/public\\\/wp-content\\\/uploads\\\/2024\\\/05\\\/bici2.jpg\",\"contentUrl\":\"https:\\\/\\\/deportesdigital.com.ve\\\/public\\\/wp-content\\\/uploads\\\/2024\\\/05\\\/bici2.jpg\",\"width\":800,\"height\":467},{\"@type\":\"BreadcrumbList\",\"@id\":\"https:\\\/\\\/deportesdigital.com.ve\\\/public\\\/bicicross-zuliano-buscaran-cupo-a-los-juegos-deportivos-nacionales\\\/#breadcrumb\",\"itemListElement\":[{\"@type\":\"ListItem\",\"position\":1,\"name\":\"Portada\",\"item\":\"https:\\\/\\\/deportesdigital.com.ve\\\/public\\\/\"},{\"@type\":\"ListItem\",\"position\":2,\"name\":\"Bicicross zuliano buscaran cupo a los Juegos Deportivos Nacionales\"}]},{\"@type\":\"WebSite\",\"@id\":\"https:\\\/\\\/deportesdigital.com.ve\\\/public\\\/#website\",\"url\":\"https:\\\/\\\/deportesdigital.com.ve\\\/public\\\/\",\"name\":\"Deportes Digital\",\"description\":\"Solo Deportes\",\"publisher\":{\"@id\":\"https:\\\/\\\/deportesdigital.com.ve\\\/public\\\/#organization\"},\"potentialAction\":[{\"@type\":\"SearchAction\",\"target\":{\"@type\":\"EntryPoint\",\"urlTemplate\":\"https:\\\/\\\/deportesdigital.com.ve\\\/public\\\/?s={search_term_string}\"},\"query-input\":{\"@type\":\"PropertyValueSpecification\",\"valueRequired\":true,\"valueName\":\"search_term_string\"}}],\"inLanguage\":\"es\"},{\"@type\":\"Organization\",\"@id\":\"https:\\\/\\\/deportesdigital.com.ve\\\/public\\\/#organization\",\"name\":\"Deportes Digital\",\"url\":\"https:\\\/\\\/deportesdigital.com.ve\\\/public\\\/\",\"logo\":{\"@type\":\"ImageObject\",\"inLanguage\":\"es\",\"@id\":\"https:\\\/\\\/deportesdigital.com.ve\\\/public\\\/#\\\/schema\\\/logo\\\/image\\\/\",\"url\":\"https:\\\/\\\/i0.wp.com\\\/deportesdigital.com.ve\\\/public\\\/wp-content\\\/uploads\\\/2023\\\/09\\\/1677066431475.png?fit=1032%2C624&ssl=1\",\"contentUrl\":\"https:\\\/\\\/i0.wp.com\\\/deportesdigital.com.ve\\\/public\\\/wp-content\\\/uploads\\\/2023\\\/09\\\/1677066431475.png?fit=1032%2C624&ssl=1\",\"width\":1032,\"height\":624,\"caption\":\"Deportes Digital\"},\"image\":{\"@id\":\"https:\\\/\\\/deportesdigital.com.ve\\\/public\\\/#\\\/schema\\\/logo\\\/image\\\/\"},\"sameAs\":[\"https:\\\/\\\/www.facebook.com\\\/DeportesDigitalZulia25\",\"https:\\\/\\\/x.com\\\/deporteszulia\",\"https:\\\/\\\/www.instagram.com\\\/deportesdigitalzulia\\\/\"]},{\"@type\":\"Person\",\"@id\":\"https:\\\/\\\/deportesdigital.com.ve\\\/public\\\/#\\\/schema\\\/person\\\/57d2f23f17d761b1672066d1905e88a0\",\"name\":\"luisg15\",\"image\":{\"@type\":\"ImageObject\",\"inLanguage\":\"es\",\"@id\":\"https:\\\/\\\/secure.gravatar.com\\\/avatar\\\/4d424b63ebd2800d281b824141af3d97c1332dfdda83d70b2057085925af58a3?s=96&d=mm&r=g\",\"url\":\"https:\\\/\\\/secure.gravatar.com\\\/avatar\\\/4d424b63ebd2800d281b824141af3d97c1332dfdda83d70b2057085925af58a3?s=96&d=mm&r=g\",\"contentUrl\":\"https:\\\/\\\/secure.gravatar.com\\\/avatar\\\/4d424b63ebd2800d281b824141af3d97c1332dfdda83d70b2057085925af58a3?s=96&d=mm&r=g\",\"caption\":\"luisg15\"},\"description\":\"Medio de Comunicaci\u00f3n digital dedicado al deporte menor\",\"sameAs\":[\"https:\\\/\\\/deportesdigital.com.ve\\\/public\"],\"url\":\"https:\\\/\\\/deportesdigital.com.ve\\\/public\\\/author\\\/luisg15\\\/\"}]}<\/script>\n<!-- \/ Yoast SEO plugin. -->","yoast_head_json":{"title":"Bicicross zuliano buscaran cupo a los Juegos Deportivos Nacionales - Deportes Digital","robots":{"index":"index","follow":"follow","max-snippet":"max-snippet:-1","max-image-preview":"max-image-preview:large","max-video-preview":"max-video-preview:-1"},"canonical":"https:\/\/deportesdigital.com.ve\/public\/bicicross-zuliano-buscaran-cupo-a-los-juegos-deportivos-nacionales\/","og_locale":"es_ES","og_type":"article","og_title":"Bicicross zuliano buscaran cupo a los Juegos Deportivos Nacionales - Deportes Digital","og_description":"El equipo de futbol femenino gano en partido de ida contra Falc\u00f3n en la fase clasificatoria a los Juegos Deportivos Nacionales. Jos\u00e9 Gil Deportes Digital \/Maracaibo: Las selecciones de Bicicross [&hellip;]","og_url":"https:\/\/deportesdigital.com.ve\/public\/bicicross-zuliano-buscaran-cupo-a-los-juegos-deportivos-nacionales\/","og_site_name":"Deportes Digital","article_publisher":"https:\/\/www.facebook.com\/DeportesDigitalZulia25","article_published_time":"2024-05-16T02:17:54+00:00","og_image":[{"width":800,"height":467,"url":"https:\/\/deportesdigital.com.ve\/public\/wp-content\/uploads\/2024\/05\/bici2.jpg","type":"image\/jpeg"}],"author":"luisg15","twitter_card":"summary_large_image","twitter_creator":"@deporteszulia","twitter_site":"@deporteszulia","twitter_misc":{"Escrito por":"luisg15","Tiempo de lectura":"3 minutos"},"schema":{"@context":"https:\/\/schema.org","@graph":[{"@type":"Article","@id":"https:\/\/deportesdigital.com.ve\/public\/bicicross-zuliano-buscaran-cupo-a-los-juegos-deportivos-nacionales\/#article","isPartOf":{"@id":"https:\/\/deportesdigital.com.ve\/public\/bicicross-zuliano-buscaran-cupo-a-los-juegos-deportivos-nacionales\/"},"author":{"name":"luisg15","@id":"https:\/\/deportesdigital.com.ve\/public\/#\/schema\/person\/57d2f23f17d761b1672066d1905e88a0"},"headline":"Bicicross zuliano buscaran cupo a los Juegos Deportivos Nacionales","datePublished":"2024-05-16T02:17:54+00:00","mainEntityOfPage":{"@id":"https:\/\/deportesdigital.com.ve\/public\/bicicross-zuliano-buscaran-cupo-a-los-juegos-deportivos-nacionales\/"},"wordCount":518,"commentCount":0,"publisher":{"@id":"https:\/\/deportesdigital.com.ve\/public\/#organization"},"image":{"@id":"https:\/\/deportesdigital.com.ve\/public\/bicicross-zuliano-buscaran-cupo-a-los-juegos-deportivos-nacionales\/#primaryimage"},"thumbnailUrl":"https:\/\/deportesdigital.com.ve\/public\/wp-content\/uploads\/2024\/05\/bici2.jpg","keywords":["bicicross","clasificatorio","juegos","nacionales","Zulia"],"articleSection":["Ciclismo"],"inLanguage":"es","potentialAction":[{"@type":"CommentAction","name":"Comment","target":["https:\/\/deportesdigital.com.ve\/public\/bicicross-zuliano-buscaran-cupo-a-los-juegos-deportivos-nacionales\/#respond"]}]},{"@type":"WebPage","@id":"https:\/\/deportesdigital.com.ve\/public\/bicicross-zuliano-buscaran-cupo-a-los-juegos-deportivos-nacionales\/","url":"https:\/\/deportesdigital.com.ve\/public\/bicicross-zuliano-buscaran-cupo-a-los-juegos-deportivos-nacionales\/","name":"Bicicross zuliano buscaran cupo a los Juegos Deportivos Nacionales - Deportes Digital","isPartOf":{"@id":"https:\/\/deportesdigital.com.ve\/public\/#website"},"primaryImageOfPage":{"@id":"https:\/\/deportesdigital.com.ve\/public\/bicicross-zuliano-buscaran-cupo-a-los-juegos-deportivos-nacionales\/#primaryimage"},"image":{"@id":"https:\/\/deportesdigital.com.ve\/public\/bicicross-zuliano-buscaran-cupo-a-los-juegos-deportivos-nacionales\/#primaryimage"},"thumbnailUrl":"https:\/\/deportesdigital.com.ve\/public\/wp-content\/uploads\/2024\/05\/bici2.jpg","datePublished":"2024-05-16T02:17:54+00:00","breadcrumb":{"@id":"https:\/\/deportesdigital.com.ve\/public\/bicicross-zuliano-buscaran-cupo-a-los-juegos-deportivos-nacionales\/#breadcrumb"},"inLanguage":"es","potentialAction":[{"@type":"ReadAction","target":["https:\/\/deportesdigital.com.ve\/public\/bicicross-zuliano-buscaran-cupo-a-los-juegos-deportivos-nacionales\/"]}]},{"@type":"ImageObject","inLanguage":"es","@id":"https:\/\/deportesdigital.com.ve\/public\/bicicross-zuliano-buscaran-cupo-a-los-juegos-deportivos-nacionales\/#primaryimage","url":"https:\/\/deportesdigital.com.ve\/public\/wp-content\/uploads\/2024\/05\/bici2.jpg","contentUrl":"https:\/\/deportesdigital.com.ve\/public\/wp-content\/uploads\/2024\/05\/bici2.jpg","width":800,"height":467},{"@type":"BreadcrumbList","@id":"https:\/\/deportesdigital.com.ve\/public\/bicicross-zuliano-buscaran-cupo-a-los-juegos-deportivos-nacionales\/#breadcrumb","itemListElement":[{"@type":"ListItem","position":1,"name":"Portada","item":"https:\/\/deportesdigital.com.ve\/public\/"},{"@type":"ListItem","position":2,"name":"Bicicross zuliano buscaran cupo a los Juegos Deportivos Nacionales"}]},{"@type":"WebSite","@id":"https:\/\/deportesdigital.com.ve\/public\/#website","url":"https:\/\/deportesdigital.com.ve\/public\/","name":"Deportes Digital","description":"Solo Deportes","publisher":{"@id":"https:\/\/deportesdigital.com.ve\/public\/#organization"},"potentialAction":[{"@type":"SearchAction","target":{"@type":"EntryPoint","urlTemplate":"https:\/\/deportesdigital.com.ve\/public\/?s={search_term_string}"},"query-input":{"@type":"PropertyValueSpecification","valueRequired":true,"valueName":"search_term_string"}}],"inLanguage":"es"},{"@type":"Organization","@id":"https:\/\/deportesdigital.com.ve\/public\/#organization","name":"Deportes Digital","url":"https:\/\/deportesdigital.com.ve\/public\/","logo":{"@type":"ImageObject","inLanguage":"es","@id":"https:\/\/deportesdigital.com.ve\/public\/#\/schema\/logo\/image\/","url":"https:\/\/i0.wp.com\/deportesdigital.com.ve\/public\/wp-content\/uploads\/2023\/09\/1677066431475.png?fit=1032%2C624&ssl=1","contentUrl":"https:\/\/i0.wp.com\/deportesdigital.com.ve\/public\/wp-content\/uploads\/2023\/09\/1677066431475.png?fit=1032%2C624&ssl=1","width":1032,"height":624,"caption":"Deportes Digital"},"image":{"@id":"https:\/\/deportesdigital.com.ve\/public\/#\/schema\/logo\/image\/"},"sameAs":["https:\/\/www.facebook.com\/DeportesDigitalZulia25","https:\/\/x.com\/deporteszulia","https:\/\/www.instagram.com\/deportesdigitalzulia\/"]},{"@type":"Person","@id":"https:\/\/deportesdigital.com.ve\/public\/#\/schema\/person\/57d2f23f17d761b1672066d1905e88a0","name":"luisg15","image":{"@type":"ImageObject","inLanguage":"es","@id":"https:\/\/secure.gravatar.com\/avatar\/4d424b63ebd2800d281b824141af3d97c1332dfdda83d70b2057085925af58a3?s=96&d=mm&r=g","url":"https:\/\/secure.gravatar.com\/avatar\/4d424b63ebd2800d281b824141af3d97c1332dfdda83d70b2057085925af58a3?s=96&d=mm&r=g","contentUrl":"https:\/\/secure.gravatar.com\/avatar\/4d424b63ebd2800d281b824141af3d97c1332dfdda83d70b2057085925af58a3?s=96&d=mm&r=g","caption":"luisg15"},"description":"Medio de Comunicaci\u00f3n digital dedicado al deporte menor","sameAs":["https:\/\/deportesdigital.com.ve\/public"],"url":"https:\/\/deportesdigital.com.ve\/public\/author\/luisg15\/"}]}},"_links":{"self":[{"href":"https:\/\/deportesdigital.com.ve\/public\/wp-json\/wp\/v2\/posts\/91374","targetHints":{"allow":["GET"]}}],"collection":[{"href":"https:\/\/deportesdigital.com.ve\/public\/wp-json\/wp\/v2\/posts"}],"about":[{"href":"https:\/\/deportesdigital.com.ve\/public\/wp-json\/wp\/v2\/types\/post"}],"author":[{"embeddable":true,"href":"https:\/\/deportesdigital.com.ve\/public\/wp-json\/wp\/v2\/users\/1"}],"replies":[{"embeddable":true,"href":"https:\/\/deportesdigital.com.ve\/public\/wp-json\/wp\/v2\/comments?post=91374"}],"version-history":[{"count":1,"href":"https:\/\/deportesdigital.com.ve\/public\/wp-json\/wp\/v2\/posts\/91374\/revisions"}],"predecessor-version":[{"id":91377,"href":"https:\/\/deportesdigital.com.ve\/public\/wp-json\/wp\/v2\/posts\/91374\/revisions\/91377"}],"wp:featuredmedia":[{"embeddable":true,"href":"https:\/\/deportesdigital.com.ve\/public\/wp-json\/wp\/v2\/media\/91376"}],"wp:attachment":[{"href":"https:\/\/deportesdigital.com.ve\/public\/wp-json\/wp\/v2\/media?parent=91374"}],"wp:term":[{"taxonomy":"category","embeddable":true,"href":"https:\/\/deportesdigital.com.ve\/public\/wp-json\/wp\/v2\/categories?post=91374"},{"taxonomy":"post_tag","embeddable":true,"href":"https:\/\/deportesdigital.com.ve\/public\/wp-json\/wp\/v2\/tags?post=91374"}],"curies":[{"name":"wp","href":"https:\/\/api.w.org\/{rel}","templated":true}]}}