{"id":118949,"date":"2026-09-06T07:14:36","date_gmt":"2026-09-06T11:14:36","guid":{"rendered":"https:\/\/deportesdigital.com.ve\/public\/?p=118949"},"modified":"2026-09-06T07:14:36","modified_gmt":"2026-09-06T11:14:36","slug":"la-copa-sur-enciende-su-emocion-ajustes-tacticos-y-alta-intensidad-en-la-fase-de-grupos","status":"publish","type":"post","link":"https:\/\/deportesdigital.com.ve\/public\/la-copa-sur-enciende-su-emocion-ajustes-tacticos-y-alta-intensidad-en-la-fase-de-grupos\/","title":{"rendered":"La Copa Sur enciende su emoci\u00f3n: Ajustes t\u00e1cticos y alta intensidad en la fase de grupos"},"content":{"rendered":"<p><strong><em>El Estadio Coromoto del municipio San Francisco vibra con la segunda jornada de la Copa Sur, donde los equipos ajustan sus estrategias y buscan consolidar su pase a las semifinales y finales tras disputar una intensa fase eliminatoria en sus canchas peque\u00f1a y grande.<\/em><\/strong><\/p>\n<hr \/>\n<p><strong><em>Jos\u00e9 Gil Deportes Digital\/Maracaibo:<\/em><\/strong> La emoci\u00f3n del balompi\u00e9 menor contin\u00faa apoder\u00e1ndose del municipio San Francisco. El segundo d\u00eda de competencia de la <strong>Copa Sur<\/strong> marca el momento clave en que los distintos cuerpos t\u00e9cnicos ajustan sus estrategias tras los resultados de la jornada inaugural, buscando afinar el rendimiento f\u00edsico y t\u00e1ctico de los ni\u00f1os y j\u00f3venes en busca de la clasificaci\u00f3n.<\/p>\n<p><img loading=\"lazy\" decoding=\"async\" class=\"size-full wp-image-118967 aligncenter\" src=\"https:\/\/deportesdigital.com.ve\/public\/wp-content\/uploads\/2026\/09\/s18.jpg\" alt=\"\" width=\"800\" height=\"633\" \/><\/p>\n<p>En la intensa jornada desarrollada en el <strong>Estadio Coromoto<\/strong>, se disputaron los encuentros correspondientes a la fase eliminatoria del calendario oficial tanto en la cancha peque\u00f1a como en la cancha grande. Al tratarse de esta etapa del torneo, la exigencia f\u00edsica aument\u00f3 de forma notable debido a la continuidad de los partidos en todas las categor\u00edas, manteniendo al l\u00edmite la expectativa de los padres y entrenadores apostados en las gradas.<\/p>\n<p><img loading=\"lazy\" decoding=\"async\" class=\"alignnone size-full wp-image-118978\" src=\"https:\/\/deportesdigital.com.ve\/public\/wp-content\/uploads\/2026\/09\/s31.jpg\" alt=\"\" width=\"800\" height=\"600\" \/><\/p>\n<p>Los clubes que lograron sumar victorias en el estreno salieron al terreno con el objetivo claro de conseguir los tres puntos que los acerquen de manera directa a las instancias definitivas del campeonato, regalando jugadas de alto nivel y demostrando el gran crecimiento del f\u00fatbol base en la regi\u00f3n.<\/p>\n<p><img loading=\"lazy\" decoding=\"async\" class=\"alignnone size-full wp-image-118969\" src=\"https:\/\/deportesdigital.com.ve\/public\/wp-content\/uploads\/2026\/09\/s20.jpg\" alt=\"\" width=\"800\" height=\"635\" \/><\/p>\n<p>Destacando la actuaci\u00f3n de las jugadoras de Talentos del Sur JulietQueipo y Fabiola Morero de las categor\u00edas sub 9 y sub 12<\/p>\n<p><img loading=\"lazy\" decoding=\"async\" class=\"alignnone  wp-image-118965\" src=\"https:\/\/deportesdigital.com.ve\/public\/wp-content\/uploads\/2026\/09\/s16.jpg\" alt=\"\" width=\"353\" height=\"366\" \/> <img loading=\"lazy\" decoding=\"async\" class=\"alignnone  wp-image-118955\" src=\"https:\/\/deportesdigital.com.ve\/public\/wp-content\/uploads\/2026\/09\/s6-1.jpg\" alt=\"\" width=\"422\" height=\"280\" \/><\/p>\n<p><strong>Resultados destacados del s\u00e1bado<\/strong><\/p>\n<p><img loading=\"lazy\" decoding=\"async\" class=\"alignnone size-full wp-image-118976\" src=\"https:\/\/deportesdigital.com.ve\/public\/wp-content\/uploads\/2026\/09\/s28.jpg\" alt=\"\" width=\"800\" height=\"574\" \/><\/p>\n<ul>\n<li><strong>Cancha Peque\u00f1a:<\/strong>\n<ul>\n<li><strong>Sub-10:<\/strong> Deportivo Coromoto 1 &#8211; 0 Talentos del Sur B | Totem Academy 5 &#8211; 0 Funda Barrio | Talentos del Sur A 3 &#8211; 0 LNJ FC.<\/li>\n<\/ul>\n<\/li>\n<li><img loading=\"lazy\" decoding=\"async\" class=\"alignnone size-full wp-image-118977\" src=\"https:\/\/deportesdigital.com.ve\/public\/wp-content\/uploads\/2026\/09\/s29.jpg\" alt=\"\" width=\"800\" height=\"577\" \/>\n<ul>\n<li><strong>Sub-09:<\/strong> Fco. de Miranda 5 &#8211; 0 Talentos del Sur.<\/li>\n<li><strong>Sub-08:<\/strong> Deportivo Rayo Zuliano Azul 5 &#8211; 0 Talentos del Sur B | Deportivo Rayo Zuliano Amarillo 0 &#8211; 4 Talentos del Sur A.<\/li>\n<\/ul>\n<\/li>\n<\/ul>\n<p><img loading=\"lazy\" decoding=\"async\" class=\"wp-image-118974 aligncenter\" src=\"https:\/\/deportesdigital.com.ve\/public\/wp-content\/uploads\/2026\/09\/s25.jpg\" alt=\"\" width=\"634\" height=\"545\" \/><\/p>\n<h3>Cartelera de la Cancha Peque\u00f1a (Domingo 06\/09\/26)<\/h3>\n<p><img loading=\"lazy\" decoding=\"async\" class=\"alignnone size-full wp-image-118959\" src=\"https:\/\/deportesdigital.com.ve\/public\/wp-content\/uploads\/2026\/09\/s10-1.jpg\" alt=\"\" width=\"800\" height=\"472\" \/><\/p>\n<p data-path-to-node=\"8\">La acci\u00f3n contin\u00faa este domingo con los emocionantes duelos programados en la cancha peque\u00f1a:<\/p>\n<ul>\n<li data-path-to-node=\"9,0,0\"><strong data-path-to-node=\"9,0,0\" data-index-in-node=\"0\">Sub-08:<\/strong>\n<ul>\n<li data-path-to-node=\"9,0,1,0,0\">Talentos del Sur B vs. Deportivo Coromoto (07:45 AM)<\/li>\n<li data-path-to-node=\"9,0,1,1,0\">Kuki Sport vs. OLeary F.C (07:45 PM)<\/li>\n<\/ul>\n<\/li>\n<\/ul>\n<p><img loading=\"lazy\" decoding=\"async\" class=\"alignnone size-full wp-image-118952\" src=\"https:\/\/deportesdigital.com.ve\/public\/wp-content\/uploads\/2026\/09\/s3-1.jpg\" alt=\"\" width=\"800\" height=\"459\" \/><\/p>\n<ul>\n<li data-path-to-node=\"9,1,0\"><strong data-path-to-node=\"9,1,0\" data-index-in-node=\"0\">Sub-10:<\/strong>\n<ul>\n<li data-path-to-node=\"9,1,1,0,0\">Centro Gallego vs. Funda Barrio (08:30 AM)<\/li>\n<li data-path-to-node=\"9,1,1,1,0\">Cecilio Acosta B vs. Talentos del Sur A (03:30 PM)<\/li>\n<li data-path-to-node=\"9,1,1,2,0\">de Miranda vs. Deportivo Coromoto (04:20 PM)<\/li>\n<\/ul>\n<\/li>\n<li data-path-to-node=\"9,2,0\"><strong data-path-to-node=\"9,2,0\" data-index-in-node=\"0\">Sub-09:<\/strong>\n<ul>\n<li data-path-to-node=\"9,2,1,0,0\">Centro Gallego vs. La Champions 2017 (09:30 AM)<\/li>\n<li data-path-to-node=\"9,2,1,1,0\">Deportivo Coromoto vs. Dptvo. Rayo Zuliano A (05:30 PM)<\/li>\n<li data-path-to-node=\"9,2,1,2,0\">de Cristo Tricolor vs. Dptvo. Rayo Zuliano B (06:15 PM)<\/li>\n<li data-path-to-node=\"9,2,1,3,0\">OLEARY F.C vs. Kuki Sport (07:00 PM)<\/li>\n<\/ul>\n<\/li>\n<\/ul>\n<p>&nbsp;<\/p>\n<p><img loading=\"lazy\" decoding=\"async\" class=\"wp-image-118958 aligncenter\" src=\"https:\/\/deportesdigital.com.ve\/public\/wp-content\/uploads\/2026\/09\/s9-1.jpg\" alt=\"\" width=\"585\" height=\"670\" \/><\/p>\n<p><strong>Resultados y marcadores de la Cancha Grande<\/strong><\/p>\n<p>Los encuentros disputados en la cancha grande dejaron los siguientes marcadores oficiales en sus diferentes categor\u00edas:<\/p>\n<p><img loading=\"lazy\" decoding=\"async\" class=\" wp-image-118973 aligncenter\" src=\"https:\/\/deportesdigital.com.ve\/public\/wp-content\/uploads\/2026\/09\/s24.jpg\" alt=\"\" width=\"661\" height=\"554\" \/><\/p>\n<ul>\n<li><strong>Sub-18:<\/strong>\n<ul>\n<li>El Callao FC 3 &#8211; 0 Funda Barrio<\/li>\n<li>Dancy Bravo 4 &#8211; 1 Deportivo Coromoto<\/li>\n<\/ul>\n<\/li>\n<\/ul>\n<p><img loading=\"lazy\" decoding=\"async\" class=\"alignnone size-full wp-image-118950\" src=\"https:\/\/deportesdigital.com.ve\/public\/wp-content\/uploads\/2026\/09\/s1-1.jpg\" alt=\"\" width=\"800\" height=\"715\" \/><\/p>\n<ul>\n<li><strong>Sub-16:<\/strong>\n<ul>\n<li>Escuela Vinotinto 1 &#8211; 1 Funda Barrio<\/li>\n<li>Oleary FC 2 &#8211; 2 Deportivo Coromoto<\/li>\n<li>Rayo Zuliano 0 &#8211; 2 Udecca FC<\/li>\n<\/ul>\n<\/li>\n<li><strong>Sub-14:<\/strong>\n<ul>\n<li>Oleary FC 0 &#8211; 1 Deportivo Coromoto<\/li>\n<li>Centro Gallego 1 &#8211; 0 Dptvo. Rayo Zuliano<\/li>\n<\/ul>\n<\/li>\n<\/ul>\n<p><img loading=\"lazy\" decoding=\"async\" class=\"alignnone size-full wp-image-118953\" src=\"https:\/\/deportesdigital.com.ve\/public\/wp-content\/uploads\/2026\/09\/s4-1.jpg\" alt=\"\" width=\"800\" height=\"663\" \/><\/p>\n<ul>\n<li><strong>Sub-12:<\/strong>\n<ul>\n<li>Fco. de Miranda 2 &#8211; 2 Talentos del Sur B<\/li>\n<li>Dptvo. Rayo Zuliano A 2 &#8211; 4 G. de Cristo Amarillo<\/li>\n<li>Deportivo Coromoto 2 &#8211; 1 G. Cristo Azul<\/li>\n<\/ul>\n<\/li>\n<li><img loading=\"lazy\" decoding=\"async\" class=\"alignnone size-full wp-image-118954\" src=\"https:\/\/deportesdigital.com.ve\/public\/wp-content\/uploads\/2026\/09\/s5-1.jpg\" alt=\"\" width=\"800\" height=\"626\" \/><\/li>\n<\/ul>\n<h3>Cartelera de la Cancha Grande (Domingo)<\/h3>\n<p><img loading=\"lazy\" decoding=\"async\" class=\"alignnone size-full wp-image-118972\" src=\"https:\/\/deportesdigital.com.ve\/public\/wp-content\/uploads\/2026\/09\/s23.jpg\" alt=\"\" width=\"800\" height=\"651\" \/><\/p>\n<ul>\n<li data-path-to-node=\"8\"><strong>Sub-18:<\/strong>\n<ul>\n<li data-path-to-node=\"9,0,1,0,0\">Coromoto vs. Talentos del Sur A (07:00 AM)<\/li>\n<li data-path-to-node=\"9,0,1,1,0\">Udecca F.C vs. Talentos del Sur B (08:20 AM)<\/li>\n<li data-path-to-node=\"9,0,1,2,0\">Rayo Zuliano B vs. Centro Gallego (10:50 AM)<\/li>\n<\/ul>\n<\/li>\n<\/ul>\n<p><img loading=\"lazy\" decoding=\"async\" class=\"alignnone size-full wp-image-118975\" src=\"https:\/\/deportesdigital.com.ve\/public\/wp-content\/uploads\/2026\/09\/s27.jpg\" alt=\"\" width=\"800\" height=\"506\" \/><\/p>\n<ul>\n<li data-path-to-node=\"9,1,0\"><strong data-path-to-node=\"9,1,0\" data-index-in-node=\"0\">Sub-16:<\/strong>\n<ul>\n<li data-path-to-node=\"9,1,1,0,0\">Coromoto vs. Dptvo. Rayo Zuliano (09:40 AM)<\/li>\n<li data-path-to-node=\"9,1,1,1,0\">Escuela Vinotinto vs. Centro Gallego (12:00 PM)<\/li>\n<li data-path-to-node=\"9,1,1,2,0\">OLeary F.C vs. G. de Cristo Amarillo (01:20 PM)<\/li>\n<\/ul>\n<\/li>\n<li data-path-to-node=\"9,2,0\"><strong data-path-to-node=\"9,2,0\" data-index-in-node=\"0\">Sub-14:<\/strong>\n<ul>\n<li data-path-to-node=\"9,2,1,0,0\">OLeary F.C vs. Dptvo. Rayo Zuliano (02:30 PM)<\/li>\n<li data-path-to-node=\"9,2,1,1,0\">Coromoto vs. Centro Gallego (03:40 PM)<\/li>\n<\/ul>\n<\/li>\n<li data-path-to-node=\"9,3,0\"><strong data-path-to-node=\"9,3,0\" data-index-in-node=\"0\">Sub-12:<\/strong>\n<ul>\n<li data-path-to-node=\"9,3,1,0,0\">Cecilio Acosta vs. G. de Cristo Amarillo (04:50 PM)<\/li>\n<li data-path-to-node=\"9,3,1,1,0\">de Cristo Azul vs. Fco. de Miranda (05:50 PM)<\/li>\n<li data-path-to-node=\"9,3,1,2,0\">Talentos del Sur B vs. Dptvo. Rayo Zuliano B (07:00 PM)<\/li>\n<\/ul>\n<\/li>\n<\/ul>\n<p>Con este emocionante encuentros de la fase de grupos, la Copa Sur ratifica el extraordinario nivel competitivo del balompi\u00e9 menor en la regi\u00f3n, dejando todo servido para que la gran fanaticada y los familiares sigan apoyando con entusiasmo a los futuros talentos en sus aspiraciones hacia el t\u00edtulo.<\/p>\n<p>\ud83d\udcf2 Sigue esta y otras <strong>#Noticias<\/strong> del deporte regional ingresando a nuestras plataformas digitales en <strong>Deportes Digital<\/strong> (Instagram, Facebook, Twitter, WhatsApp y Telegram).<\/p>\n<p><img loading=\"lazy\" decoding=\"async\" class=\"alignnone size-full wp-image-118973\" src=\"https:\/\/deportesdigital.com.ve\/public\/wp-content\/uploads\/2026\/09\/s24.jpg\" alt=\"\" width=\"800\" height=\"670\" \/> <img loading=\"lazy\" decoding=\"async\" class=\"alignnone size-full wp-image-118971\" src=\"https:\/\/deportesdigital.com.ve\/public\/wp-content\/uploads\/2026\/09\/s22.jpg\" alt=\"\" width=\"800\" height=\"616\" \/> <img loading=\"lazy\" decoding=\"async\" class=\"alignnone size-full wp-image-118970\" src=\"https:\/\/deportesdigital.com.ve\/public\/wp-content\/uploads\/2026\/09\/s21.jpg\" alt=\"\" width=\"800\" height=\"670\" \/> <img loading=\"lazy\" decoding=\"async\" class=\"alignnone size-full wp-image-118968\" src=\"https:\/\/deportesdigital.com.ve\/public\/wp-content\/uploads\/2026\/09\/s19.jpg\" alt=\"\" width=\"800\" height=\"634\" \/> <img loading=\"lazy\" decoding=\"async\" class=\"alignnone size-full wp-image-118967\" src=\"https:\/\/deportesdigital.com.ve\/public\/wp-content\/uploads\/2026\/09\/s18.jpg\" alt=\"\" width=\"800\" height=\"633\" \/> <img loading=\"lazy\" decoding=\"async\" class=\"alignnone size-full wp-image-118963\" src=\"https:\/\/deportesdigital.com.ve\/public\/wp-content\/uploads\/2026\/09\/s14.jpg\" alt=\"\" width=\"800\" height=\"864\" \/> <img loading=\"lazy\" decoding=\"async\" class=\"alignnone size-full wp-image-118962\" src=\"https:\/\/deportesdigital.com.ve\/public\/wp-content\/uploads\/2026\/09\/s13.jpg\" alt=\"\" width=\"800\" height=\"649\" \/> <img loading=\"lazy\" decoding=\"async\" class=\"alignnone size-full wp-image-118961\" src=\"https:\/\/deportesdigital.com.ve\/public\/wp-content\/uploads\/2026\/09\/s12.jpg\" alt=\"\" width=\"800\" height=\"601\" \/> <img loading=\"lazy\" decoding=\"async\" class=\"alignnone size-full wp-image-118956\" src=\"https:\/\/deportesdigital.com.ve\/public\/wp-content\/uploads\/2026\/09\/s7-1.jpg\" alt=\"\" width=\"800\" height=\"586\" \/> <img loading=\"lazy\" decoding=\"async\" class=\"alignnone size-full wp-image-118954\" src=\"https:\/\/deportesdigital.com.ve\/public\/wp-content\/uploads\/2026\/09\/s5-1.jpg\" alt=\"\" width=\"800\" height=\"626\" \/> <img loading=\"lazy\" decoding=\"async\" class=\"alignnone size-full wp-image-118953\" src=\"https:\/\/deportesdigital.com.ve\/public\/wp-content\/uploads\/2026\/09\/s4-1.jpg\" alt=\"\" width=\"800\" height=\"663\" \/> <img loading=\"lazy\" decoding=\"async\" class=\"alignnone size-full wp-image-118950\" src=\"https:\/\/deportesdigital.com.ve\/public\/wp-content\/uploads\/2026\/09\/s1-1.jpg\" alt=\"\" width=\"800\" height=\"715\" \/> <img loading=\"lazy\" decoding=\"async\" class=\"alignnone size-full wp-image-118951\" src=\"https:\/\/deportesdigital.com.ve\/public\/wp-content\/uploads\/2026\/09\/s2-1.jpg\" alt=\"\" width=\"800\" height=\"741\" \/><\/p>\n","protected":false},"excerpt":{"rendered":"<p>El Estadio Coromoto del municipio San Francisco vibra con la segunda jornada de la Copa Sur, donde los equipos ajustan sus estrategias y buscan consolidar su pase a las semifinales [&hellip;]<\/p>\n","protected":false},"author":1,"featured_media":118973,"comment_status":"open","ping_status":"closed","sticky":false,"template":"","format":"standard","meta":{"footnotes":""},"categories":[3],"tags":[],"class_list":["post-118949","post","type-post","status-publish","format-standard","has-post-thumbnail","hentry","category-futbol","clearfix"],"yoast_head":"<!-- This site is optimized with the Yoast SEO plugin v27.8 - https:\/\/yoast.com\/product\/yoast-seo-wordpress\/ -->\n<title>La Copa Sur enciende su emoci\u00f3n: Ajustes t\u00e1cticos y alta intensidad en la fase de grupos - Deportes Digital<\/title>\n<meta name=\"robots\" content=\"index, follow, max-snippet:-1, max-image-preview:large, max-video-preview:-1\" \/>\n<link rel=\"canonical\" href=\"https:\/\/deportesdigital.com.ve\/public\/la-copa-sur-enciende-su-emocion-ajustes-tacticos-y-alta-intensidad-en-la-fase-de-grupos\/\" \/>\n<meta property=\"og:locale\" content=\"es_ES\" \/>\n<meta property=\"og:type\" content=\"article\" \/>\n<meta property=\"og:title\" content=\"La Copa Sur enciende su emoci\u00f3n: Ajustes t\u00e1cticos y alta intensidad en la fase de grupos - Deportes Digital\" \/>\n<meta property=\"og:description\" content=\"El Estadio Coromoto del municipio San Francisco vibra con la segunda jornada de la Copa Sur, donde los equipos ajustan sus estrategias y buscan consolidar su pase a las semifinales [&hellip;]\" \/>\n<meta property=\"og:url\" content=\"https:\/\/deportesdigital.com.ve\/public\/la-copa-sur-enciende-su-emocion-ajustes-tacticos-y-alta-intensidad-en-la-fase-de-grupos\/\" \/>\n<meta property=\"og:site_name\" content=\"Deportes Digital\" \/>\n<meta property=\"article:publisher\" content=\"https:\/\/www.facebook.com\/DeportesDigitalZulia25\" \/>\n<meta property=\"article:published_time\" content=\"2026-09-06T11:14:36+00:00\" \/>\n<meta property=\"og:image\" content=\"https:\/\/deportesdigital.com.ve\/public\/wp-content\/uploads\/2026\/09\/s24.jpg\" \/>\n\t<meta property=\"og:image:width\" content=\"800\" \/>\n\t<meta property=\"og:image:height\" content=\"670\" \/>\n\t<meta property=\"og:image:type\" content=\"image\/jpeg\" \/>\n<meta name=\"author\" content=\"luisg15\" \/>\n<meta name=\"twitter:card\" content=\"summary_large_image\" \/>\n<meta name=\"twitter:creator\" content=\"@deporteszulia\" \/>\n<meta name=\"twitter:site\" content=\"@deporteszulia\" \/>\n<meta name=\"twitter:label1\" content=\"Escrito por\" \/>\n\t<meta name=\"twitter:data1\" content=\"luisg15\" \/>\n\t<meta name=\"twitter:label2\" content=\"Tiempo de lectura\" \/>\n\t<meta name=\"twitter:data2\" content=\"10 minutos\" \/>\n<script type=\"application\/ld+json\" class=\"yoast-schema-graph\">{\"@context\":\"https:\\\/\\\/schema.org\",\"@graph\":[{\"@type\":\"Article\",\"@id\":\"https:\\\/\\\/deportesdigital.com.ve\\\/public\\\/la-copa-sur-enciende-su-emocion-ajustes-tacticos-y-alta-intensidad-en-la-fase-de-grupos\\\/#article\",\"isPartOf\":{\"@id\":\"https:\\\/\\\/deportesdigital.com.ve\\\/public\\\/la-copa-sur-enciende-su-emocion-ajustes-tacticos-y-alta-intensidad-en-la-fase-de-grupos\\\/\"},\"author\":{\"name\":\"luisg15\",\"@id\":\"https:\\\/\\\/deportesdigital.com.ve\\\/public\\\/#\\\/schema\\\/person\\\/57d2f23f17d761b1672066d1905e88a0\"},\"headline\":\"La Copa Sur enciende su emoci\u00f3n: Ajustes t\u00e1cticos y alta intensidad en la fase de grupos\",\"datePublished\":\"2026-09-06T11:14:36+00:00\",\"mainEntityOfPage\":{\"@id\":\"https:\\\/\\\/deportesdigital.com.ve\\\/public\\\/la-copa-sur-enciende-su-emocion-ajustes-tacticos-y-alta-intensidad-en-la-fase-de-grupos\\\/\"},\"wordCount\":684,\"commentCount\":0,\"publisher\":{\"@id\":\"https:\\\/\\\/deportesdigital.com.ve\\\/public\\\/#organization\"},\"image\":{\"@id\":\"https:\\\/\\\/deportesdigital.com.ve\\\/public\\\/la-copa-sur-enciende-su-emocion-ajustes-tacticos-y-alta-intensidad-en-la-fase-de-grupos\\\/#primaryimage\"},\"thumbnailUrl\":\"https:\\\/\\\/deportesdigital.com.ve\\\/public\\\/wp-content\\\/uploads\\\/2026\\\/09\\\/s24.jpg\",\"articleSection\":[\"F\u00fatbol\"],\"inLanguage\":\"es\",\"potentialAction\":[{\"@type\":\"CommentAction\",\"name\":\"Comment\",\"target\":[\"https:\\\/\\\/deportesdigital.com.ve\\\/public\\\/la-copa-sur-enciende-su-emocion-ajustes-tacticos-y-alta-intensidad-en-la-fase-de-grupos\\\/#respond\"]}]},{\"@type\":\"WebPage\",\"@id\":\"https:\\\/\\\/deportesdigital.com.ve\\\/public\\\/la-copa-sur-enciende-su-emocion-ajustes-tacticos-y-alta-intensidad-en-la-fase-de-grupos\\\/\",\"url\":\"https:\\\/\\\/deportesdigital.com.ve\\\/public\\\/la-copa-sur-enciende-su-emocion-ajustes-tacticos-y-alta-intensidad-en-la-fase-de-grupos\\\/\",\"name\":\"La Copa Sur enciende su emoci\u00f3n: Ajustes t\u00e1cticos y alta intensidad en la fase de grupos - Deportes Digital\",\"isPartOf\":{\"@id\":\"https:\\\/\\\/deportesdigital.com.ve\\\/public\\\/#website\"},\"primaryImageOfPage\":{\"@id\":\"https:\\\/\\\/deportesdigital.com.ve\\\/public\\\/la-copa-sur-enciende-su-emocion-ajustes-tacticos-y-alta-intensidad-en-la-fase-de-grupos\\\/#primaryimage\"},\"image\":{\"@id\":\"https:\\\/\\\/deportesdigital.com.ve\\\/public\\\/la-copa-sur-enciende-su-emocion-ajustes-tacticos-y-alta-intensidad-en-la-fase-de-grupos\\\/#primaryimage\"},\"thumbnailUrl\":\"https:\\\/\\\/deportesdigital.com.ve\\\/public\\\/wp-content\\\/uploads\\\/2026\\\/09\\\/s24.jpg\",\"datePublished\":\"2026-09-06T11:14:36+00:00\",\"breadcrumb\":{\"@id\":\"https:\\\/\\\/deportesdigital.com.ve\\\/public\\\/la-copa-sur-enciende-su-emocion-ajustes-tacticos-y-alta-intensidad-en-la-fase-de-grupos\\\/#breadcrumb\"},\"inLanguage\":\"es\",\"potentialAction\":[{\"@type\":\"ReadAction\",\"target\":[\"https:\\\/\\\/deportesdigital.com.ve\\\/public\\\/la-copa-sur-enciende-su-emocion-ajustes-tacticos-y-alta-intensidad-en-la-fase-de-grupos\\\/\"]}]},{\"@type\":\"ImageObject\",\"inLanguage\":\"es\",\"@id\":\"https:\\\/\\\/deportesdigital.com.ve\\\/public\\\/la-copa-sur-enciende-su-emocion-ajustes-tacticos-y-alta-intensidad-en-la-fase-de-grupos\\\/#primaryimage\",\"url\":\"https:\\\/\\\/deportesdigital.com.ve\\\/public\\\/wp-content\\\/uploads\\\/2026\\\/09\\\/s24.jpg\",\"contentUrl\":\"https:\\\/\\\/deportesdigital.com.ve\\\/public\\\/wp-content\\\/uploads\\\/2026\\\/09\\\/s24.jpg\",\"width\":800,\"height\":670},{\"@type\":\"BreadcrumbList\",\"@id\":\"https:\\\/\\\/deportesdigital.com.ve\\\/public\\\/la-copa-sur-enciende-su-emocion-ajustes-tacticos-y-alta-intensidad-en-la-fase-de-grupos\\\/#breadcrumb\",\"itemListElement\":[{\"@type\":\"ListItem\",\"position\":1,\"name\":\"Portada\",\"item\":\"https:\\\/\\\/deportesdigital.com.ve\\\/public\\\/\"},{\"@type\":\"ListItem\",\"position\":2,\"name\":\"La Copa Sur enciende su emoci\u00f3n: Ajustes t\u00e1cticos y alta intensidad en la fase de grupos\"}]},{\"@type\":\"WebSite\",\"@id\":\"https:\\\/\\\/deportesdigital.com.ve\\\/public\\\/#website\",\"url\":\"https:\\\/\\\/deportesdigital.com.ve\\\/public\\\/\",\"name\":\"Deportes Digital\",\"description\":\"Solo Deportes\",\"publisher\":{\"@id\":\"https:\\\/\\\/deportesdigital.com.ve\\\/public\\\/#organization\"},\"potentialAction\":[{\"@type\":\"SearchAction\",\"target\":{\"@type\":\"EntryPoint\",\"urlTemplate\":\"https:\\\/\\\/deportesdigital.com.ve\\\/public\\\/?s={search_term_string}\"},\"query-input\":{\"@type\":\"PropertyValueSpecification\",\"valueRequired\":true,\"valueName\":\"search_term_string\"}}],\"inLanguage\":\"es\"},{\"@type\":\"Organization\",\"@id\":\"https:\\\/\\\/deportesdigital.com.ve\\\/public\\\/#organization\",\"name\":\"Deportes Digital\",\"url\":\"https:\\\/\\\/deportesdigital.com.ve\\\/public\\\/\",\"logo\":{\"@type\":\"ImageObject\",\"inLanguage\":\"es\",\"@id\":\"https:\\\/\\\/deportesdigital.com.ve\\\/public\\\/#\\\/schema\\\/logo\\\/image\\\/\",\"url\":\"https:\\\/\\\/i0.wp.com\\\/deportesdigital.com.ve\\\/public\\\/wp-content\\\/uploads\\\/2023\\\/09\\\/1677066431475.png?fit=1032%2C624&ssl=1\",\"contentUrl\":\"https:\\\/\\\/i0.wp.com\\\/deportesdigital.com.ve\\\/public\\\/wp-content\\\/uploads\\\/2023\\\/09\\\/1677066431475.png?fit=1032%2C624&ssl=1\",\"width\":1032,\"height\":624,\"caption\":\"Deportes Digital\"},\"image\":{\"@id\":\"https:\\\/\\\/deportesdigital.com.ve\\\/public\\\/#\\\/schema\\\/logo\\\/image\\\/\"},\"sameAs\":[\"https:\\\/\\\/www.facebook.com\\\/DeportesDigitalZulia25\",\"https:\\\/\\\/x.com\\\/deporteszulia\",\"https:\\\/\\\/www.instagram.com\\\/deportesdigitalzulia\\\/\"]},{\"@type\":\"Person\",\"@id\":\"https:\\\/\\\/deportesdigital.com.ve\\\/public\\\/#\\\/schema\\\/person\\\/57d2f23f17d761b1672066d1905e88a0\",\"name\":\"luisg15\",\"image\":{\"@type\":\"ImageObject\",\"inLanguage\":\"es\",\"@id\":\"https:\\\/\\\/secure.gravatar.com\\\/avatar\\\/4d424b63ebd2800d281b824141af3d97c1332dfdda83d70b2057085925af58a3?s=96&d=mm&r=g\",\"url\":\"https:\\\/\\\/secure.gravatar.com\\\/avatar\\\/4d424b63ebd2800d281b824141af3d97c1332dfdda83d70b2057085925af58a3?s=96&d=mm&r=g\",\"contentUrl\":\"https:\\\/\\\/secure.gravatar.com\\\/avatar\\\/4d424b63ebd2800d281b824141af3d97c1332dfdda83d70b2057085925af58a3?s=96&d=mm&r=g\",\"caption\":\"luisg15\"},\"description\":\"Medio de Comunicaci\u00f3n digital dedicado al deporte menor\",\"sameAs\":[\"https:\\\/\\\/deportesdigital.com.ve\\\/public\"],\"url\":\"https:\\\/\\\/deportesdigital.com.ve\\\/public\\\/author\\\/luisg15\\\/\"}]}<\/script>\n<!-- \/ Yoast SEO plugin. -->","yoast_head_json":{"title":"La Copa Sur enciende su emoci\u00f3n: Ajustes t\u00e1cticos y alta intensidad en la fase de grupos - Deportes Digital","robots":{"index":"index","follow":"follow","max-snippet":"max-snippet:-1","max-image-preview":"max-image-preview:large","max-video-preview":"max-video-preview:-1"},"canonical":"https:\/\/deportesdigital.com.ve\/public\/la-copa-sur-enciende-su-emocion-ajustes-tacticos-y-alta-intensidad-en-la-fase-de-grupos\/","og_locale":"es_ES","og_type":"article","og_title":"La Copa Sur enciende su emoci\u00f3n: Ajustes t\u00e1cticos y alta intensidad en la fase de grupos - Deportes Digital","og_description":"El Estadio Coromoto del municipio San Francisco vibra con la segunda jornada de la Copa Sur, donde los equipos ajustan sus estrategias y buscan consolidar su pase a las semifinales [&hellip;]","og_url":"https:\/\/deportesdigital.com.ve\/public\/la-copa-sur-enciende-su-emocion-ajustes-tacticos-y-alta-intensidad-en-la-fase-de-grupos\/","og_site_name":"Deportes Digital","article_publisher":"https:\/\/www.facebook.com\/DeportesDigitalZulia25","article_published_time":"2026-09-06T11:14:36+00:00","og_image":[{"width":800,"height":670,"url":"https:\/\/deportesdigital.com.ve\/public\/wp-content\/uploads\/2026\/09\/s24.jpg","type":"image\/jpeg"}],"author":"luisg15","twitter_card":"summary_large_image","twitter_creator":"@deporteszulia","twitter_site":"@deporteszulia","twitter_misc":{"Escrito por":"luisg15","Tiempo de lectura":"10 minutos"},"schema":{"@context":"https:\/\/schema.org","@graph":[{"@type":"Article","@id":"https:\/\/deportesdigital.com.ve\/public\/la-copa-sur-enciende-su-emocion-ajustes-tacticos-y-alta-intensidad-en-la-fase-de-grupos\/#article","isPartOf":{"@id":"https:\/\/deportesdigital.com.ve\/public\/la-copa-sur-enciende-su-emocion-ajustes-tacticos-y-alta-intensidad-en-la-fase-de-grupos\/"},"author":{"name":"luisg15","@id":"https:\/\/deportesdigital.com.ve\/public\/#\/schema\/person\/57d2f23f17d761b1672066d1905e88a0"},"headline":"La Copa Sur enciende su emoci\u00f3n: Ajustes t\u00e1cticos y alta intensidad en la fase de grupos","datePublished":"2026-09-06T11:14:36+00:00","mainEntityOfPage":{"@id":"https:\/\/deportesdigital.com.ve\/public\/la-copa-sur-enciende-su-emocion-ajustes-tacticos-y-alta-intensidad-en-la-fase-de-grupos\/"},"wordCount":684,"commentCount":0,"publisher":{"@id":"https:\/\/deportesdigital.com.ve\/public\/#organization"},"image":{"@id":"https:\/\/deportesdigital.com.ve\/public\/la-copa-sur-enciende-su-emocion-ajustes-tacticos-y-alta-intensidad-en-la-fase-de-grupos\/#primaryimage"},"thumbnailUrl":"https:\/\/deportesdigital.com.ve\/public\/wp-content\/uploads\/2026\/09\/s24.jpg","articleSection":["F\u00fatbol"],"inLanguage":"es","potentialAction":[{"@type":"CommentAction","name":"Comment","target":["https:\/\/deportesdigital.com.ve\/public\/la-copa-sur-enciende-su-emocion-ajustes-tacticos-y-alta-intensidad-en-la-fase-de-grupos\/#respond"]}]},{"@type":"WebPage","@id":"https:\/\/deportesdigital.com.ve\/public\/la-copa-sur-enciende-su-emocion-ajustes-tacticos-y-alta-intensidad-en-la-fase-de-grupos\/","url":"https:\/\/deportesdigital.com.ve\/public\/la-copa-sur-enciende-su-emocion-ajustes-tacticos-y-alta-intensidad-en-la-fase-de-grupos\/","name":"La Copa Sur enciende su emoci\u00f3n: Ajustes t\u00e1cticos y alta intensidad en la fase de grupos - Deportes Digital","isPartOf":{"@id":"https:\/\/deportesdigital.com.ve\/public\/#website"},"primaryImageOfPage":{"@id":"https:\/\/deportesdigital.com.ve\/public\/la-copa-sur-enciende-su-emocion-ajustes-tacticos-y-alta-intensidad-en-la-fase-de-grupos\/#primaryimage"},"image":{"@id":"https:\/\/deportesdigital.com.ve\/public\/la-copa-sur-enciende-su-emocion-ajustes-tacticos-y-alta-intensidad-en-la-fase-de-grupos\/#primaryimage"},"thumbnailUrl":"https:\/\/deportesdigital.com.ve\/public\/wp-content\/uploads\/2026\/09\/s24.jpg","datePublished":"2026-09-06T11:14:36+00:00","breadcrumb":{"@id":"https:\/\/deportesdigital.com.ve\/public\/la-copa-sur-enciende-su-emocion-ajustes-tacticos-y-alta-intensidad-en-la-fase-de-grupos\/#breadcrumb"},"inLanguage":"es","potentialAction":[{"@type":"ReadAction","target":["https:\/\/deportesdigital.com.ve\/public\/la-copa-sur-enciende-su-emocion-ajustes-tacticos-y-alta-intensidad-en-la-fase-de-grupos\/"]}]},{"@type":"ImageObject","inLanguage":"es","@id":"https:\/\/deportesdigital.com.ve\/public\/la-copa-sur-enciende-su-emocion-ajustes-tacticos-y-alta-intensidad-en-la-fase-de-grupos\/#primaryimage","url":"https:\/\/deportesdigital.com.ve\/public\/wp-content\/uploads\/2026\/09\/s24.jpg","contentUrl":"https:\/\/deportesdigital.com.ve\/public\/wp-content\/uploads\/2026\/09\/s24.jpg","width":800,"height":670},{"@type":"BreadcrumbList","@id":"https:\/\/deportesdigital.com.ve\/public\/la-copa-sur-enciende-su-emocion-ajustes-tacticos-y-alta-intensidad-en-la-fase-de-grupos\/#breadcrumb","itemListElement":[{"@type":"ListItem","position":1,"name":"Portada","item":"https:\/\/deportesdigital.com.ve\/public\/"},{"@type":"ListItem","position":2,"name":"La Copa Sur enciende su emoci\u00f3n: Ajustes t\u00e1cticos y alta intensidad en la fase de grupos"}]},{"@type":"WebSite","@id":"https:\/\/deportesdigital.com.ve\/public\/#website","url":"https:\/\/deportesdigital.com.ve\/public\/","name":"Deportes Digital","description":"Solo Deportes","publisher":{"@id":"https:\/\/deportesdigital.com.ve\/public\/#organization"},"potentialAction":[{"@type":"SearchAction","target":{"@type":"EntryPoint","urlTemplate":"https:\/\/deportesdigital.com.ve\/public\/?s={search_term_string}"},"query-input":{"@type":"PropertyValueSpecification","valueRequired":true,"valueName":"search_term_string"}}],"inLanguage":"es"},{"@type":"Organization","@id":"https:\/\/deportesdigital.com.ve\/public\/#organization","name":"Deportes Digital","url":"https:\/\/deportesdigital.com.ve\/public\/","logo":{"@type":"ImageObject","inLanguage":"es","@id":"https:\/\/deportesdigital.com.ve\/public\/#\/schema\/logo\/image\/","url":"https:\/\/i0.wp.com\/deportesdigital.com.ve\/public\/wp-content\/uploads\/2023\/09\/1677066431475.png?fit=1032%2C624&ssl=1","contentUrl":"https:\/\/i0.wp.com\/deportesdigital.com.ve\/public\/wp-content\/uploads\/2023\/09\/1677066431475.png?fit=1032%2C624&ssl=1","width":1032,"height":624,"caption":"Deportes Digital"},"image":{"@id":"https:\/\/deportesdigital.com.ve\/public\/#\/schema\/logo\/image\/"},"sameAs":["https:\/\/www.facebook.com\/DeportesDigitalZulia25","https:\/\/x.com\/deporteszulia","https:\/\/www.instagram.com\/deportesdigitalzulia\/"]},{"@type":"Person","@id":"https:\/\/deportesdigital.com.ve\/public\/#\/schema\/person\/57d2f23f17d761b1672066d1905e88a0","name":"luisg15","image":{"@type":"ImageObject","inLanguage":"es","@id":"https:\/\/secure.gravatar.com\/avatar\/4d424b63ebd2800d281b824141af3d97c1332dfdda83d70b2057085925af58a3?s=96&d=mm&r=g","url":"https:\/\/secure.gravatar.com\/avatar\/4d424b63ebd2800d281b824141af3d97c1332dfdda83d70b2057085925af58a3?s=96&d=mm&r=g","contentUrl":"https:\/\/secure.gravatar.com\/avatar\/4d424b63ebd2800d281b824141af3d97c1332dfdda83d70b2057085925af58a3?s=96&d=mm&r=g","caption":"luisg15"},"description":"Medio de Comunicaci\u00f3n digital dedicado al deporte menor","sameAs":["https:\/\/deportesdigital.com.ve\/public"],"url":"https:\/\/deportesdigital.com.ve\/public\/author\/luisg15\/"}]}},"_links":{"self":[{"href":"https:\/\/deportesdigital.com.ve\/public\/wp-json\/wp\/v2\/posts\/118949","targetHints":{"allow":["GET"]}}],"collection":[{"href":"https:\/\/deportesdigital.com.ve\/public\/wp-json\/wp\/v2\/posts"}],"about":[{"href":"https:\/\/deportesdigital.com.ve\/public\/wp-json\/wp\/v2\/types\/post"}],"author":[{"embeddable":true,"href":"https:\/\/deportesdigital.com.ve\/public\/wp-json\/wp\/v2\/users\/1"}],"replies":[{"embeddable":true,"href":"https:\/\/deportesdigital.com.ve\/public\/wp-json\/wp\/v2\/comments?post=118949"}],"version-history":[{"count":1,"href":"https:\/\/deportesdigital.com.ve\/public\/wp-json\/wp\/v2\/posts\/118949\/revisions"}],"predecessor-version":[{"id":118980,"href":"https:\/\/deportesdigital.com.ve\/public\/wp-json\/wp\/v2\/posts\/118949\/revisions\/118980"}],"wp:featuredmedia":[{"embeddable":true,"href":"https:\/\/deportesdigital.com.ve\/public\/wp-json\/wp\/v2\/media\/118973"}],"wp:attachment":[{"href":"https:\/\/deportesdigital.com.ve\/public\/wp-json\/wp\/v2\/media?parent=118949"}],"wp:term":[{"taxonomy":"category","embeddable":true,"href":"https:\/\/deportesdigital.com.ve\/public\/wp-json\/wp\/v2\/categories?post=118949"},{"taxonomy":"post_tag","embeddable":true,"href":"https:\/\/deportesdigital.com.ve\/public\/wp-json\/wp\/v2\/tags?post=118949"}],"curies":[{"name":"wp","href":"https:\/\/api.w.org\/{rel}","templated":true}]}}