{"id":118914,"date":"2026-09-06T02:04:05","date_gmt":"2026-09-06T06:04:05","guid":{"rendered":"https:\/\/deportesdigital.com.ve\/public\/?p=118914"},"modified":"2026-09-06T02:04:05","modified_gmt":"2026-09-06T06:04:05","slug":"seleccionado-nacional-de-baloncesto-3x3-para-sordos-conquista-bronce-mundial","status":"publish","type":"post","link":"https:\/\/deportesdigital.com.ve\/public\/seleccionado-nacional-de-baloncesto-3x3-para-sordos-conquista-bronce-mundial\/","title":{"rendered":"Seleccionado nacional de baloncesto 3&#215;3 para sordos conquista bronce mundial"},"content":{"rendered":"<p><strong><em>El capit\u00e1n del seleccionado nacional FelixPerdomo recibi\u00f3 el reconocimiento como el tercer jugador m\u00e1s destacado de la Copa de baloncesto 3&#215;3 para sordos.<\/em><\/strong><\/p>\n<hr \/>\n<p><strong><em>Prensa Mindeporte:<\/em><\/strong> El seleccionado nacional de baloncesto 3&#215;3 para sordos conquist\u00f3 este s\u00e1bado la medalla de bronce de la Copa Mundial de la disciplina que se disput\u00f3 en Zlatibor, Serbia, luego de superar 16-15 a Polonia en un emocionante duelo por el tercer lugar que se decidi\u00f3 en los \u00faltimos segundos.<\/p>\n<p>El capit\u00e1n F\u00e9lix Perdomo, junto a Brayan Catar\u00ed, Jhonny Jim\u00e9nez y Rodrigo R\u00edos, protagoniz\u00f3 una batalla de principio a fin frente al combinado polaco, integrado por Jakub Wudarczyk, Maciej Gawrys, Mateusz Kaczmarek y Pawel Wisniewski.<\/p>\n<p>Desde el salto inicial, Venezuela dej\u00f3 claro que estaba dispuesta a pelear por el podio, cuando Catari abri\u00f3 la cuenta criolla, mientras Perdomo tambi\u00e9n aportaba para mantener a la selecci\u00f3n en carrera.<\/p>\n<p>Sin embargo, Polonia respondi\u00f3 r\u00e1pidamente y encontr\u00f3 en los lanzamientos de larga distancia una de sus principales armas ofensivas.<\/p>\n<p><strong>Intensidad f\u00edsica<\/strong><\/p>\n<p>El encuentro se convirti\u00f3 en un aut\u00e9ntico intercambio de choques fuertes, mientras en el conjunto venezolano se repartieron la responsabilidad ofensiva, los europeos aprovechaban su efectividad desde el per\u00edmetro para mantenerse pegados en el marcador.<\/p>\n<p>La paridad se mantuvo durante la segunda mitad, con el marcador igualado 9-9, en un tramo del partido marcado por la intensidad f\u00edsica, que se reflejaba en las faltas, con un 6-6 que evidenciaba la batalla que se libraba en cada posesi\u00f3n.<\/p>\n<p>Venezuela logr\u00f3 tomar nuevamente la delantera y, con tres minutos por jugar, ganaba 11-9, a la vez que se reuni\u00f3 para ajustar su estrategia y buscar la manera de contener a una Polonia que, aprovechando su mayor estatura, intentaba hacer da\u00f1o con sus lanzamientos de dos puntos.<\/p>\n<p>Perdomo apareci\u00f3 en un momento clave para colocar el 12-10, mientras Polonia desperdiciaba dos tiros libres para que Venezuela resist\u00eda y comenzaba a acariciar la posibilidad de subir al podio mundial.<\/p>\n<p><strong>M\u00e1xima tensi\u00f3n<\/strong><\/p>\n<p>Con 1:30 por disputar, el marcador continuaba favoreciendo a los criollos por dos unidades, nuevamente, Polonia tuvo desde la l\u00ednea de tiros libres la posibilidad de acercarse, pero volvi\u00f3 a fallar sus dos oportunidades, d\u00e1ndole a los criollos un valioso respiro para afrontar el tramo definitivo.<\/p>\n<p>La tensi\u00f3n aument\u00f3 todav\u00eda m\u00e1s cuando Perdomo llev\u00f3 la cuenta venezolana hasta 15 puntos, y Polonia respondi\u00f3 inmediatamente con un lanzamiento de dos unidades para colocarse 15-14, dejando el desenlace abierto.<\/p>\n<p>Con apenas 19 segundos en el reloj, Jim\u00e9nez recibi\u00f3 una falta que le otorg\u00f3 dos tiros libres y puso el partido 16-14.<\/p>\n<p><strong>Doble anulado<\/strong><\/p>\n<p>Con ocho segundos restantes, los europeos tomaron la posesi\u00f3n con el lanzamiento de larga distancia parece que Polonia hab\u00eda conseguido un doble que igualaba las acciones.<\/p>\n<p>La incertidumbre se apoder\u00f3 de la cancha, hasta que se determin\u00f3 que el jugador polaco se encontraba delante de la l\u00ednea reglamentaria al momento del lanzamiento. Por ello, la cesta fue contabilizada como un punto, cerrando el marcador con 16-15 a favor de Venezuela.<\/p>\n<p><strong>Perdomo sobresali\u00f3<\/strong><\/p>\n<p>El capit\u00e1n de la selecci\u00f3n Perdomo, recibi\u00f3 el reconocimiento como el tercer jugador m\u00e1s destacado de la Copa Mundial, un premio que llega como recompensa a su extraordinario desempe\u00f1o despu\u00e9s de haber sido elegido figura del partido en cada uno de los encuentros disputados por Venezuela.<\/p>\n<p>Por lo tanto, en su primera participaci\u00f3n en una Copa Mundial de baloncesto 3&#215;3 para sordos, el conjunto nacional consigui\u00f3 un la de bronce, luego de superar un partido de m\u00e1xima exigencia f\u00edsica y emocional y mantenerse firme hasta la \u00faltima posesi\u00f3n.<\/p>\n<p><strong>Anakarina Pereira \/ Prensa Mindeporte<\/strong><\/p>\n<p><strong><em>Sigue esta y otras #Noticias ingresando a nuestras plataformas digitales Deportes Digital, en Instagram, Facebook, Twitter, y en nuestros grupos de Whatsapp y Telegram.<\/em><\/strong><\/p>\n<p>&nbsp;<\/p>\n","protected":false},"excerpt":{"rendered":"<p>El capit\u00e1n del seleccionado nacional FelixPerdomo recibi\u00f3 el reconocimiento como el tercer jugador m\u00e1s destacado de la Copa de baloncesto 3&#215;3 para sordos. Prensa Mindeporte: El seleccionado nacional de baloncesto [&hellip;]<\/p>\n","protected":false},"author":1,"featured_media":118915,"comment_status":"open","ping_status":"closed","sticky":false,"template":"","format":"standard","meta":{"footnotes":""},"categories":[4],"tags":[],"class_list":["post-118914","post","type-post","status-publish","format-standard","has-post-thumbnail","hentry","category-baloncesto","clearfix"],"yoast_head":"<!-- This site is optimized with the Yoast SEO plugin v27.8 - https:\/\/yoast.com\/product\/yoast-seo-wordpress\/ -->\n<title>Seleccionado nacional de baloncesto 3x3 para sordos conquista bronce mundial - Deportes Digital<\/title>\n<meta name=\"robots\" content=\"index, follow, max-snippet:-1, max-image-preview:large, max-video-preview:-1\" \/>\n<link rel=\"canonical\" href=\"https:\/\/deportesdigital.com.ve\/public\/seleccionado-nacional-de-baloncesto-3x3-para-sordos-conquista-bronce-mundial\/\" \/>\n<meta property=\"og:locale\" content=\"es_ES\" \/>\n<meta property=\"og:type\" content=\"article\" \/>\n<meta property=\"og:title\" content=\"Seleccionado nacional de baloncesto 3x3 para sordos conquista bronce mundial - Deportes Digital\" \/>\n<meta property=\"og:description\" content=\"El capit\u00e1n del seleccionado nacional FelixPerdomo recibi\u00f3 el reconocimiento como el tercer jugador m\u00e1s destacado de la Copa de baloncesto 3&#215;3 para sordos. Prensa Mindeporte: El seleccionado nacional de baloncesto [&hellip;]\" \/>\n<meta property=\"og:url\" content=\"https:\/\/deportesdigital.com.ve\/public\/seleccionado-nacional-de-baloncesto-3x3-para-sordos-conquista-bronce-mundial\/\" \/>\n<meta property=\"og:site_name\" content=\"Deportes Digital\" \/>\n<meta property=\"article:publisher\" content=\"https:\/\/www.facebook.com\/DeportesDigitalZulia25\" \/>\n<meta property=\"article:published_time\" content=\"2026-09-06T06:04:05+00:00\" \/>\n<meta property=\"og:image\" content=\"https:\/\/deportesdigital.com.ve\/public\/wp-content\/uploads\/2026\/09\/01M1SJCKNX4J9CMV2G50PRT2CQ.jpg\" \/>\n\t<meta property=\"og:image:width\" content=\"1024\" \/>\n\t<meta property=\"og:image:height\" content=\"768\" \/>\n\t<meta property=\"og:image:type\" content=\"image\/jpeg\" \/>\n<meta name=\"author\" content=\"luisg15\" \/>\n<meta name=\"twitter:card\" content=\"summary_large_image\" \/>\n<meta name=\"twitter:creator\" content=\"@deporteszulia\" \/>\n<meta name=\"twitter:site\" content=\"@deporteszulia\" \/>\n<meta name=\"twitter:label1\" content=\"Escrito por\" \/>\n\t<meta name=\"twitter:data1\" content=\"luisg15\" \/>\n\t<meta name=\"twitter:label2\" content=\"Tiempo de lectura\" \/>\n\t<meta name=\"twitter:data2\" content=\"3 minutos\" \/>\n<script type=\"application\/ld+json\" class=\"yoast-schema-graph\">{\"@context\":\"https:\\\/\\\/schema.org\",\"@graph\":[{\"@type\":\"Article\",\"@id\":\"https:\\\/\\\/deportesdigital.com.ve\\\/public\\\/seleccionado-nacional-de-baloncesto-3x3-para-sordos-conquista-bronce-mundial\\\/#article\",\"isPartOf\":{\"@id\":\"https:\\\/\\\/deportesdigital.com.ve\\\/public\\\/seleccionado-nacional-de-baloncesto-3x3-para-sordos-conquista-bronce-mundial\\\/\"},\"author\":{\"name\":\"luisg15\",\"@id\":\"https:\\\/\\\/deportesdigital.com.ve\\\/public\\\/#\\\/schema\\\/person\\\/57d2f23f17d761b1672066d1905e88a0\"},\"headline\":\"Seleccionado nacional de baloncesto 3&#215;3 para sordos conquista bronce mundial\",\"datePublished\":\"2026-09-06T06:04:05+00:00\",\"mainEntityOfPage\":{\"@id\":\"https:\\\/\\\/deportesdigital.com.ve\\\/public\\\/seleccionado-nacional-de-baloncesto-3x3-para-sordos-conquista-bronce-mundial\\\/\"},\"wordCount\":653,\"commentCount\":0,\"publisher\":{\"@id\":\"https:\\\/\\\/deportesdigital.com.ve\\\/public\\\/#organization\"},\"image\":{\"@id\":\"https:\\\/\\\/deportesdigital.com.ve\\\/public\\\/seleccionado-nacional-de-baloncesto-3x3-para-sordos-conquista-bronce-mundial\\\/#primaryimage\"},\"thumbnailUrl\":\"https:\\\/\\\/deportesdigital.com.ve\\\/public\\\/wp-content\\\/uploads\\\/2026\\\/09\\\/01M1SJCKNX4J9CMV2G50PRT2CQ.jpg\",\"articleSection\":[\"Baloncesto\"],\"inLanguage\":\"es\",\"potentialAction\":[{\"@type\":\"CommentAction\",\"name\":\"Comment\",\"target\":[\"https:\\\/\\\/deportesdigital.com.ve\\\/public\\\/seleccionado-nacional-de-baloncesto-3x3-para-sordos-conquista-bronce-mundial\\\/#respond\"]}]},{\"@type\":\"WebPage\",\"@id\":\"https:\\\/\\\/deportesdigital.com.ve\\\/public\\\/seleccionado-nacional-de-baloncesto-3x3-para-sordos-conquista-bronce-mundial\\\/\",\"url\":\"https:\\\/\\\/deportesdigital.com.ve\\\/public\\\/seleccionado-nacional-de-baloncesto-3x3-para-sordos-conquista-bronce-mundial\\\/\",\"name\":\"Seleccionado nacional de baloncesto 3x3 para sordos conquista bronce mundial - Deportes Digital\",\"isPartOf\":{\"@id\":\"https:\\\/\\\/deportesdigital.com.ve\\\/public\\\/#website\"},\"primaryImageOfPage\":{\"@id\":\"https:\\\/\\\/deportesdigital.com.ve\\\/public\\\/seleccionado-nacional-de-baloncesto-3x3-para-sordos-conquista-bronce-mundial\\\/#primaryimage\"},\"image\":{\"@id\":\"https:\\\/\\\/deportesdigital.com.ve\\\/public\\\/seleccionado-nacional-de-baloncesto-3x3-para-sordos-conquista-bronce-mundial\\\/#primaryimage\"},\"thumbnailUrl\":\"https:\\\/\\\/deportesdigital.com.ve\\\/public\\\/wp-content\\\/uploads\\\/2026\\\/09\\\/01M1SJCKNX4J9CMV2G50PRT2CQ.jpg\",\"datePublished\":\"2026-09-06T06:04:05+00:00\",\"breadcrumb\":{\"@id\":\"https:\\\/\\\/deportesdigital.com.ve\\\/public\\\/seleccionado-nacional-de-baloncesto-3x3-para-sordos-conquista-bronce-mundial\\\/#breadcrumb\"},\"inLanguage\":\"es\",\"potentialAction\":[{\"@type\":\"ReadAction\",\"target\":[\"https:\\\/\\\/deportesdigital.com.ve\\\/public\\\/seleccionado-nacional-de-baloncesto-3x3-para-sordos-conquista-bronce-mundial\\\/\"]}]},{\"@type\":\"ImageObject\",\"inLanguage\":\"es\",\"@id\":\"https:\\\/\\\/deportesdigital.com.ve\\\/public\\\/seleccionado-nacional-de-baloncesto-3x3-para-sordos-conquista-bronce-mundial\\\/#primaryimage\",\"url\":\"https:\\\/\\\/deportesdigital.com.ve\\\/public\\\/wp-content\\\/uploads\\\/2026\\\/09\\\/01M1SJCKNX4J9CMV2G50PRT2CQ.jpg\",\"contentUrl\":\"https:\\\/\\\/deportesdigital.com.ve\\\/public\\\/wp-content\\\/uploads\\\/2026\\\/09\\\/01M1SJCKNX4J9CMV2G50PRT2CQ.jpg\",\"width\":1024,\"height\":768},{\"@type\":\"BreadcrumbList\",\"@id\":\"https:\\\/\\\/deportesdigital.com.ve\\\/public\\\/seleccionado-nacional-de-baloncesto-3x3-para-sordos-conquista-bronce-mundial\\\/#breadcrumb\",\"itemListElement\":[{\"@type\":\"ListItem\",\"position\":1,\"name\":\"Portada\",\"item\":\"https:\\\/\\\/deportesdigital.com.ve\\\/public\\\/\"},{\"@type\":\"ListItem\",\"position\":2,\"name\":\"Seleccionado nacional de baloncesto 3&#215;3 para sordos conquista bronce mundial\"}]},{\"@type\":\"WebSite\",\"@id\":\"https:\\\/\\\/deportesdigital.com.ve\\\/public\\\/#website\",\"url\":\"https:\\\/\\\/deportesdigital.com.ve\\\/public\\\/\",\"name\":\"Deportes Digital\",\"description\":\"Solo Deportes\",\"publisher\":{\"@id\":\"https:\\\/\\\/deportesdigital.com.ve\\\/public\\\/#organization\"},\"potentialAction\":[{\"@type\":\"SearchAction\",\"target\":{\"@type\":\"EntryPoint\",\"urlTemplate\":\"https:\\\/\\\/deportesdigital.com.ve\\\/public\\\/?s={search_term_string}\"},\"query-input\":{\"@type\":\"PropertyValueSpecification\",\"valueRequired\":true,\"valueName\":\"search_term_string\"}}],\"inLanguage\":\"es\"},{\"@type\":\"Organization\",\"@id\":\"https:\\\/\\\/deportesdigital.com.ve\\\/public\\\/#organization\",\"name\":\"Deportes Digital\",\"url\":\"https:\\\/\\\/deportesdigital.com.ve\\\/public\\\/\",\"logo\":{\"@type\":\"ImageObject\",\"inLanguage\":\"es\",\"@id\":\"https:\\\/\\\/deportesdigital.com.ve\\\/public\\\/#\\\/schema\\\/logo\\\/image\\\/\",\"url\":\"https:\\\/\\\/i0.wp.com\\\/deportesdigital.com.ve\\\/public\\\/wp-content\\\/uploads\\\/2023\\\/09\\\/1677066431475.png?fit=1032%2C624&ssl=1\",\"contentUrl\":\"https:\\\/\\\/i0.wp.com\\\/deportesdigital.com.ve\\\/public\\\/wp-content\\\/uploads\\\/2023\\\/09\\\/1677066431475.png?fit=1032%2C624&ssl=1\",\"width\":1032,\"height\":624,\"caption\":\"Deportes Digital\"},\"image\":{\"@id\":\"https:\\\/\\\/deportesdigital.com.ve\\\/public\\\/#\\\/schema\\\/logo\\\/image\\\/\"},\"sameAs\":[\"https:\\\/\\\/www.facebook.com\\\/DeportesDigitalZulia25\",\"https:\\\/\\\/x.com\\\/deporteszulia\",\"https:\\\/\\\/www.instagram.com\\\/deportesdigitalzulia\\\/\"]},{\"@type\":\"Person\",\"@id\":\"https:\\\/\\\/deportesdigital.com.ve\\\/public\\\/#\\\/schema\\\/person\\\/57d2f23f17d761b1672066d1905e88a0\",\"name\":\"luisg15\",\"image\":{\"@type\":\"ImageObject\",\"inLanguage\":\"es\",\"@id\":\"https:\\\/\\\/secure.gravatar.com\\\/avatar\\\/4d424b63ebd2800d281b824141af3d97c1332dfdda83d70b2057085925af58a3?s=96&d=mm&r=g\",\"url\":\"https:\\\/\\\/secure.gravatar.com\\\/avatar\\\/4d424b63ebd2800d281b824141af3d97c1332dfdda83d70b2057085925af58a3?s=96&d=mm&r=g\",\"contentUrl\":\"https:\\\/\\\/secure.gravatar.com\\\/avatar\\\/4d424b63ebd2800d281b824141af3d97c1332dfdda83d70b2057085925af58a3?s=96&d=mm&r=g\",\"caption\":\"luisg15\"},\"description\":\"Medio de Comunicaci\u00f3n digital dedicado al deporte menor\",\"sameAs\":[\"https:\\\/\\\/deportesdigital.com.ve\\\/public\"],\"url\":\"https:\\\/\\\/deportesdigital.com.ve\\\/public\\\/author\\\/luisg15\\\/\"}]}<\/script>\n<!-- \/ Yoast SEO plugin. -->","yoast_head_json":{"title":"Seleccionado nacional de baloncesto 3x3 para sordos conquista bronce mundial - Deportes Digital","robots":{"index":"index","follow":"follow","max-snippet":"max-snippet:-1","max-image-preview":"max-image-preview:large","max-video-preview":"max-video-preview:-1"},"canonical":"https:\/\/deportesdigital.com.ve\/public\/seleccionado-nacional-de-baloncesto-3x3-para-sordos-conquista-bronce-mundial\/","og_locale":"es_ES","og_type":"article","og_title":"Seleccionado nacional de baloncesto 3x3 para sordos conquista bronce mundial - Deportes Digital","og_description":"El capit\u00e1n del seleccionado nacional FelixPerdomo recibi\u00f3 el reconocimiento como el tercer jugador m\u00e1s destacado de la Copa de baloncesto 3&#215;3 para sordos. Prensa Mindeporte: El seleccionado nacional de baloncesto [&hellip;]","og_url":"https:\/\/deportesdigital.com.ve\/public\/seleccionado-nacional-de-baloncesto-3x3-para-sordos-conquista-bronce-mundial\/","og_site_name":"Deportes Digital","article_publisher":"https:\/\/www.facebook.com\/DeportesDigitalZulia25","article_published_time":"2026-09-06T06:04:05+00:00","og_image":[{"width":1024,"height":768,"url":"https:\/\/deportesdigital.com.ve\/public\/wp-content\/uploads\/2026\/09\/01M1SJCKNX4J9CMV2G50PRT2CQ.jpg","type":"image\/jpeg"}],"author":"luisg15","twitter_card":"summary_large_image","twitter_creator":"@deporteszulia","twitter_site":"@deporteszulia","twitter_misc":{"Escrito por":"luisg15","Tiempo de lectura":"3 minutos"},"schema":{"@context":"https:\/\/schema.org","@graph":[{"@type":"Article","@id":"https:\/\/deportesdigital.com.ve\/public\/seleccionado-nacional-de-baloncesto-3x3-para-sordos-conquista-bronce-mundial\/#article","isPartOf":{"@id":"https:\/\/deportesdigital.com.ve\/public\/seleccionado-nacional-de-baloncesto-3x3-para-sordos-conquista-bronce-mundial\/"},"author":{"name":"luisg15","@id":"https:\/\/deportesdigital.com.ve\/public\/#\/schema\/person\/57d2f23f17d761b1672066d1905e88a0"},"headline":"Seleccionado nacional de baloncesto 3&#215;3 para sordos conquista bronce mundial","datePublished":"2026-09-06T06:04:05+00:00","mainEntityOfPage":{"@id":"https:\/\/deportesdigital.com.ve\/public\/seleccionado-nacional-de-baloncesto-3x3-para-sordos-conquista-bronce-mundial\/"},"wordCount":653,"commentCount":0,"publisher":{"@id":"https:\/\/deportesdigital.com.ve\/public\/#organization"},"image":{"@id":"https:\/\/deportesdigital.com.ve\/public\/seleccionado-nacional-de-baloncesto-3x3-para-sordos-conquista-bronce-mundial\/#primaryimage"},"thumbnailUrl":"https:\/\/deportesdigital.com.ve\/public\/wp-content\/uploads\/2026\/09\/01M1SJCKNX4J9CMV2G50PRT2CQ.jpg","articleSection":["Baloncesto"],"inLanguage":"es","potentialAction":[{"@type":"CommentAction","name":"Comment","target":["https:\/\/deportesdigital.com.ve\/public\/seleccionado-nacional-de-baloncesto-3x3-para-sordos-conquista-bronce-mundial\/#respond"]}]},{"@type":"WebPage","@id":"https:\/\/deportesdigital.com.ve\/public\/seleccionado-nacional-de-baloncesto-3x3-para-sordos-conquista-bronce-mundial\/","url":"https:\/\/deportesdigital.com.ve\/public\/seleccionado-nacional-de-baloncesto-3x3-para-sordos-conquista-bronce-mundial\/","name":"Seleccionado nacional de baloncesto 3x3 para sordos conquista bronce mundial - Deportes Digital","isPartOf":{"@id":"https:\/\/deportesdigital.com.ve\/public\/#website"},"primaryImageOfPage":{"@id":"https:\/\/deportesdigital.com.ve\/public\/seleccionado-nacional-de-baloncesto-3x3-para-sordos-conquista-bronce-mundial\/#primaryimage"},"image":{"@id":"https:\/\/deportesdigital.com.ve\/public\/seleccionado-nacional-de-baloncesto-3x3-para-sordos-conquista-bronce-mundial\/#primaryimage"},"thumbnailUrl":"https:\/\/deportesdigital.com.ve\/public\/wp-content\/uploads\/2026\/09\/01M1SJCKNX4J9CMV2G50PRT2CQ.jpg","datePublished":"2026-09-06T06:04:05+00:00","breadcrumb":{"@id":"https:\/\/deportesdigital.com.ve\/public\/seleccionado-nacional-de-baloncesto-3x3-para-sordos-conquista-bronce-mundial\/#breadcrumb"},"inLanguage":"es","potentialAction":[{"@type":"ReadAction","target":["https:\/\/deportesdigital.com.ve\/public\/seleccionado-nacional-de-baloncesto-3x3-para-sordos-conquista-bronce-mundial\/"]}]},{"@type":"ImageObject","inLanguage":"es","@id":"https:\/\/deportesdigital.com.ve\/public\/seleccionado-nacional-de-baloncesto-3x3-para-sordos-conquista-bronce-mundial\/#primaryimage","url":"https:\/\/deportesdigital.com.ve\/public\/wp-content\/uploads\/2026\/09\/01M1SJCKNX4J9CMV2G50PRT2CQ.jpg","contentUrl":"https:\/\/deportesdigital.com.ve\/public\/wp-content\/uploads\/2026\/09\/01M1SJCKNX4J9CMV2G50PRT2CQ.jpg","width":1024,"height":768},{"@type":"BreadcrumbList","@id":"https:\/\/deportesdigital.com.ve\/public\/seleccionado-nacional-de-baloncesto-3x3-para-sordos-conquista-bronce-mundial\/#breadcrumb","itemListElement":[{"@type":"ListItem","position":1,"name":"Portada","item":"https:\/\/deportesdigital.com.ve\/public\/"},{"@type":"ListItem","position":2,"name":"Seleccionado nacional de baloncesto 3&#215;3 para sordos conquista bronce mundial"}]},{"@type":"WebSite","@id":"https:\/\/deportesdigital.com.ve\/public\/#website","url":"https:\/\/deportesdigital.com.ve\/public\/","name":"Deportes Digital","description":"Solo Deportes","publisher":{"@id":"https:\/\/deportesdigital.com.ve\/public\/#organization"},"potentialAction":[{"@type":"SearchAction","target":{"@type":"EntryPoint","urlTemplate":"https:\/\/deportesdigital.com.ve\/public\/?s={search_term_string}"},"query-input":{"@type":"PropertyValueSpecification","valueRequired":true,"valueName":"search_term_string"}}],"inLanguage":"es"},{"@type":"Organization","@id":"https:\/\/deportesdigital.com.ve\/public\/#organization","name":"Deportes Digital","url":"https:\/\/deportesdigital.com.ve\/public\/","logo":{"@type":"ImageObject","inLanguage":"es","@id":"https:\/\/deportesdigital.com.ve\/public\/#\/schema\/logo\/image\/","url":"https:\/\/i0.wp.com\/deportesdigital.com.ve\/public\/wp-content\/uploads\/2023\/09\/1677066431475.png?fit=1032%2C624&ssl=1","contentUrl":"https:\/\/i0.wp.com\/deportesdigital.com.ve\/public\/wp-content\/uploads\/2023\/09\/1677066431475.png?fit=1032%2C624&ssl=1","width":1032,"height":624,"caption":"Deportes Digital"},"image":{"@id":"https:\/\/deportesdigital.com.ve\/public\/#\/schema\/logo\/image\/"},"sameAs":["https:\/\/www.facebook.com\/DeportesDigitalZulia25","https:\/\/x.com\/deporteszulia","https:\/\/www.instagram.com\/deportesdigitalzulia\/"]},{"@type":"Person","@id":"https:\/\/deportesdigital.com.ve\/public\/#\/schema\/person\/57d2f23f17d761b1672066d1905e88a0","name":"luisg15","image":{"@type":"ImageObject","inLanguage":"es","@id":"https:\/\/secure.gravatar.com\/avatar\/4d424b63ebd2800d281b824141af3d97c1332dfdda83d70b2057085925af58a3?s=96&d=mm&r=g","url":"https:\/\/secure.gravatar.com\/avatar\/4d424b63ebd2800d281b824141af3d97c1332dfdda83d70b2057085925af58a3?s=96&d=mm&r=g","contentUrl":"https:\/\/secure.gravatar.com\/avatar\/4d424b63ebd2800d281b824141af3d97c1332dfdda83d70b2057085925af58a3?s=96&d=mm&r=g","caption":"luisg15"},"description":"Medio de Comunicaci\u00f3n digital dedicado al deporte menor","sameAs":["https:\/\/deportesdigital.com.ve\/public"],"url":"https:\/\/deportesdigital.com.ve\/public\/author\/luisg15\/"}]}},"_links":{"self":[{"href":"https:\/\/deportesdigital.com.ve\/public\/wp-json\/wp\/v2\/posts\/118914","targetHints":{"allow":["GET"]}}],"collection":[{"href":"https:\/\/deportesdigital.com.ve\/public\/wp-json\/wp\/v2\/posts"}],"about":[{"href":"https:\/\/deportesdigital.com.ve\/public\/wp-json\/wp\/v2\/types\/post"}],"author":[{"embeddable":true,"href":"https:\/\/deportesdigital.com.ve\/public\/wp-json\/wp\/v2\/users\/1"}],"replies":[{"embeddable":true,"href":"https:\/\/deportesdigital.com.ve\/public\/wp-json\/wp\/v2\/comments?post=118914"}],"version-history":[{"count":1,"href":"https:\/\/deportesdigital.com.ve\/public\/wp-json\/wp\/v2\/posts\/118914\/revisions"}],"predecessor-version":[{"id":118916,"href":"https:\/\/deportesdigital.com.ve\/public\/wp-json\/wp\/v2\/posts\/118914\/revisions\/118916"}],"wp:featuredmedia":[{"embeddable":true,"href":"https:\/\/deportesdigital.com.ve\/public\/wp-json\/wp\/v2\/media\/118915"}],"wp:attachment":[{"href":"https:\/\/deportesdigital.com.ve\/public\/wp-json\/wp\/v2\/media?parent=118914"}],"wp:term":[{"taxonomy":"category","embeddable":true,"href":"https:\/\/deportesdigital.com.ve\/public\/wp-json\/wp\/v2\/categories?post=118914"},{"taxonomy":"post_tag","embeddable":true,"href":"https:\/\/deportesdigital.com.ve\/public\/wp-json\/wp\/v2\/tags?post=118914"}],"curies":[{"name":"wp","href":"https:\/\/api.w.org\/{rel}","templated":true}]}}