{"id":118894,"date":"2026-09-05T10:05:12","date_gmt":"2026-09-05T14:05:12","guid":{"rendered":"https:\/\/deportesdigital.com.ve\/public\/?p=118894"},"modified":"2026-09-05T10:05:12","modified_gmt":"2026-09-05T14:05:12","slug":"la-v-copa-sur-enciende-la-pasion-del-balompie-menor-regional-con-una-vibrante-jornada-inaugural","status":"publish","type":"post","link":"https:\/\/deportesdigital.com.ve\/public\/la-v-copa-sur-enciende-la-pasion-del-balompie-menor-regional-con-una-vibrante-jornada-inaugural\/","title":{"rendered":"La V Copa Sur enciende la pasi\u00f3n del balompi\u00e9 menor regional con una vibrante jornada inaugural"},"content":{"rendered":"<p data-path-to-node=\"1,0\"><strong data-path-to-node=\"1,0\" data-index-in-node=\"0\"><em>Con la participaci\u00f3n de 16 clubes de Maracaibo y San Francisco, y un total de 22 encuentros en su gran arranque, se puso en marcha la fiesta del balompi\u00e9 menor en el renovado Complejo Deportivo Coromoto, bajo la organizaci\u00f3n de la fundaci\u00f3n hom\u00f3nima y el aval de la Asociaci\u00f3n de F\u00fatbol del Zulia.<\/em><\/strong><\/p>\n<hr \/>\n<p data-path-to-node=\"3\"><strong><em>Jos\u00e9 Gil Deporte Digital\/Maracaibo:<\/em><\/strong> La fiesta m\u00e1s grande del balompi\u00e9 menor regional se vive ya a flor de piel en las instalaciones del Complejo Deportivo Coromoto. Con espacios completamente renovados y una din\u00e1mica de juego simult\u00e1nea en dos canchas, la jornada inaugural se desarroll\u00f3 por todo lo alto, congregando a una gran cantidad de entusiastas de Maracaibo y San Francisco que se dieron cita para apoyar el talento de la nueva generaci\u00f3n.<\/p>\n<p data-path-to-node=\"3\"><img loading=\"lazy\" decoding=\"async\" class=\"size-full wp-image-118899 aligncenter\" src=\"https:\/\/deportesdigital.com.ve\/public\/wp-content\/uploads\/2026\/09\/s5.jpg\" alt=\"\" width=\"800\" height=\"541\" \/><\/p>\n<p data-path-to-node=\"4\">El evento es organizado por la <strong data-path-to-node=\"4\" data-index-in-node=\"31\">Fundaci\u00f3n Deportivo Coromoto<\/strong> con el aval de la <strong data-path-to-node=\"4\" data-index-in-node=\"78\">Asociaci\u00f3n de F\u00fatbol del Zulia<\/strong>. Su presidente, <strong data-path-to-node=\"4\" data-index-in-node=\"125\">Jos\u00e9 Fern\u00e1ndez<\/strong>, expres\u00f3 su agradecimiento al valioso respaldo de los padres, representantes, los 16 clubes participantes y los patrocinadores que hacen posible este gran despliegue deportivo.<\/p>\n<h3 data-path-to-node=\"5\">Acci\u00f3n pura sobre el c\u00e9sped<\/h3>\n<p><img loading=\"lazy\" decoding=\"async\" class=\" wp-image-118902 aligncenter\" src=\"https:\/\/deportesdigital.com.ve\/public\/wp-content\/uploads\/2026\/09\/s8.jpg\" alt=\"\" width=\"628\" height=\"577\" \/><\/p>\n<p data-path-to-node=\"6\">El torneo cuenta con la participaci\u00f3n de 16 clubes de peso en la regi\u00f3n que miden fuerzas desde la categor\u00eda <strong data-path-to-node=\"6\" data-index-in-node=\"109\">Sub-6 hasta la Sub-18<\/strong>, garantizando emociones continuas y un derroche de entrega en cada partido. La jornada inaugural dej\u00f3 encuentros vibrantes y marcadores muy disputados tanto en la cancha grande como en la cancha peque\u00f1a durante el arranque del fin de semana.<\/p>\n<p data-path-to-node=\"6\"><img loading=\"lazy\" decoding=\"async\" class=\"wp-image-118903 aligncenter\" src=\"https:\/\/deportesdigital.com.ve\/public\/wp-content\/uploads\/2026\/09\/s9.jpg\" alt=\"\" width=\"677\" height=\"626\" \/><\/p>\n<h3 data-path-to-node=\"8\">\ud83c\udfdf\ufe0f Resultados de la Jornada Inaugural (Viernes 04\/09\/26)<\/h3>\n<h4 data-path-to-node=\"9\">Cancha Grande<\/h4>\n<p><img loading=\"lazy\" decoding=\"async\" class=\"size-full wp-image-118904 aligncenter\" src=\"https:\/\/deportesdigital.com.ve\/public\/wp-content\/uploads\/2026\/09\/s10.jpg\" alt=\"\" width=\"800\" height=\"599\" \/><\/p>\n<ul>\n<li data-path-to-node=\"10,0,0\"><strong data-path-to-node=\"10,0,0\" data-index-in-node=\"0\">Sub-18:<\/strong> Talentos del Sur B <strong data-path-to-node=\"10,0,0\" data-index-in-node=\"27\">1<\/strong> Dptvo. Rayo Zuliano A <strong data-path-to-node=\"10,0,0\" data-index-in-node=\"55\">0<\/strong><\/li>\n<li data-path-to-node=\"10,1,0\"><strong data-path-to-node=\"10,1,0\" data-index-in-node=\"0\">Sub-16:<\/strong> Talentos del Sur <strong data-path-to-node=\"10,1,0\" data-index-in-node=\"25\">0<\/strong> Funda Barrio <strong data-path-to-node=\"10,1,0\" data-index-in-node=\"44\">3<\/strong><\/li>\n<li data-path-to-node=\"10,2,0\"><strong data-path-to-node=\"10,2,0\" data-index-in-node=\"0\">Sub-14:<\/strong> Rayo Zuliano <strong data-path-to-node=\"10,2,0\" data-index-in-node=\"28\">0<\/strong> vs. Talentos del Sur <strong data-path-to-node=\"10,2,0\" data-index-in-node=\"51\">2<\/strong><\/li>\n<li data-path-to-node=\"10,3,0\"><strong data-path-to-node=\"10,3,0\" data-index-in-node=\"0\">Sub-18:<\/strong> Cecilio Acosta B <strong data-path-to-node=\"10,3,0\" data-index-in-node=\"25\">1<\/strong> Talentos del Sur A <strong data-path-to-node=\"10,3,0\" data-index-in-node=\"50\">0<\/strong><\/li>\n<li data-path-to-node=\"10,4,0\"><strong data-path-to-node=\"10,4,0\" data-index-in-node=\"0\">Sub-18:<\/strong> Cecilio Acosta A <strong data-path-to-node=\"10,4,0\" data-index-in-node=\"25\">4<\/strong> Udecca FC <strong data-path-to-node=\"10,4,0\" data-index-in-node=\"41\">1<\/strong><\/li>\n<li data-path-to-node=\"10,5,0\"><strong data-path-to-node=\"10,5,0\" data-index-in-node=\"0\">Sub-16:<\/strong> Udecca FC <strong data-path-to-node=\"10,5,0\" data-index-in-node=\"18\">0<\/strong> G. de Cristo Amarillo <strong data-path-to-node=\"10,5,0\" data-index-in-node=\"46\">3<\/strong><\/li>\n<li data-path-to-node=\"10,6,0\"><strong data-path-to-node=\"10,6,0\" data-index-in-node=\"0\">Sub-12:<\/strong> Udecca FC <strong data-path-to-node=\"10,6,0\" data-index-in-node=\"18\">0<\/strong> Talentos del Sur B <strong data-path-to-node=\"10,6,0\" data-index-in-node=\"43\">3<\/strong><\/li>\n<li data-path-to-node=\"10,7,0\"><strong data-path-to-node=\"10,7,0\" data-index-in-node=\"0\">Sub-14:<\/strong> Deportivo Popular <strong data-path-to-node=\"10,7,0\" data-index-in-node=\"26\">1<\/strong> O&#8217;Leary FC <strong data-path-to-node=\"10,7,0\" data-index-in-node=\"43\">0<\/strong><\/li>\n<li data-path-to-node=\"10,8,0\"><strong data-path-to-node=\"10,8,0\" data-index-in-node=\"0\">Sub-12:<\/strong> Deportivo Popular <strong data-path-to-node=\"10,8,0\" data-index-in-node=\"26\">6<\/strong> Cecilia Acosta <strong data-path-to-node=\"10,8,0\" data-index-in-node=\"47\">2<\/strong><\/li>\n<li data-path-to-node=\"10,9,0\"><strong data-path-to-node=\"10,9,0\" data-index-in-node=\"0\">Sub-12:<\/strong> Talentos del Sur A <strong data-path-to-node=\"10,9,0\" data-index-in-node=\"27\">5<\/strong> Dptvo. Rayo Zuliano <strong data-path-to-node=\"10,9,0\" data-index-in-node=\"53\">0<\/strong><\/li>\n<li data-path-to-node=\"10,10,0\"><strong data-path-to-node=\"10,10,0\" data-index-in-node=\"0\">Sub-12:<\/strong> Deportivo Coromoto <strong data-path-to-node=\"10,10,0\" data-index-in-node=\"27\">3<\/strong> Fco. de Miranda <strong data-path-to-node=\"10,10,0\" data-index-in-node=\"49\">3<\/strong><\/li>\n<\/ul>\n<h4 data-path-to-node=\"11\">Cancha Peque\u00f1a<\/h4>\n<p><img loading=\"lazy\" decoding=\"async\" class=\"size-full wp-image-118901 aligncenter\" src=\"https:\/\/deportesdigital.com.ve\/public\/wp-content\/uploads\/2026\/09\/s7.jpg\" alt=\"\" width=\"800\" height=\"495\" \/><\/p>\n<ul>\n<li data-path-to-node=\"12,0,0\"><strong data-path-to-node=\"12,0,0\" data-index-in-node=\"0\">Sub-09:<\/strong> Rayo Zuliano A <strong data-path-to-node=\"12,0,0\" data-index-in-node=\"30\">0<\/strong> vs. Talentos del Sur <strong data-path-to-node=\"12,0,0\" data-index-in-node=\"53\">1<\/strong><\/li>\n<li data-path-to-node=\"12,1,0\"><strong data-path-to-node=\"12,1,0\" data-index-in-node=\"0\">Sub-10:<\/strong> Cecilio Acosta B <strong data-path-to-node=\"12,1,0\" data-index-in-node=\"25\">3<\/strong> Dptvo. Rayo Zuliano <strong data-path-to-node=\"12,1,0\" data-index-in-node=\"51\">0<\/strong><\/li>\n<li data-path-to-node=\"12,2,0\"><strong data-path-to-node=\"12,2,0\" data-index-in-node=\"0\">Sub-10:<\/strong> Deportivo Popular <strong data-path-to-node=\"12,2,0\" data-index-in-node=\"26\">1<\/strong> Totem Academy <strong data-path-to-node=\"12,2,0\" data-index-in-node=\"46\">2<\/strong><\/li>\n<li data-path-to-node=\"12,3,0\"><strong data-path-to-node=\"12,3,0\" data-index-in-node=\"0\">Sub-10:<\/strong> Talentos del Sur B <strong data-path-to-node=\"12,3,0\" data-index-in-node=\"27\">0<\/strong> Cecilio Acosta A <strong data-path-to-node=\"12,3,0\" data-index-in-node=\"50\">1<\/strong><\/li>\n<li data-path-to-node=\"12,4,0\"><strong data-path-to-node=\"12,4,0\" data-index-in-node=\"0\">Sub-09:<\/strong> La Champions 2017 <strong data-path-to-node=\"12,4,0\" data-index-in-node=\"26\">1<\/strong> Guerreros de Cristo Tri <strong data-path-to-node=\"12,4,0\" data-index-in-node=\"56\">0<\/strong><\/li>\n<li data-path-to-node=\"12,5,0\"><strong data-path-to-node=\"12,5,0\" data-index-in-node=\"0\">Sub-09:<\/strong> La Champions 2018 <strong data-path-to-node=\"12,5,0\" data-index-in-node=\"26\">1<\/strong> Deportivo Coromoto <strong data-path-to-node=\"12,5,0\" data-index-in-node=\"51\">2<\/strong><\/li>\n<li data-path-to-node=\"12,6,0\"><strong data-path-to-node=\"12,6,0\" data-index-in-node=\"0\">Sub-09:<\/strong> Kuki Sport <strong data-path-to-node=\"12,6,0\" data-index-in-node=\"19\">1<\/strong> Dptvo. Rayo Zuliano B <strong data-path-to-node=\"12,6,0\" data-index-in-node=\"47\">1<\/strong><\/li>\n<li data-path-to-node=\"12,7,0\"><strong data-path-to-node=\"12,7,0\" data-index-in-node=\"0\">Sub-08:<\/strong> La Champions <strong data-path-to-node=\"12,7,0\" data-index-in-node=\"21\">0<\/strong> Deportivo Popular <strong data-path-to-node=\"12,7,0\" data-index-in-node=\"45\">3<\/strong><\/li>\n<li data-path-to-node=\"12,8,0\"><strong data-path-to-node=\"12,8,0\" data-index-in-node=\"0\">Sub-08:<\/strong> Kuki Sport <strong data-path-to-node=\"12,8,0\" data-index-in-node=\"19\">3<\/strong> Deportivo Coromoto <strong data-path-to-node=\"12,8,0\" data-index-in-node=\"44\">2<\/strong><\/li>\n<\/ul>\n<p><img loading=\"lazy\" decoding=\"async\" class=\"size-full wp-image-118897 aligncenter\" src=\"https:\/\/deportesdigital.com.ve\/public\/wp-content\/uploads\/2026\/09\/s3.jpg\" alt=\"\" width=\"800\" height=\"369\" \/><\/p>\n<h3 data-path-to-node=\"14\">\u26bd Rol de Partidos: Fin de Semana (S\u00e1bado 05\/09 y Domingo 06\/09)<\/h3>\n<h4 data-path-to-node=\"15\">Cancha Grande<\/h4>\n<p data-path-to-node=\"16\"><strong data-path-to-node=\"16\" data-index-in-node=\"0\">S\u00e1bado 05\/09\/26:<\/strong><\/p>\n<p data-path-to-node=\"16\"><img loading=\"lazy\" decoding=\"async\" class=\"wp-image-118898 aligncenter\" src=\"https:\/\/deportesdigital.com.ve\/public\/wp-content\/uploads\/2026\/09\/s4.jpg\" alt=\"\" width=\"589\" height=\"588\" \/><\/p>\n<ul>\n<li data-path-to-node=\"17,0,0\"><strong data-path-to-node=\"17,0,0\" data-index-in-node=\"0\">Sub-18 (Grupo C):<\/strong> El Callao FC vs. Funda Barrio \u2014 07:00 AM<\/li>\n<li data-path-to-node=\"17,1,0\"><strong data-path-to-node=\"17,1,0\" data-index-in-node=\"0\">Sub-16 (Grupo B):<\/strong> Escuela Vinotinto vs. Funda Barrio \u2014 08:20 AM<\/li>\n<li data-path-to-node=\"17,2,0\"><strong data-path-to-node=\"17,2,0\" data-index-in-node=\"0\">Sub-16 (Grupo A):<\/strong> O&#8217;Leary FC vs. Deportivo Coromoto \u2014 09:40 AM<\/li>\n<li data-path-to-node=\"17,3,0\"><strong data-path-to-node=\"17,3,0\" data-index-in-node=\"0\">Sub-14 (Grupo U):<\/strong> O&#8217;Leary FC vs. Deportivo Coromoto \u2014 10:50 AM<\/li>\n<li data-path-to-node=\"17,4,0\"><strong data-path-to-node=\"17,4,0\" data-index-in-node=\"0\">Sub-18 (Grupo A):<\/strong> Dancy Bravo vs. Deportivo Coromoto \u2014 12:00 M<\/li>\n<li data-path-to-node=\"17,5,0\"><strong data-path-to-node=\"17,5,0\" data-index-in-node=\"0\">Sub-16 (Grupo A):<\/strong> Rayo Zuliano vs. Udecca FC \u2014 01:20 PM<\/li>\n<li data-path-to-node=\"17,6,0\"><strong data-path-to-node=\"17,6,0\" data-index-in-node=\"0\">Sub-14 (Grupo C):<\/strong> Centro Gallego vs. Dptvo. Rayo Zuliano \u2014 02:30 PM<\/li>\n<li data-path-to-node=\"17,7,0\"><strong data-path-to-node=\"17,7,0\" data-index-in-node=\"0\">Sub-12 (Grupo U):<\/strong> de Miranda vs. Talentos del Sur B \u2014 03:50 PM<\/li>\n<li data-path-to-node=\"17,8,0\"><strong data-path-to-node=\"17,8,0\" data-index-in-node=\"0\">Sub-12 (Grupo B):<\/strong> Rayo Zuliano A vs. G. de Cristo Amarillo \u2014 05:00 PM<\/li>\n<li data-path-to-node=\"17,9,0\"><strong data-path-to-node=\"17,9,0\" data-index-in-node=\"0\">Sub-12 (Grupo A):<\/strong> Deportivo Coromoto vs. G. de Cristo Azul \u2014 06:00 PM<\/li>\n<\/ul>\n<h4 data-path-to-node=\"18\">Cancha Peque\u00f1a<\/h4>\n<p data-path-to-node=\"19\"><strong data-path-to-node=\"19\" data-index-in-node=\"0\">S\u00e1bado 05\/09\/26:<\/strong><\/p>\n<p data-path-to-node=\"19\"><img loading=\"lazy\" decoding=\"async\" class=\"alignnone size-full wp-image-118895\" src=\"https:\/\/deportesdigital.com.ve\/public\/wp-content\/uploads\/2026\/09\/s1.jpg\" alt=\"\" width=\"800\" height=\"594\" \/><\/p>\n<ul>\n<li data-path-to-node=\"20,0,0\"><strong data-path-to-node=\"20,0,0\" data-index-in-node=\"0\">Sub-10 (Grupo C):<\/strong> Deportivo Coromoto vs. Talentos del Sur B \u2014 08:00 AM<\/li>\n<li data-path-to-node=\"20,1,0\"><strong data-path-to-node=\"20,1,0\" data-index-in-node=\"0\">Sub-10 (Grupo A):<\/strong> Totem Academy vs. Funda Barrio \u2014 08:50 AM<\/li>\n<li data-path-to-node=\"20,2,0\"><strong data-path-to-node=\"20,2,0\" data-index-in-node=\"0\">Sub-10 (Grupo B):<\/strong> Talentos del Sur A vs. LNJ FC \u2014 04:00 PM<\/li>\n<li data-path-to-node=\"20,3,0\"><strong data-path-to-node=\"20,3,0\" data-index-in-node=\"0\">Sub-09 (Grupo A):<\/strong> de Miranda vs. Talentos del Sur \u2014 04:50 PM<\/li>\n<li data-path-to-node=\"20,4,0\"><strong data-path-to-node=\"20,4,0\" data-index-in-node=\"0\">Sub-08 (Grupo A):<\/strong> Talentos del Sur B vs. Dptvo. Rayo Zuliano Azul \u2014 05:40 PM<\/li>\n<li data-path-to-node=\"20,5,0\"><strong data-path-to-node=\"20,5,0\" data-index-in-node=\"0\">Sub-08 (Grupo B):<\/strong> Rayo Zuliano Ama vs. Talentos del Sur A \u2014 06:30 PM<\/li>\n<\/ul>\n<p data-path-to-node=\"21\"><strong data-path-to-node=\"21\" data-index-in-node=\"0\">Domingo 06\/09\/26:<\/strong><\/p>\n<ul>\n<li data-path-to-node=\"22,0,0\"><strong data-path-to-node=\"22,0,0\" data-index-in-node=\"0\">Sub-8 (Grupo A):<\/strong> Talentos del Sur B vs. Deportivo Coromoto \u2014 07:45 AM<\/li>\n<li data-path-to-node=\"22,1,0\"><strong data-path-to-node=\"22,1,0\" data-index-in-node=\"0\">Sub-10 (Grupo A):<\/strong> Centro Gallego vs. Funda Barrio \u2014 08:30 AM<\/li>\n<li data-path-to-node=\"22,2,0\"><strong data-path-to-node=\"22,2,0\" data-index-in-node=\"0\">Sub-9 (Grupo A):<\/strong> Centro Gallego vs. La Champions 2017 \u2014 09:30 AM<\/li>\n<li data-path-to-node=\"22,3,0\"><strong data-path-to-node=\"22,3,0\" data-index-in-node=\"0\">Sub-10 (Grupo B):<\/strong> Cecilio Acosta B vs. Talentos del Sur A \u2014 03:30 PM<\/li>\n<li data-path-to-node=\"22,4,0\"><strong data-path-to-node=\"22,4,0\" data-index-in-node=\"0\">Sub-10 (Grupo C):<\/strong> de Miranda vs. Deportivo Coromoto \u2014 04:20 PM<\/li>\n<li data-path-to-node=\"22,5,0\"><strong data-path-to-node=\"22,5,0\" data-index-in-node=\"0\">Sub-9 (Grupo B):<\/strong> Deportivo Coromoto vs. Dptvo. Rayo Zuliano A \u2014 05:30 PM<\/li>\n<li data-path-to-node=\"22,6,0\"><strong data-path-to-node=\"22,6,0\" data-index-in-node=\"0\">Sub-9 (Grupo B):<\/strong> de Cristo Tricolor vs. Dptvo. Rayo Zuliano B \u2014 06:15 PM<\/li>\n<li data-path-to-node=\"22,7,0\"><strong data-path-to-node=\"22,7,0\" data-index-in-node=\"0\">Sub-9 (Grupo B):<\/strong> O&#8217;Leary F.C. vs. Kuki Sport \u2014 07:00 PM<\/li>\n<li data-path-to-node=\"22,8,0\"><strong data-path-to-node=\"22,8,0\" data-index-in-node=\"0\">Sub-8 (Grupo A):<\/strong> Kuki Sport vs. O&#8217;Leary F.C. \u2014 07:45 PM<\/li>\n<\/ul>\n<p data-path-to-node=\"24\">La fiesta deportiva contin\u00faa a plenitud este fin de semana, reafirmando que el semillero futbol\u00edstico de la regi\u00f3n marcha con pasos firmes hacia el futuro.<\/p>\n<p><strong><em>Sigue esta y otras #Noticias ingresando a nuestras plataformas digitales Deportes Digital, en Instagram, Facebook, Twitter, y en nuestros grupos de Whatsapp y Telegram.<\/em><\/strong><\/p>\n<p>&nbsp;<\/p>\n<p>&nbsp;<\/p>\n","protected":false},"excerpt":{"rendered":"<p>Con la participaci\u00f3n de 16 clubes de Maracaibo y San Francisco, y un total de 22 encuentros en su gran arranque, se puso en marcha la fiesta del balompi\u00e9 menor [&hellip;]<\/p>\n","protected":false},"author":1,"featured_media":118903,"comment_status":"open","ping_status":"closed","sticky":false,"template":"","format":"standard","meta":{"footnotes":""},"categories":[3],"tags":[],"class_list":["post-118894","post","type-post","status-publish","format-standard","has-post-thumbnail","hentry","category-futbol","clearfix"],"yoast_head":"<!-- This site is optimized with the Yoast SEO plugin v27.8 - https:\/\/yoast.com\/product\/yoast-seo-wordpress\/ -->\n<title>La V Copa Sur enciende la pasi\u00f3n del balompi\u00e9 menor regional con una vibrante jornada inaugural - Deportes Digital<\/title>\n<meta name=\"robots\" content=\"index, follow, max-snippet:-1, max-image-preview:large, max-video-preview:-1\" \/>\n<link rel=\"canonical\" href=\"https:\/\/deportesdigital.com.ve\/public\/la-v-copa-sur-enciende-la-pasion-del-balompie-menor-regional-con-una-vibrante-jornada-inaugural\/\" \/>\n<meta property=\"og:locale\" content=\"es_ES\" \/>\n<meta property=\"og:type\" content=\"article\" \/>\n<meta property=\"og:title\" content=\"La V Copa Sur enciende la pasi\u00f3n del balompi\u00e9 menor regional con una vibrante jornada inaugural - Deportes Digital\" \/>\n<meta property=\"og:description\" content=\"Con la participaci\u00f3n de 16 clubes de Maracaibo y San Francisco, y un total de 22 encuentros en su gran arranque, se puso en marcha la fiesta del balompi\u00e9 menor [&hellip;]\" \/>\n<meta property=\"og:url\" content=\"https:\/\/deportesdigital.com.ve\/public\/la-v-copa-sur-enciende-la-pasion-del-balompie-menor-regional-con-una-vibrante-jornada-inaugural\/\" \/>\n<meta property=\"og:site_name\" content=\"Deportes Digital\" \/>\n<meta property=\"article:publisher\" content=\"https:\/\/www.facebook.com\/DeportesDigitalZulia25\" \/>\n<meta property=\"article:published_time\" content=\"2026-09-05T14:05:12+00:00\" \/>\n<meta property=\"og:image\" content=\"https:\/\/deportesdigital.com.ve\/public\/wp-content\/uploads\/2026\/09\/s9.jpg\" \/>\n\t<meta property=\"og:image:width\" content=\"800\" \/>\n\t<meta property=\"og:image:height\" content=\"740\" \/>\n\t<meta property=\"og:image:type\" content=\"image\/jpeg\" \/>\n<meta name=\"author\" content=\"luisg15\" \/>\n<meta name=\"twitter:card\" content=\"summary_large_image\" \/>\n<meta name=\"twitter:creator\" content=\"@deporteszulia\" \/>\n<meta name=\"twitter:site\" content=\"@deporteszulia\" \/>\n<meta name=\"twitter:label1\" content=\"Escrito por\" \/>\n\t<meta name=\"twitter:data1\" content=\"luisg15\" \/>\n\t<meta name=\"twitter:label2\" content=\"Tiempo de lectura\" \/>\n\t<meta name=\"twitter:data2\" content=\"6 minutos\" \/>\n<script type=\"application\/ld+json\" class=\"yoast-schema-graph\">{\"@context\":\"https:\\\/\\\/schema.org\",\"@graph\":[{\"@type\":\"Article\",\"@id\":\"https:\\\/\\\/deportesdigital.com.ve\\\/public\\\/la-v-copa-sur-enciende-la-pasion-del-balompie-menor-regional-con-una-vibrante-jornada-inaugural\\\/#article\",\"isPartOf\":{\"@id\":\"https:\\\/\\\/deportesdigital.com.ve\\\/public\\\/la-v-copa-sur-enciende-la-pasion-del-balompie-menor-regional-con-una-vibrante-jornada-inaugural\\\/\"},\"author\":{\"name\":\"luisg15\",\"@id\":\"https:\\\/\\\/deportesdigital.com.ve\\\/public\\\/#\\\/schema\\\/person\\\/57d2f23f17d761b1672066d1905e88a0\"},\"headline\":\"La V Copa Sur enciende la pasi\u00f3n del balompi\u00e9 menor regional con una vibrante jornada inaugural\",\"datePublished\":\"2026-09-05T14:05:12+00:00\",\"mainEntityOfPage\":{\"@id\":\"https:\\\/\\\/deportesdigital.com.ve\\\/public\\\/la-v-copa-sur-enciende-la-pasion-del-balompie-menor-regional-con-una-vibrante-jornada-inaugural\\\/\"},\"wordCount\":752,\"commentCount\":0,\"publisher\":{\"@id\":\"https:\\\/\\\/deportesdigital.com.ve\\\/public\\\/#organization\"},\"image\":{\"@id\":\"https:\\\/\\\/deportesdigital.com.ve\\\/public\\\/la-v-copa-sur-enciende-la-pasion-del-balompie-menor-regional-con-una-vibrante-jornada-inaugural\\\/#primaryimage\"},\"thumbnailUrl\":\"https:\\\/\\\/deportesdigital.com.ve\\\/public\\\/wp-content\\\/uploads\\\/2026\\\/09\\\/s9.jpg\",\"articleSection\":[\"F\u00fatbol\"],\"inLanguage\":\"es\",\"potentialAction\":[{\"@type\":\"CommentAction\",\"name\":\"Comment\",\"target\":[\"https:\\\/\\\/deportesdigital.com.ve\\\/public\\\/la-v-copa-sur-enciende-la-pasion-del-balompie-menor-regional-con-una-vibrante-jornada-inaugural\\\/#respond\"]}]},{\"@type\":\"WebPage\",\"@id\":\"https:\\\/\\\/deportesdigital.com.ve\\\/public\\\/la-v-copa-sur-enciende-la-pasion-del-balompie-menor-regional-con-una-vibrante-jornada-inaugural\\\/\",\"url\":\"https:\\\/\\\/deportesdigital.com.ve\\\/public\\\/la-v-copa-sur-enciende-la-pasion-del-balompie-menor-regional-con-una-vibrante-jornada-inaugural\\\/\",\"name\":\"La V Copa Sur enciende la pasi\u00f3n del balompi\u00e9 menor regional con una vibrante jornada inaugural - Deportes Digital\",\"isPartOf\":{\"@id\":\"https:\\\/\\\/deportesdigital.com.ve\\\/public\\\/#website\"},\"primaryImageOfPage\":{\"@id\":\"https:\\\/\\\/deportesdigital.com.ve\\\/public\\\/la-v-copa-sur-enciende-la-pasion-del-balompie-menor-regional-con-una-vibrante-jornada-inaugural\\\/#primaryimage\"},\"image\":{\"@id\":\"https:\\\/\\\/deportesdigital.com.ve\\\/public\\\/la-v-copa-sur-enciende-la-pasion-del-balompie-menor-regional-con-una-vibrante-jornada-inaugural\\\/#primaryimage\"},\"thumbnailUrl\":\"https:\\\/\\\/deportesdigital.com.ve\\\/public\\\/wp-content\\\/uploads\\\/2026\\\/09\\\/s9.jpg\",\"datePublished\":\"2026-09-05T14:05:12+00:00\",\"breadcrumb\":{\"@id\":\"https:\\\/\\\/deportesdigital.com.ve\\\/public\\\/la-v-copa-sur-enciende-la-pasion-del-balompie-menor-regional-con-una-vibrante-jornada-inaugural\\\/#breadcrumb\"},\"inLanguage\":\"es\",\"potentialAction\":[{\"@type\":\"ReadAction\",\"target\":[\"https:\\\/\\\/deportesdigital.com.ve\\\/public\\\/la-v-copa-sur-enciende-la-pasion-del-balompie-menor-regional-con-una-vibrante-jornada-inaugural\\\/\"]}]},{\"@type\":\"ImageObject\",\"inLanguage\":\"es\",\"@id\":\"https:\\\/\\\/deportesdigital.com.ve\\\/public\\\/la-v-copa-sur-enciende-la-pasion-del-balompie-menor-regional-con-una-vibrante-jornada-inaugural\\\/#primaryimage\",\"url\":\"https:\\\/\\\/deportesdigital.com.ve\\\/public\\\/wp-content\\\/uploads\\\/2026\\\/09\\\/s9.jpg\",\"contentUrl\":\"https:\\\/\\\/deportesdigital.com.ve\\\/public\\\/wp-content\\\/uploads\\\/2026\\\/09\\\/s9.jpg\",\"width\":800,\"height\":740},{\"@type\":\"BreadcrumbList\",\"@id\":\"https:\\\/\\\/deportesdigital.com.ve\\\/public\\\/la-v-copa-sur-enciende-la-pasion-del-balompie-menor-regional-con-una-vibrante-jornada-inaugural\\\/#breadcrumb\",\"itemListElement\":[{\"@type\":\"ListItem\",\"position\":1,\"name\":\"Portada\",\"item\":\"https:\\\/\\\/deportesdigital.com.ve\\\/public\\\/\"},{\"@type\":\"ListItem\",\"position\":2,\"name\":\"La V Copa Sur enciende la pasi\u00f3n del balompi\u00e9 menor regional con una vibrante jornada inaugural\"}]},{\"@type\":\"WebSite\",\"@id\":\"https:\\\/\\\/deportesdigital.com.ve\\\/public\\\/#website\",\"url\":\"https:\\\/\\\/deportesdigital.com.ve\\\/public\\\/\",\"name\":\"Deportes Digital\",\"description\":\"Solo Deportes\",\"publisher\":{\"@id\":\"https:\\\/\\\/deportesdigital.com.ve\\\/public\\\/#organization\"},\"potentialAction\":[{\"@type\":\"SearchAction\",\"target\":{\"@type\":\"EntryPoint\",\"urlTemplate\":\"https:\\\/\\\/deportesdigital.com.ve\\\/public\\\/?s={search_term_string}\"},\"query-input\":{\"@type\":\"PropertyValueSpecification\",\"valueRequired\":true,\"valueName\":\"search_term_string\"}}],\"inLanguage\":\"es\"},{\"@type\":\"Organization\",\"@id\":\"https:\\\/\\\/deportesdigital.com.ve\\\/public\\\/#organization\",\"name\":\"Deportes Digital\",\"url\":\"https:\\\/\\\/deportesdigital.com.ve\\\/public\\\/\",\"logo\":{\"@type\":\"ImageObject\",\"inLanguage\":\"es\",\"@id\":\"https:\\\/\\\/deportesdigital.com.ve\\\/public\\\/#\\\/schema\\\/logo\\\/image\\\/\",\"url\":\"https:\\\/\\\/i0.wp.com\\\/deportesdigital.com.ve\\\/public\\\/wp-content\\\/uploads\\\/2023\\\/09\\\/1677066431475.png?fit=1032%2C624&ssl=1\",\"contentUrl\":\"https:\\\/\\\/i0.wp.com\\\/deportesdigital.com.ve\\\/public\\\/wp-content\\\/uploads\\\/2023\\\/09\\\/1677066431475.png?fit=1032%2C624&ssl=1\",\"width\":1032,\"height\":624,\"caption\":\"Deportes Digital\"},\"image\":{\"@id\":\"https:\\\/\\\/deportesdigital.com.ve\\\/public\\\/#\\\/schema\\\/logo\\\/image\\\/\"},\"sameAs\":[\"https:\\\/\\\/www.facebook.com\\\/DeportesDigitalZulia25\",\"https:\\\/\\\/x.com\\\/deporteszulia\",\"https:\\\/\\\/www.instagram.com\\\/deportesdigitalzulia\\\/\"]},{\"@type\":\"Person\",\"@id\":\"https:\\\/\\\/deportesdigital.com.ve\\\/public\\\/#\\\/schema\\\/person\\\/57d2f23f17d761b1672066d1905e88a0\",\"name\":\"luisg15\",\"image\":{\"@type\":\"ImageObject\",\"inLanguage\":\"es\",\"@id\":\"https:\\\/\\\/secure.gravatar.com\\\/avatar\\\/4d424b63ebd2800d281b824141af3d97c1332dfdda83d70b2057085925af58a3?s=96&d=mm&r=g\",\"url\":\"https:\\\/\\\/secure.gravatar.com\\\/avatar\\\/4d424b63ebd2800d281b824141af3d97c1332dfdda83d70b2057085925af58a3?s=96&d=mm&r=g\",\"contentUrl\":\"https:\\\/\\\/secure.gravatar.com\\\/avatar\\\/4d424b63ebd2800d281b824141af3d97c1332dfdda83d70b2057085925af58a3?s=96&d=mm&r=g\",\"caption\":\"luisg15\"},\"description\":\"Medio de Comunicaci\u00f3n digital dedicado al deporte menor\",\"sameAs\":[\"https:\\\/\\\/deportesdigital.com.ve\\\/public\"],\"url\":\"https:\\\/\\\/deportesdigital.com.ve\\\/public\\\/author\\\/luisg15\\\/\"}]}<\/script>\n<!-- \/ Yoast SEO plugin. -->","yoast_head_json":{"title":"La V Copa Sur enciende la pasi\u00f3n del balompi\u00e9 menor regional con una vibrante jornada inaugural - Deportes Digital","robots":{"index":"index","follow":"follow","max-snippet":"max-snippet:-1","max-image-preview":"max-image-preview:large","max-video-preview":"max-video-preview:-1"},"canonical":"https:\/\/deportesdigital.com.ve\/public\/la-v-copa-sur-enciende-la-pasion-del-balompie-menor-regional-con-una-vibrante-jornada-inaugural\/","og_locale":"es_ES","og_type":"article","og_title":"La V Copa Sur enciende la pasi\u00f3n del balompi\u00e9 menor regional con una vibrante jornada inaugural - Deportes Digital","og_description":"Con la participaci\u00f3n de 16 clubes de Maracaibo y San Francisco, y un total de 22 encuentros en su gran arranque, se puso en marcha la fiesta del balompi\u00e9 menor [&hellip;]","og_url":"https:\/\/deportesdigital.com.ve\/public\/la-v-copa-sur-enciende-la-pasion-del-balompie-menor-regional-con-una-vibrante-jornada-inaugural\/","og_site_name":"Deportes Digital","article_publisher":"https:\/\/www.facebook.com\/DeportesDigitalZulia25","article_published_time":"2026-09-05T14:05:12+00:00","og_image":[{"width":800,"height":740,"url":"https:\/\/deportesdigital.com.ve\/public\/wp-content\/uploads\/2026\/09\/s9.jpg","type":"image\/jpeg"}],"author":"luisg15","twitter_card":"summary_large_image","twitter_creator":"@deporteszulia","twitter_site":"@deporteszulia","twitter_misc":{"Escrito por":"luisg15","Tiempo de lectura":"6 minutos"},"schema":{"@context":"https:\/\/schema.org","@graph":[{"@type":"Article","@id":"https:\/\/deportesdigital.com.ve\/public\/la-v-copa-sur-enciende-la-pasion-del-balompie-menor-regional-con-una-vibrante-jornada-inaugural\/#article","isPartOf":{"@id":"https:\/\/deportesdigital.com.ve\/public\/la-v-copa-sur-enciende-la-pasion-del-balompie-menor-regional-con-una-vibrante-jornada-inaugural\/"},"author":{"name":"luisg15","@id":"https:\/\/deportesdigital.com.ve\/public\/#\/schema\/person\/57d2f23f17d761b1672066d1905e88a0"},"headline":"La V Copa Sur enciende la pasi\u00f3n del balompi\u00e9 menor regional con una vibrante jornada inaugural","datePublished":"2026-09-05T14:05:12+00:00","mainEntityOfPage":{"@id":"https:\/\/deportesdigital.com.ve\/public\/la-v-copa-sur-enciende-la-pasion-del-balompie-menor-regional-con-una-vibrante-jornada-inaugural\/"},"wordCount":752,"commentCount":0,"publisher":{"@id":"https:\/\/deportesdigital.com.ve\/public\/#organization"},"image":{"@id":"https:\/\/deportesdigital.com.ve\/public\/la-v-copa-sur-enciende-la-pasion-del-balompie-menor-regional-con-una-vibrante-jornada-inaugural\/#primaryimage"},"thumbnailUrl":"https:\/\/deportesdigital.com.ve\/public\/wp-content\/uploads\/2026\/09\/s9.jpg","articleSection":["F\u00fatbol"],"inLanguage":"es","potentialAction":[{"@type":"CommentAction","name":"Comment","target":["https:\/\/deportesdigital.com.ve\/public\/la-v-copa-sur-enciende-la-pasion-del-balompie-menor-regional-con-una-vibrante-jornada-inaugural\/#respond"]}]},{"@type":"WebPage","@id":"https:\/\/deportesdigital.com.ve\/public\/la-v-copa-sur-enciende-la-pasion-del-balompie-menor-regional-con-una-vibrante-jornada-inaugural\/","url":"https:\/\/deportesdigital.com.ve\/public\/la-v-copa-sur-enciende-la-pasion-del-balompie-menor-regional-con-una-vibrante-jornada-inaugural\/","name":"La V Copa Sur enciende la pasi\u00f3n del balompi\u00e9 menor regional con una vibrante jornada inaugural - Deportes Digital","isPartOf":{"@id":"https:\/\/deportesdigital.com.ve\/public\/#website"},"primaryImageOfPage":{"@id":"https:\/\/deportesdigital.com.ve\/public\/la-v-copa-sur-enciende-la-pasion-del-balompie-menor-regional-con-una-vibrante-jornada-inaugural\/#primaryimage"},"image":{"@id":"https:\/\/deportesdigital.com.ve\/public\/la-v-copa-sur-enciende-la-pasion-del-balompie-menor-regional-con-una-vibrante-jornada-inaugural\/#primaryimage"},"thumbnailUrl":"https:\/\/deportesdigital.com.ve\/public\/wp-content\/uploads\/2026\/09\/s9.jpg","datePublished":"2026-09-05T14:05:12+00:00","breadcrumb":{"@id":"https:\/\/deportesdigital.com.ve\/public\/la-v-copa-sur-enciende-la-pasion-del-balompie-menor-regional-con-una-vibrante-jornada-inaugural\/#breadcrumb"},"inLanguage":"es","potentialAction":[{"@type":"ReadAction","target":["https:\/\/deportesdigital.com.ve\/public\/la-v-copa-sur-enciende-la-pasion-del-balompie-menor-regional-con-una-vibrante-jornada-inaugural\/"]}]},{"@type":"ImageObject","inLanguage":"es","@id":"https:\/\/deportesdigital.com.ve\/public\/la-v-copa-sur-enciende-la-pasion-del-balompie-menor-regional-con-una-vibrante-jornada-inaugural\/#primaryimage","url":"https:\/\/deportesdigital.com.ve\/public\/wp-content\/uploads\/2026\/09\/s9.jpg","contentUrl":"https:\/\/deportesdigital.com.ve\/public\/wp-content\/uploads\/2026\/09\/s9.jpg","width":800,"height":740},{"@type":"BreadcrumbList","@id":"https:\/\/deportesdigital.com.ve\/public\/la-v-copa-sur-enciende-la-pasion-del-balompie-menor-regional-con-una-vibrante-jornada-inaugural\/#breadcrumb","itemListElement":[{"@type":"ListItem","position":1,"name":"Portada","item":"https:\/\/deportesdigital.com.ve\/public\/"},{"@type":"ListItem","position":2,"name":"La V Copa Sur enciende la pasi\u00f3n del balompi\u00e9 menor regional con una vibrante jornada inaugural"}]},{"@type":"WebSite","@id":"https:\/\/deportesdigital.com.ve\/public\/#website","url":"https:\/\/deportesdigital.com.ve\/public\/","name":"Deportes Digital","description":"Solo Deportes","publisher":{"@id":"https:\/\/deportesdigital.com.ve\/public\/#organization"},"potentialAction":[{"@type":"SearchAction","target":{"@type":"EntryPoint","urlTemplate":"https:\/\/deportesdigital.com.ve\/public\/?s={search_term_string}"},"query-input":{"@type":"PropertyValueSpecification","valueRequired":true,"valueName":"search_term_string"}}],"inLanguage":"es"},{"@type":"Organization","@id":"https:\/\/deportesdigital.com.ve\/public\/#organization","name":"Deportes Digital","url":"https:\/\/deportesdigital.com.ve\/public\/","logo":{"@type":"ImageObject","inLanguage":"es","@id":"https:\/\/deportesdigital.com.ve\/public\/#\/schema\/logo\/image\/","url":"https:\/\/i0.wp.com\/deportesdigital.com.ve\/public\/wp-content\/uploads\/2023\/09\/1677066431475.png?fit=1032%2C624&ssl=1","contentUrl":"https:\/\/i0.wp.com\/deportesdigital.com.ve\/public\/wp-content\/uploads\/2023\/09\/1677066431475.png?fit=1032%2C624&ssl=1","width":1032,"height":624,"caption":"Deportes Digital"},"image":{"@id":"https:\/\/deportesdigital.com.ve\/public\/#\/schema\/logo\/image\/"},"sameAs":["https:\/\/www.facebook.com\/DeportesDigitalZulia25","https:\/\/x.com\/deporteszulia","https:\/\/www.instagram.com\/deportesdigitalzulia\/"]},{"@type":"Person","@id":"https:\/\/deportesdigital.com.ve\/public\/#\/schema\/person\/57d2f23f17d761b1672066d1905e88a0","name":"luisg15","image":{"@type":"ImageObject","inLanguage":"es","@id":"https:\/\/secure.gravatar.com\/avatar\/4d424b63ebd2800d281b824141af3d97c1332dfdda83d70b2057085925af58a3?s=96&d=mm&r=g","url":"https:\/\/secure.gravatar.com\/avatar\/4d424b63ebd2800d281b824141af3d97c1332dfdda83d70b2057085925af58a3?s=96&d=mm&r=g","contentUrl":"https:\/\/secure.gravatar.com\/avatar\/4d424b63ebd2800d281b824141af3d97c1332dfdda83d70b2057085925af58a3?s=96&d=mm&r=g","caption":"luisg15"},"description":"Medio de Comunicaci\u00f3n digital dedicado al deporte menor","sameAs":["https:\/\/deportesdigital.com.ve\/public"],"url":"https:\/\/deportesdigital.com.ve\/public\/author\/luisg15\/"}]}},"_links":{"self":[{"href":"https:\/\/deportesdigital.com.ve\/public\/wp-json\/wp\/v2\/posts\/118894","targetHints":{"allow":["GET"]}}],"collection":[{"href":"https:\/\/deportesdigital.com.ve\/public\/wp-json\/wp\/v2\/posts"}],"about":[{"href":"https:\/\/deportesdigital.com.ve\/public\/wp-json\/wp\/v2\/types\/post"}],"author":[{"embeddable":true,"href":"https:\/\/deportesdigital.com.ve\/public\/wp-json\/wp\/v2\/users\/1"}],"replies":[{"embeddable":true,"href":"https:\/\/deportesdigital.com.ve\/public\/wp-json\/wp\/v2\/comments?post=118894"}],"version-history":[{"count":1,"href":"https:\/\/deportesdigital.com.ve\/public\/wp-json\/wp\/v2\/posts\/118894\/revisions"}],"predecessor-version":[{"id":118905,"href":"https:\/\/deportesdigital.com.ve\/public\/wp-json\/wp\/v2\/posts\/118894\/revisions\/118905"}],"wp:featuredmedia":[{"embeddable":true,"href":"https:\/\/deportesdigital.com.ve\/public\/wp-json\/wp\/v2\/media\/118903"}],"wp:attachment":[{"href":"https:\/\/deportesdigital.com.ve\/public\/wp-json\/wp\/v2\/media?parent=118894"}],"wp:term":[{"taxonomy":"category","embeddable":true,"href":"https:\/\/deportesdigital.com.ve\/public\/wp-json\/wp\/v2\/categories?post=118894"},{"taxonomy":"post_tag","embeddable":true,"href":"https:\/\/deportesdigital.com.ve\/public\/wp-json\/wp\/v2\/tags?post=118894"}],"curies":[{"name":"wp","href":"https:\/\/api.w.org\/{rel}","templated":true}]}}