{"id":118876,"date":"2026-09-05T08:55:38","date_gmt":"2026-09-05T12:55:38","guid":{"rendered":"https:\/\/deportesdigital.com.ve\/public\/?p=118876"},"modified":"2026-09-05T08:55:38","modified_gmt":"2026-09-05T12:55:38","slug":"las-pequenas-ligas-de-venezuela-celebraron-su-asamblea-anual-y-premiaron-la-excelencia-y-el-trabajo-social","status":"publish","type":"post","link":"https:\/\/deportesdigital.com.ve\/public\/las-pequenas-ligas-de-venezuela-celebraron-su-asamblea-anual-y-premiaron-la-excelencia-y-el-trabajo-social\/","title":{"rendered":"Las Peque\u00f1as Ligas de Venezuela celebraron su Asamblea Anual y premiaron la excelencia y el trabajo social"},"content":{"rendered":"<p><strong><em>En una emotiva asamblea celebrada en la Villa Deportiva \u00abArqu\u00edmedes Herrera\u00bb, el Directorio Nacional de las Peque\u00f1as Ligas de B\u00e9isbol de Venezuela entreg\u00f3 los Premios Saplez 2026 y galardon\u00f3 a los m\u00e1s destacados del a\u00f1o, rompiendo una regla hist\u00f3rica para honrar en vida a su fundador, el profesor Robinson Aguirre.<\/em><\/strong><\/p>\n<hr \/>\n<p><strong><em>Jos\u00e9 Gil Deportes Digital\/Maracaibo:<\/em><\/strong> Una emotiva jornada marcada por el entusiasmo, los aplausos y un profundo agradecimiento reuni\u00f3 este viernes a casa llena a directivos de todos los circuitos del pa\u00eds en la Asamblea Anual Ordinaria, efectuada en la Villa Deportiva \u00abArqu\u00edmedes Herrera\u00bb.<\/p>\n<p><img loading=\"lazy\" decoding=\"async\" class=\"size-full wp-image-118890 aligncenter\" src=\"https:\/\/deportesdigital.com.ve\/public\/wp-content\/uploads\/2026\/09\/14-1.jpg\" alt=\"\" width=\"800\" height=\"473\" \/><\/p>\n<p>El evento sirvi\u00f3 como un abrazo de hermandad deportiva y cont\u00f3 con la distinguida presencia de tres de los H\u00e9roes de 1956 Luis Mav\u00e1rez, Leonidas Aparicio y Armando Cubill\u00e1n, pioneros que abrieron brecha para el b\u00e9isbol menor venezolano en el \u00e1mbito internacional.<\/p>\n<p><img loading=\"lazy\" decoding=\"async\" class=\"size-full wp-image-118889 aligncenter\" src=\"https:\/\/deportesdigital.com.ve\/public\/wp-content\/uploads\/2026\/09\/13-1.jpg\" alt=\"\" width=\"800\" height=\"503\" \/><\/p>\n<p><strong>Debut a lo grande: El impacto social de la Peque\u00f1a Liga \u201cJudith de Negrette\u201d<\/strong><\/p>\n<p><img loading=\"lazy\" decoding=\"async\" class=\" wp-image-118888 aligncenter\" src=\"https:\/\/deportesdigital.com.ve\/public\/wp-content\/uploads\/2026\/09\/12-1.jpg\" alt=\"\" width=\"690\" height=\"579\" \/><\/p>\n<p>La Liga Judith de Negrette se alz\u00f3 con el premio <strong>Gilberto Ocando Yamarte como Liga M\u00e1s Destacada 2026<\/strong>, coronando una temporada impecable en su primer a\u00f1o de operaciones. M\u00e1s all\u00e1 de su competitividad en el diamante, el circuito recalc\u00f3 la esencia de su lema: <em>\u00abEl objetivo es social, el deporte es solo un medio\u00bb<\/em>, honrando la memoria y el legado comunitario de quien lleva su nombre.<\/p>\n<p><img loading=\"lazy\" decoding=\"async\" class=\"wp-image-118887 aligncenter\" src=\"https:\/\/deportesdigital.com.ve\/public\/wp-content\/uploads\/2026\/09\/11-1.jpg\" alt=\"\" width=\"719\" height=\"535\" \/><\/p>\n<p>Asimismo, se otorg\u00f3 una <strong>Menci\u00f3n Especial<\/strong> a la Peque\u00f1a Liga San Francisco por su destacada labor de formaci\u00f3n, desarrollo social y por titularse campeones del Latinoamericano Preinfantil 2026.<\/p>\n<p><strong>Dirigencia con amor y entrega incondicional<\/strong><\/p>\n<p><img loading=\"lazy\" decoding=\"async\" class=\" wp-image-118886 aligncenter\" src=\"https:\/\/deportesdigital.com.ve\/public\/wp-content\/uploads\/2026\/09\/10-1.jpg\" alt=\"\" width=\"692\" height=\"641\" \/><\/p>\n<p>El sal\u00f3n Rafael Romero retumb\u00f3 de alegr\u00eda al anunciarse el <strong>Premio Renato Borjas Castro (Directivo del A\u00f1o)<\/strong> para Belkis D\u00edaz, presidenta de la Peque\u00f1a Liga Fundaci\u00f3n Reto. Su abnegada labor al frente de esta organizaci\u00f3n que atiende a ni\u00f1os con capacidades especiales conmovi\u00f3 a los presentes, recordando que el b\u00e9isbol es, ante todo, inclusi\u00f3n y amor.<\/p>\n<p><img loading=\"lazy\" decoding=\"async\" class=\"size-full wp-image-118885 aligncenter\" src=\"https:\/\/deportesdigital.com.ve\/public\/wp-content\/uploads\/2026\/09\/9-1.jpg\" alt=\"\" width=\"800\" height=\"479\" \/><\/p>\n<p>La <strong>Menci\u00f3n Especial<\/strong> recay\u00f3 sobre \u00c1ngel Montilla (\u00abAnguito\u00bb), de la Peque\u00f1a Liga Coquivacoa, un hombre de b\u00e9isbol que ha dedicado su vida entera de forma incondicional a cumplir casi todos los roles posibles dentro del movimiento.<\/p>\n<p><strong>Pasi\u00f3n en el terreno y distinci\u00f3n se\u00f1orial<\/strong><\/p>\n<p><img loading=\"lazy\" decoding=\"async\" class=\" wp-image-118884 aligncenter\" src=\"https:\/\/deportesdigital.com.ve\/public\/wp-content\/uploads\/2026\/09\/8-1.jpg\" alt=\"\" width=\"685\" height=\"635\" \/><\/p>\n<p><strong>Premio Sabas Alvarado (Entrenador del A\u00f1o):<\/strong> Maikol Eduardo Montiel (Peque\u00f1a Liga Fundaci\u00f3n Reto), reconocido por su labor formativa y social con ni\u00f1os con capacidades especiales.<\/p>\n<p><img loading=\"lazy\" decoding=\"async\" class=\"size-full wp-image-118882 aligncenter\" src=\"https:\/\/deportesdigital.com.ve\/public\/wp-content\/uploads\/2026\/09\/6-1.jpg\" alt=\"\" width=\"800\" height=\"523\" \/><\/p>\n<p><strong>Premio Judith Villalobos de Negrette (Dama del A\u00f1o):<\/strong> Norka Ferrer de Salazar, quien recibi\u00f3 la <strong>Distinci\u00f3n Se\u00f1orial<\/strong> por su liderazgo y abnegada labor en el Comit\u00e9 de Damas de la Peque\u00f1a Liga de Venezuela.<\/p>\n<p><img loading=\"lazy\" decoding=\"async\" class=\"alignnone size-full wp-image-118883\" src=\"https:\/\/deportesdigital.com.ve\/public\/wp-content\/uploads\/2026\/09\/7-1.jpg\" alt=\"\" width=\"800\" height=\"428\" \/><\/p>\n<p><strong>Comit\u00e9 de Damas del A\u00f1o:<\/strong> La Peque\u00f1a Liga Judith de Negrette repiti\u00f3 en el p\u00f3dium gracias a un equipo de trabajo que rompi\u00f3 esquemas junto a los directivos en pro de la comunidad, llev\u00e1ndose la <strong>Menci\u00f3n Especial<\/strong> la Peque\u00f1a Liga San Francisco por su inagotable disposici\u00f3n de servicio.<\/p>\n<p><strong>Premio Jaime Bosc\u00e1n (\u00c1rbitro del A\u00f1o):<\/strong> Richard C\u00e1rdenas, acompa\u00f1ado de una merecida<\/p>\n<p><strong><img loading=\"lazy\" decoding=\"async\" class=\"wp-image-118884 aligncenter\" src=\"https:\/\/deportesdigital.com.ve\/public\/wp-content\/uploads\/2026\/09\/8-1.jpg\" alt=\"\" width=\"590\" height=\"547\" \/>Menci\u00f3n Especial<\/strong> a V\u00edctor Valbuena por sus 25 a\u00f1os de trayectoria impecable impartiendo justicia en el diamante.<\/p>\n<p><img loading=\"lazy\" decoding=\"async\" class=\"wp-image-118880 aligncenter\" src=\"https:\/\/deportesdigital.com.ve\/public\/wp-content\/uploads\/2026\/09\/4-1.jpg\" alt=\"\" width=\"678\" height=\"614\" \/><\/p>\n<p><strong>Una excepci\u00f3n hist\u00f3rica: Cuando el creador recibe su propia obra<\/strong><\/p>\n<p><img loading=\"lazy\" decoding=\"async\" class=\"size-full wp-image-118877 aligncenter\" src=\"https:\/\/deportesdigital.com.ve\/public\/wp-content\/uploads\/2026\/09\/1-2.jpg\" alt=\"\" width=\"800\" height=\"419\" \/><\/p>\n<p>El momento cumbre de la velada lleg\u00f3 con la 47\u00aa edici\u00f3n del <strong>Premio Saplez<\/strong>. La emoci\u00f3n flotaba en el ambiente y las miradas se humedecieron cuando el vicepresidente del DNPLBV, Germ\u00e1n Rojas, introdujo el galard\u00f3n.<\/p>\n<p>Por primera vez en sus 47 a\u00f1os de historia, la distinci\u00f3n nacida en 1979 junto a la Sociedad de Amigos de las Peque\u00f1as Ligas del Zulia desafi\u00f3 su regla estatutaria m\u00e1s f\u00e9rrea: la prohibici\u00f3n estricta de premiar a miembros activos de su directiva. Ante la magnitud de su legado, el Directorio Nacional decidi\u00f3 romper las normas para honrar en vida al reconocido acad\u00e9mico y exdirigente, profesor Robinson Aguirre.<\/p>\n<p><img loading=\"lazy\" decoding=\"async\" class=\"size-full wp-image-118878 aligncenter\" src=\"https:\/\/deportesdigital.com.ve\/public\/wp-content\/uploads\/2026\/09\/2-2.jpg\" alt=\"\" width=\"800\" height=\"452\" \/><\/p>\n<p>Aunque el profesor Aguirre no pudo asistir, su presencia espiritual inund\u00f3 el sal\u00f3n. El abogado Francisco Rangel, expresidente de la organizaci\u00f3n, expres\u00f3 en un brillante y sentido discurso:<\/p>\n<p><em>\u00abCreemos que este reconocimiento llega un poco tarde, pero gracias a Dios todav\u00eda a tiempo para uno de los art\u00edfices y pilares m\u00e1s notables de nuestra historia\u00bb<\/em>.<\/p>\n<p>Rangel a\u00f1adi\u00f3 con reverencia que el Directorio Nacional se apart\u00f3 de la norma para entregar la m\u00e1xima distinci\u00f3n a quien, aun sin estar activo, es m\u00e1s digno que nadie de recibirla en 2026. En ausencia del homenajeado, el expresidente Ra\u00fal Salazar entreg\u00f3 el galard\u00f3n, recibido con orgullo por la actual presidenta, Violeta Aguiar.<\/p>\n<p>La velada cerr\u00f3 con un c\u00e1lido compartir, reafirmando que las Peque\u00f1as Ligas de Venezuela son, ante todo, una gran escuela de vida.<\/p>\n<p><img loading=\"lazy\" decoding=\"async\" class=\"wp-image-118891 aligncenter\" src=\"https:\/\/deportesdigital.com.ve\/public\/wp-content\/uploads\/2026\/09\/15-1.jpg\" alt=\"\" width=\"665\" height=\"434\" \/> <img loading=\"lazy\" decoding=\"async\" class=\"wp-image-118889 aligncenter\" src=\"https:\/\/deportesdigital.com.ve\/public\/wp-content\/uploads\/2026\/09\/13-1.jpg\" alt=\"\" width=\"623\" height=\"392\" \/> <img loading=\"lazy\" decoding=\"async\" class=\"wp-image-118879 aligncenter\" src=\"https:\/\/deportesdigital.com.ve\/public\/wp-content\/uploads\/2026\/09\/3-1.jpg\" alt=\"\" width=\"659\" height=\"503\" \/><\/p>\n<p><strong><em>Sigue esta y otras #Noticias ingresando a nuestras plataformas digitales Deportes Digital, en Instagram, Facebook, Twitter, y en nuestros grupos de Whatsapp y Telegram.<\/em><\/strong><\/p>\n","protected":false},"excerpt":{"rendered":"<p>En una emotiva asamblea celebrada en la Villa Deportiva \u00abArqu\u00edmedes Herrera\u00bb, el Directorio Nacional de las Peque\u00f1as Ligas de B\u00e9isbol de Venezuela entreg\u00f3 los Premios Saplez 2026 y galardon\u00f3 a [&hellip;]<\/p>\n","protected":false},"author":1,"featured_media":118892,"comment_status":"open","ping_status":"closed","sticky":false,"template":"","format":"standard","meta":{"footnotes":""},"categories":[2],"tags":[],"class_list":["post-118876","post","type-post","status-publish","format-standard","has-post-thumbnail","hentry","category-beisbol","clearfix"],"yoast_head":"<!-- This site is optimized with the Yoast SEO plugin v27.8 - https:\/\/yoast.com\/product\/yoast-seo-wordpress\/ -->\n<title>Las Peque\u00f1as Ligas de Venezuela celebraron su Asamblea Anual y premiaron la excelencia y el trabajo social - Deportes Digital<\/title>\n<meta name=\"robots\" content=\"index, follow, max-snippet:-1, max-image-preview:large, max-video-preview:-1\" \/>\n<link rel=\"canonical\" href=\"https:\/\/deportesdigital.com.ve\/public\/las-pequenas-ligas-de-venezuela-celebraron-su-asamblea-anual-y-premiaron-la-excelencia-y-el-trabajo-social\/\" \/>\n<meta property=\"og:locale\" content=\"es_ES\" \/>\n<meta property=\"og:type\" content=\"article\" \/>\n<meta property=\"og:title\" content=\"Las Peque\u00f1as Ligas de Venezuela celebraron su Asamblea Anual y premiaron la excelencia y el trabajo social - Deportes Digital\" \/>\n<meta property=\"og:description\" content=\"En una emotiva asamblea celebrada en la Villa Deportiva \u00abArqu\u00edmedes Herrera\u00bb, el Directorio Nacional de las Peque\u00f1as Ligas de B\u00e9isbol de Venezuela entreg\u00f3 los Premios Saplez 2026 y galardon\u00f3 a [&hellip;]\" \/>\n<meta property=\"og:url\" content=\"https:\/\/deportesdigital.com.ve\/public\/las-pequenas-ligas-de-venezuela-celebraron-su-asamblea-anual-y-premiaron-la-excelencia-y-el-trabajo-social\/\" \/>\n<meta property=\"og:site_name\" content=\"Deportes Digital\" \/>\n<meta property=\"article:publisher\" content=\"https:\/\/www.facebook.com\/DeportesDigitalZulia25\" \/>\n<meta property=\"article:published_time\" content=\"2026-09-05T12:55:38+00:00\" \/>\n<meta property=\"og:image\" content=\"https:\/\/deportesdigital.com.ve\/public\/wp-content\/uploads\/2026\/09\/16-1.jpg\" \/>\n\t<meta property=\"og:image:width\" content=\"800\" \/>\n\t<meta property=\"og:image:height\" content=\"477\" \/>\n\t<meta property=\"og:image:type\" content=\"image\/jpeg\" \/>\n<meta name=\"author\" content=\"luisg15\" \/>\n<meta name=\"twitter:card\" content=\"summary_large_image\" \/>\n<meta name=\"twitter:creator\" content=\"@deporteszulia\" \/>\n<meta name=\"twitter:site\" content=\"@deporteszulia\" \/>\n<meta name=\"twitter:label1\" content=\"Escrito por\" \/>\n\t<meta name=\"twitter:data1\" content=\"luisg15\" \/>\n\t<meta name=\"twitter:label2\" content=\"Tiempo de lectura\" \/>\n\t<meta name=\"twitter:data2\" content=\"7 minutos\" \/>\n<script type=\"application\/ld+json\" class=\"yoast-schema-graph\">{\"@context\":\"https:\\\/\\\/schema.org\",\"@graph\":[{\"@type\":\"Article\",\"@id\":\"https:\\\/\\\/deportesdigital.com.ve\\\/public\\\/las-pequenas-ligas-de-venezuela-celebraron-su-asamblea-anual-y-premiaron-la-excelencia-y-el-trabajo-social\\\/#article\",\"isPartOf\":{\"@id\":\"https:\\\/\\\/deportesdigital.com.ve\\\/public\\\/las-pequenas-ligas-de-venezuela-celebraron-su-asamblea-anual-y-premiaron-la-excelencia-y-el-trabajo-social\\\/\"},\"author\":{\"name\":\"luisg15\",\"@id\":\"https:\\\/\\\/deportesdigital.com.ve\\\/public\\\/#\\\/schema\\\/person\\\/57d2f23f17d761b1672066d1905e88a0\"},\"headline\":\"Las Peque\u00f1as Ligas de Venezuela celebraron su Asamblea Anual y premiaron la excelencia y el trabajo social\",\"datePublished\":\"2026-09-05T12:55:38+00:00\",\"mainEntityOfPage\":{\"@id\":\"https:\\\/\\\/deportesdigital.com.ve\\\/public\\\/las-pequenas-ligas-de-venezuela-celebraron-su-asamblea-anual-y-premiaron-la-excelencia-y-el-trabajo-social\\\/\"},\"wordCount\":844,\"commentCount\":0,\"publisher\":{\"@id\":\"https:\\\/\\\/deportesdigital.com.ve\\\/public\\\/#organization\"},\"image\":{\"@id\":\"https:\\\/\\\/deportesdigital.com.ve\\\/public\\\/las-pequenas-ligas-de-venezuela-celebraron-su-asamblea-anual-y-premiaron-la-excelencia-y-el-trabajo-social\\\/#primaryimage\"},\"thumbnailUrl\":\"https:\\\/\\\/deportesdigital.com.ve\\\/public\\\/wp-content\\\/uploads\\\/2026\\\/09\\\/16-1.jpg\",\"articleSection\":[\"B\u00e9isbol\"],\"inLanguage\":\"es\",\"potentialAction\":[{\"@type\":\"CommentAction\",\"name\":\"Comment\",\"target\":[\"https:\\\/\\\/deportesdigital.com.ve\\\/public\\\/las-pequenas-ligas-de-venezuela-celebraron-su-asamblea-anual-y-premiaron-la-excelencia-y-el-trabajo-social\\\/#respond\"]}]},{\"@type\":\"WebPage\",\"@id\":\"https:\\\/\\\/deportesdigital.com.ve\\\/public\\\/las-pequenas-ligas-de-venezuela-celebraron-su-asamblea-anual-y-premiaron-la-excelencia-y-el-trabajo-social\\\/\",\"url\":\"https:\\\/\\\/deportesdigital.com.ve\\\/public\\\/las-pequenas-ligas-de-venezuela-celebraron-su-asamblea-anual-y-premiaron-la-excelencia-y-el-trabajo-social\\\/\",\"name\":\"Las Peque\u00f1as Ligas de Venezuela celebraron su Asamblea Anual y premiaron la excelencia y el trabajo social - Deportes Digital\",\"isPartOf\":{\"@id\":\"https:\\\/\\\/deportesdigital.com.ve\\\/public\\\/#website\"},\"primaryImageOfPage\":{\"@id\":\"https:\\\/\\\/deportesdigital.com.ve\\\/public\\\/las-pequenas-ligas-de-venezuela-celebraron-su-asamblea-anual-y-premiaron-la-excelencia-y-el-trabajo-social\\\/#primaryimage\"},\"image\":{\"@id\":\"https:\\\/\\\/deportesdigital.com.ve\\\/public\\\/las-pequenas-ligas-de-venezuela-celebraron-su-asamblea-anual-y-premiaron-la-excelencia-y-el-trabajo-social\\\/#primaryimage\"},\"thumbnailUrl\":\"https:\\\/\\\/deportesdigital.com.ve\\\/public\\\/wp-content\\\/uploads\\\/2026\\\/09\\\/16-1.jpg\",\"datePublished\":\"2026-09-05T12:55:38+00:00\",\"breadcrumb\":{\"@id\":\"https:\\\/\\\/deportesdigital.com.ve\\\/public\\\/las-pequenas-ligas-de-venezuela-celebraron-su-asamblea-anual-y-premiaron-la-excelencia-y-el-trabajo-social\\\/#breadcrumb\"},\"inLanguage\":\"es\",\"potentialAction\":[{\"@type\":\"ReadAction\",\"target\":[\"https:\\\/\\\/deportesdigital.com.ve\\\/public\\\/las-pequenas-ligas-de-venezuela-celebraron-su-asamblea-anual-y-premiaron-la-excelencia-y-el-trabajo-social\\\/\"]}]},{\"@type\":\"ImageObject\",\"inLanguage\":\"es\",\"@id\":\"https:\\\/\\\/deportesdigital.com.ve\\\/public\\\/las-pequenas-ligas-de-venezuela-celebraron-su-asamblea-anual-y-premiaron-la-excelencia-y-el-trabajo-social\\\/#primaryimage\",\"url\":\"https:\\\/\\\/deportesdigital.com.ve\\\/public\\\/wp-content\\\/uploads\\\/2026\\\/09\\\/16-1.jpg\",\"contentUrl\":\"https:\\\/\\\/deportesdigital.com.ve\\\/public\\\/wp-content\\\/uploads\\\/2026\\\/09\\\/16-1.jpg\",\"width\":800,\"height\":477},{\"@type\":\"BreadcrumbList\",\"@id\":\"https:\\\/\\\/deportesdigital.com.ve\\\/public\\\/las-pequenas-ligas-de-venezuela-celebraron-su-asamblea-anual-y-premiaron-la-excelencia-y-el-trabajo-social\\\/#breadcrumb\",\"itemListElement\":[{\"@type\":\"ListItem\",\"position\":1,\"name\":\"Portada\",\"item\":\"https:\\\/\\\/deportesdigital.com.ve\\\/public\\\/\"},{\"@type\":\"ListItem\",\"position\":2,\"name\":\"Las Peque\u00f1as Ligas de Venezuela celebraron su Asamblea Anual y premiaron la excelencia y el trabajo social\"}]},{\"@type\":\"WebSite\",\"@id\":\"https:\\\/\\\/deportesdigital.com.ve\\\/public\\\/#website\",\"url\":\"https:\\\/\\\/deportesdigital.com.ve\\\/public\\\/\",\"name\":\"Deportes Digital\",\"description\":\"Solo Deportes\",\"publisher\":{\"@id\":\"https:\\\/\\\/deportesdigital.com.ve\\\/public\\\/#organization\"},\"potentialAction\":[{\"@type\":\"SearchAction\",\"target\":{\"@type\":\"EntryPoint\",\"urlTemplate\":\"https:\\\/\\\/deportesdigital.com.ve\\\/public\\\/?s={search_term_string}\"},\"query-input\":{\"@type\":\"PropertyValueSpecification\",\"valueRequired\":true,\"valueName\":\"search_term_string\"}}],\"inLanguage\":\"es\"},{\"@type\":\"Organization\",\"@id\":\"https:\\\/\\\/deportesdigital.com.ve\\\/public\\\/#organization\",\"name\":\"Deportes Digital\",\"url\":\"https:\\\/\\\/deportesdigital.com.ve\\\/public\\\/\",\"logo\":{\"@type\":\"ImageObject\",\"inLanguage\":\"es\",\"@id\":\"https:\\\/\\\/deportesdigital.com.ve\\\/public\\\/#\\\/schema\\\/logo\\\/image\\\/\",\"url\":\"https:\\\/\\\/i0.wp.com\\\/deportesdigital.com.ve\\\/public\\\/wp-content\\\/uploads\\\/2023\\\/09\\\/1677066431475.png?fit=1032%2C624&ssl=1\",\"contentUrl\":\"https:\\\/\\\/i0.wp.com\\\/deportesdigital.com.ve\\\/public\\\/wp-content\\\/uploads\\\/2023\\\/09\\\/1677066431475.png?fit=1032%2C624&ssl=1\",\"width\":1032,\"height\":624,\"caption\":\"Deportes Digital\"},\"image\":{\"@id\":\"https:\\\/\\\/deportesdigital.com.ve\\\/public\\\/#\\\/schema\\\/logo\\\/image\\\/\"},\"sameAs\":[\"https:\\\/\\\/www.facebook.com\\\/DeportesDigitalZulia25\",\"https:\\\/\\\/x.com\\\/deporteszulia\",\"https:\\\/\\\/www.instagram.com\\\/deportesdigitalzulia\\\/\"]},{\"@type\":\"Person\",\"@id\":\"https:\\\/\\\/deportesdigital.com.ve\\\/public\\\/#\\\/schema\\\/person\\\/57d2f23f17d761b1672066d1905e88a0\",\"name\":\"luisg15\",\"image\":{\"@type\":\"ImageObject\",\"inLanguage\":\"es\",\"@id\":\"https:\\\/\\\/secure.gravatar.com\\\/avatar\\\/4d424b63ebd2800d281b824141af3d97c1332dfdda83d70b2057085925af58a3?s=96&d=mm&r=g\",\"url\":\"https:\\\/\\\/secure.gravatar.com\\\/avatar\\\/4d424b63ebd2800d281b824141af3d97c1332dfdda83d70b2057085925af58a3?s=96&d=mm&r=g\",\"contentUrl\":\"https:\\\/\\\/secure.gravatar.com\\\/avatar\\\/4d424b63ebd2800d281b824141af3d97c1332dfdda83d70b2057085925af58a3?s=96&d=mm&r=g\",\"caption\":\"luisg15\"},\"description\":\"Medio de Comunicaci\u00f3n digital dedicado al deporte menor\",\"sameAs\":[\"https:\\\/\\\/deportesdigital.com.ve\\\/public\"],\"url\":\"https:\\\/\\\/deportesdigital.com.ve\\\/public\\\/author\\\/luisg15\\\/\"}]}<\/script>\n<!-- \/ Yoast SEO plugin. -->","yoast_head_json":{"title":"Las Peque\u00f1as Ligas de Venezuela celebraron su Asamblea Anual y premiaron la excelencia y el trabajo social - Deportes Digital","robots":{"index":"index","follow":"follow","max-snippet":"max-snippet:-1","max-image-preview":"max-image-preview:large","max-video-preview":"max-video-preview:-1"},"canonical":"https:\/\/deportesdigital.com.ve\/public\/las-pequenas-ligas-de-venezuela-celebraron-su-asamblea-anual-y-premiaron-la-excelencia-y-el-trabajo-social\/","og_locale":"es_ES","og_type":"article","og_title":"Las Peque\u00f1as Ligas de Venezuela celebraron su Asamblea Anual y premiaron la excelencia y el trabajo social - Deportes Digital","og_description":"En una emotiva asamblea celebrada en la Villa Deportiva \u00abArqu\u00edmedes Herrera\u00bb, el Directorio Nacional de las Peque\u00f1as Ligas de B\u00e9isbol de Venezuela entreg\u00f3 los Premios Saplez 2026 y galardon\u00f3 a [&hellip;]","og_url":"https:\/\/deportesdigital.com.ve\/public\/las-pequenas-ligas-de-venezuela-celebraron-su-asamblea-anual-y-premiaron-la-excelencia-y-el-trabajo-social\/","og_site_name":"Deportes Digital","article_publisher":"https:\/\/www.facebook.com\/DeportesDigitalZulia25","article_published_time":"2026-09-05T12:55:38+00:00","og_image":[{"width":800,"height":477,"url":"https:\/\/deportesdigital.com.ve\/public\/wp-content\/uploads\/2026\/09\/16-1.jpg","type":"image\/jpeg"}],"author":"luisg15","twitter_card":"summary_large_image","twitter_creator":"@deporteszulia","twitter_site":"@deporteszulia","twitter_misc":{"Escrito por":"luisg15","Tiempo de lectura":"7 minutos"},"schema":{"@context":"https:\/\/schema.org","@graph":[{"@type":"Article","@id":"https:\/\/deportesdigital.com.ve\/public\/las-pequenas-ligas-de-venezuela-celebraron-su-asamblea-anual-y-premiaron-la-excelencia-y-el-trabajo-social\/#article","isPartOf":{"@id":"https:\/\/deportesdigital.com.ve\/public\/las-pequenas-ligas-de-venezuela-celebraron-su-asamblea-anual-y-premiaron-la-excelencia-y-el-trabajo-social\/"},"author":{"name":"luisg15","@id":"https:\/\/deportesdigital.com.ve\/public\/#\/schema\/person\/57d2f23f17d761b1672066d1905e88a0"},"headline":"Las Peque\u00f1as Ligas de Venezuela celebraron su Asamblea Anual y premiaron la excelencia y el trabajo social","datePublished":"2026-09-05T12:55:38+00:00","mainEntityOfPage":{"@id":"https:\/\/deportesdigital.com.ve\/public\/las-pequenas-ligas-de-venezuela-celebraron-su-asamblea-anual-y-premiaron-la-excelencia-y-el-trabajo-social\/"},"wordCount":844,"commentCount":0,"publisher":{"@id":"https:\/\/deportesdigital.com.ve\/public\/#organization"},"image":{"@id":"https:\/\/deportesdigital.com.ve\/public\/las-pequenas-ligas-de-venezuela-celebraron-su-asamblea-anual-y-premiaron-la-excelencia-y-el-trabajo-social\/#primaryimage"},"thumbnailUrl":"https:\/\/deportesdigital.com.ve\/public\/wp-content\/uploads\/2026\/09\/16-1.jpg","articleSection":["B\u00e9isbol"],"inLanguage":"es","potentialAction":[{"@type":"CommentAction","name":"Comment","target":["https:\/\/deportesdigital.com.ve\/public\/las-pequenas-ligas-de-venezuela-celebraron-su-asamblea-anual-y-premiaron-la-excelencia-y-el-trabajo-social\/#respond"]}]},{"@type":"WebPage","@id":"https:\/\/deportesdigital.com.ve\/public\/las-pequenas-ligas-de-venezuela-celebraron-su-asamblea-anual-y-premiaron-la-excelencia-y-el-trabajo-social\/","url":"https:\/\/deportesdigital.com.ve\/public\/las-pequenas-ligas-de-venezuela-celebraron-su-asamblea-anual-y-premiaron-la-excelencia-y-el-trabajo-social\/","name":"Las Peque\u00f1as Ligas de Venezuela celebraron su Asamblea Anual y premiaron la excelencia y el trabajo social - Deportes Digital","isPartOf":{"@id":"https:\/\/deportesdigital.com.ve\/public\/#website"},"primaryImageOfPage":{"@id":"https:\/\/deportesdigital.com.ve\/public\/las-pequenas-ligas-de-venezuela-celebraron-su-asamblea-anual-y-premiaron-la-excelencia-y-el-trabajo-social\/#primaryimage"},"image":{"@id":"https:\/\/deportesdigital.com.ve\/public\/las-pequenas-ligas-de-venezuela-celebraron-su-asamblea-anual-y-premiaron-la-excelencia-y-el-trabajo-social\/#primaryimage"},"thumbnailUrl":"https:\/\/deportesdigital.com.ve\/public\/wp-content\/uploads\/2026\/09\/16-1.jpg","datePublished":"2026-09-05T12:55:38+00:00","breadcrumb":{"@id":"https:\/\/deportesdigital.com.ve\/public\/las-pequenas-ligas-de-venezuela-celebraron-su-asamblea-anual-y-premiaron-la-excelencia-y-el-trabajo-social\/#breadcrumb"},"inLanguage":"es","potentialAction":[{"@type":"ReadAction","target":["https:\/\/deportesdigital.com.ve\/public\/las-pequenas-ligas-de-venezuela-celebraron-su-asamblea-anual-y-premiaron-la-excelencia-y-el-trabajo-social\/"]}]},{"@type":"ImageObject","inLanguage":"es","@id":"https:\/\/deportesdigital.com.ve\/public\/las-pequenas-ligas-de-venezuela-celebraron-su-asamblea-anual-y-premiaron-la-excelencia-y-el-trabajo-social\/#primaryimage","url":"https:\/\/deportesdigital.com.ve\/public\/wp-content\/uploads\/2026\/09\/16-1.jpg","contentUrl":"https:\/\/deportesdigital.com.ve\/public\/wp-content\/uploads\/2026\/09\/16-1.jpg","width":800,"height":477},{"@type":"BreadcrumbList","@id":"https:\/\/deportesdigital.com.ve\/public\/las-pequenas-ligas-de-venezuela-celebraron-su-asamblea-anual-y-premiaron-la-excelencia-y-el-trabajo-social\/#breadcrumb","itemListElement":[{"@type":"ListItem","position":1,"name":"Portada","item":"https:\/\/deportesdigital.com.ve\/public\/"},{"@type":"ListItem","position":2,"name":"Las Peque\u00f1as Ligas de Venezuela celebraron su Asamblea Anual y premiaron la excelencia y el trabajo social"}]},{"@type":"WebSite","@id":"https:\/\/deportesdigital.com.ve\/public\/#website","url":"https:\/\/deportesdigital.com.ve\/public\/","name":"Deportes Digital","description":"Solo Deportes","publisher":{"@id":"https:\/\/deportesdigital.com.ve\/public\/#organization"},"potentialAction":[{"@type":"SearchAction","target":{"@type":"EntryPoint","urlTemplate":"https:\/\/deportesdigital.com.ve\/public\/?s={search_term_string}"},"query-input":{"@type":"PropertyValueSpecification","valueRequired":true,"valueName":"search_term_string"}}],"inLanguage":"es"},{"@type":"Organization","@id":"https:\/\/deportesdigital.com.ve\/public\/#organization","name":"Deportes Digital","url":"https:\/\/deportesdigital.com.ve\/public\/","logo":{"@type":"ImageObject","inLanguage":"es","@id":"https:\/\/deportesdigital.com.ve\/public\/#\/schema\/logo\/image\/","url":"https:\/\/i0.wp.com\/deportesdigital.com.ve\/public\/wp-content\/uploads\/2023\/09\/1677066431475.png?fit=1032%2C624&ssl=1","contentUrl":"https:\/\/i0.wp.com\/deportesdigital.com.ve\/public\/wp-content\/uploads\/2023\/09\/1677066431475.png?fit=1032%2C624&ssl=1","width":1032,"height":624,"caption":"Deportes Digital"},"image":{"@id":"https:\/\/deportesdigital.com.ve\/public\/#\/schema\/logo\/image\/"},"sameAs":["https:\/\/www.facebook.com\/DeportesDigitalZulia25","https:\/\/x.com\/deporteszulia","https:\/\/www.instagram.com\/deportesdigitalzulia\/"]},{"@type":"Person","@id":"https:\/\/deportesdigital.com.ve\/public\/#\/schema\/person\/57d2f23f17d761b1672066d1905e88a0","name":"luisg15","image":{"@type":"ImageObject","inLanguage":"es","@id":"https:\/\/secure.gravatar.com\/avatar\/4d424b63ebd2800d281b824141af3d97c1332dfdda83d70b2057085925af58a3?s=96&d=mm&r=g","url":"https:\/\/secure.gravatar.com\/avatar\/4d424b63ebd2800d281b824141af3d97c1332dfdda83d70b2057085925af58a3?s=96&d=mm&r=g","contentUrl":"https:\/\/secure.gravatar.com\/avatar\/4d424b63ebd2800d281b824141af3d97c1332dfdda83d70b2057085925af58a3?s=96&d=mm&r=g","caption":"luisg15"},"description":"Medio de Comunicaci\u00f3n digital dedicado al deporte menor","sameAs":["https:\/\/deportesdigital.com.ve\/public"],"url":"https:\/\/deportesdigital.com.ve\/public\/author\/luisg15\/"}]}},"_links":{"self":[{"href":"https:\/\/deportesdigital.com.ve\/public\/wp-json\/wp\/v2\/posts\/118876","targetHints":{"allow":["GET"]}}],"collection":[{"href":"https:\/\/deportesdigital.com.ve\/public\/wp-json\/wp\/v2\/posts"}],"about":[{"href":"https:\/\/deportesdigital.com.ve\/public\/wp-json\/wp\/v2\/types\/post"}],"author":[{"embeddable":true,"href":"https:\/\/deportesdigital.com.ve\/public\/wp-json\/wp\/v2\/users\/1"}],"replies":[{"embeddable":true,"href":"https:\/\/deportesdigital.com.ve\/public\/wp-json\/wp\/v2\/comments?post=118876"}],"version-history":[{"count":1,"href":"https:\/\/deportesdigital.com.ve\/public\/wp-json\/wp\/v2\/posts\/118876\/revisions"}],"predecessor-version":[{"id":118893,"href":"https:\/\/deportesdigital.com.ve\/public\/wp-json\/wp\/v2\/posts\/118876\/revisions\/118893"}],"wp:featuredmedia":[{"embeddable":true,"href":"https:\/\/deportesdigital.com.ve\/public\/wp-json\/wp\/v2\/media\/118892"}],"wp:attachment":[{"href":"https:\/\/deportesdigital.com.ve\/public\/wp-json\/wp\/v2\/media?parent=118876"}],"wp:term":[{"taxonomy":"category","embeddable":true,"href":"https:\/\/deportesdigital.com.ve\/public\/wp-json\/wp\/v2\/categories?post=118876"},{"taxonomy":"post_tag","embeddable":true,"href":"https:\/\/deportesdigital.com.ve\/public\/wp-json\/wp\/v2\/tags?post=118876"}],"curies":[{"name":"wp","href":"https:\/\/api.w.org\/{rel}","templated":true}]}}