{"id":118834,"date":"2026-09-04T03:27:07","date_gmt":"2026-09-04T07:27:07","guid":{"rendered":"https:\/\/deportesdigital.com.ve\/public\/?p=118834"},"modified":"2026-09-04T03:27:07","modified_gmt":"2026-09-04T07:27:07","slug":"anuncian-el-inicio-de-la-liga-profesional-de-baloncesto-en-el-gimnasio-antonio-borja-romero-de-luz","status":"publish","type":"post","link":"https:\/\/deportesdigital.com.ve\/public\/anuncian-el-inicio-de-la-liga-profesional-de-baloncesto-en-el-gimnasio-antonio-borja-romero-de-luz\/","title":{"rendered":"Anuncian el inicio de la Liga Profesional de Baloncesto en el gimnasio Antonio Borja Romero de LUZ"},"content":{"rendered":"<p><strong><em>Los musicales debutaran en casa los d\u00edas domingo 27 y lunes 28 de septiembre, enfrentando al equipo Costaneros de Puerto Cabello en el gimnasio Antonio Borja Romero de la Universidad del Zulia.<\/em><\/strong><\/p>\n<hr \/>\n<p><strong><em>Jos\u00e9 Gil Deportes Digital\/Maracaibo:<\/em><\/strong> Con una apuesta firme por la generaci\u00f3n de relevo y el fortalecimiento de la infraestructura deportiva regional, las autoridades anunciaron oficialmente el arranque de la <strong>Liga Profesional de Baloncesto (Copa Venezuela Renace)<\/strong>, la cual tendr\u00e1 como sede inaugural el emblem\u00e1tico <strong>gimnasio cubierto Dr. Antonio Borja Romero<\/strong> de la Universidad del Zulia (LUZ).<\/p>\n<p><img loading=\"lazy\" decoding=\"async\" class=\"alignnone size-full wp-image-118835\" src=\"https:\/\/deportesdigital.com.ve\/public\/wp-content\/uploads\/2026\/09\/1-1.jpg\" alt=\"\" width=\"800\" height=\"470\" \/><\/p>\n<p>El anuncio se realiz\u00f3 durante un encuentro con los medios de comunicaci\u00f3n regionales, encabezado por el presidente del equipo <strong>Gaiteros del Zulia, Omar Barrio<\/strong>; el director de deportes de LUZ y presidente de la Asociaci\u00f3n de Judo, <strong>profesor Carlos D\u00edaz<\/strong>; junto a representantes del gobierno regional y nacional.<\/p>\n<p><strong>Detalles de la temporada y entrada gratuita<\/strong><\/p>\n<p>El salto entre dos inaugural ser\u00e1 el <strong data-sfc-cp=\"\" data-sfc-root=\"ep\" data-complete=\"true\" data-copy-service-computed-style=\"font-family: &quot;Google Sans&quot;, Arial, sans-serif; font-size: 16px; font-weight: 700; margin: 0px; text-decoration: none; border-bottom: 0px rgb(10, 10, 10);\">viernes 25 de septiembre de 2026<\/strong> con el partido entre Cocodrilos de Caracas y Trotamundos de Carabobo en el Parques de las naciones Unidas.<\/p>\n<p>Los musicales debutaran en casa los d\u00edas <strong>domingo 27 y lunes 28 de septiembre<\/strong>, enfrentando al equipo Costaneros de Puerto Cabello en el gimnasio Antonio Borja Romero de la Universidad del Zulia, en lo que representa esta nueva fase de expansi\u00f3n de la liga.<\/p>\n<p><img loading=\"lazy\" decoding=\"async\" class=\"size-full wp-image-118836 aligncenter\" src=\"https:\/\/deportesdigital.com.ve\/public\/wp-content\/uploads\/2026\/09\/2-1.jpg\" alt=\"\" width=\"800\" height=\"589\" \/><\/p>\n<p data-path-to-node=\"2\">Como incentivo especial para la fanaticada y la comunidad universitaria, las autoridades confirmaron que los dos primeros partidos inaugurales en Maracaibo ser\u00e1n totalmente gratis, priorizando el acceso a los estudiantes y amantes del baloncesto.<\/p>\n<p data-path-to-node=\"3\">Gaiteros del Zulia afronta este torneo con una plantilla consolidada que mezcla experiencia y talento joven, incorporando figuras de renombre y d\u00e1ndole protagonismo a cuatro jugadores zulianos dentro de la categor\u00eda Sub-23, cumpliendo con la normativa de desarrollo de nuevos talentos que impulsa la liga.<\/p>\n<p data-path-to-node=\"3\"><img loading=\"lazy\" decoding=\"async\" class=\"alignnone size-full wp-image-118837\" src=\"https:\/\/deportesdigital.com.ve\/public\/wp-content\/uploads\/2026\/09\/WhatsApp-Image-2026-09-03-at-3.20.07-PM.jpeg\" alt=\"\" width=\"1600\" height=\"1066\" \/><\/p>\n<h3 data-path-to-node=\"5\">Estructura del torneo<\/h3>\n<ul>\n<li data-path-to-node=\"6,0,0\"><strong data-path-to-node=\"6,0,0\" data-index-in-node=\"0\">Participantes:<\/strong> 10 equipos divididos en dos conferencias (Occidental y Oriental).<\/li>\n<li data-path-to-node=\"6,1,0\"><strong data-path-to-node=\"6,1,0\" data-index-in-node=\"0\">Formato:<\/strong> 26 partidos en ronda regular, con enfrentamientos de ida y vuelta en casa y carretera.<\/li>\n<li data-path-to-node=\"6,2,0\"><strong data-path-to-node=\"6,2,0\" data-index-in-node=\"0\">Gran Final:<\/strong> Estimada para disputarse el pr\u00f3ximo 21 de diciembre, cerrando un calendario din\u00e1mico de 90 d\u00edas en plena \u00e9poca decembrina y de feria en la regi\u00f3n.<\/li>\n<\/ul>\n<p data-path-to-node=\"7\">El torneo iniciar\u00e1 formalmente el pr\u00f3ximo 25 de septiembre y se extender\u00e1 durante tres meses de intensa competencia, culminando en el mes de diciembre. Esta edici\u00f3n inaugural se disputar\u00e1 bajo el formato de plantilla 100% criolla, resaltando el talento y el nivel de nuestro baloncesto nacional.<\/p>\n<p data-path-to-node=\"8\">Gaiteros del Zulia, formar\u00e1 parte de la Conferencia Occidental, donde competiremos junto a los siguientes equipos:<\/p>\n<ul>\n<li data-path-to-node=\"9,0,0\">Cocodrilos de Caracas<\/li>\n<li data-path-to-node=\"9,1,0\">Pioneros de Caracas<\/li>\n<li data-path-to-node=\"9,2,0\">Trotamundos de Carabobo<\/li>\n<li data-path-to-node=\"9,3,0\">Costaneros de Puerto Cabello<\/li>\n<\/ul>\n<p data-path-to-node=\"10\"><strong>Un espacio renovado para el alto rendimiento<\/strong><\/p>\n<p>Las autoridades destacaron que la elecci\u00f3n del gimnasio Antonio Borja Romero responde a un plan integral de recuperaci\u00f3n del Gimnasio Pedro El\u00edas Belisario Aponte. Bajo la premisa de que <em>\u00abno hay atletas de alto rendimiento sin instalaciones de alto rendimiento\u00bb<\/em>, se ha llevado a cabo una intervenci\u00f3n profunda que abarca:<\/p>\n<ul>\n<li><strong>Infraestructura deportiva:<\/strong> Recuperaci\u00f3n total del tabloncillo, \u00e1reas de fisioterapia, salas de prensa y oficinas administrativas.<\/li>\n<li><strong>\u00c1reas acad\u00e9micas:<\/strong> Climatizaci\u00f3n y reacondicionamiento de los salones superiores destinados a los estudiantes de la Facultad de Educaci\u00f3n F\u00edsica.<\/li>\n<li><strong>Entorno universitario:<\/strong> Trabajos de limpieza, iluminaci\u00f3n y embellecimiento en el corredor vial y accesos principales del n\u00facleo human\u00edstico.<\/li>\n<\/ul>\n<p>Asimismo, se inform\u00f3 que pr\u00f3ximamente se entregar\u00e1 completamente rehabilitado y climatizado el <strong>gimnasio Belisario Aponte<\/strong>, de cara al pr\u00f3ximo Suramericano de Voleibol Femenino que tendr\u00e1 como escenario la ciudad de Maracaibo. Clasificatorio al Mundial Sub-19.<\/p>\n<p><strong><em>Sigue esta y otras #Noticias ingresando a nuestras plataformas digitales Deportes Digital, en Instagram, Facebook, Twitter, y en nuestros grupos de Whatsapp y Telegram.<\/em><\/strong><\/p>\n<p>&nbsp;<\/p>\n<p>&nbsp;<\/p>\n","protected":false},"excerpt":{"rendered":"<p>Los musicales debutaran en casa los d\u00edas domingo 27 y lunes 28 de septiembre, enfrentando al equipo Costaneros de Puerto Cabello en el gimnasio Antonio Borja Romero de la Universidad [&hellip;]<\/p>\n","protected":false},"author":1,"featured_media":118835,"comment_status":"open","ping_status":"closed","sticky":false,"template":"","format":"standard","meta":{"footnotes":""},"categories":[4],"tags":[],"class_list":["post-118834","post","type-post","status-publish","format-standard","has-post-thumbnail","hentry","category-baloncesto","clearfix"],"yoast_head":"<!-- This site is optimized with the Yoast SEO plugin v27.8 - https:\/\/yoast.com\/product\/yoast-seo-wordpress\/ -->\n<title>Anuncian el inicio de la Liga Profesional de Baloncesto en el gimnasio Antonio Borja Romero de LUZ - Deportes Digital<\/title>\n<meta name=\"robots\" content=\"index, follow, max-snippet:-1, max-image-preview:large, max-video-preview:-1\" \/>\n<link rel=\"canonical\" href=\"https:\/\/deportesdigital.com.ve\/public\/anuncian-el-inicio-de-la-liga-profesional-de-baloncesto-en-el-gimnasio-antonio-borja-romero-de-luz\/\" \/>\n<meta property=\"og:locale\" content=\"es_ES\" \/>\n<meta property=\"og:type\" content=\"article\" \/>\n<meta property=\"og:title\" content=\"Anuncian el inicio de la Liga Profesional de Baloncesto en el gimnasio Antonio Borja Romero de LUZ - Deportes Digital\" \/>\n<meta property=\"og:description\" content=\"Los musicales debutaran en casa los d\u00edas domingo 27 y lunes 28 de septiembre, enfrentando al equipo Costaneros de Puerto Cabello en el gimnasio Antonio Borja Romero de la Universidad [&hellip;]\" \/>\n<meta property=\"og:url\" content=\"https:\/\/deportesdigital.com.ve\/public\/anuncian-el-inicio-de-la-liga-profesional-de-baloncesto-en-el-gimnasio-antonio-borja-romero-de-luz\/\" \/>\n<meta property=\"og:site_name\" content=\"Deportes Digital\" \/>\n<meta property=\"article:publisher\" content=\"https:\/\/www.facebook.com\/DeportesDigitalZulia25\" \/>\n<meta property=\"article:published_time\" content=\"2026-09-04T07:27:07+00:00\" \/>\n<meta property=\"og:image\" content=\"https:\/\/deportesdigital.com.ve\/public\/wp-content\/uploads\/2026\/09\/1-1.jpg\" \/>\n\t<meta property=\"og:image:width\" content=\"800\" \/>\n\t<meta property=\"og:image:height\" content=\"470\" \/>\n\t<meta property=\"og:image:type\" content=\"image\/jpeg\" \/>\n<meta name=\"author\" content=\"luisg15\" \/>\n<meta name=\"twitter:card\" content=\"summary_large_image\" \/>\n<meta name=\"twitter:creator\" content=\"@deporteszulia\" \/>\n<meta name=\"twitter:site\" content=\"@deporteszulia\" \/>\n<meta name=\"twitter:label1\" content=\"Escrito por\" \/>\n\t<meta name=\"twitter:data1\" content=\"luisg15\" \/>\n\t<meta name=\"twitter:label2\" content=\"Tiempo de lectura\" \/>\n\t<meta name=\"twitter:data2\" content=\"4 minutos\" \/>\n<script type=\"application\/ld+json\" class=\"yoast-schema-graph\">{\"@context\":\"https:\\\/\\\/schema.org\",\"@graph\":[{\"@type\":\"Article\",\"@id\":\"https:\\\/\\\/deportesdigital.com.ve\\\/public\\\/anuncian-el-inicio-de-la-liga-profesional-de-baloncesto-en-el-gimnasio-antonio-borja-romero-de-luz\\\/#article\",\"isPartOf\":{\"@id\":\"https:\\\/\\\/deportesdigital.com.ve\\\/public\\\/anuncian-el-inicio-de-la-liga-profesional-de-baloncesto-en-el-gimnasio-antonio-borja-romero-de-luz\\\/\"},\"author\":{\"name\":\"luisg15\",\"@id\":\"https:\\\/\\\/deportesdigital.com.ve\\\/public\\\/#\\\/schema\\\/person\\\/57d2f23f17d761b1672066d1905e88a0\"},\"headline\":\"Anuncian el inicio de la Liga Profesional de Baloncesto en el gimnasio Antonio Borja Romero de LUZ\",\"datePublished\":\"2026-09-04T07:27:07+00:00\",\"mainEntityOfPage\":{\"@id\":\"https:\\\/\\\/deportesdigital.com.ve\\\/public\\\/anuncian-el-inicio-de-la-liga-profesional-de-baloncesto-en-el-gimnasio-antonio-borja-romero-de-luz\\\/\"},\"wordCount\":635,\"commentCount\":0,\"publisher\":{\"@id\":\"https:\\\/\\\/deportesdigital.com.ve\\\/public\\\/#organization\"},\"image\":{\"@id\":\"https:\\\/\\\/deportesdigital.com.ve\\\/public\\\/anuncian-el-inicio-de-la-liga-profesional-de-baloncesto-en-el-gimnasio-antonio-borja-romero-de-luz\\\/#primaryimage\"},\"thumbnailUrl\":\"https:\\\/\\\/deportesdigital.com.ve\\\/public\\\/wp-content\\\/uploads\\\/2026\\\/09\\\/1-1.jpg\",\"articleSection\":[\"Baloncesto\"],\"inLanguage\":\"es\",\"potentialAction\":[{\"@type\":\"CommentAction\",\"name\":\"Comment\",\"target\":[\"https:\\\/\\\/deportesdigital.com.ve\\\/public\\\/anuncian-el-inicio-de-la-liga-profesional-de-baloncesto-en-el-gimnasio-antonio-borja-romero-de-luz\\\/#respond\"]}]},{\"@type\":\"WebPage\",\"@id\":\"https:\\\/\\\/deportesdigital.com.ve\\\/public\\\/anuncian-el-inicio-de-la-liga-profesional-de-baloncesto-en-el-gimnasio-antonio-borja-romero-de-luz\\\/\",\"url\":\"https:\\\/\\\/deportesdigital.com.ve\\\/public\\\/anuncian-el-inicio-de-la-liga-profesional-de-baloncesto-en-el-gimnasio-antonio-borja-romero-de-luz\\\/\",\"name\":\"Anuncian el inicio de la Liga Profesional de Baloncesto en el gimnasio Antonio Borja Romero de LUZ - Deportes Digital\",\"isPartOf\":{\"@id\":\"https:\\\/\\\/deportesdigital.com.ve\\\/public\\\/#website\"},\"primaryImageOfPage\":{\"@id\":\"https:\\\/\\\/deportesdigital.com.ve\\\/public\\\/anuncian-el-inicio-de-la-liga-profesional-de-baloncesto-en-el-gimnasio-antonio-borja-romero-de-luz\\\/#primaryimage\"},\"image\":{\"@id\":\"https:\\\/\\\/deportesdigital.com.ve\\\/public\\\/anuncian-el-inicio-de-la-liga-profesional-de-baloncesto-en-el-gimnasio-antonio-borja-romero-de-luz\\\/#primaryimage\"},\"thumbnailUrl\":\"https:\\\/\\\/deportesdigital.com.ve\\\/public\\\/wp-content\\\/uploads\\\/2026\\\/09\\\/1-1.jpg\",\"datePublished\":\"2026-09-04T07:27:07+00:00\",\"breadcrumb\":{\"@id\":\"https:\\\/\\\/deportesdigital.com.ve\\\/public\\\/anuncian-el-inicio-de-la-liga-profesional-de-baloncesto-en-el-gimnasio-antonio-borja-romero-de-luz\\\/#breadcrumb\"},\"inLanguage\":\"es\",\"potentialAction\":[{\"@type\":\"ReadAction\",\"target\":[\"https:\\\/\\\/deportesdigital.com.ve\\\/public\\\/anuncian-el-inicio-de-la-liga-profesional-de-baloncesto-en-el-gimnasio-antonio-borja-romero-de-luz\\\/\"]}]},{\"@type\":\"ImageObject\",\"inLanguage\":\"es\",\"@id\":\"https:\\\/\\\/deportesdigital.com.ve\\\/public\\\/anuncian-el-inicio-de-la-liga-profesional-de-baloncesto-en-el-gimnasio-antonio-borja-romero-de-luz\\\/#primaryimage\",\"url\":\"https:\\\/\\\/deportesdigital.com.ve\\\/public\\\/wp-content\\\/uploads\\\/2026\\\/09\\\/1-1.jpg\",\"contentUrl\":\"https:\\\/\\\/deportesdigital.com.ve\\\/public\\\/wp-content\\\/uploads\\\/2026\\\/09\\\/1-1.jpg\",\"width\":800,\"height\":470},{\"@type\":\"BreadcrumbList\",\"@id\":\"https:\\\/\\\/deportesdigital.com.ve\\\/public\\\/anuncian-el-inicio-de-la-liga-profesional-de-baloncesto-en-el-gimnasio-antonio-borja-romero-de-luz\\\/#breadcrumb\",\"itemListElement\":[{\"@type\":\"ListItem\",\"position\":1,\"name\":\"Portada\",\"item\":\"https:\\\/\\\/deportesdigital.com.ve\\\/public\\\/\"},{\"@type\":\"ListItem\",\"position\":2,\"name\":\"Anuncian el inicio de la Liga Profesional de Baloncesto en el gimnasio Antonio Borja Romero de LUZ\"}]},{\"@type\":\"WebSite\",\"@id\":\"https:\\\/\\\/deportesdigital.com.ve\\\/public\\\/#website\",\"url\":\"https:\\\/\\\/deportesdigital.com.ve\\\/public\\\/\",\"name\":\"Deportes Digital\",\"description\":\"Solo Deportes\",\"publisher\":{\"@id\":\"https:\\\/\\\/deportesdigital.com.ve\\\/public\\\/#organization\"},\"potentialAction\":[{\"@type\":\"SearchAction\",\"target\":{\"@type\":\"EntryPoint\",\"urlTemplate\":\"https:\\\/\\\/deportesdigital.com.ve\\\/public\\\/?s={search_term_string}\"},\"query-input\":{\"@type\":\"PropertyValueSpecification\",\"valueRequired\":true,\"valueName\":\"search_term_string\"}}],\"inLanguage\":\"es\"},{\"@type\":\"Organization\",\"@id\":\"https:\\\/\\\/deportesdigital.com.ve\\\/public\\\/#organization\",\"name\":\"Deportes Digital\",\"url\":\"https:\\\/\\\/deportesdigital.com.ve\\\/public\\\/\",\"logo\":{\"@type\":\"ImageObject\",\"inLanguage\":\"es\",\"@id\":\"https:\\\/\\\/deportesdigital.com.ve\\\/public\\\/#\\\/schema\\\/logo\\\/image\\\/\",\"url\":\"https:\\\/\\\/i0.wp.com\\\/deportesdigital.com.ve\\\/public\\\/wp-content\\\/uploads\\\/2023\\\/09\\\/1677066431475.png?fit=1032%2C624&ssl=1\",\"contentUrl\":\"https:\\\/\\\/i0.wp.com\\\/deportesdigital.com.ve\\\/public\\\/wp-content\\\/uploads\\\/2023\\\/09\\\/1677066431475.png?fit=1032%2C624&ssl=1\",\"width\":1032,\"height\":624,\"caption\":\"Deportes Digital\"},\"image\":{\"@id\":\"https:\\\/\\\/deportesdigital.com.ve\\\/public\\\/#\\\/schema\\\/logo\\\/image\\\/\"},\"sameAs\":[\"https:\\\/\\\/www.facebook.com\\\/DeportesDigitalZulia25\",\"https:\\\/\\\/x.com\\\/deporteszulia\",\"https:\\\/\\\/www.instagram.com\\\/deportesdigitalzulia\\\/\"]},{\"@type\":\"Person\",\"@id\":\"https:\\\/\\\/deportesdigital.com.ve\\\/public\\\/#\\\/schema\\\/person\\\/57d2f23f17d761b1672066d1905e88a0\",\"name\":\"luisg15\",\"image\":{\"@type\":\"ImageObject\",\"inLanguage\":\"es\",\"@id\":\"https:\\\/\\\/secure.gravatar.com\\\/avatar\\\/4d424b63ebd2800d281b824141af3d97c1332dfdda83d70b2057085925af58a3?s=96&d=mm&r=g\",\"url\":\"https:\\\/\\\/secure.gravatar.com\\\/avatar\\\/4d424b63ebd2800d281b824141af3d97c1332dfdda83d70b2057085925af58a3?s=96&d=mm&r=g\",\"contentUrl\":\"https:\\\/\\\/secure.gravatar.com\\\/avatar\\\/4d424b63ebd2800d281b824141af3d97c1332dfdda83d70b2057085925af58a3?s=96&d=mm&r=g\",\"caption\":\"luisg15\"},\"description\":\"Medio de Comunicaci\u00f3n digital dedicado al deporte menor\",\"sameAs\":[\"https:\\\/\\\/deportesdigital.com.ve\\\/public\"],\"url\":\"https:\\\/\\\/deportesdigital.com.ve\\\/public\\\/author\\\/luisg15\\\/\"}]}<\/script>\n<!-- \/ Yoast SEO plugin. -->","yoast_head_json":{"title":"Anuncian el inicio de la Liga Profesional de Baloncesto en el gimnasio Antonio Borja Romero de LUZ - Deportes Digital","robots":{"index":"index","follow":"follow","max-snippet":"max-snippet:-1","max-image-preview":"max-image-preview:large","max-video-preview":"max-video-preview:-1"},"canonical":"https:\/\/deportesdigital.com.ve\/public\/anuncian-el-inicio-de-la-liga-profesional-de-baloncesto-en-el-gimnasio-antonio-borja-romero-de-luz\/","og_locale":"es_ES","og_type":"article","og_title":"Anuncian el inicio de la Liga Profesional de Baloncesto en el gimnasio Antonio Borja Romero de LUZ - Deportes Digital","og_description":"Los musicales debutaran en casa los d\u00edas domingo 27 y lunes 28 de septiembre, enfrentando al equipo Costaneros de Puerto Cabello en el gimnasio Antonio Borja Romero de la Universidad [&hellip;]","og_url":"https:\/\/deportesdigital.com.ve\/public\/anuncian-el-inicio-de-la-liga-profesional-de-baloncesto-en-el-gimnasio-antonio-borja-romero-de-luz\/","og_site_name":"Deportes Digital","article_publisher":"https:\/\/www.facebook.com\/DeportesDigitalZulia25","article_published_time":"2026-09-04T07:27:07+00:00","og_image":[{"width":800,"height":470,"url":"https:\/\/deportesdigital.com.ve\/public\/wp-content\/uploads\/2026\/09\/1-1.jpg","type":"image\/jpeg"}],"author":"luisg15","twitter_card":"summary_large_image","twitter_creator":"@deporteszulia","twitter_site":"@deporteszulia","twitter_misc":{"Escrito por":"luisg15","Tiempo de lectura":"4 minutos"},"schema":{"@context":"https:\/\/schema.org","@graph":[{"@type":"Article","@id":"https:\/\/deportesdigital.com.ve\/public\/anuncian-el-inicio-de-la-liga-profesional-de-baloncesto-en-el-gimnasio-antonio-borja-romero-de-luz\/#article","isPartOf":{"@id":"https:\/\/deportesdigital.com.ve\/public\/anuncian-el-inicio-de-la-liga-profesional-de-baloncesto-en-el-gimnasio-antonio-borja-romero-de-luz\/"},"author":{"name":"luisg15","@id":"https:\/\/deportesdigital.com.ve\/public\/#\/schema\/person\/57d2f23f17d761b1672066d1905e88a0"},"headline":"Anuncian el inicio de la Liga Profesional de Baloncesto en el gimnasio Antonio Borja Romero de LUZ","datePublished":"2026-09-04T07:27:07+00:00","mainEntityOfPage":{"@id":"https:\/\/deportesdigital.com.ve\/public\/anuncian-el-inicio-de-la-liga-profesional-de-baloncesto-en-el-gimnasio-antonio-borja-romero-de-luz\/"},"wordCount":635,"commentCount":0,"publisher":{"@id":"https:\/\/deportesdigital.com.ve\/public\/#organization"},"image":{"@id":"https:\/\/deportesdigital.com.ve\/public\/anuncian-el-inicio-de-la-liga-profesional-de-baloncesto-en-el-gimnasio-antonio-borja-romero-de-luz\/#primaryimage"},"thumbnailUrl":"https:\/\/deportesdigital.com.ve\/public\/wp-content\/uploads\/2026\/09\/1-1.jpg","articleSection":["Baloncesto"],"inLanguage":"es","potentialAction":[{"@type":"CommentAction","name":"Comment","target":["https:\/\/deportesdigital.com.ve\/public\/anuncian-el-inicio-de-la-liga-profesional-de-baloncesto-en-el-gimnasio-antonio-borja-romero-de-luz\/#respond"]}]},{"@type":"WebPage","@id":"https:\/\/deportesdigital.com.ve\/public\/anuncian-el-inicio-de-la-liga-profesional-de-baloncesto-en-el-gimnasio-antonio-borja-romero-de-luz\/","url":"https:\/\/deportesdigital.com.ve\/public\/anuncian-el-inicio-de-la-liga-profesional-de-baloncesto-en-el-gimnasio-antonio-borja-romero-de-luz\/","name":"Anuncian el inicio de la Liga Profesional de Baloncesto en el gimnasio Antonio Borja Romero de LUZ - Deportes Digital","isPartOf":{"@id":"https:\/\/deportesdigital.com.ve\/public\/#website"},"primaryImageOfPage":{"@id":"https:\/\/deportesdigital.com.ve\/public\/anuncian-el-inicio-de-la-liga-profesional-de-baloncesto-en-el-gimnasio-antonio-borja-romero-de-luz\/#primaryimage"},"image":{"@id":"https:\/\/deportesdigital.com.ve\/public\/anuncian-el-inicio-de-la-liga-profesional-de-baloncesto-en-el-gimnasio-antonio-borja-romero-de-luz\/#primaryimage"},"thumbnailUrl":"https:\/\/deportesdigital.com.ve\/public\/wp-content\/uploads\/2026\/09\/1-1.jpg","datePublished":"2026-09-04T07:27:07+00:00","breadcrumb":{"@id":"https:\/\/deportesdigital.com.ve\/public\/anuncian-el-inicio-de-la-liga-profesional-de-baloncesto-en-el-gimnasio-antonio-borja-romero-de-luz\/#breadcrumb"},"inLanguage":"es","potentialAction":[{"@type":"ReadAction","target":["https:\/\/deportesdigital.com.ve\/public\/anuncian-el-inicio-de-la-liga-profesional-de-baloncesto-en-el-gimnasio-antonio-borja-romero-de-luz\/"]}]},{"@type":"ImageObject","inLanguage":"es","@id":"https:\/\/deportesdigital.com.ve\/public\/anuncian-el-inicio-de-la-liga-profesional-de-baloncesto-en-el-gimnasio-antonio-borja-romero-de-luz\/#primaryimage","url":"https:\/\/deportesdigital.com.ve\/public\/wp-content\/uploads\/2026\/09\/1-1.jpg","contentUrl":"https:\/\/deportesdigital.com.ve\/public\/wp-content\/uploads\/2026\/09\/1-1.jpg","width":800,"height":470},{"@type":"BreadcrumbList","@id":"https:\/\/deportesdigital.com.ve\/public\/anuncian-el-inicio-de-la-liga-profesional-de-baloncesto-en-el-gimnasio-antonio-borja-romero-de-luz\/#breadcrumb","itemListElement":[{"@type":"ListItem","position":1,"name":"Portada","item":"https:\/\/deportesdigital.com.ve\/public\/"},{"@type":"ListItem","position":2,"name":"Anuncian el inicio de la Liga Profesional de Baloncesto en el gimnasio Antonio Borja Romero de LUZ"}]},{"@type":"WebSite","@id":"https:\/\/deportesdigital.com.ve\/public\/#website","url":"https:\/\/deportesdigital.com.ve\/public\/","name":"Deportes Digital","description":"Solo Deportes","publisher":{"@id":"https:\/\/deportesdigital.com.ve\/public\/#organization"},"potentialAction":[{"@type":"SearchAction","target":{"@type":"EntryPoint","urlTemplate":"https:\/\/deportesdigital.com.ve\/public\/?s={search_term_string}"},"query-input":{"@type":"PropertyValueSpecification","valueRequired":true,"valueName":"search_term_string"}}],"inLanguage":"es"},{"@type":"Organization","@id":"https:\/\/deportesdigital.com.ve\/public\/#organization","name":"Deportes Digital","url":"https:\/\/deportesdigital.com.ve\/public\/","logo":{"@type":"ImageObject","inLanguage":"es","@id":"https:\/\/deportesdigital.com.ve\/public\/#\/schema\/logo\/image\/","url":"https:\/\/i0.wp.com\/deportesdigital.com.ve\/public\/wp-content\/uploads\/2023\/09\/1677066431475.png?fit=1032%2C624&ssl=1","contentUrl":"https:\/\/i0.wp.com\/deportesdigital.com.ve\/public\/wp-content\/uploads\/2023\/09\/1677066431475.png?fit=1032%2C624&ssl=1","width":1032,"height":624,"caption":"Deportes Digital"},"image":{"@id":"https:\/\/deportesdigital.com.ve\/public\/#\/schema\/logo\/image\/"},"sameAs":["https:\/\/www.facebook.com\/DeportesDigitalZulia25","https:\/\/x.com\/deporteszulia","https:\/\/www.instagram.com\/deportesdigitalzulia\/"]},{"@type":"Person","@id":"https:\/\/deportesdigital.com.ve\/public\/#\/schema\/person\/57d2f23f17d761b1672066d1905e88a0","name":"luisg15","image":{"@type":"ImageObject","inLanguage":"es","@id":"https:\/\/secure.gravatar.com\/avatar\/4d424b63ebd2800d281b824141af3d97c1332dfdda83d70b2057085925af58a3?s=96&d=mm&r=g","url":"https:\/\/secure.gravatar.com\/avatar\/4d424b63ebd2800d281b824141af3d97c1332dfdda83d70b2057085925af58a3?s=96&d=mm&r=g","contentUrl":"https:\/\/secure.gravatar.com\/avatar\/4d424b63ebd2800d281b824141af3d97c1332dfdda83d70b2057085925af58a3?s=96&d=mm&r=g","caption":"luisg15"},"description":"Medio de Comunicaci\u00f3n digital dedicado al deporte menor","sameAs":["https:\/\/deportesdigital.com.ve\/public"],"url":"https:\/\/deportesdigital.com.ve\/public\/author\/luisg15\/"}]}},"_links":{"self":[{"href":"https:\/\/deportesdigital.com.ve\/public\/wp-json\/wp\/v2\/posts\/118834","targetHints":{"allow":["GET"]}}],"collection":[{"href":"https:\/\/deportesdigital.com.ve\/public\/wp-json\/wp\/v2\/posts"}],"about":[{"href":"https:\/\/deportesdigital.com.ve\/public\/wp-json\/wp\/v2\/types\/post"}],"author":[{"embeddable":true,"href":"https:\/\/deportesdigital.com.ve\/public\/wp-json\/wp\/v2\/users\/1"}],"replies":[{"embeddable":true,"href":"https:\/\/deportesdigital.com.ve\/public\/wp-json\/wp\/v2\/comments?post=118834"}],"version-history":[{"count":2,"href":"https:\/\/deportesdigital.com.ve\/public\/wp-json\/wp\/v2\/posts\/118834\/revisions"}],"predecessor-version":[{"id":118839,"href":"https:\/\/deportesdigital.com.ve\/public\/wp-json\/wp\/v2\/posts\/118834\/revisions\/118839"}],"wp:featuredmedia":[{"embeddable":true,"href":"https:\/\/deportesdigital.com.ve\/public\/wp-json\/wp\/v2\/media\/118835"}],"wp:attachment":[{"href":"https:\/\/deportesdigital.com.ve\/public\/wp-json\/wp\/v2\/media?parent=118834"}],"wp:term":[{"taxonomy":"category","embeddable":true,"href":"https:\/\/deportesdigital.com.ve\/public\/wp-json\/wp\/v2\/categories?post=118834"},{"taxonomy":"post_tag","embeddable":true,"href":"https:\/\/deportesdigital.com.ve\/public\/wp-json\/wp\/v2\/tags?post=118834"}],"curies":[{"name":"wp","href":"https:\/\/api.w.org\/{rel}","templated":true}]}}