{"id":118775,"date":"2026-09-01T23:40:19","date_gmt":"2026-09-02T03:40:19","guid":{"rendered":"https:\/\/deportesdigital.com.ve\/public\/?p=118775"},"modified":"2026-09-01T23:40:19","modified_gmt":"2026-09-02T03:40:19","slug":"el-prospecto-ethan-salas-recibe-el-llamado-a-las-grandes-ligas-con-los-padres-de-san-diego","status":"publish","type":"post","link":"https:\/\/deportesdigital.com.ve\/public\/el-prospecto-ethan-salas-recibe-el-llamado-a-las-grandes-ligas-con-los-padres-de-san-diego\/","title":{"rendered":"El prospecto Ethan Salas recibe el llamado a las Grandes Ligas con los Padres de San Diego"},"content":{"rendered":"<p><strong><em>De ver acci\u00f3n en el terreno, Salas se convertir\u00e1 en el receptor m\u00e1s joven en disputar un juego de Grandes Ligas desde que lo hizo el puertorrique\u00f1o Iv\u00e1n \u00abPudge\u00bb Rodr\u00edguez en 1991.<\/em><\/strong><\/p>\n<hr \/>\n<p><strong><em>Agencias<\/em><\/strong>: Los <strong data-path-to-node=\"1\" data-index-in-node=\"4\">Padres de San Diego<\/strong> han convocado al receptor venezolano <strong data-path-to-node=\"1\" data-index-in-node=\"61\">Ethan Salas<\/strong> a las Grandes Ligas, aprovechando la tradicional expansi\u00f3n de rosters de septiembre. Con esta decisi\u00f3n adelantada por el periodista Kevin Acee (<em data-path-to-node=\"1\" data-index-in-node=\"217\">The San Diego Union-Tribune<\/em>), el talentoso careta de 20 a\u00f1os, quien en la pelota rentada nacional pertenece a las <strong data-path-to-node=\"1\" data-index-in-node=\"331\">\u00c1guilas del Zulia<\/strong> se encuentra a un paso de convertirse en el <strong data-path-to-node=\"1\" data-index-in-node=\"394\">venezolano n\u00famero 17<\/strong> en debutar en la presente temporada de la MLB.<\/p>\n<p><strong>Un ascenso respaldado por el rendimiento<\/strong><\/p>\n<p data-path-to-node=\"4\">Clasificado como el <strong data-path-to-node=\"4\" data-index-in-node=\"20\">prospecto n\u00famero 23 de todo el b\u00e9isbol<\/strong> seg\u00fan MLB Pipeline, Salas se gan\u00f3 el llamado tras brillar en las sucursales de la organizaci\u00f3n californiana:<\/p>\n<p data-path-to-node=\"5,0,0\"><strong data-path-to-node=\"5,0,0\" data-index-in-node=\"0\">Doble-A (San Antonio Missions):<\/strong> Disput\u00f3 72 encuentros con promedio de <strong data-path-to-node=\"5,0,0\" data-index-in-node=\"70\">.286<\/strong>, 13 dobles, 7 cuadrangulares, 37 impulsadas y un OPS de <strong data-path-to-node=\"5,0,0\" data-index-in-node=\"131\">.778<\/strong>, m\u00e9ritos que lo llevaron a su segundo <em data-path-to-node=\"5,0,0\" data-index-in-node=\"174\">Juego de Futuras Estrellas<\/em> consecutivo en Filadelfia.<\/p>\n<p data-path-to-node=\"5,1,0\"><strong data-path-to-node=\"5,1,0\" data-index-in-node=\"0\">Triple-A (El Paso Chihuahuas):<\/strong> Tras su llegada el 29 de julio, mantuvo un ritmo arrollador con promedio de <strong data-path-to-node=\"5,1,0\" data-index-in-node=\"107\">.326<\/strong>, OBP de <strong data-path-to-node=\"5,1,0\" data-index-in-node=\"120\">.410<\/strong>, slugging de <strong data-path-to-node=\"5,1,0\" data-index-in-node=\"138\">.529<\/strong> y un OPS de <strong data-path-to-node=\"5,1,0\" data-index-in-node=\"155\">.949<\/strong> en 105 apariciones en el plato.<\/p>\n<p data-path-to-node=\"7\"><strong>Hitos y proyecciones hist\u00f3ricas<\/strong><\/p>\n<p data-path-to-node=\"8,0,0\"><strong data-path-to-node=\"8,0,0\" data-index-in-node=\"0\">R\u00e9cord hist\u00f3rico:<\/strong> De ver acci\u00f3n en el terreno, Salas se convertir\u00e1 en el <strong data-path-to-node=\"8,0,0\" data-index-in-node=\"73\">receptor m\u00e1s joven<\/strong> en disputar un juego de Grandes Ligas <strong data-path-to-node=\"8,0,0\" data-index-in-node=\"130\">desde que lo hizo el puertorrique\u00f1o Iv\u00e1n \u00abPudge\u00bb Rodr\u00edguez en 1991<\/strong>.<\/p>\n<p data-path-to-node=\"8,1,0\"><strong data-path-to-node=\"8,1,0\" data-index-in-node=\"0\">Orgullo zuliano:<\/strong> Su inminente debut genera un enorme j\u00fabilo en la afici\u00f3n occidental y en la propia divisa rapaz (<strong data-path-to-node=\"8,1,0\" data-index-in-node=\"114\">\u00c1guilas del Zulia<\/strong>), que sigue de cerca los pasos de su joven figura rumbo al mejor b\u00e9isbol del mundo.<\/p>\n<p data-path-to-node=\"8,2,0\"><strong data-path-to-node=\"8,2,0\" data-index-in-node=\"0\">Paralelismo estelar:<\/strong> Al igual que Fernando Tatis Jr. en 2019, Salas se une a la selecta lista de j\u00f3venes talentos que llegan al equipo grande de San Diego, superando con car\u00e1cter la lesi\u00f3n de espalda que lo afect\u00f3 en 2025.<\/p>\n<p data-path-to-node=\"8,3,0\"><strong data-path-to-node=\"8,3,0\" data-index-in-node=\"0\">Aporte ofensivo:<\/strong> Su condici\u00f3n de bateador zurdo llega en un momento clave para brindarle profundidad al equipo ante las ausencias de Gavin Sheets y Luis Rengifo.<\/p>\n<p data-path-to-node=\"9\">La organizaci\u00f3n de San Diego reafirma de esta manera su confianza en la madurez y la reconocida solvencia defensiva de su joya de la cantera, desatando una gran expectativa en Venezuela por presenciar el hist\u00f3rico estreno del careta.<\/p>\n<p><strong><em>Sigue esta y otras #Noticias ingresando a nuestras plataformas digitales Deportes Digital, en Instagram, Facebook, Twitter, y en nuestros grupos de Whatsapp y Telegram.<\/em><\/strong><\/p>\n<p><strong><em>\u00a0<\/em><\/strong><\/p>\n<p>&nbsp;<\/p>\n","protected":false},"excerpt":{"rendered":"<p>De ver acci\u00f3n en el terreno, Salas se convertir\u00e1 en el receptor m\u00e1s joven en disputar un juego de Grandes Ligas desde que lo hizo el puertorrique\u00f1o Iv\u00e1n \u00abPudge\u00bb Rodr\u00edguez [&hellip;]<\/p>\n","protected":false},"author":1,"featured_media":118776,"comment_status":"open","ping_status":"closed","sticky":false,"template":"","format":"standard","meta":{"footnotes":""},"categories":[2],"tags":[],"class_list":["post-118775","post","type-post","status-publish","format-standard","has-post-thumbnail","hentry","category-beisbol","clearfix"],"yoast_head":"<!-- This site is optimized with the Yoast SEO plugin v27.8 - https:\/\/yoast.com\/product\/yoast-seo-wordpress\/ -->\n<title>El prospecto Ethan Salas recibe el llamado a las Grandes Ligas con los Padres de San Diego - Deportes Digital<\/title>\n<meta name=\"robots\" content=\"index, follow, max-snippet:-1, max-image-preview:large, max-video-preview:-1\" \/>\n<link rel=\"canonical\" href=\"https:\/\/deportesdigital.com.ve\/public\/el-prospecto-ethan-salas-recibe-el-llamado-a-las-grandes-ligas-con-los-padres-de-san-diego\/\" \/>\n<meta property=\"og:locale\" content=\"es_ES\" \/>\n<meta property=\"og:type\" content=\"article\" \/>\n<meta property=\"og:title\" content=\"El prospecto Ethan Salas recibe el llamado a las Grandes Ligas con los Padres de San Diego - Deportes Digital\" \/>\n<meta property=\"og:description\" content=\"De ver acci\u00f3n en el terreno, Salas se convertir\u00e1 en el receptor m\u00e1s joven en disputar un juego de Grandes Ligas desde que lo hizo el puertorrique\u00f1o Iv\u00e1n \u00abPudge\u00bb Rodr\u00edguez [&hellip;]\" \/>\n<meta property=\"og:url\" content=\"https:\/\/deportesdigital.com.ve\/public\/el-prospecto-ethan-salas-recibe-el-llamado-a-las-grandes-ligas-con-los-padres-de-san-diego\/\" \/>\n<meta property=\"og:site_name\" content=\"Deportes Digital\" \/>\n<meta property=\"article:publisher\" content=\"https:\/\/www.facebook.com\/DeportesDigitalZulia25\" \/>\n<meta property=\"article:published_time\" content=\"2026-09-02T03:40:19+00:00\" \/>\n<meta property=\"og:image\" content=\"https:\/\/deportesdigital.com.ve\/public\/wp-content\/uploads\/2026\/09\/ethan-salas-receptor-joven-mlb.jpg\" \/>\n\t<meta property=\"og:image:width\" content=\"942\" \/>\n\t<meta property=\"og:image:height\" content=\"532\" \/>\n\t<meta property=\"og:image:type\" content=\"image\/jpeg\" \/>\n<meta name=\"author\" content=\"luisg15\" \/>\n<meta name=\"twitter:card\" content=\"summary_large_image\" \/>\n<meta name=\"twitter:creator\" content=\"@deporteszulia\" \/>\n<meta name=\"twitter:site\" content=\"@deporteszulia\" \/>\n<meta name=\"twitter:label1\" content=\"Escrito por\" \/>\n\t<meta name=\"twitter:data1\" content=\"luisg15\" \/>\n\t<meta name=\"twitter:label2\" content=\"Tiempo de lectura\" \/>\n\t<meta name=\"twitter:data2\" content=\"3 minutos\" \/>\n<script type=\"application\/ld+json\" class=\"yoast-schema-graph\">{\"@context\":\"https:\\\/\\\/schema.org\",\"@graph\":[{\"@type\":\"Article\",\"@id\":\"https:\\\/\\\/deportesdigital.com.ve\\\/public\\\/el-prospecto-ethan-salas-recibe-el-llamado-a-las-grandes-ligas-con-los-padres-de-san-diego\\\/#article\",\"isPartOf\":{\"@id\":\"https:\\\/\\\/deportesdigital.com.ve\\\/public\\\/el-prospecto-ethan-salas-recibe-el-llamado-a-las-grandes-ligas-con-los-padres-de-san-diego\\\/\"},\"author\":{\"name\":\"luisg15\",\"@id\":\"https:\\\/\\\/deportesdigital.com.ve\\\/public\\\/#\\\/schema\\\/person\\\/57d2f23f17d761b1672066d1905e88a0\"},\"headline\":\"El prospecto Ethan Salas recibe el llamado a las Grandes Ligas con los Padres de San Diego\",\"datePublished\":\"2026-09-02T03:40:19+00:00\",\"mainEntityOfPage\":{\"@id\":\"https:\\\/\\\/deportesdigital.com.ve\\\/public\\\/el-prospecto-ethan-salas-recibe-el-llamado-a-las-grandes-ligas-con-los-padres-de-san-diego\\\/\"},\"wordCount\":448,\"commentCount\":0,\"publisher\":{\"@id\":\"https:\\\/\\\/deportesdigital.com.ve\\\/public\\\/#organization\"},\"image\":{\"@id\":\"https:\\\/\\\/deportesdigital.com.ve\\\/public\\\/el-prospecto-ethan-salas-recibe-el-llamado-a-las-grandes-ligas-con-los-padres-de-san-diego\\\/#primaryimage\"},\"thumbnailUrl\":\"https:\\\/\\\/deportesdigital.com.ve\\\/public\\\/wp-content\\\/uploads\\\/2026\\\/09\\\/ethan-salas-receptor-joven-mlb.jpg\",\"articleSection\":[\"B\u00e9isbol\"],\"inLanguage\":\"es\",\"potentialAction\":[{\"@type\":\"CommentAction\",\"name\":\"Comment\",\"target\":[\"https:\\\/\\\/deportesdigital.com.ve\\\/public\\\/el-prospecto-ethan-salas-recibe-el-llamado-a-las-grandes-ligas-con-los-padres-de-san-diego\\\/#respond\"]}]},{\"@type\":\"WebPage\",\"@id\":\"https:\\\/\\\/deportesdigital.com.ve\\\/public\\\/el-prospecto-ethan-salas-recibe-el-llamado-a-las-grandes-ligas-con-los-padres-de-san-diego\\\/\",\"url\":\"https:\\\/\\\/deportesdigital.com.ve\\\/public\\\/el-prospecto-ethan-salas-recibe-el-llamado-a-las-grandes-ligas-con-los-padres-de-san-diego\\\/\",\"name\":\"El prospecto Ethan Salas recibe el llamado a las Grandes Ligas con los Padres de San Diego - Deportes Digital\",\"isPartOf\":{\"@id\":\"https:\\\/\\\/deportesdigital.com.ve\\\/public\\\/#website\"},\"primaryImageOfPage\":{\"@id\":\"https:\\\/\\\/deportesdigital.com.ve\\\/public\\\/el-prospecto-ethan-salas-recibe-el-llamado-a-las-grandes-ligas-con-los-padres-de-san-diego\\\/#primaryimage\"},\"image\":{\"@id\":\"https:\\\/\\\/deportesdigital.com.ve\\\/public\\\/el-prospecto-ethan-salas-recibe-el-llamado-a-las-grandes-ligas-con-los-padres-de-san-diego\\\/#primaryimage\"},\"thumbnailUrl\":\"https:\\\/\\\/deportesdigital.com.ve\\\/public\\\/wp-content\\\/uploads\\\/2026\\\/09\\\/ethan-salas-receptor-joven-mlb.jpg\",\"datePublished\":\"2026-09-02T03:40:19+00:00\",\"breadcrumb\":{\"@id\":\"https:\\\/\\\/deportesdigital.com.ve\\\/public\\\/el-prospecto-ethan-salas-recibe-el-llamado-a-las-grandes-ligas-con-los-padres-de-san-diego\\\/#breadcrumb\"},\"inLanguage\":\"es\",\"potentialAction\":[{\"@type\":\"ReadAction\",\"target\":[\"https:\\\/\\\/deportesdigital.com.ve\\\/public\\\/el-prospecto-ethan-salas-recibe-el-llamado-a-las-grandes-ligas-con-los-padres-de-san-diego\\\/\"]}]},{\"@type\":\"ImageObject\",\"inLanguage\":\"es\",\"@id\":\"https:\\\/\\\/deportesdigital.com.ve\\\/public\\\/el-prospecto-ethan-salas-recibe-el-llamado-a-las-grandes-ligas-con-los-padres-de-san-diego\\\/#primaryimage\",\"url\":\"https:\\\/\\\/deportesdigital.com.ve\\\/public\\\/wp-content\\\/uploads\\\/2026\\\/09\\\/ethan-salas-receptor-joven-mlb.jpg\",\"contentUrl\":\"https:\\\/\\\/deportesdigital.com.ve\\\/public\\\/wp-content\\\/uploads\\\/2026\\\/09\\\/ethan-salas-receptor-joven-mlb.jpg\",\"width\":942,\"height\":532},{\"@type\":\"BreadcrumbList\",\"@id\":\"https:\\\/\\\/deportesdigital.com.ve\\\/public\\\/el-prospecto-ethan-salas-recibe-el-llamado-a-las-grandes-ligas-con-los-padres-de-san-diego\\\/#breadcrumb\",\"itemListElement\":[{\"@type\":\"ListItem\",\"position\":1,\"name\":\"Portada\",\"item\":\"https:\\\/\\\/deportesdigital.com.ve\\\/public\\\/\"},{\"@type\":\"ListItem\",\"position\":2,\"name\":\"El prospecto Ethan Salas recibe el llamado a las Grandes Ligas con los Padres de San Diego\"}]},{\"@type\":\"WebSite\",\"@id\":\"https:\\\/\\\/deportesdigital.com.ve\\\/public\\\/#website\",\"url\":\"https:\\\/\\\/deportesdigital.com.ve\\\/public\\\/\",\"name\":\"Deportes Digital\",\"description\":\"Solo Deportes\",\"publisher\":{\"@id\":\"https:\\\/\\\/deportesdigital.com.ve\\\/public\\\/#organization\"},\"potentialAction\":[{\"@type\":\"SearchAction\",\"target\":{\"@type\":\"EntryPoint\",\"urlTemplate\":\"https:\\\/\\\/deportesdigital.com.ve\\\/public\\\/?s={search_term_string}\"},\"query-input\":{\"@type\":\"PropertyValueSpecification\",\"valueRequired\":true,\"valueName\":\"search_term_string\"}}],\"inLanguage\":\"es\"},{\"@type\":\"Organization\",\"@id\":\"https:\\\/\\\/deportesdigital.com.ve\\\/public\\\/#organization\",\"name\":\"Deportes Digital\",\"url\":\"https:\\\/\\\/deportesdigital.com.ve\\\/public\\\/\",\"logo\":{\"@type\":\"ImageObject\",\"inLanguage\":\"es\",\"@id\":\"https:\\\/\\\/deportesdigital.com.ve\\\/public\\\/#\\\/schema\\\/logo\\\/image\\\/\",\"url\":\"https:\\\/\\\/i0.wp.com\\\/deportesdigital.com.ve\\\/public\\\/wp-content\\\/uploads\\\/2023\\\/09\\\/1677066431475.png?fit=1032%2C624&ssl=1\",\"contentUrl\":\"https:\\\/\\\/i0.wp.com\\\/deportesdigital.com.ve\\\/public\\\/wp-content\\\/uploads\\\/2023\\\/09\\\/1677066431475.png?fit=1032%2C624&ssl=1\",\"width\":1032,\"height\":624,\"caption\":\"Deportes Digital\"},\"image\":{\"@id\":\"https:\\\/\\\/deportesdigital.com.ve\\\/public\\\/#\\\/schema\\\/logo\\\/image\\\/\"},\"sameAs\":[\"https:\\\/\\\/www.facebook.com\\\/DeportesDigitalZulia25\",\"https:\\\/\\\/x.com\\\/deporteszulia\",\"https:\\\/\\\/www.instagram.com\\\/deportesdigitalzulia\\\/\"]},{\"@type\":\"Person\",\"@id\":\"https:\\\/\\\/deportesdigital.com.ve\\\/public\\\/#\\\/schema\\\/person\\\/57d2f23f17d761b1672066d1905e88a0\",\"name\":\"luisg15\",\"image\":{\"@type\":\"ImageObject\",\"inLanguage\":\"es\",\"@id\":\"https:\\\/\\\/secure.gravatar.com\\\/avatar\\\/4d424b63ebd2800d281b824141af3d97c1332dfdda83d70b2057085925af58a3?s=96&d=mm&r=g\",\"url\":\"https:\\\/\\\/secure.gravatar.com\\\/avatar\\\/4d424b63ebd2800d281b824141af3d97c1332dfdda83d70b2057085925af58a3?s=96&d=mm&r=g\",\"contentUrl\":\"https:\\\/\\\/secure.gravatar.com\\\/avatar\\\/4d424b63ebd2800d281b824141af3d97c1332dfdda83d70b2057085925af58a3?s=96&d=mm&r=g\",\"caption\":\"luisg15\"},\"description\":\"Medio de Comunicaci\u00f3n digital dedicado al deporte menor\",\"sameAs\":[\"https:\\\/\\\/deportesdigital.com.ve\\\/public\"],\"url\":\"https:\\\/\\\/deportesdigital.com.ve\\\/public\\\/author\\\/luisg15\\\/\"}]}<\/script>\n<!-- \/ Yoast SEO plugin. -->","yoast_head_json":{"title":"El prospecto Ethan Salas recibe el llamado a las Grandes Ligas con los Padres de San Diego - Deportes Digital","robots":{"index":"index","follow":"follow","max-snippet":"max-snippet:-1","max-image-preview":"max-image-preview:large","max-video-preview":"max-video-preview:-1"},"canonical":"https:\/\/deportesdigital.com.ve\/public\/el-prospecto-ethan-salas-recibe-el-llamado-a-las-grandes-ligas-con-los-padres-de-san-diego\/","og_locale":"es_ES","og_type":"article","og_title":"El prospecto Ethan Salas recibe el llamado a las Grandes Ligas con los Padres de San Diego - Deportes Digital","og_description":"De ver acci\u00f3n en el terreno, Salas se convertir\u00e1 en el receptor m\u00e1s joven en disputar un juego de Grandes Ligas desde que lo hizo el puertorrique\u00f1o Iv\u00e1n \u00abPudge\u00bb Rodr\u00edguez [&hellip;]","og_url":"https:\/\/deportesdigital.com.ve\/public\/el-prospecto-ethan-salas-recibe-el-llamado-a-las-grandes-ligas-con-los-padres-de-san-diego\/","og_site_name":"Deportes Digital","article_publisher":"https:\/\/www.facebook.com\/DeportesDigitalZulia25","article_published_time":"2026-09-02T03:40:19+00:00","og_image":[{"width":942,"height":532,"url":"https:\/\/deportesdigital.com.ve\/public\/wp-content\/uploads\/2026\/09\/ethan-salas-receptor-joven-mlb.jpg","type":"image\/jpeg"}],"author":"luisg15","twitter_card":"summary_large_image","twitter_creator":"@deporteszulia","twitter_site":"@deporteszulia","twitter_misc":{"Escrito por":"luisg15","Tiempo de lectura":"3 minutos"},"schema":{"@context":"https:\/\/schema.org","@graph":[{"@type":"Article","@id":"https:\/\/deportesdigital.com.ve\/public\/el-prospecto-ethan-salas-recibe-el-llamado-a-las-grandes-ligas-con-los-padres-de-san-diego\/#article","isPartOf":{"@id":"https:\/\/deportesdigital.com.ve\/public\/el-prospecto-ethan-salas-recibe-el-llamado-a-las-grandes-ligas-con-los-padres-de-san-diego\/"},"author":{"name":"luisg15","@id":"https:\/\/deportesdigital.com.ve\/public\/#\/schema\/person\/57d2f23f17d761b1672066d1905e88a0"},"headline":"El prospecto Ethan Salas recibe el llamado a las Grandes Ligas con los Padres de San Diego","datePublished":"2026-09-02T03:40:19+00:00","mainEntityOfPage":{"@id":"https:\/\/deportesdigital.com.ve\/public\/el-prospecto-ethan-salas-recibe-el-llamado-a-las-grandes-ligas-con-los-padres-de-san-diego\/"},"wordCount":448,"commentCount":0,"publisher":{"@id":"https:\/\/deportesdigital.com.ve\/public\/#organization"},"image":{"@id":"https:\/\/deportesdigital.com.ve\/public\/el-prospecto-ethan-salas-recibe-el-llamado-a-las-grandes-ligas-con-los-padres-de-san-diego\/#primaryimage"},"thumbnailUrl":"https:\/\/deportesdigital.com.ve\/public\/wp-content\/uploads\/2026\/09\/ethan-salas-receptor-joven-mlb.jpg","articleSection":["B\u00e9isbol"],"inLanguage":"es","potentialAction":[{"@type":"CommentAction","name":"Comment","target":["https:\/\/deportesdigital.com.ve\/public\/el-prospecto-ethan-salas-recibe-el-llamado-a-las-grandes-ligas-con-los-padres-de-san-diego\/#respond"]}]},{"@type":"WebPage","@id":"https:\/\/deportesdigital.com.ve\/public\/el-prospecto-ethan-salas-recibe-el-llamado-a-las-grandes-ligas-con-los-padres-de-san-diego\/","url":"https:\/\/deportesdigital.com.ve\/public\/el-prospecto-ethan-salas-recibe-el-llamado-a-las-grandes-ligas-con-los-padres-de-san-diego\/","name":"El prospecto Ethan Salas recibe el llamado a las Grandes Ligas con los Padres de San Diego - Deportes Digital","isPartOf":{"@id":"https:\/\/deportesdigital.com.ve\/public\/#website"},"primaryImageOfPage":{"@id":"https:\/\/deportesdigital.com.ve\/public\/el-prospecto-ethan-salas-recibe-el-llamado-a-las-grandes-ligas-con-los-padres-de-san-diego\/#primaryimage"},"image":{"@id":"https:\/\/deportesdigital.com.ve\/public\/el-prospecto-ethan-salas-recibe-el-llamado-a-las-grandes-ligas-con-los-padres-de-san-diego\/#primaryimage"},"thumbnailUrl":"https:\/\/deportesdigital.com.ve\/public\/wp-content\/uploads\/2026\/09\/ethan-salas-receptor-joven-mlb.jpg","datePublished":"2026-09-02T03:40:19+00:00","breadcrumb":{"@id":"https:\/\/deportesdigital.com.ve\/public\/el-prospecto-ethan-salas-recibe-el-llamado-a-las-grandes-ligas-con-los-padres-de-san-diego\/#breadcrumb"},"inLanguage":"es","potentialAction":[{"@type":"ReadAction","target":["https:\/\/deportesdigital.com.ve\/public\/el-prospecto-ethan-salas-recibe-el-llamado-a-las-grandes-ligas-con-los-padres-de-san-diego\/"]}]},{"@type":"ImageObject","inLanguage":"es","@id":"https:\/\/deportesdigital.com.ve\/public\/el-prospecto-ethan-salas-recibe-el-llamado-a-las-grandes-ligas-con-los-padres-de-san-diego\/#primaryimage","url":"https:\/\/deportesdigital.com.ve\/public\/wp-content\/uploads\/2026\/09\/ethan-salas-receptor-joven-mlb.jpg","contentUrl":"https:\/\/deportesdigital.com.ve\/public\/wp-content\/uploads\/2026\/09\/ethan-salas-receptor-joven-mlb.jpg","width":942,"height":532},{"@type":"BreadcrumbList","@id":"https:\/\/deportesdigital.com.ve\/public\/el-prospecto-ethan-salas-recibe-el-llamado-a-las-grandes-ligas-con-los-padres-de-san-diego\/#breadcrumb","itemListElement":[{"@type":"ListItem","position":1,"name":"Portada","item":"https:\/\/deportesdigital.com.ve\/public\/"},{"@type":"ListItem","position":2,"name":"El prospecto Ethan Salas recibe el llamado a las Grandes Ligas con los Padres de San Diego"}]},{"@type":"WebSite","@id":"https:\/\/deportesdigital.com.ve\/public\/#website","url":"https:\/\/deportesdigital.com.ve\/public\/","name":"Deportes Digital","description":"Solo Deportes","publisher":{"@id":"https:\/\/deportesdigital.com.ve\/public\/#organization"},"potentialAction":[{"@type":"SearchAction","target":{"@type":"EntryPoint","urlTemplate":"https:\/\/deportesdigital.com.ve\/public\/?s={search_term_string}"},"query-input":{"@type":"PropertyValueSpecification","valueRequired":true,"valueName":"search_term_string"}}],"inLanguage":"es"},{"@type":"Organization","@id":"https:\/\/deportesdigital.com.ve\/public\/#organization","name":"Deportes Digital","url":"https:\/\/deportesdigital.com.ve\/public\/","logo":{"@type":"ImageObject","inLanguage":"es","@id":"https:\/\/deportesdigital.com.ve\/public\/#\/schema\/logo\/image\/","url":"https:\/\/i0.wp.com\/deportesdigital.com.ve\/public\/wp-content\/uploads\/2023\/09\/1677066431475.png?fit=1032%2C624&ssl=1","contentUrl":"https:\/\/i0.wp.com\/deportesdigital.com.ve\/public\/wp-content\/uploads\/2023\/09\/1677066431475.png?fit=1032%2C624&ssl=1","width":1032,"height":624,"caption":"Deportes Digital"},"image":{"@id":"https:\/\/deportesdigital.com.ve\/public\/#\/schema\/logo\/image\/"},"sameAs":["https:\/\/www.facebook.com\/DeportesDigitalZulia25","https:\/\/x.com\/deporteszulia","https:\/\/www.instagram.com\/deportesdigitalzulia\/"]},{"@type":"Person","@id":"https:\/\/deportesdigital.com.ve\/public\/#\/schema\/person\/57d2f23f17d761b1672066d1905e88a0","name":"luisg15","image":{"@type":"ImageObject","inLanguage":"es","@id":"https:\/\/secure.gravatar.com\/avatar\/4d424b63ebd2800d281b824141af3d97c1332dfdda83d70b2057085925af58a3?s=96&d=mm&r=g","url":"https:\/\/secure.gravatar.com\/avatar\/4d424b63ebd2800d281b824141af3d97c1332dfdda83d70b2057085925af58a3?s=96&d=mm&r=g","contentUrl":"https:\/\/secure.gravatar.com\/avatar\/4d424b63ebd2800d281b824141af3d97c1332dfdda83d70b2057085925af58a3?s=96&d=mm&r=g","caption":"luisg15"},"description":"Medio de Comunicaci\u00f3n digital dedicado al deporte menor","sameAs":["https:\/\/deportesdigital.com.ve\/public"],"url":"https:\/\/deportesdigital.com.ve\/public\/author\/luisg15\/"}]}},"_links":{"self":[{"href":"https:\/\/deportesdigital.com.ve\/public\/wp-json\/wp\/v2\/posts\/118775","targetHints":{"allow":["GET"]}}],"collection":[{"href":"https:\/\/deportesdigital.com.ve\/public\/wp-json\/wp\/v2\/posts"}],"about":[{"href":"https:\/\/deportesdigital.com.ve\/public\/wp-json\/wp\/v2\/types\/post"}],"author":[{"embeddable":true,"href":"https:\/\/deportesdigital.com.ve\/public\/wp-json\/wp\/v2\/users\/1"}],"replies":[{"embeddable":true,"href":"https:\/\/deportesdigital.com.ve\/public\/wp-json\/wp\/v2\/comments?post=118775"}],"version-history":[{"count":1,"href":"https:\/\/deportesdigital.com.ve\/public\/wp-json\/wp\/v2\/posts\/118775\/revisions"}],"predecessor-version":[{"id":118777,"href":"https:\/\/deportesdigital.com.ve\/public\/wp-json\/wp\/v2\/posts\/118775\/revisions\/118777"}],"wp:featuredmedia":[{"embeddable":true,"href":"https:\/\/deportesdigital.com.ve\/public\/wp-json\/wp\/v2\/media\/118776"}],"wp:attachment":[{"href":"https:\/\/deportesdigital.com.ve\/public\/wp-json\/wp\/v2\/media?parent=118775"}],"wp:term":[{"taxonomy":"category","embeddable":true,"href":"https:\/\/deportesdigital.com.ve\/public\/wp-json\/wp\/v2\/categories?post=118775"},{"taxonomy":"post_tag","embeddable":true,"href":"https:\/\/deportesdigital.com.ve\/public\/wp-json\/wp\/v2\/tags?post=118775"}],"curies":[{"name":"wp","href":"https:\/\/api.w.org\/{rel}","templated":true}]}}