{"id":118711,"date":"2026-08-31T10:25:35","date_gmt":"2026-08-31T14:25:35","guid":{"rendered":"https:\/\/deportesdigital.com.ve\/public\/?p=118711"},"modified":"2026-08-31T10:25:35","modified_gmt":"2026-08-31T14:25:35","slug":"maracaibo-vive-un-fin-de-semana-a-pura-accion-plan-vacacional-en-san-miguel-y-primer-tope-de-karate-do-impulsan-el-semillero-deportivo","status":"publish","type":"post","link":"https:\/\/deportesdigital.com.ve\/public\/maracaibo-vive-un-fin-de-semana-a-pura-accion-plan-vacacional-en-san-miguel-y-primer-tope-de-karate-do-impulsan-el-semillero-deportivo\/","title":{"rendered":"Maracaibo vive un fin de semana a pura acci\u00f3n: Plan Vacacional en San Miguel y Primer Tope de Karate Do impulsan el semillero deportivo"},"content":{"rendered":"<p><strong><em>La Alcald\u00eda Bolivariana de Maracaibo, a trav\u00e9s del IMDEPREC, consolid\u00f3 una intensa agenda deportiva con la exitosa clausura del Plan Vacacional en el Complejo San Miguel donde se atendieron a m\u00e1s de 400 ni\u00f1os y se sumaron alianzas para su rescate y la celebraci\u00f3n del primer Tope Municipal de Karate Do en el Parque Urdaneta rumbo a los Judenacom 2026.<\/em><\/strong><\/p>\n<hr \/>\n<p><em><strong>Nota de Prensa:<\/strong><\/em> El deporte menor y la recreaci\u00f3n se apadrinaron este fin de semana en distintos puntos de la capital zuliana. Con el firme respaldo de la Alcald\u00eda Bolivariana de Maracaibo y el Instituto Municipal del Deporte y la Recreaci\u00f3n (IMDEPREC), la municipalidad cerr\u00f3 jornadas claves destinadas a la masificaci\u00f3n, la salud integral y la captaci\u00f3n de nuevos talentos de cara a los compromisos nacionales.<\/p>\n<p><strong>Plan Vacacional de San Miguel super\u00f3 las expectativas<\/strong><\/p>\n<p><img loading=\"lazy\" decoding=\"async\" class=\"alignnone size-full wp-image-118712\" src=\"https:\/\/deportesdigital.com.ve\/public\/wp-content\/uploads\/2026\/08\/WhatsApp-Image-2026-08-28-at-9.43.47-PM-2.jpeg\" alt=\"\" width=\"1000\" height=\"658\" \/><\/p>\n<p>En el Complejo Deportivo San Miguel, ubicado en la parroquia Francisco Eugenio Bustamante, culmin\u00f3 con rotundo \u00e9xito el Plan Vacacional Deportivo Recreativo, el cual congreg\u00f3 diariamente a un promedio de 100 ni\u00f1os y j\u00f3venes de sectores como Las Mar\u00edas, San Rafael, Las Trinitarias y Sim\u00f3n Bol\u00edvar.<\/p>\n<p><img loading=\"lazy\" decoding=\"async\" class=\"alignnone size-full wp-image-118716\" src=\"https:\/\/deportesdigital.com.ve\/public\/wp-content\/uploads\/2026\/08\/WhatsApp-Image-2026-08-28-at-9.43.46-PM.jpeg\" alt=\"\" width=\"1000\" height=\"667\" \/><\/p>\n<p>Durante cuatro d\u00edas, la cancha de usos m\u00faltiples, el estadio de b\u00e9isbol de iniciaci\u00f3n y el sal\u00f3n de artes marciales sirvieron de escenario para profundizar la iniciaci\u00f3n en disciplinas como ajedrez, baloncesto, b\u00e9isbol five, gimnasia, kickingball, f\u00fatbol sala y voleibol.<\/p>\n<p><img loading=\"lazy\" decoding=\"async\" class=\"alignnone size-full wp-image-118715\" src=\"https:\/\/deportesdigital.com.ve\/public\/wp-content\/uploads\/2026\/08\/WhatsApp-Image-2026-08-28-at-9.43.46-PM-1.jpeg\" alt=\"\" width=\"1000\" height=\"700\" \/><\/p>\n<p>La jornada de cierre estuvo marcada por un fuerte componente social y de salud preventiva, ofreciendo a los participantes evaluaciones cardiovasculares, control de peso y medici\u00f3n de estatura. Daniela Jim\u00e9nez, presidenta del IMDEPREC, destac\u00f3 la respuesta positiva de la comunidad:<\/p>\n<p><img loading=\"lazy\" decoding=\"async\" class=\"alignnone size-full wp-image-118713\" src=\"https:\/\/deportesdigital.com.ve\/public\/wp-content\/uploads\/2026\/08\/WhatsApp-Image-2026-08-28-at-9.43.47-PM-1.jpeg\" alt=\"\" width=\"1000\" height=\"746\" \/><\/p>\n<p><strong><em>\u00abEstamos muy satisfechos con estos resultados. Demuestran que las cosas se est\u00e1n haciendo bien bajo los lineamientos de nuestro alcalde Giancarlo Di Martino\u00bb<\/em>, apunt\u00f3.<\/strong><\/p>\n<p>Asimismo, el evento sirvi\u00f3 para afianzar el rescate de las instalaciones mediante una alianza estrat\u00e9gica entre la comunidad, el gobierno municipal y la empresa privada. En esta oportunidad, la compa\u00f1\u00eda Maxi Gamas se sum\u00f3 con un donativo de cuatro cu\u00f1etes de pintura para la cancha, aportes que se unen a los previos de Ferreter\u00eda Bicolor y Zupintura.<\/p>\n<p><strong>Maracaibo en ruta a los Judenacom con su primer Tope Municipal de Karate Do<\/strong><\/p>\n<p><img loading=\"lazy\" decoding=\"async\" class=\"alignnone size-full wp-image-118719\" src=\"https:\/\/deportesdigital.com.ve\/public\/wp-content\/uploads\/2026\/08\/WhatsApp-Image-2026-08-30-at-4.54.03-PM.jpeg\" alt=\"\" width=\"1000\" height=\"682\" \/><\/p>\n<p>En paralelo, los espacios del Parque Urdaneta (parroquia Bol\u00edvar) vibraron con la realizaci\u00f3n del primer Tope Municipal de Karate Do, evento clave en el calendario deportivo con miras a los Juegos Deportivos Nacionales Municipales (Judenacom) 2026.<\/p>\n<p><img loading=\"lazy\" decoding=\"async\" class=\"alignnone size-full wp-image-118718\" src=\"https:\/\/deportesdigital.com.ve\/public\/wp-content\/uploads\/2026\/08\/WhatsApp-Image-2026-08-30-at-4.54.04-PM.jpeg\" alt=\"\" width=\"1000\" height=\"779\" \/><\/p>\n<p>Unos 70 atletas infantiles, con edades entre los 9 y 11 a\u00f1os (categor\u00edas 2015-2017), midieron fuerzas bajo la modalidad de combate (<em>kumite<\/em>). El hanshi Jorge Ant\u00fanez, coordinador de la disciplina en el instituto municipal, explic\u00f3 que la justa sirvi\u00f3 como un \u00abterm\u00f3metro\u00bb t\u00e9cnico para evaluar el nivel de las escuelas de formaci\u00f3n.<\/p>\n<p><img loading=\"lazy\" decoding=\"async\" class=\"alignnone size-full wp-image-118717\" src=\"https:\/\/deportesdigital.com.ve\/public\/wp-content\/uploads\/2026\/08\/WhatsApp-Image-2026-08-30-at-4.54.04-PM-1.jpeg\" alt=\"\" width=\"1000\" height=\"648\" \/><\/p>\n<p>Tras m\u00e1s de 40 intensos combates, brillaron figuras como la peque\u00f1a Isabela S\u00e1nchez (11 a\u00f1os, sector Santa Luc\u00eda) y Math\u00edas Gonz\u00e1lez (10 a\u00f1os, barrio El Saladillo), quienes se adjudicaron las preseas doradas tras superar emocionantes duelos.<\/p>\n<p>Con estas acciones simult\u00e1neas, Maracaibo ratifica su compromiso con la ni\u00f1ez y la juventud, consolidando espacios de vida, salud y sano esparcimiento en cada una de sus parroquias.<\/p>\n<p><strong><em>Con Informaci\u00f3n Prensa Alcald\u00eda Bolivariana de Maracaibo \/ IMDEPREC.<\/em><\/strong><\/p>\n<p><strong><em>Sigue esta y otras #Noticias ingresando a nuestras plataformas digitales Deportes Digital, en Instagram, Facebook, Twitter, y en nuestros grupos de Whatsapp y Telegram.<\/em><\/strong><\/p>\n","protected":false},"excerpt":{"rendered":"<p>La Alcald\u00eda Bolivariana de Maracaibo, a trav\u00e9s del IMDEPREC, consolid\u00f3 una intensa agenda deportiva con la exitosa clausura del Plan Vacacional en el Complejo San Miguel donde se atendieron a [&hellip;]<\/p>\n","protected":false},"author":1,"featured_media":118718,"comment_status":"open","ping_status":"closed","sticky":false,"template":"","format":"standard","meta":{"footnotes":""},"categories":[5],"tags":[],"class_list":["post-118711","post","type-post","status-publish","format-standard","has-post-thumbnail","hentry","category-otrosdeportes","clearfix"],"yoast_head":"<!-- This site is optimized with the Yoast SEO plugin v27.8 - https:\/\/yoast.com\/product\/yoast-seo-wordpress\/ -->\n<title>Maracaibo vive un fin de semana a pura acci\u00f3n: Plan Vacacional en San Miguel y Primer Tope de Karate Do impulsan el semillero deportivo - Deportes Digital<\/title>\n<meta name=\"robots\" content=\"index, follow, max-snippet:-1, max-image-preview:large, max-video-preview:-1\" \/>\n<link rel=\"canonical\" href=\"https:\/\/deportesdigital.com.ve\/public\/maracaibo-vive-un-fin-de-semana-a-pura-accion-plan-vacacional-en-san-miguel-y-primer-tope-de-karate-do-impulsan-el-semillero-deportivo\/\" \/>\n<meta property=\"og:locale\" content=\"es_ES\" \/>\n<meta property=\"og:type\" content=\"article\" \/>\n<meta property=\"og:title\" content=\"Maracaibo vive un fin de semana a pura acci\u00f3n: Plan Vacacional en San Miguel y Primer Tope de Karate Do impulsan el semillero deportivo - Deportes Digital\" \/>\n<meta property=\"og:description\" content=\"La Alcald\u00eda Bolivariana de Maracaibo, a trav\u00e9s del IMDEPREC, consolid\u00f3 una intensa agenda deportiva con la exitosa clausura del Plan Vacacional en el Complejo San Miguel donde se atendieron a [&hellip;]\" \/>\n<meta property=\"og:url\" content=\"https:\/\/deportesdigital.com.ve\/public\/maracaibo-vive-un-fin-de-semana-a-pura-accion-plan-vacacional-en-san-miguel-y-primer-tope-de-karate-do-impulsan-el-semillero-deportivo\/\" \/>\n<meta property=\"og:site_name\" content=\"Deportes Digital\" \/>\n<meta property=\"article:publisher\" content=\"https:\/\/www.facebook.com\/DeportesDigitalZulia25\" \/>\n<meta property=\"article:published_time\" content=\"2026-08-31T14:25:35+00:00\" \/>\n<meta property=\"og:image\" content=\"https:\/\/deportesdigital.com.ve\/public\/wp-content\/uploads\/2026\/08\/WhatsApp-Image-2026-08-30-at-4.54.04-PM.jpeg\" \/>\n\t<meta property=\"og:image:width\" content=\"1000\" \/>\n\t<meta property=\"og:image:height\" content=\"779\" \/>\n\t<meta property=\"og:image:type\" content=\"image\/jpeg\" \/>\n<meta name=\"author\" content=\"luisg15\" \/>\n<meta name=\"twitter:card\" content=\"summary_large_image\" \/>\n<meta name=\"twitter:creator\" content=\"@deporteszulia\" \/>\n<meta name=\"twitter:site\" content=\"@deporteszulia\" \/>\n<meta name=\"twitter:label1\" content=\"Escrito por\" \/>\n\t<meta name=\"twitter:data1\" content=\"luisg15\" \/>\n\t<meta name=\"twitter:label2\" content=\"Tiempo de lectura\" \/>\n\t<meta name=\"twitter:data2\" content=\"5 minutos\" \/>\n<script type=\"application\/ld+json\" class=\"yoast-schema-graph\">{\"@context\":\"https:\\\/\\\/schema.org\",\"@graph\":[{\"@type\":\"Article\",\"@id\":\"https:\\\/\\\/deportesdigital.com.ve\\\/public\\\/maracaibo-vive-un-fin-de-semana-a-pura-accion-plan-vacacional-en-san-miguel-y-primer-tope-de-karate-do-impulsan-el-semillero-deportivo\\\/#article\",\"isPartOf\":{\"@id\":\"https:\\\/\\\/deportesdigital.com.ve\\\/public\\\/maracaibo-vive-un-fin-de-semana-a-pura-accion-plan-vacacional-en-san-miguel-y-primer-tope-de-karate-do-impulsan-el-semillero-deportivo\\\/\"},\"author\":{\"name\":\"luisg15\",\"@id\":\"https:\\\/\\\/deportesdigital.com.ve\\\/public\\\/#\\\/schema\\\/person\\\/57d2f23f17d761b1672066d1905e88a0\"},\"headline\":\"Maracaibo vive un fin de semana a pura acci\u00f3n: Plan Vacacional en San Miguel y Primer Tope de Karate Do impulsan el semillero deportivo\",\"datePublished\":\"2026-08-31T14:25:35+00:00\",\"mainEntityOfPage\":{\"@id\":\"https:\\\/\\\/deportesdigital.com.ve\\\/public\\\/maracaibo-vive-un-fin-de-semana-a-pura-accion-plan-vacacional-en-san-miguel-y-primer-tope-de-karate-do-impulsan-el-semillero-deportivo\\\/\"},\"wordCount\":604,\"commentCount\":0,\"publisher\":{\"@id\":\"https:\\\/\\\/deportesdigital.com.ve\\\/public\\\/#organization\"},\"image\":{\"@id\":\"https:\\\/\\\/deportesdigital.com.ve\\\/public\\\/maracaibo-vive-un-fin-de-semana-a-pura-accion-plan-vacacional-en-san-miguel-y-primer-tope-de-karate-do-impulsan-el-semillero-deportivo\\\/#primaryimage\"},\"thumbnailUrl\":\"https:\\\/\\\/deportesdigital.com.ve\\\/public\\\/wp-content\\\/uploads\\\/2026\\\/08\\\/WhatsApp-Image-2026-08-30-at-4.54.04-PM.jpeg\",\"articleSection\":[\"Otros Deportes\"],\"inLanguage\":\"es\",\"potentialAction\":[{\"@type\":\"CommentAction\",\"name\":\"Comment\",\"target\":[\"https:\\\/\\\/deportesdigital.com.ve\\\/public\\\/maracaibo-vive-un-fin-de-semana-a-pura-accion-plan-vacacional-en-san-miguel-y-primer-tope-de-karate-do-impulsan-el-semillero-deportivo\\\/#respond\"]}]},{\"@type\":\"WebPage\",\"@id\":\"https:\\\/\\\/deportesdigital.com.ve\\\/public\\\/maracaibo-vive-un-fin-de-semana-a-pura-accion-plan-vacacional-en-san-miguel-y-primer-tope-de-karate-do-impulsan-el-semillero-deportivo\\\/\",\"url\":\"https:\\\/\\\/deportesdigital.com.ve\\\/public\\\/maracaibo-vive-un-fin-de-semana-a-pura-accion-plan-vacacional-en-san-miguel-y-primer-tope-de-karate-do-impulsan-el-semillero-deportivo\\\/\",\"name\":\"Maracaibo vive un fin de semana a pura acci\u00f3n: Plan Vacacional en San Miguel y Primer Tope de Karate Do impulsan el semillero deportivo - Deportes Digital\",\"isPartOf\":{\"@id\":\"https:\\\/\\\/deportesdigital.com.ve\\\/public\\\/#website\"},\"primaryImageOfPage\":{\"@id\":\"https:\\\/\\\/deportesdigital.com.ve\\\/public\\\/maracaibo-vive-un-fin-de-semana-a-pura-accion-plan-vacacional-en-san-miguel-y-primer-tope-de-karate-do-impulsan-el-semillero-deportivo\\\/#primaryimage\"},\"image\":{\"@id\":\"https:\\\/\\\/deportesdigital.com.ve\\\/public\\\/maracaibo-vive-un-fin-de-semana-a-pura-accion-plan-vacacional-en-san-miguel-y-primer-tope-de-karate-do-impulsan-el-semillero-deportivo\\\/#primaryimage\"},\"thumbnailUrl\":\"https:\\\/\\\/deportesdigital.com.ve\\\/public\\\/wp-content\\\/uploads\\\/2026\\\/08\\\/WhatsApp-Image-2026-08-30-at-4.54.04-PM.jpeg\",\"datePublished\":\"2026-08-31T14:25:35+00:00\",\"breadcrumb\":{\"@id\":\"https:\\\/\\\/deportesdigital.com.ve\\\/public\\\/maracaibo-vive-un-fin-de-semana-a-pura-accion-plan-vacacional-en-san-miguel-y-primer-tope-de-karate-do-impulsan-el-semillero-deportivo\\\/#breadcrumb\"},\"inLanguage\":\"es\",\"potentialAction\":[{\"@type\":\"ReadAction\",\"target\":[\"https:\\\/\\\/deportesdigital.com.ve\\\/public\\\/maracaibo-vive-un-fin-de-semana-a-pura-accion-plan-vacacional-en-san-miguel-y-primer-tope-de-karate-do-impulsan-el-semillero-deportivo\\\/\"]}]},{\"@type\":\"ImageObject\",\"inLanguage\":\"es\",\"@id\":\"https:\\\/\\\/deportesdigital.com.ve\\\/public\\\/maracaibo-vive-un-fin-de-semana-a-pura-accion-plan-vacacional-en-san-miguel-y-primer-tope-de-karate-do-impulsan-el-semillero-deportivo\\\/#primaryimage\",\"url\":\"https:\\\/\\\/deportesdigital.com.ve\\\/public\\\/wp-content\\\/uploads\\\/2026\\\/08\\\/WhatsApp-Image-2026-08-30-at-4.54.04-PM.jpeg\",\"contentUrl\":\"https:\\\/\\\/deportesdigital.com.ve\\\/public\\\/wp-content\\\/uploads\\\/2026\\\/08\\\/WhatsApp-Image-2026-08-30-at-4.54.04-PM.jpeg\",\"width\":1000,\"height\":779},{\"@type\":\"BreadcrumbList\",\"@id\":\"https:\\\/\\\/deportesdigital.com.ve\\\/public\\\/maracaibo-vive-un-fin-de-semana-a-pura-accion-plan-vacacional-en-san-miguel-y-primer-tope-de-karate-do-impulsan-el-semillero-deportivo\\\/#breadcrumb\",\"itemListElement\":[{\"@type\":\"ListItem\",\"position\":1,\"name\":\"Portada\",\"item\":\"https:\\\/\\\/deportesdigital.com.ve\\\/public\\\/\"},{\"@type\":\"ListItem\",\"position\":2,\"name\":\"Maracaibo vive un fin de semana a pura acci\u00f3n: Plan Vacacional en San Miguel y Primer Tope de Karate Do impulsan el semillero deportivo\"}]},{\"@type\":\"WebSite\",\"@id\":\"https:\\\/\\\/deportesdigital.com.ve\\\/public\\\/#website\",\"url\":\"https:\\\/\\\/deportesdigital.com.ve\\\/public\\\/\",\"name\":\"Deportes Digital\",\"description\":\"Solo Deportes\",\"publisher\":{\"@id\":\"https:\\\/\\\/deportesdigital.com.ve\\\/public\\\/#organization\"},\"potentialAction\":[{\"@type\":\"SearchAction\",\"target\":{\"@type\":\"EntryPoint\",\"urlTemplate\":\"https:\\\/\\\/deportesdigital.com.ve\\\/public\\\/?s={search_term_string}\"},\"query-input\":{\"@type\":\"PropertyValueSpecification\",\"valueRequired\":true,\"valueName\":\"search_term_string\"}}],\"inLanguage\":\"es\"},{\"@type\":\"Organization\",\"@id\":\"https:\\\/\\\/deportesdigital.com.ve\\\/public\\\/#organization\",\"name\":\"Deportes Digital\",\"url\":\"https:\\\/\\\/deportesdigital.com.ve\\\/public\\\/\",\"logo\":{\"@type\":\"ImageObject\",\"inLanguage\":\"es\",\"@id\":\"https:\\\/\\\/deportesdigital.com.ve\\\/public\\\/#\\\/schema\\\/logo\\\/image\\\/\",\"url\":\"https:\\\/\\\/i0.wp.com\\\/deportesdigital.com.ve\\\/public\\\/wp-content\\\/uploads\\\/2023\\\/09\\\/1677066431475.png?fit=1032%2C624&ssl=1\",\"contentUrl\":\"https:\\\/\\\/i0.wp.com\\\/deportesdigital.com.ve\\\/public\\\/wp-content\\\/uploads\\\/2023\\\/09\\\/1677066431475.png?fit=1032%2C624&ssl=1\",\"width\":1032,\"height\":624,\"caption\":\"Deportes Digital\"},\"image\":{\"@id\":\"https:\\\/\\\/deportesdigital.com.ve\\\/public\\\/#\\\/schema\\\/logo\\\/image\\\/\"},\"sameAs\":[\"https:\\\/\\\/www.facebook.com\\\/DeportesDigitalZulia25\",\"https:\\\/\\\/x.com\\\/deporteszulia\",\"https:\\\/\\\/www.instagram.com\\\/deportesdigitalzulia\\\/\"]},{\"@type\":\"Person\",\"@id\":\"https:\\\/\\\/deportesdigital.com.ve\\\/public\\\/#\\\/schema\\\/person\\\/57d2f23f17d761b1672066d1905e88a0\",\"name\":\"luisg15\",\"image\":{\"@type\":\"ImageObject\",\"inLanguage\":\"es\",\"@id\":\"https:\\\/\\\/secure.gravatar.com\\\/avatar\\\/4d424b63ebd2800d281b824141af3d97c1332dfdda83d70b2057085925af58a3?s=96&d=mm&r=g\",\"url\":\"https:\\\/\\\/secure.gravatar.com\\\/avatar\\\/4d424b63ebd2800d281b824141af3d97c1332dfdda83d70b2057085925af58a3?s=96&d=mm&r=g\",\"contentUrl\":\"https:\\\/\\\/secure.gravatar.com\\\/avatar\\\/4d424b63ebd2800d281b824141af3d97c1332dfdda83d70b2057085925af58a3?s=96&d=mm&r=g\",\"caption\":\"luisg15\"},\"description\":\"Medio de Comunicaci\u00f3n digital dedicado al deporte menor\",\"sameAs\":[\"https:\\\/\\\/deportesdigital.com.ve\\\/public\"],\"url\":\"https:\\\/\\\/deportesdigital.com.ve\\\/public\\\/author\\\/luisg15\\\/\"}]}<\/script>\n<!-- \/ Yoast SEO plugin. -->","yoast_head_json":{"title":"Maracaibo vive un fin de semana a pura acci\u00f3n: Plan Vacacional en San Miguel y Primer Tope de Karate Do impulsan el semillero deportivo - Deportes Digital","robots":{"index":"index","follow":"follow","max-snippet":"max-snippet:-1","max-image-preview":"max-image-preview:large","max-video-preview":"max-video-preview:-1"},"canonical":"https:\/\/deportesdigital.com.ve\/public\/maracaibo-vive-un-fin-de-semana-a-pura-accion-plan-vacacional-en-san-miguel-y-primer-tope-de-karate-do-impulsan-el-semillero-deportivo\/","og_locale":"es_ES","og_type":"article","og_title":"Maracaibo vive un fin de semana a pura acci\u00f3n: Plan Vacacional en San Miguel y Primer Tope de Karate Do impulsan el semillero deportivo - Deportes Digital","og_description":"La Alcald\u00eda Bolivariana de Maracaibo, a trav\u00e9s del IMDEPREC, consolid\u00f3 una intensa agenda deportiva con la exitosa clausura del Plan Vacacional en el Complejo San Miguel donde se atendieron a [&hellip;]","og_url":"https:\/\/deportesdigital.com.ve\/public\/maracaibo-vive-un-fin-de-semana-a-pura-accion-plan-vacacional-en-san-miguel-y-primer-tope-de-karate-do-impulsan-el-semillero-deportivo\/","og_site_name":"Deportes Digital","article_publisher":"https:\/\/www.facebook.com\/DeportesDigitalZulia25","article_published_time":"2026-08-31T14:25:35+00:00","og_image":[{"width":1000,"height":779,"url":"https:\/\/deportesdigital.com.ve\/public\/wp-content\/uploads\/2026\/08\/WhatsApp-Image-2026-08-30-at-4.54.04-PM.jpeg","type":"image\/jpeg"}],"author":"luisg15","twitter_card":"summary_large_image","twitter_creator":"@deporteszulia","twitter_site":"@deporteszulia","twitter_misc":{"Escrito por":"luisg15","Tiempo de lectura":"5 minutos"},"schema":{"@context":"https:\/\/schema.org","@graph":[{"@type":"Article","@id":"https:\/\/deportesdigital.com.ve\/public\/maracaibo-vive-un-fin-de-semana-a-pura-accion-plan-vacacional-en-san-miguel-y-primer-tope-de-karate-do-impulsan-el-semillero-deportivo\/#article","isPartOf":{"@id":"https:\/\/deportesdigital.com.ve\/public\/maracaibo-vive-un-fin-de-semana-a-pura-accion-plan-vacacional-en-san-miguel-y-primer-tope-de-karate-do-impulsan-el-semillero-deportivo\/"},"author":{"name":"luisg15","@id":"https:\/\/deportesdigital.com.ve\/public\/#\/schema\/person\/57d2f23f17d761b1672066d1905e88a0"},"headline":"Maracaibo vive un fin de semana a pura acci\u00f3n: Plan Vacacional en San Miguel y Primer Tope de Karate Do impulsan el semillero deportivo","datePublished":"2026-08-31T14:25:35+00:00","mainEntityOfPage":{"@id":"https:\/\/deportesdigital.com.ve\/public\/maracaibo-vive-un-fin-de-semana-a-pura-accion-plan-vacacional-en-san-miguel-y-primer-tope-de-karate-do-impulsan-el-semillero-deportivo\/"},"wordCount":604,"commentCount":0,"publisher":{"@id":"https:\/\/deportesdigital.com.ve\/public\/#organization"},"image":{"@id":"https:\/\/deportesdigital.com.ve\/public\/maracaibo-vive-un-fin-de-semana-a-pura-accion-plan-vacacional-en-san-miguel-y-primer-tope-de-karate-do-impulsan-el-semillero-deportivo\/#primaryimage"},"thumbnailUrl":"https:\/\/deportesdigital.com.ve\/public\/wp-content\/uploads\/2026\/08\/WhatsApp-Image-2026-08-30-at-4.54.04-PM.jpeg","articleSection":["Otros Deportes"],"inLanguage":"es","potentialAction":[{"@type":"CommentAction","name":"Comment","target":["https:\/\/deportesdigital.com.ve\/public\/maracaibo-vive-un-fin-de-semana-a-pura-accion-plan-vacacional-en-san-miguel-y-primer-tope-de-karate-do-impulsan-el-semillero-deportivo\/#respond"]}]},{"@type":"WebPage","@id":"https:\/\/deportesdigital.com.ve\/public\/maracaibo-vive-un-fin-de-semana-a-pura-accion-plan-vacacional-en-san-miguel-y-primer-tope-de-karate-do-impulsan-el-semillero-deportivo\/","url":"https:\/\/deportesdigital.com.ve\/public\/maracaibo-vive-un-fin-de-semana-a-pura-accion-plan-vacacional-en-san-miguel-y-primer-tope-de-karate-do-impulsan-el-semillero-deportivo\/","name":"Maracaibo vive un fin de semana a pura acci\u00f3n: Plan Vacacional en San Miguel y Primer Tope de Karate Do impulsan el semillero deportivo - Deportes Digital","isPartOf":{"@id":"https:\/\/deportesdigital.com.ve\/public\/#website"},"primaryImageOfPage":{"@id":"https:\/\/deportesdigital.com.ve\/public\/maracaibo-vive-un-fin-de-semana-a-pura-accion-plan-vacacional-en-san-miguel-y-primer-tope-de-karate-do-impulsan-el-semillero-deportivo\/#primaryimage"},"image":{"@id":"https:\/\/deportesdigital.com.ve\/public\/maracaibo-vive-un-fin-de-semana-a-pura-accion-plan-vacacional-en-san-miguel-y-primer-tope-de-karate-do-impulsan-el-semillero-deportivo\/#primaryimage"},"thumbnailUrl":"https:\/\/deportesdigital.com.ve\/public\/wp-content\/uploads\/2026\/08\/WhatsApp-Image-2026-08-30-at-4.54.04-PM.jpeg","datePublished":"2026-08-31T14:25:35+00:00","breadcrumb":{"@id":"https:\/\/deportesdigital.com.ve\/public\/maracaibo-vive-un-fin-de-semana-a-pura-accion-plan-vacacional-en-san-miguel-y-primer-tope-de-karate-do-impulsan-el-semillero-deportivo\/#breadcrumb"},"inLanguage":"es","potentialAction":[{"@type":"ReadAction","target":["https:\/\/deportesdigital.com.ve\/public\/maracaibo-vive-un-fin-de-semana-a-pura-accion-plan-vacacional-en-san-miguel-y-primer-tope-de-karate-do-impulsan-el-semillero-deportivo\/"]}]},{"@type":"ImageObject","inLanguage":"es","@id":"https:\/\/deportesdigital.com.ve\/public\/maracaibo-vive-un-fin-de-semana-a-pura-accion-plan-vacacional-en-san-miguel-y-primer-tope-de-karate-do-impulsan-el-semillero-deportivo\/#primaryimage","url":"https:\/\/deportesdigital.com.ve\/public\/wp-content\/uploads\/2026\/08\/WhatsApp-Image-2026-08-30-at-4.54.04-PM.jpeg","contentUrl":"https:\/\/deportesdigital.com.ve\/public\/wp-content\/uploads\/2026\/08\/WhatsApp-Image-2026-08-30-at-4.54.04-PM.jpeg","width":1000,"height":779},{"@type":"BreadcrumbList","@id":"https:\/\/deportesdigital.com.ve\/public\/maracaibo-vive-un-fin-de-semana-a-pura-accion-plan-vacacional-en-san-miguel-y-primer-tope-de-karate-do-impulsan-el-semillero-deportivo\/#breadcrumb","itemListElement":[{"@type":"ListItem","position":1,"name":"Portada","item":"https:\/\/deportesdigital.com.ve\/public\/"},{"@type":"ListItem","position":2,"name":"Maracaibo vive un fin de semana a pura acci\u00f3n: Plan Vacacional en San Miguel y Primer Tope de Karate Do impulsan el semillero deportivo"}]},{"@type":"WebSite","@id":"https:\/\/deportesdigital.com.ve\/public\/#website","url":"https:\/\/deportesdigital.com.ve\/public\/","name":"Deportes Digital","description":"Solo Deportes","publisher":{"@id":"https:\/\/deportesdigital.com.ve\/public\/#organization"},"potentialAction":[{"@type":"SearchAction","target":{"@type":"EntryPoint","urlTemplate":"https:\/\/deportesdigital.com.ve\/public\/?s={search_term_string}"},"query-input":{"@type":"PropertyValueSpecification","valueRequired":true,"valueName":"search_term_string"}}],"inLanguage":"es"},{"@type":"Organization","@id":"https:\/\/deportesdigital.com.ve\/public\/#organization","name":"Deportes Digital","url":"https:\/\/deportesdigital.com.ve\/public\/","logo":{"@type":"ImageObject","inLanguage":"es","@id":"https:\/\/deportesdigital.com.ve\/public\/#\/schema\/logo\/image\/","url":"https:\/\/i0.wp.com\/deportesdigital.com.ve\/public\/wp-content\/uploads\/2023\/09\/1677066431475.png?fit=1032%2C624&ssl=1","contentUrl":"https:\/\/i0.wp.com\/deportesdigital.com.ve\/public\/wp-content\/uploads\/2023\/09\/1677066431475.png?fit=1032%2C624&ssl=1","width":1032,"height":624,"caption":"Deportes Digital"},"image":{"@id":"https:\/\/deportesdigital.com.ve\/public\/#\/schema\/logo\/image\/"},"sameAs":["https:\/\/www.facebook.com\/DeportesDigitalZulia25","https:\/\/x.com\/deporteszulia","https:\/\/www.instagram.com\/deportesdigitalzulia\/"]},{"@type":"Person","@id":"https:\/\/deportesdigital.com.ve\/public\/#\/schema\/person\/57d2f23f17d761b1672066d1905e88a0","name":"luisg15","image":{"@type":"ImageObject","inLanguage":"es","@id":"https:\/\/secure.gravatar.com\/avatar\/4d424b63ebd2800d281b824141af3d97c1332dfdda83d70b2057085925af58a3?s=96&d=mm&r=g","url":"https:\/\/secure.gravatar.com\/avatar\/4d424b63ebd2800d281b824141af3d97c1332dfdda83d70b2057085925af58a3?s=96&d=mm&r=g","contentUrl":"https:\/\/secure.gravatar.com\/avatar\/4d424b63ebd2800d281b824141af3d97c1332dfdda83d70b2057085925af58a3?s=96&d=mm&r=g","caption":"luisg15"},"description":"Medio de Comunicaci\u00f3n digital dedicado al deporte menor","sameAs":["https:\/\/deportesdigital.com.ve\/public"],"url":"https:\/\/deportesdigital.com.ve\/public\/author\/luisg15\/"}]}},"_links":{"self":[{"href":"https:\/\/deportesdigital.com.ve\/public\/wp-json\/wp\/v2\/posts\/118711","targetHints":{"allow":["GET"]}}],"collection":[{"href":"https:\/\/deportesdigital.com.ve\/public\/wp-json\/wp\/v2\/posts"}],"about":[{"href":"https:\/\/deportesdigital.com.ve\/public\/wp-json\/wp\/v2\/types\/post"}],"author":[{"embeddable":true,"href":"https:\/\/deportesdigital.com.ve\/public\/wp-json\/wp\/v2\/users\/1"}],"replies":[{"embeddable":true,"href":"https:\/\/deportesdigital.com.ve\/public\/wp-json\/wp\/v2\/comments?post=118711"}],"version-history":[{"count":1,"href":"https:\/\/deportesdigital.com.ve\/public\/wp-json\/wp\/v2\/posts\/118711\/revisions"}],"predecessor-version":[{"id":118720,"href":"https:\/\/deportesdigital.com.ve\/public\/wp-json\/wp\/v2\/posts\/118711\/revisions\/118720"}],"wp:featuredmedia":[{"embeddable":true,"href":"https:\/\/deportesdigital.com.ve\/public\/wp-json\/wp\/v2\/media\/118718"}],"wp:attachment":[{"href":"https:\/\/deportesdigital.com.ve\/public\/wp-json\/wp\/v2\/media?parent=118711"}],"wp:term":[{"taxonomy":"category","embeddable":true,"href":"https:\/\/deportesdigital.com.ve\/public\/wp-json\/wp\/v2\/categories?post=118711"},{"taxonomy":"post_tag","embeddable":true,"href":"https:\/\/deportesdigital.com.ve\/public\/wp-json\/wp\/v2\/tags?post=118711"}],"curies":[{"name":"wp","href":"https:\/\/api.w.org\/{rel}","templated":true}]}}