{"id":115541,"date":"2026-04-30T15:55:46","date_gmt":"2026-04-30T19:55:46","guid":{"rendered":"https:\/\/deportesdigital.com.ve\/public\/?p=115541"},"modified":"2026-04-30T15:55:46","modified_gmt":"2026-04-30T19:55:46","slug":"alcalde-hector-soto-financia-visas-americanas-para-equipo-de-pequenas-ligas-de-beisbol-de-san-francisco","status":"publish","type":"post","link":"https:\/\/deportesdigital.com.ve\/public\/alcalde-hector-soto-financia-visas-americanas-para-equipo-de-pequenas-ligas-de-beisbol-de-san-francisco\/","title":{"rendered":"Alcalde H\u00e9ctor Soto financia visas americanas para equipo de Peque\u00f1as Ligas de B\u00e9isbol de San Francisco"},"content":{"rendered":"<p><strong><em>Este respaldo permitir\u00e1 que los j\u00f3venes atletas representen a Venezuela en la competencia internacional, prevista del 26 de junio al 3 de julio de 2026.<\/em><\/strong><\/p>\n<hr \/>\n<p><strong><em> Prensa Alcald\u00eda Bolivariana de San Francisco:<\/em><\/strong> Como parte de su pol\u00edtica de impulso al deporte, el alcalde bolivariano H\u00e9ctor Soto brind\u00f3 apoyo al equipo de Peque\u00f1as Ligas de B\u00e9isbol de San Francisco, mediante el financiamiento de las visas americanas, requisito indispensable para su participaci\u00f3n en el Campeonato Latinoamericano Infantil de B\u00e9isbol, que se celebrar\u00e1 en Puerto Rico.<\/p>\n<p>Este respaldo permitir\u00e1 que los j\u00f3venes atletas representen a Venezuela en la competencia internacional, prevista del 26 de junio al 3 de julio de 2026.<\/p>\n<p><img loading=\"lazy\" decoding=\"async\" class=\"alignnone size-full wp-image-115543\" src=\"https:\/\/deportesdigital.com.ve\/public\/wp-content\/uploads\/2026\/04\/WhatsApp-Image-2026-04-30-at-3.28.30-PM.jpeg\" alt=\"\" width=\"1080\" height=\"607\" \/><\/p>\n<p>Durante el encuentro, el alcalde Soto dirigi\u00f3 palabras de motivaci\u00f3n a los jugadores, destacando la importancia de la disciplina, la constancia y el compromiso.<\/p>\n<p>\u201cConc\u00e9ntrense en su preparaci\u00f3n y en representar dignamente a la Patria. Nosotros nos encargamos de lo dem\u00e1s para que puedan viajar con tranquilidad junto a sus familias. Conf\u00eden en su talento y en el trabajo que han venido realizando\u201d, expres\u00f3.<\/p>\n<p><img loading=\"lazy\" decoding=\"async\" class=\"alignnone size-full wp-image-115542\" src=\"https:\/\/deportesdigital.com.ve\/public\/wp-content\/uploads\/2026\/04\/WhatsApp-Image-2026-04-30-at-3.28.30-PM-1.jpeg\" alt=\"\" width=\"1080\" height=\"607\" \/><\/p>\n<p>Asimismo, el mandatario municipal reafirm\u00f3 el compromiso de su gesti\u00f3n con el desarrollo integral de la juventud.<\/p>\n<p>\u201cLas puertas de la Alcald\u00eda est\u00e1n abiertas para ustedes. Esperamos verlos regresar con grandes logros y celebrar junto al pueblo de San Francisco\u201d, a\u00f1adi\u00f3.<\/p>\n<p>Por su parte, Thais Boh\u00f3rquez, presidenta de las Peque\u00f1as Ligas de B\u00e9isbol de San Francisco, agradeci\u00f3 el respaldo recibido.<\/p>\n<p>\u201cEsta ha sido una reuni\u00f3n muy productiva. Gracias al apoyo del alcalde, nuestros ni\u00f1os podr\u00e1n cumplir este importante compromiso internacional.<\/p>\n<p>En nombre de los representantes, la comunidad deportiva y la directiva nacional, expresamos nuestro agradecimiento\u201d, se\u00f1al\u00f3.<\/p>\n<p>De igual forma, Tania Casanova, delegada y jefa del equipo preinfantil, destac\u00f3 la relevancia de este aporte.<\/p>\n<p>\u201cAgradecemos al alcalde H\u00e9ctor Soto por su atenci\u00f3n y por ayudarnos a cubrir uno de los requisitos fundamentales para alcanzar nuestra meta. Este apoyo es clave para nuestros atletas\u201d, afirm\u00f3.<\/p>\n<p>Con este tipo de iniciativas, la Alcald\u00eda Bolivariana de San Francisco reafirma su compromiso con el fortalecimiento del deporte y el acompa\u00f1amiento a j\u00f3venes talentos que representan el futuro del municipio y del pa\u00eds.<\/p>\n<p><strong><em>Sigue esta y otras #Noticias ingresando a nuestras plataformas digitales Deportes Digital, en Instagram, Facebook, Twitter, y en nuestros grupos de Whatsapp y Telegram.<\/em><\/strong><\/p>\n","protected":false},"excerpt":{"rendered":"<p>Este respaldo permitir\u00e1 que los j\u00f3venes atletas representen a Venezuela en la competencia internacional, prevista del 26 de junio al 3 de julio de 2026. Prensa Alcald\u00eda Bolivariana de San [&hellip;]<\/p>\n","protected":false},"author":1,"featured_media":115542,"comment_status":"open","ping_status":"closed","sticky":false,"template":"","format":"standard","meta":{"footnotes":""},"categories":[2],"tags":[],"class_list":["post-115541","post","type-post","status-publish","format-standard","has-post-thumbnail","hentry","category-beisbol","clearfix"],"_links":{"self":[{"href":"https:\/\/deportesdigital.com.ve\/public\/wp-json\/wp\/v2\/posts\/115541","targetHints":{"allow":["GET"]}}],"collection":[{"href":"https:\/\/deportesdigital.com.ve\/public\/wp-json\/wp\/v2\/posts"}],"about":[{"href":"https:\/\/deportesdigital.com.ve\/public\/wp-json\/wp\/v2\/types\/post"}],"author":[{"embeddable":true,"href":"https:\/\/deportesdigital.com.ve\/public\/wp-json\/wp\/v2\/users\/1"}],"replies":[{"embeddable":true,"href":"https:\/\/deportesdigital.com.ve\/public\/wp-json\/wp\/v2\/comments?post=115541"}],"version-history":[{"count":1,"href":"https:\/\/deportesdigital.com.ve\/public\/wp-json\/wp\/v2\/posts\/115541\/revisions"}],"predecessor-version":[{"id":115544,"href":"https:\/\/deportesdigital.com.ve\/public\/wp-json\/wp\/v2\/posts\/115541\/revisions\/115544"}],"wp:featuredmedia":[{"embeddable":true,"href":"https:\/\/deportesdigital.com.ve\/public\/wp-json\/wp\/v2\/media\/115542"}],"wp:attachment":[{"href":"https:\/\/deportesdigital.com.ve\/public\/wp-json\/wp\/v2\/media?parent=115541"}],"wp:term":[{"taxonomy":"category","embeddable":true,"href":"https:\/\/deportesdigital.com.ve\/public\/wp-json\/wp\/v2\/categories?post=115541"},{"taxonomy":"post_tag","embeddable":true,"href":"https:\/\/deportesdigital.com.ve\/public\/wp-json\/wp\/v2\/tags?post=115541"}],"curies":[{"name":"wp","href":"https:\/\/api.w.org\/{rel}","templated":true}]}}