{"id":115476,"date":"2026-04-30T01:28:22","date_gmt":"2026-04-30T05:28:22","guid":{"rendered":"https:\/\/deportesdigital.com.ve\/public\/?p=115476"},"modified":"2026-04-30T01:28:22","modified_gmt":"2026-04-30T05:28:22","slug":"doble-celebracion-en-maracaibo-el-cumpleanos-92-de-luis-aparicio-trae-la-modernizacion-del-olimpico-alejandro-borges","status":"publish","type":"post","link":"https:\/\/deportesdigital.com.ve\/public\/doble-celebracion-en-maracaibo-el-cumpleanos-92-de-luis-aparicio-trae-la-modernizacion-del-olimpico-alejandro-borges\/","title":{"rendered":"Doble celebraci\u00f3n en Maracaibo! El cumplea\u00f1os 92 de Luis Aparicio trae la modernizaci\u00f3n del \u00abOl\u00edmpico Alejandro Borges\u00bb"},"content":{"rendered":"<p data-path-to-node=\"1\"><strong data-path-to-node=\"1\" data-index-in-node=\"0\"><em>El diamante del \u00abOl\u00edmpico Alejandro Borges\u00bb vibr\u00f3 con dos emocionantes encuentros que sirvieron de tributo al \u00fanico venezolano en el Sal\u00f3n de la Fama de Cooperstown, sino que sirvi\u00f3 de marco para el anuncio m\u00e1s esperado por el b\u00e9isbol regional: el inicio de la rehabilitaci\u00f3n integral del m\u00edtico estadio.<\/em><\/strong><\/p>\n<hr \/>\n<p><strong><em>Jos\u00e9 Gil \/ Deportes Digital<\/em><\/strong><strong><em>\/Maracaibo:<\/em><\/strong> En una jornada cargada de nostalgia, pasi\u00f3n deportiva y la promesa de un futuro brillante, el estado Zulia se uni\u00f3 para celebrar por todo lo alto el <strong data-path-to-node=\"4\" data-index-in-node=\"161\">cumplea\u00f1os n\u00famero 92 del inmortal Luis Aparicio Montiel<\/strong>. La festividad no solo honr\u00f3 la leyenda del \u00abGrande de Maracaibo\u00bb, sino que sirvi\u00f3 de marco para el anuncio m\u00e1s esperado por el b\u00e9isbol regional: el inicio de la rehabilitaci\u00f3n integral del m\u00edtico Estadio Ol\u00edmpico Alejandro Borges.<\/p>\n<p><img loading=\"lazy\" decoding=\"async\" class=\"size-full wp-image-115479 aligncenter\" src=\"https:\/\/deportesdigital.com.ve\/public\/wp-content\/uploads\/2026\/04\/aparacio1.jpg\" alt=\"\" width=\"800\" height=\"433\" srcset=\"https:\/\/deportesdigital.com.ve\/public\/wp-content\/uploads\/2026\/04\/aparacio1.jpg 800w, https:\/\/deportesdigital.com.ve\/public\/wp-content\/uploads\/2026\/04\/aparacio1-300x162.jpg 300w, https:\/\/deportesdigital.com.ve\/public\/wp-content\/uploads\/2026\/04\/aparacio1-768x416.jpg 768w, https:\/\/deportesdigital.com.ve\/public\/wp-content\/uploads\/2026\/04\/aparacio1-730x395.jpg 730w, https:\/\/deportesdigital.com.ve\/public\/wp-content\/uploads\/2026\/04\/aparacio1-435x235.jpg 435w\" sizes=\"auto, (max-width: 800px) 100vw, 800px\" \/><\/p>\n<p><strong>Voz de \u00abPlay Ball\u00bb en honor al Inmortal<\/strong><\/p>\n<p><img loading=\"lazy\" decoding=\"async\" class=\"wp-image-115489 aligncenter\" src=\"https:\/\/deportesdigital.com.ve\/public\/wp-content\/uploads\/2026\/04\/WhatsApp-Image-2026-04-29-at-4.34.12-PM.jpeg\" alt=\"\" width=\"745\" height=\"480\" srcset=\"https:\/\/deportesdigital.com.ve\/public\/wp-content\/uploads\/2026\/04\/WhatsApp-Image-2026-04-29-at-4.34.12-PM.jpeg 884w, https:\/\/deportesdigital.com.ve\/public\/wp-content\/uploads\/2026\/04\/WhatsApp-Image-2026-04-29-at-4.34.12-PM-300x193.jpeg 300w, https:\/\/deportesdigital.com.ve\/public\/wp-content\/uploads\/2026\/04\/WhatsApp-Image-2026-04-29-at-4.34.12-PM-768x495.jpeg 768w, https:\/\/deportesdigital.com.ve\/public\/wp-content\/uploads\/2026\/04\/WhatsApp-Image-2026-04-29-at-4.34.12-PM-730x471.jpeg 730w, https:\/\/deportesdigital.com.ve\/public\/wp-content\/uploads\/2026\/04\/WhatsApp-Image-2026-04-29-at-4.34.12-PM-435x280.jpeg 435w\" sizes=\"auto, (max-width: 745px) 100vw, 745px\" \/><\/p>\n<p data-path-to-node=\"6\">El diamante del \u00abBorges\u00bb vibr\u00f3 con dos emocionantes encuentros que sirvieron de tributo al \u00fanico venezolano en el Sal\u00f3n de la Fama de Cooperstown. Los actos protocolarios contaron con la presencia de Enry Rosales (Directivo de la FVB), Liliana Fuenmayor (Presidenta de la Asociaci\u00f3n de B\u00e9isbol del Zulia), Nohelia Zea (Liga de Maracaibo), junto a las dirigentes Ana Villalobos y Jos\u00e9 V\u00edlchez.<\/p>\n<p data-path-to-node=\"7,0\"><em data-path-to-node=\"7,0\" data-index-in-node=\"0\">\u00abEs un gran honor mantener viva la historia. Luis Aparicio es el m\u00e1s grande atleta nacido en esta tierra; nuestra misi\u00f3n es mantener esa llama encendida para las futuras generaciones\u00bb<\/em>, expres\u00f3 conmovido Enry Rosales durante la apertura.<\/p>\n<p data-path-to-node=\"8\"><strong>Acci\u00f3n en el diamante: Semillero de gala<\/strong><\/p>\n<p data-path-to-node=\"8\"><img loading=\"lazy\" decoding=\"async\" class=\"size-full wp-image-115488 aligncenter\" src=\"https:\/\/deportesdigital.com.ve\/public\/wp-content\/uploads\/2026\/04\/WhatsApp-Image-2026-04-29-at-4.34.11-PM.jpeg\" alt=\"\" width=\"800\" height=\"311\" srcset=\"https:\/\/deportesdigital.com.ve\/public\/wp-content\/uploads\/2026\/04\/WhatsApp-Image-2026-04-29-at-4.34.11-PM.jpeg 800w, https:\/\/deportesdigital.com.ve\/public\/wp-content\/uploads\/2026\/04\/WhatsApp-Image-2026-04-29-at-4.34.11-PM-300x117.jpeg 300w, https:\/\/deportesdigital.com.ve\/public\/wp-content\/uploads\/2026\/04\/WhatsApp-Image-2026-04-29-at-4.34.11-PM-768x299.jpeg 768w, https:\/\/deportesdigital.com.ve\/public\/wp-content\/uploads\/2026\/04\/WhatsApp-Image-2026-04-29-at-4.34.11-PM-730x284.jpeg 730w, https:\/\/deportesdigital.com.ve\/public\/wp-content\/uploads\/2026\/04\/WhatsApp-Image-2026-04-29-at-4.34.11-PM-435x169.jpeg 435w\" sizes=\"auto, (max-width: 800px) 100vw, 800px\" \/><\/p>\n<p data-path-to-node=\"9\">En la categor\u00eda <strong data-path-to-node=\"9\" data-index-in-node=\"16\">Infantil AA<\/strong>, la escuela <strong data-path-to-node=\"9\" data-index-in-node=\"40\">Alejandro Borges<\/strong> se impuso con autoridad <strong data-path-to-node=\"9\" data-index-in-node=\"81\">12-0<\/strong> ante Mumu Barboza. El triunfo desde la lomita fue para <strong data-path-to-node=\"9\" data-index-in-node=\"141\">Luis Barboza<\/strong>, mientras que la ofensiva estuvo comandada por Juan Urdaneta (3-3) y Manuel Mart\u00ednez con cuadrangular. La joya del encuentro la puso <strong data-path-to-node=\"9\" data-index-in-node=\"287\">Jes\u00fas Adrianza<\/strong>, quien conect\u00f3 un espectacular <strong data-path-to-node=\"9\" data-index-in-node=\"333\">Grand Slam<\/strong> para sellar la victoria.<\/p>\n<p data-path-to-node=\"9\"><img loading=\"lazy\" decoding=\"async\" class=\"wp-image-115486 aligncenter\" src=\"https:\/\/deportesdigital.com.ve\/public\/wp-content\/uploads\/2026\/04\/WhatsApp-Image-2026-04-29-at-5.46.35-PM.jpeg\" alt=\"\" width=\"603\" height=\"446\" srcset=\"https:\/\/deportesdigital.com.ve\/public\/wp-content\/uploads\/2026\/04\/WhatsApp-Image-2026-04-29-at-5.46.35-PM.jpeg 785w, https:\/\/deportesdigital.com.ve\/public\/wp-content\/uploads\/2026\/04\/WhatsApp-Image-2026-04-29-at-5.46.35-PM-300x222.jpeg 300w, https:\/\/deportesdigital.com.ve\/public\/wp-content\/uploads\/2026\/04\/WhatsApp-Image-2026-04-29-at-5.46.35-PM-768x568.jpeg 768w, https:\/\/deportesdigital.com.ve\/public\/wp-content\/uploads\/2026\/04\/WhatsApp-Image-2026-04-29-at-5.46.35-PM-730x540.jpeg 730w, https:\/\/deportesdigital.com.ve\/public\/wp-content\/uploads\/2026\/04\/WhatsApp-Image-2026-04-29-at-5.46.35-PM-435x322.jpeg 435w, https:\/\/deportesdigital.com.ve\/public\/wp-content\/uploads\/2026\/04\/WhatsApp-Image-2026-04-29-at-5.46.35-PM-80x60.jpeg 80w\" sizes=\"auto, (max-width: 603px) 100vw, 603px\" \/><\/p>\n<p data-path-to-node=\"10\">Por su parte, la categor\u00eda <strong data-path-to-node=\"10\" data-index-in-node=\"27\">Infantil A<\/strong> brind\u00f3 un duelo de alta tensi\u00f3n que culmin\u00f3 en un electrizante <strong data-path-to-node=\"10\" data-index-in-node=\"101\">empate 5-5<\/strong>. Al finalizar la acci\u00f3n, jugadores y autoridades, acompa\u00f1ados por Daniela Jim\u00e9nez (Directora de Imdeprec), unieron sus voces para cantar el tradicional \u00abCumplea\u00f1os Feliz\u00bb al eterno n\u00famero 11.<\/p>\n<p data-path-to-node=\"10\"><img loading=\"lazy\" decoding=\"async\" class=\"size-full wp-image-115487 aligncenter\" src=\"https:\/\/deportesdigital.com.ve\/public\/wp-content\/uploads\/2026\/04\/WhatsApp-Image-2026-04-29-at-5.46.32-PM.jpeg\" alt=\"\" width=\"698\" height=\"545\" srcset=\"https:\/\/deportesdigital.com.ve\/public\/wp-content\/uploads\/2026\/04\/WhatsApp-Image-2026-04-29-at-5.46.32-PM.jpeg 698w, https:\/\/deportesdigital.com.ve\/public\/wp-content\/uploads\/2026\/04\/WhatsApp-Image-2026-04-29-at-5.46.32-PM-300x234.jpeg 300w, https:\/\/deportesdigital.com.ve\/public\/wp-content\/uploads\/2026\/04\/WhatsApp-Image-2026-04-29-at-5.46.32-PM-435x340.jpeg 435w\" sizes=\"auto, (max-width: 698px) 100vw, 698px\" \/><\/p>\n<p data-path-to-node=\"11\"><strong>Machiques tambi\u00e9n rindi\u00f3 tributo<\/strong><\/p>\n<p data-path-to-node=\"11\"><img loading=\"lazy\" decoding=\"async\" class=\"wp-image-115483 aligncenter\" src=\"https:\/\/deportesdigital.com.ve\/public\/wp-content\/uploads\/2026\/04\/WhatsApp-Image-2026-04-29-at-2.50.04-PM.jpeg\" alt=\"\" width=\"739\" height=\"416\" srcset=\"https:\/\/deportesdigital.com.ve\/public\/wp-content\/uploads\/2026\/04\/WhatsApp-Image-2026-04-29-at-2.50.04-PM.jpeg 960w, https:\/\/deportesdigital.com.ve\/public\/wp-content\/uploads\/2026\/04\/WhatsApp-Image-2026-04-29-at-2.50.04-PM-300x169.jpeg 300w, https:\/\/deportesdigital.com.ve\/public\/wp-content\/uploads\/2026\/04\/WhatsApp-Image-2026-04-29-at-2.50.04-PM-768x432.jpeg 768w, https:\/\/deportesdigital.com.ve\/public\/wp-content\/uploads\/2026\/04\/WhatsApp-Image-2026-04-29-at-2.50.04-PM-730x411.jpeg 730w, https:\/\/deportesdigital.com.ve\/public\/wp-content\/uploads\/2026\/04\/WhatsApp-Image-2026-04-29-at-2.50.04-PM-435x245.jpeg 435w\" sizes=\"auto, (max-width: 739px) 100vw, 739px\" \/><\/p>\n<p data-path-to-node=\"12\">La celebraci\u00f3n no se limit\u00f3 a la capital. En el <strong data-path-to-node=\"12\" data-index-in-node=\"48\">Estadio Tinaquillo de Machiques<\/strong>, la Escuela de B\u00e9isbol <strong data-path-to-node=\"12\" data-index-in-node=\"103\">Zulianitos de Machiques<\/strong> se sum\u00f3 al j\u00fabilo regional. Jorge Leal, presidente de la organizaci\u00f3n, manifest\u00f3: <em data-path-to-node=\"12\" data-index-in-node=\"209\">\u00abEstamos felices de unirnos a esta fecha que llena de orgullo a todo el pa\u00eds\u00bb<\/em>, demostrando que la huella de Aparicio sigue intacta en cada rinc\u00f3n del estado.<\/p>\n<p data-path-to-node=\"13\"><strong>El renacer del \u00abFenway Park de Venezuela\u00bb<\/strong><\/p>\n<p data-path-to-node=\"13\"><img loading=\"lazy\" decoding=\"async\" class=\"size-full wp-image-115478 aligncenter\" src=\"https:\/\/deportesdigital.com.ve\/public\/wp-content\/uploads\/2026\/04\/WhatsApp-Image-2026-04-29-at-11.40.06-PM.jpeg\" alt=\"\" width=\"800\" height=\"562\" srcset=\"https:\/\/deportesdigital.com.ve\/public\/wp-content\/uploads\/2026\/04\/WhatsApp-Image-2026-04-29-at-11.40.06-PM.jpeg 800w, https:\/\/deportesdigital.com.ve\/public\/wp-content\/uploads\/2026\/04\/WhatsApp-Image-2026-04-29-at-11.40.06-PM-300x211.jpeg 300w, https:\/\/deportesdigital.com.ve\/public\/wp-content\/uploads\/2026\/04\/WhatsApp-Image-2026-04-29-at-11.40.06-PM-768x540.jpeg 768w, https:\/\/deportesdigital.com.ve\/public\/wp-content\/uploads\/2026\/04\/WhatsApp-Image-2026-04-29-at-11.40.06-PM-730x513.jpeg 730w, https:\/\/deportesdigital.com.ve\/public\/wp-content\/uploads\/2026\/04\/WhatsApp-Image-2026-04-29-at-11.40.06-PM-435x306.jpeg 435w\" sizes=\"auto, (max-width: 800px) 100vw, 800px\" \/><\/p>\n<p data-path-to-node=\"14\">El momento cumbre de la jornada lleg\u00f3 con el anuncio del alcalde <strong data-path-to-node=\"14\" data-index-in-node=\"65\">Gian Carlos Di Martino<\/strong>, quien confirm\u00f3 el plan de modernizaci\u00f3n del estadio Alejandro Borges. Con una visi\u00f3n que busca saldar una \u00abdeuda moral\u00bb con la historia, el proyecto contempla:<\/p>\n<p data-path-to-node=\"14\"><img loading=\"lazy\" decoding=\"async\" class=\"alignnone size-full wp-image-115482\" src=\"https:\/\/deportesdigital.com.ve\/public\/wp-content\/uploads\/2026\/04\/WhatsApp-Image-2026-04-30-at-12.04.24-AM.jpeg\" alt=\"\" width=\"1280\" height=\"960\" srcset=\"https:\/\/deportesdigital.com.ve\/public\/wp-content\/uploads\/2026\/04\/WhatsApp-Image-2026-04-30-at-12.04.24-AM.jpeg 1280w, https:\/\/deportesdigital.com.ve\/public\/wp-content\/uploads\/2026\/04\/WhatsApp-Image-2026-04-30-at-12.04.24-AM-300x225.jpeg 300w, https:\/\/deportesdigital.com.ve\/public\/wp-content\/uploads\/2026\/04\/WhatsApp-Image-2026-04-30-at-12.04.24-AM-1024x768.jpeg 1024w, https:\/\/deportesdigital.com.ve\/public\/wp-content\/uploads\/2026\/04\/WhatsApp-Image-2026-04-30-at-12.04.24-AM-768x576.jpeg 768w, https:\/\/deportesdigital.com.ve\/public\/wp-content\/uploads\/2026\/04\/WhatsApp-Image-2026-04-30-at-12.04.24-AM-730x548.jpeg 730w, https:\/\/deportesdigital.com.ve\/public\/wp-content\/uploads\/2026\/04\/WhatsApp-Image-2026-04-30-at-12.04.24-AM-435x326.jpeg 435w, https:\/\/deportesdigital.com.ve\/public\/wp-content\/uploads\/2026\/04\/WhatsApp-Image-2026-04-30-at-12.04.24-AM-80x60.jpeg 80w\" sizes=\"auto, (max-width: 1280px) 100vw, 1280px\" \/><\/p>\n<ul>\n<li data-path-to-node=\"15,0,0\"><strong data-path-to-node=\"15,0,0\" data-index-in-node=\"0\">Infraestructura:<\/strong> Sustituci\u00f3n total del techado, restauraci\u00f3n estructural y nueva iluminaci\u00f3n LED para juegos nocturnos.<\/li>\n<li data-path-to-node=\"15,1,0\"><strong data-path-to-node=\"15,1,0\" data-index-in-node=\"0\">Terreno de Juego:<\/strong> Instalaci\u00f3n de grama nueva con sistema de drenaje optimizado y pizarra electr\u00f3nica de \u00faltima generaci\u00f3n.<\/li>\n<li data-path-to-node=\"15,2,0\"><strong data-path-to-node=\"15,2,0\" data-index-in-node=\"0\">Identidad:<\/strong> El regreso de la <strong data-path-to-node=\"15,2,0\" data-index-in-node=\"28\">Galer\u00eda de la Fama<\/strong>, el Museo Luis Aparicio y la erecci\u00f3n de una estatua en honor al \u00eddolo.<\/li>\n<\/ul>\n<p><img loading=\"lazy\" decoding=\"async\" class=\"wp-image-115490 aligncenter\" src=\"https:\/\/deportesdigital.com.ve\/public\/wp-content\/uploads\/2026\/04\/WhatsApp-Image-2026-04-30-at-12.04.24-AM-1.jpeg\" alt=\"\" width=\"610\" height=\"458\" srcset=\"https:\/\/deportesdigital.com.ve\/public\/wp-content\/uploads\/2026\/04\/WhatsApp-Image-2026-04-30-at-12.04.24-AM-1.jpeg 1280w, https:\/\/deportesdigital.com.ve\/public\/wp-content\/uploads\/2026\/04\/WhatsApp-Image-2026-04-30-at-12.04.24-AM-1-300x225.jpeg 300w, https:\/\/deportesdigital.com.ve\/public\/wp-content\/uploads\/2026\/04\/WhatsApp-Image-2026-04-30-at-12.04.24-AM-1-1024x768.jpeg 1024w, https:\/\/deportesdigital.com.ve\/public\/wp-content\/uploads\/2026\/04\/WhatsApp-Image-2026-04-30-at-12.04.24-AM-1-768x576.jpeg 768w, https:\/\/deportesdigital.com.ve\/public\/wp-content\/uploads\/2026\/04\/WhatsApp-Image-2026-04-30-at-12.04.24-AM-1-730x548.jpeg 730w, https:\/\/deportesdigital.com.ve\/public\/wp-content\/uploads\/2026\/04\/WhatsApp-Image-2026-04-30-at-12.04.24-AM-1-435x326.jpeg 435w, https:\/\/deportesdigital.com.ve\/public\/wp-content\/uploads\/2026\/04\/WhatsApp-Image-2026-04-30-at-12.04.24-AM-1-80x60.jpeg 80w\" sizes=\"auto, (max-width: 610px) 100vw, 610px\" \/><\/p>\n<p data-path-to-node=\"16\"><strong>Cronograma y entrega<\/strong><\/p>\n<p data-path-to-node=\"17\">Para asegurar la ejecuci\u00f3n de las obras, el estadio cerrar\u00e1 sus puertas durante <strong data-path-to-node=\"17\" data-index-in-node=\"80\">tres meses<\/strong>. Se manejan dos fechas emblem\u00e1ticas para la reinauguraci\u00f3n: el <strong data-path-to-node=\"17\" data-index-in-node=\"154\">11 de noviembre<\/strong> (D\u00eda de Luis Aparicio) o el <strong data-path-to-node=\"17\" data-index-in-node=\"198\">8 de diciembre<\/strong>, coincidiendo con el 81.\u00ba aniversario de la fundaci\u00f3n del parque.<\/p>\n<p data-path-to-node=\"17\"><img loading=\"lazy\" decoding=\"async\" class=\"size-full wp-image-115481 aligncenter\" src=\"https:\/\/deportesdigital.com.ve\/public\/wp-content\/uploads\/2026\/04\/WhatsApp-Image-2026-04-29-at-11.40.06-PM-1.jpg\" alt=\"\" width=\"800\" height=\"521\" srcset=\"https:\/\/deportesdigital.com.ve\/public\/wp-content\/uploads\/2026\/04\/WhatsApp-Image-2026-04-29-at-11.40.06-PM-1.jpg 800w, https:\/\/deportesdigital.com.ve\/public\/wp-content\/uploads\/2026\/04\/WhatsApp-Image-2026-04-29-at-11.40.06-PM-1-300x195.jpg 300w, https:\/\/deportesdigital.com.ve\/public\/wp-content\/uploads\/2026\/04\/WhatsApp-Image-2026-04-29-at-11.40.06-PM-1-768x500.jpg 768w, https:\/\/deportesdigital.com.ve\/public\/wp-content\/uploads\/2026\/04\/WhatsApp-Image-2026-04-29-at-11.40.06-PM-1-730x475.jpg 730w, https:\/\/deportesdigital.com.ve\/public\/wp-content\/uploads\/2026\/04\/WhatsApp-Image-2026-04-29-at-11.40.06-PM-1-435x283.jpg 435w\" sizes=\"auto, (max-width: 800px) 100vw, 800px\" \/><\/p>\n<p data-path-to-node=\"18\"><em data-path-to-node=\"18\" data-index-in-node=\"0\">\u00abVamos a dotar al Alejandro Borges de la modernidad necesaria sin perder su esencia hist\u00f3rica\u00bb<\/em>, concluy\u00f3 el mandatario municipal, reafirmando que este recinto seguir\u00e1 siendo el templo donde se forjan los pr\u00f3ximos Grandes Ligas de Venezuela.<\/p>\n<p data-path-to-node=\"18\"><img loading=\"lazy\" decoding=\"async\" class=\"size-full wp-image-115480 aligncenter\" src=\"https:\/\/deportesdigital.com.ve\/public\/wp-content\/uploads\/2026\/04\/WhatsApp-Image-2026-04-29-at-11.40.06-PM-2.jpeg\" alt=\"\" width=\"800\" height=\"610\" srcset=\"https:\/\/deportesdigital.com.ve\/public\/wp-content\/uploads\/2026\/04\/WhatsApp-Image-2026-04-29-at-11.40.06-PM-2.jpeg 800w, https:\/\/deportesdigital.com.ve\/public\/wp-content\/uploads\/2026\/04\/WhatsApp-Image-2026-04-29-at-11.40.06-PM-2-300x229.jpeg 300w, https:\/\/deportesdigital.com.ve\/public\/wp-content\/uploads\/2026\/04\/WhatsApp-Image-2026-04-29-at-11.40.06-PM-2-768x586.jpeg 768w, https:\/\/deportesdigital.com.ve\/public\/wp-content\/uploads\/2026\/04\/WhatsApp-Image-2026-04-29-at-11.40.06-PM-2-730x557.jpeg 730w, https:\/\/deportesdigital.com.ve\/public\/wp-content\/uploads\/2026\/04\/WhatsApp-Image-2026-04-29-at-11.40.06-PM-2-435x332.jpeg 435w, https:\/\/deportesdigital.com.ve\/public\/wp-content\/uploads\/2026\/04\/WhatsApp-Image-2026-04-29-at-11.40.06-PM-2-80x60.jpeg 80w\" sizes=\"auto, (max-width: 800px) 100vw, 800px\" \/><\/p>\n<p><strong><em>Sigue esta y otras #Noticias ingresando a nuestras plataformas digitales Deportes Digital, en Instagram, Facebook, Twitter, y en nuestros grupos de Whatsapp y Telegram.<\/em><\/strong><\/p>\n","protected":false},"excerpt":{"rendered":"<p>El diamante del \u00abOl\u00edmpico Alejandro Borges\u00bb vibr\u00f3 con dos emocionantes encuentros que sirvieron de tributo al \u00fanico venezolano en el Sal\u00f3n de la Fama de Cooperstown, sino que sirvi\u00f3 de [&hellip;]<\/p>\n","protected":false},"author":1,"featured_media":115491,"comment_status":"open","ping_status":"closed","sticky":false,"template":"","format":"standard","meta":{"footnotes":""},"categories":[2],"tags":[],"class_list":["post-115476","post","type-post","status-publish","format-standard","has-post-thumbnail","hentry","category-beisbol","clearfix"],"_links":{"self":[{"href":"https:\/\/deportesdigital.com.ve\/public\/wp-json\/wp\/v2\/posts\/115476","targetHints":{"allow":["GET"]}}],"collection":[{"href":"https:\/\/deportesdigital.com.ve\/public\/wp-json\/wp\/v2\/posts"}],"about":[{"href":"https:\/\/deportesdigital.com.ve\/public\/wp-json\/wp\/v2\/types\/post"}],"author":[{"embeddable":true,"href":"https:\/\/deportesdigital.com.ve\/public\/wp-json\/wp\/v2\/users\/1"}],"replies":[{"embeddable":true,"href":"https:\/\/deportesdigital.com.ve\/public\/wp-json\/wp\/v2\/comments?post=115476"}],"version-history":[{"count":1,"href":"https:\/\/deportesdigital.com.ve\/public\/wp-json\/wp\/v2\/posts\/115476\/revisions"}],"predecessor-version":[{"id":115492,"href":"https:\/\/deportesdigital.com.ve\/public\/wp-json\/wp\/v2\/posts\/115476\/revisions\/115492"}],"wp:featuredmedia":[{"embeddable":true,"href":"https:\/\/deportesdigital.com.ve\/public\/wp-json\/wp\/v2\/media\/115491"}],"wp:attachment":[{"href":"https:\/\/deportesdigital.com.ve\/public\/wp-json\/wp\/v2\/media?parent=115476"}],"wp:term":[{"taxonomy":"category","embeddable":true,"href":"https:\/\/deportesdigital.com.ve\/public\/wp-json\/wp\/v2\/categories?post=115476"},{"taxonomy":"post_tag","embeddable":true,"href":"https:\/\/deportesdigital.com.ve\/public\/wp-json\/wp\/v2\/tags?post=115476"}],"curies":[{"name":"wp","href":"https:\/\/api.w.org\/{rel}","templated":true}]}}