{"id":115471,"date":"2026-04-29T09:33:41","date_gmt":"2026-04-29T13:33:41","guid":{"rendered":"https:\/\/deportesdigital.com.ve\/public\/?p=115471"},"modified":"2026-04-29T09:33:41","modified_gmt":"2026-04-29T13:33:41","slug":"hazana-mundial-venezuela-conquista-el-5to-lugar-en-el-mundial-de-ajedrez-para-personas-con-discapacidad-visual","status":"publish","type":"post","link":"https:\/\/deportesdigital.com.ve\/public\/hazana-mundial-venezuela-conquista-el-5to-lugar-en-el-mundial-de-ajedrez-para-personas-con-discapacidad-visual\/","title":{"rendered":"\u00a1Haza\u00f1a Mundial! Venezuela conquista el 5to lugar en el Mundial de Ajedrez para Personas con Discapacidad Visual"},"content":{"rendered":"<p data-path-to-node=\"3\"><strong data-path-to-node=\"3\" data-index-in-node=\"0\"><em>La representaci\u00f3n del Zulia fue fundamental para este \u00e9xito. Entre los \u00abguerreros del tablero\u00bb destacan CM Harlen Otero y An\u00edbal Rodr\u00edguez orgullo de los municipios Valmore Rodr\u00edguez y Maracaibo.<\/em><\/strong><\/p>\n<hr \/>\n<p><strong><em>Jos\u00e9 Gil \/ Deportes Digital<\/em><\/strong><strong><em> Maracaibo:<\/em><\/strong> El ajedrez venezolano ha vuelto a escribir una p\u00e1gina dorada en la historia del deporte adaptado. La selecci\u00f3n nacional logr\u00f3 una destacada actuaci\u00f3n al ocupar el <strong data-path-to-node=\"4\" data-index-in-node=\"163\">quinto lugar<\/strong> en el <strong data-path-to-node=\"4\" data-index-in-node=\"182\">Campeonato Mundial de Ajedrez por Equipos para Personas con Discapacidad Visual<\/strong>, celebrado del 16 al 28 de abril en Petrovac, Montenegro.<\/p>\n<p><img loading=\"lazy\" decoding=\"async\" class=\"wp-image-115474 size-full aligncenter\" src=\"https:\/\/deportesdigital.com.ve\/public\/wp-content\/uploads\/2026\/04\/WhatsApp-Image-2026-04-28-at-11.39.29-PM-e1777469503740.jpeg\" alt=\"\" width=\"662\" height=\"610\" srcset=\"https:\/\/deportesdigital.com.ve\/public\/wp-content\/uploads\/2026\/04\/WhatsApp-Image-2026-04-28-at-11.39.29-PM-e1777469503740.jpeg 662w, https:\/\/deportesdigital.com.ve\/public\/wp-content\/uploads\/2026\/04\/WhatsApp-Image-2026-04-28-at-11.39.29-PM-e1777469503740-300x276.jpeg 300w, https:\/\/deportesdigital.com.ve\/public\/wp-content\/uploads\/2026\/04\/WhatsApp-Image-2026-04-28-at-11.39.29-PM-e1777469503740-435x401.jpeg 435w\" sizes=\"auto, (max-width: 662px) 100vw, 662px\" \/><\/p>\n<p>Este \u00abDream Team\u00bb, que obtuvo su cupo mundialista tras un brillante 2025, se midi\u00f3 ante 21 potencias mundiales, demostrando que el talento venezolano no tiene l\u00edmites.<\/p>\n<p data-path-to-node=\"6\"><strong>El sello zuliano en el tablero<\/strong><\/p>\n<p data-path-to-node=\"6\"><img loading=\"lazy\" decoding=\"async\" class=\"alignnone wp-image-115473 size-full\" src=\"https:\/\/deportesdigital.com.ve\/public\/wp-content\/uploads\/2026\/04\/WhatsApp-Image-2026-04-28-at-11.39.30-PM-e1777469549130.jpeg\" alt=\"\" width=\"787\" height=\"620\" srcset=\"https:\/\/deportesdigital.com.ve\/public\/wp-content\/uploads\/2026\/04\/WhatsApp-Image-2026-04-28-at-11.39.30-PM-e1777469549130.jpeg 787w, https:\/\/deportesdigital.com.ve\/public\/wp-content\/uploads\/2026\/04\/WhatsApp-Image-2026-04-28-at-11.39.30-PM-e1777469549130-300x236.jpeg 300w, https:\/\/deportesdigital.com.ve\/public\/wp-content\/uploads\/2026\/04\/WhatsApp-Image-2026-04-28-at-11.39.30-PM-e1777469549130-768x605.jpeg 768w, https:\/\/deportesdigital.com.ve\/public\/wp-content\/uploads\/2026\/04\/WhatsApp-Image-2026-04-28-at-11.39.30-PM-e1777469549130-730x575.jpeg 730w, https:\/\/deportesdigital.com.ve\/public\/wp-content\/uploads\/2026\/04\/WhatsApp-Image-2026-04-28-at-11.39.30-PM-e1777469549130-435x343.jpeg 435w\" sizes=\"auto, (max-width: 787px) 100vw, 787px\" \/><\/p>\n<p data-path-to-node=\"7\">La representaci\u00f3n del estado Zulia fue fundamental para este \u00e9xito. Entre los \u00abguerreros del tablero\u00bb destacan dos nombres que son orgullo regional:<\/p>\n<p data-path-to-node=\"8,0,0\"><strong data-path-to-node=\"8,0,0\" data-index-in-node=\"0\">CM Harlen Otero:<\/strong> Orgullo del municipio Valmore Rodr\u00edguez y presidente de la Escuela de Ajedrez \u00abLos Monarcas\u00bb. Su liderazgo y trayectoria fueron claves en la estrategia del equipo.<\/p>\n<p data-path-to-node=\"8,0,0\"><img loading=\"lazy\" decoding=\"async\" class=\"wp-image-115472  aligncenter\" src=\"https:\/\/deportesdigital.com.ve\/public\/wp-content\/uploads\/2026\/04\/WhatsApp-Image-2026-04-28-at-11.39.32-PM-e1777469603701.jpeg\" alt=\"\" width=\"590\" height=\"461\" srcset=\"https:\/\/deportesdigital.com.ve\/public\/wp-content\/uploads\/2026\/04\/WhatsApp-Image-2026-04-28-at-11.39.32-PM-e1777469603701.jpeg 768w, https:\/\/deportesdigital.com.ve\/public\/wp-content\/uploads\/2026\/04\/WhatsApp-Image-2026-04-28-at-11.39.32-PM-e1777469603701-300x234.jpeg 300w, https:\/\/deportesdigital.com.ve\/public\/wp-content\/uploads\/2026\/04\/WhatsApp-Image-2026-04-28-at-11.39.32-PM-e1777469603701-730x570.jpeg 730w, https:\/\/deportesdigital.com.ve\/public\/wp-content\/uploads\/2026\/04\/WhatsApp-Image-2026-04-28-at-11.39.32-PM-e1777469603701-435x340.jpeg 435w\" sizes=\"auto, (max-width: 590px) 100vw, 590px\" \/><\/p>\n<p data-path-to-node=\"8,1,0\"><strong data-path-to-node=\"8,1,0\" data-index-in-node=\"0\">An\u00edbal Rodr\u00edguez:<\/strong> Referente de Maracaibo, quien aport\u00f3 su experiencia y solidez t\u00e9cnica en cada partida.<\/p>\n<p data-path-to-node=\"9\">El equipo se complet\u00f3 con la maestr\u00eda de <strong data-path-to-node=\"9\" data-index-in-node=\"41\">Iv\u00e1n Gonz\u00e1lez<\/strong>, <strong data-path-to-node=\"9\" data-index-in-node=\"56\">V\u00edctor Aguiar<\/strong> y <strong data-path-to-node=\"9\" data-index-in-node=\"72\">Edgar Rivas<\/strong>, conformando una selecci\u00f3n cohesionada que batall\u00f3 en cada jornada.<\/p>\n<p data-path-to-node=\"10\"><strong>Una ruta de gigantes<\/strong><\/p>\n<p data-path-to-node=\"11\">Venezuela inici\u00f3 la competencia en el puesto nueve del ranking y escal\u00f3 posiciones tras un desempe\u00f1o de alto nivel: <strong data-path-to-node=\"11\" data-index-in-node=\"116\">5 victorias, 1 empate y solo 3 derrotas logrando 11 puntos en total<\/strong>.<\/p>\n<p data-path-to-node=\"12\">En declaraciones exclusivas para <strong data-path-to-node=\"12\" data-index-in-node=\"33\">Deportes Digital<\/strong>, el CM Harlen Otero destac\u00f3 la complejidad del torneo:<\/p>\n<p data-path-to-node=\"13,0\"><em data-path-to-node=\"13,0\" data-index-in-node=\"0\">\u00abLa competencia no fue nada f\u00e1cil. Logramos un empate valioso ante Hungr\u00eda, y de las tres derrotas sufridas, dos fueron ante los rivales m\u00e1s fuertes: Polonia y Ucrania, quienes finalmente se titularon campe\u00f3n y subcampe\u00f3n mundial, respectivamente\u00bb<\/em>.<\/p>\n<p data-path-to-node=\"14\">Otero expres\u00f3 su inmensa alegr\u00eda por este resultado, que posiciona a Venezuela como la quinta potencia del mundo en esta disciplina, un logro que es fruto de la constancia y el trabajo en equipo.<\/p>\n<p data-path-to-node=\"15\"><strong>Ejemplo de liderazgo<\/strong><\/p>\n<p data-path-to-node=\"16\">Desde el Zulia, celebramos no solo el triunfo colectivo, sino la labor de Harlen Otero, cuya gesti\u00f3n al frente de la <strong data-path-to-node=\"16\" data-index-in-node=\"117\">Escuela de Ajedrez \u00abLos Monarcas\u00bb<\/strong> sigue siendo un faro de inspiraci\u00f3n para los atletas de la zona.<\/p>\n<p data-path-to-node=\"17\">Este quinto lugar mundial es un mensaje de superaci\u00f3n que une a todo el pa\u00eds bajo un mismo sentimiento. \u00a1Felicidades a nuestros campeones por dejar en alto el tricolor nacional y el orgullo zuliano!.<\/p>\n<p>\u00a0<strong><em>Sigue esta y otras #Noticias ingresando a nuestras plataformas digitales Deportes Digital, en Instagram, Facebook, Twitter, y en nuestros grupos de Whatsapp y Telegram.<\/em><\/strong><\/p>\n<p>&nbsp;<\/p>\n<p data-path-to-node=\"16\">\n","protected":false},"excerpt":{"rendered":"<p>La representaci\u00f3n del Zulia fue fundamental para este \u00e9xito. Entre los \u00abguerreros del tablero\u00bb destacan CM Harlen Otero y An\u00edbal Rodr\u00edguez orgullo de los municipios Valmore Rodr\u00edguez y Maracaibo. Jos\u00e9 [&hellip;]<\/p>\n","protected":false},"author":1,"featured_media":115473,"comment_status":"open","ping_status":"closed","sticky":false,"template":"","format":"standard","meta":{"footnotes":""},"categories":[5],"tags":[],"class_list":["post-115471","post","type-post","status-publish","format-standard","has-post-thumbnail","hentry","category-otrosdeportes","clearfix"],"_links":{"self":[{"href":"https:\/\/deportesdigital.com.ve\/public\/wp-json\/wp\/v2\/posts\/115471","targetHints":{"allow":["GET"]}}],"collection":[{"href":"https:\/\/deportesdigital.com.ve\/public\/wp-json\/wp\/v2\/posts"}],"about":[{"href":"https:\/\/deportesdigital.com.ve\/public\/wp-json\/wp\/v2\/types\/post"}],"author":[{"embeddable":true,"href":"https:\/\/deportesdigital.com.ve\/public\/wp-json\/wp\/v2\/users\/1"}],"replies":[{"embeddable":true,"href":"https:\/\/deportesdigital.com.ve\/public\/wp-json\/wp\/v2\/comments?post=115471"}],"version-history":[{"count":1,"href":"https:\/\/deportesdigital.com.ve\/public\/wp-json\/wp\/v2\/posts\/115471\/revisions"}],"predecessor-version":[{"id":115475,"href":"https:\/\/deportesdigital.com.ve\/public\/wp-json\/wp\/v2\/posts\/115471\/revisions\/115475"}],"wp:featuredmedia":[{"embeddable":true,"href":"https:\/\/deportesdigital.com.ve\/public\/wp-json\/wp\/v2\/media\/115473"}],"wp:attachment":[{"href":"https:\/\/deportesdigital.com.ve\/public\/wp-json\/wp\/v2\/media?parent=115471"}],"wp:term":[{"taxonomy":"category","embeddable":true,"href":"https:\/\/deportesdigital.com.ve\/public\/wp-json\/wp\/v2\/categories?post=115471"},{"taxonomy":"post_tag","embeddable":true,"href":"https:\/\/deportesdigital.com.ve\/public\/wp-json\/wp\/v2\/tags?post=115471"}],"curies":[{"name":"wp","href":"https:\/\/api.w.org\/{rel}","templated":true}]}}