{"id":115450,"date":"2026-04-28T22:10:47","date_gmt":"2026-04-29T02:10:47","guid":{"rendered":"https:\/\/deportesdigital.com.ve\/public\/?p=115450"},"modified":"2026-04-28T22:10:47","modified_gmt":"2026-04-29T02:10:47","slug":"el-softbol-femenino-y-el-domino-se-visten-de-gala-con-la-organizacion-proyecto-deporte-soy-siglo-21","status":"publish","type":"post","link":"https:\/\/deportesdigital.com.ve\/public\/el-softbol-femenino-y-el-domino-se-visten-de-gala-con-la-organizacion-proyecto-deporte-soy-siglo-21\/","title":{"rendered":"El Softbol Femenino y el Domin\u00f3 se visten de gala con la organizaci\u00f3n \u00abProyecto Deporte Soy, Siglo 21\u00bb"},"content":{"rendered":"<p data-path-to-node=\"4\"><strong data-path-to-node=\"4\" data-index-in-node=\"0\"><em>La regi\u00f3n se alista para vivir un fin de semana lleno de adrenalina, tradici\u00f3n y sano esparcimiento en homenaje al D\u00eda del Trabajador.<\/em><\/strong><\/p>\n<hr \/>\n<p><strong><em>Jos\u00e9 Gil | Deportes Digital<\/em><\/strong><strong><em>\/Maracaibo:<\/em> <\/strong>El deporte en el municipio San Francisco se prepara para una agenda de alto impacto. Bajo el impulso de la organizaci\u00f3n <strong data-path-to-node=\"5\" data-index-in-node=\"120\">Proyecto Deporte Soy, Siglo 21<\/strong>, liderada por <strong data-path-to-node=\"5\" data-index-in-node=\"165\">Luis Urribarr\u00ed<\/strong>, la regi\u00f3n se alista para vivir un fin de semana lleno de adrenalina, tradici\u00f3n y sano esparcimiento en homenaje al <strong data-path-to-node=\"5\" data-index-in-node=\"296\">D\u00eda del Trabajador<\/strong>.<\/p>\n<p><strong>Jornada de Domin\u00f3: Homenaje al Trabajador<\/strong><\/p>\n<p data-path-to-node=\"12\">La acci\u00f3n comienza este <strong data-path-to-node=\"12\" data-index-in-node=\"24\">viernes 1 de mayo<\/strong> a las <strong data-path-to-node=\"12\" data-index-in-node=\"48\">4:00 p.m.<\/strong> en <strong data-path-to-node=\"12\" data-index-in-node=\"61\">El Fog\u00f3n de Pepe<\/strong> (Urb. San Felipe). Bajo el aval de la <strong data-path-to-node=\"12\" data-index-in-node=\"116\">Asociaci\u00f3n de Domin\u00f3 del Estado Zulia (ASODOZU)<\/strong> y la direcci\u00f3n de <strong data-path-to-node=\"12\" data-index-in-node=\"182\">C\u00e9sar Reyes<\/strong>, se realizar\u00e1 un torneo especial para homenajear a los trabajadores venezolanos.<\/p>\n<p data-path-to-node=\"13\">Este evento, auspiciado por Pepe Valera y Empresas Polar, servir\u00e1 como base de datos para una pr\u00f3xima jornada gratuita pautada para finales de junio o principios de julio. Los interesados pueden comunicarse al <strong data-path-to-node=\"13\" data-index-in-node=\"210\">0412-4947659<\/strong> para inscripciones.<\/p>\n<p><strong>Domingo de Softbol: La \u00abCopa Empresas Polar\u00bb en Los Ositos<\/strong><\/p>\n<p data-path-to-node=\"7\">El complejo deportivo <strong data-path-to-node=\"7\" data-index-in-node=\"22\">Los Ositos<\/strong> (V\u00eda a Perij\u00e1) volver\u00e1 a ser el epicentro de la emoci\u00f3n el pr\u00f3ximo <strong data-path-to-node=\"7\" data-index-in-node=\"100\">domingo 03 de mayo<\/strong>. El estadio de softbol <strong data-path-to-node=\"7\" data-index-in-node=\"142\">Jes\u00fas \u00abChucho\u00bb Cano<\/strong> espera un lleno total a las <strong data-path-to-node=\"7\" data-index-in-node=\"190\">12:00 m.<\/strong>, cuando las selecciones \u00abA\u00bb y \u00abB\u00bb del softbol femenino se midan por la prestigiosa <strong data-path-to-node=\"7\" data-index-in-node=\"282\">Copa Empresas Polar<\/strong>.<\/p>\n<p data-path-to-node=\"8\">Urribarr\u00ed destac\u00f3 la importancia de este evento que resalta el talento de las mujeres en el deporte y agradeci\u00f3 el apoyo invaluable de <strong data-path-to-node=\"8\" data-index-in-node=\"135\">Empresas Polar<\/strong>, mencionando el compromiso de ejecutivos como Juan Carlos Zerpa, C\u00e9sar Gonz\u00e1lez y todo el equipo que hace posible el desarrollo deportivo regional.<\/p>\n<p data-path-to-node=\"9,0\">\u00abEl apoyo de Polar es incomparable; siempre est\u00e1n presentes en los eventos de alto octanaje\u00bb, puntualiz\u00f3 el dirigente, quien tambi\u00e9n agradeci\u00f3 a los representantes de Los Ositos, Rafael Silva y Regino Romero, as\u00ed como a la <strong data-path-to-node=\"9,0\" data-index-in-node=\"223\">Alcald\u00eda de San Francisco<\/strong> por el saneamiento de las instalaciones.<\/p>\n<p><strong>Un Mayo de \u00abFlores y Legados\u00bb<\/strong><\/p>\n<p data-path-to-node=\"16\">La organizaci\u00f3n no se detiene y anunci\u00f3 que para la pr\u00f3xima semana asistir\u00e1n al <strong data-path-to-node=\"16\" data-index-in-node=\"80\">Clasificatorio Nacional de Boxeo<\/strong> en apoyo a los atletas juveniles. Adem\u00e1s, se realizar\u00e1 una entrega de reconocimientos a un grupo de <strong data-path-to-node=\"16\" data-index-in-node=\"213\">Glorias Deportivas<\/strong> y dirigentes destacados, quienes recibir\u00e1n el galard\u00f3n <strong data-path-to-node=\"16\" data-index-in-node=\"287\">\u00abLegado de Gloria\u00bb<\/strong>.<\/p>\n<p data-path-to-node=\"17\"><strong>Deporte con prop\u00f3sito<\/strong><\/p>\n<p data-path-to-node=\"18\">Luis Urribarr\u00ed finaliz\u00f3 reafirmando que el <strong data-path-to-node=\"18\" data-index-in-node=\"43\">Proyecto Deporte Soy, Siglo 21<\/strong> avanza con firmeza: <em data-path-to-node=\"18\" data-index-in-node=\"94\">\u00abEl deporte es un factor fundamental en el desarrollo de nuestros pueblos. Trabajamos con cero inter\u00e9s pol\u00edtico y sin fines de lucro, agradecidos con los medios, las empresas y los deportistas que se suman a esta visi\u00f3n\u00bb<\/em>.<\/p>\n<p><strong>Invitaci\u00f3n abierta:<\/strong> * <strong data-path-to-node=\"20\" data-index-in-node=\"22\">Viernes 1 de mayo:<\/strong> Domin\u00f3 en El Fog\u00f3n de Pepe (4:00 p.m.)<\/p>\n<ul>\n<li data-path-to-node=\"21,0,0\"><strong data-path-to-node=\"21,0,0\" data-index-in-node=\"0\">Domingo 3 de mayo:<\/strong> Final de Softbol Femenino en el \u00abChucho\u00bb Cano (12:00 m.)<\/li>\n<\/ul>\n<p><strong>\u00a0Informaci\u00f3n nota de prensa.<\/strong><\/p>\n<p><strong><em>Sigue esta y otras #Noticias ingresando a nuestras plataformas digitales Deportes Digital, en Instagram, Facebook, Twitter, y en nuestros grupos de Whatsapp y Telegram.<\/em><\/strong><\/p>\n","protected":false},"excerpt":{"rendered":"<p>La regi\u00f3n se alista para vivir un fin de semana lleno de adrenalina, tradici\u00f3n y sano esparcimiento en homenaje al D\u00eda del Trabajador. Jos\u00e9 Gil | Deportes Digital\/Maracaibo: El deporte [&hellip;]<\/p>\n","protected":false},"author":1,"featured_media":115451,"comment_status":"open","ping_status":"closed","sticky":false,"template":"","format":"standard","meta":{"footnotes":""},"categories":[5],"tags":[],"class_list":["post-115450","post","type-post","status-publish","format-standard","has-post-thumbnail","hentry","category-otrosdeportes","clearfix"],"_links":{"self":[{"href":"https:\/\/deportesdigital.com.ve\/public\/wp-json\/wp\/v2\/posts\/115450","targetHints":{"allow":["GET"]}}],"collection":[{"href":"https:\/\/deportesdigital.com.ve\/public\/wp-json\/wp\/v2\/posts"}],"about":[{"href":"https:\/\/deportesdigital.com.ve\/public\/wp-json\/wp\/v2\/types\/post"}],"author":[{"embeddable":true,"href":"https:\/\/deportesdigital.com.ve\/public\/wp-json\/wp\/v2\/users\/1"}],"replies":[{"embeddable":true,"href":"https:\/\/deportesdigital.com.ve\/public\/wp-json\/wp\/v2\/comments?post=115450"}],"version-history":[{"count":1,"href":"https:\/\/deportesdigital.com.ve\/public\/wp-json\/wp\/v2\/posts\/115450\/revisions"}],"predecessor-version":[{"id":115452,"href":"https:\/\/deportesdigital.com.ve\/public\/wp-json\/wp\/v2\/posts\/115450\/revisions\/115452"}],"wp:featuredmedia":[{"embeddable":true,"href":"https:\/\/deportesdigital.com.ve\/public\/wp-json\/wp\/v2\/media\/115451"}],"wp:attachment":[{"href":"https:\/\/deportesdigital.com.ve\/public\/wp-json\/wp\/v2\/media?parent=115450"}],"wp:term":[{"taxonomy":"category","embeddable":true,"href":"https:\/\/deportesdigital.com.ve\/public\/wp-json\/wp\/v2\/categories?post=115450"},{"taxonomy":"post_tag","embeddable":true,"href":"https:\/\/deportesdigital.com.ve\/public\/wp-json\/wp\/v2\/tags?post=115450"}],"curies":[{"name":"wp","href":"https:\/\/api.w.org\/{rel}","templated":true}]}}