{"id":115444,"date":"2026-04-28T17:27:14","date_gmt":"2026-04-28T21:27:14","guid":{"rendered":"https:\/\/deportesdigital.com.ve\/public\/?p=115444"},"modified":"2026-04-28T17:27:14","modified_gmt":"2026-04-28T21:27:14","slug":"el-beisbol-menor-se-viste-de-fiesta-por-el-cumpleanos-de-luis-aparicio-montiel","status":"publish","type":"post","link":"https:\/\/deportesdigital.com.ve\/public\/el-beisbol-menor-se-viste-de-fiesta-por-el-cumpleanos-de-luis-aparicio-montiel\/","title":{"rendered":"El b\u00e9isbol menor se viste de fiesta por el cumplea\u00f1os de Luis Aparicio Montiel"},"content":{"rendered":"<p data-path-to-node=\"4\"><em><strong>El Zulia celebra al inmortal con una jornada especial donde el diamante ser\u00e1 el protagonista, emulando aquellos encuentros del b\u00e9isbol rom\u00e1ntico entre los eternos rivales: Gavilanes y Pastora.<\/strong><\/em><\/p>\n<hr \/>\n<p><strong>Jos\u00e9 Gil Deportes Digital\/Maracaibo: <\/strong>Hablar de b\u00e9isbol en el Zulia es, inevitablemente, hablar de <strong data-path-to-node=\"4\" data-index-in-node=\"80\">Luis Aparicio Montiel<\/strong>. Este mi\u00e9rcoles, Venezuela y la tierra del sol amada se unen en una sola voz para celebrar el cumplea\u00f1os n\u00famero <strong data-path-to-node=\"4\" data-index-in-node=\"214\">92<\/strong> del \u00abInmortal\u00bb, el \u00fanico venezolano con una placa en el Sal\u00f3n de la Fama de Cooperstown y proclamado Atleta del Siglo XX en nuestro pa\u00eds.<\/p>\n<p>Para conmemorar la vida y el legado de quien fuera el \u00abRey del Campocorto\u00bb, la familia deportiva de Maracaibo ha preparado una jornada especial donde el diamante ser\u00e1 el protagonista, emulando aquellos encuentros del b\u00e9isbol rom\u00e1ntico entre los eternos rivales: <strong data-path-to-node=\"5\" data-index-in-node=\"262\">Gavilanes y Pastora<\/strong>.<\/p>\n<h3>El \u00abAlejandro Borges\u00bb revive la historia<\/h3>\n<p><img loading=\"lazy\" decoding=\"async\" class=\"size-full wp-image-115316 aligncenter\" src=\"https:\/\/deportesdigital.com.ve\/public\/wp-content\/uploads\/2026\/04\/ab9.jpg\" alt=\"\" width=\"800\" height=\"464\" srcset=\"https:\/\/deportesdigital.com.ve\/public\/wp-content\/uploads\/2026\/04\/ab9.jpg 800w, https:\/\/deportesdigital.com.ve\/public\/wp-content\/uploads\/2026\/04\/ab9-300x174.jpg 300w, https:\/\/deportesdigital.com.ve\/public\/wp-content\/uploads\/2026\/04\/ab9-768x445.jpg 768w, https:\/\/deportesdigital.com.ve\/public\/wp-content\/uploads\/2026\/04\/ab9-730x423.jpg 730w, https:\/\/deportesdigital.com.ve\/public\/wp-content\/uploads\/2026\/04\/ab9-435x252.jpg 435w\" sizes=\"auto, (max-width: 800px) 100vw, 800px\" \/><\/p>\n<p data-path-to-node=\"8\">El escenario no pod\u00eda ser otro que el <strong data-path-to-node=\"8\" data-index-in-node=\"38\">Estadio Ol\u00edmpico Alejandro Borges<\/strong>, testigo de las haza\u00f1as que forjaron la leyenda de Aparicio. <strong data-path-to-node=\"8\" data-index-in-node=\"133\">Enry Rosales<\/strong>, directivo de la Federaci\u00f3n Venezolana de B\u00e9isbol (FVB), inform\u00f3 que las <strong data-path-to-node=\"8\" data-index-in-node=\"219\">Escuelas de B\u00e9isbol Federado Mumu Barboza y Alejandro Borges<\/strong> ser\u00e1n las encargadas de darle vida a este homenaje con dos encuentros estelares:<\/p>\n<p data-path-to-node=\"9,0,0\"><strong data-path-to-node=\"9,0,0\" data-index-in-node=\"0\">02:00 PM:<\/strong> Categor\u00eda Pre-infantil.<\/p>\n<p data-path-to-node=\"9,1,0\"><strong data-path-to-node=\"9,1,0\" data-index-in-node=\"0\">04:00 PM:<\/strong> Categor\u00eda Infantil.<\/p>\n<p data-path-to-node=\"9,1,0\"><img loading=\"lazy\" decoding=\"async\" class=\"size-full wp-image-115334 aligncenter\" src=\"https:\/\/deportesdigital.com.ve\/public\/wp-content\/uploads\/2026\/04\/ab25.jpg\" alt=\"\" width=\"800\" height=\"394\" srcset=\"https:\/\/deportesdigital.com.ve\/public\/wp-content\/uploads\/2026\/04\/ab25.jpg 800w, https:\/\/deportesdigital.com.ve\/public\/wp-content\/uploads\/2026\/04\/ab25-300x148.jpg 300w, https:\/\/deportesdigital.com.ve\/public\/wp-content\/uploads\/2026\/04\/ab25-768x378.jpg 768w, https:\/\/deportesdigital.com.ve\/public\/wp-content\/uploads\/2026\/04\/ab25-730x360.jpg 730w, https:\/\/deportesdigital.com.ve\/public\/wp-content\/uploads\/2026\/04\/ab25-435x214.jpg 435w\" sizes=\"auto, (max-width: 800px) 100vw, 800px\" \/><\/p>\n<h3 data-path-to-node=\"10\">Machiques tambi\u00e9n se une al festejo<\/h3>\n<p><img loading=\"lazy\" decoding=\"async\" class=\"alignnone size-full wp-image-114137\" src=\"https:\/\/deportesdigital.com.ve\/public\/wp-content\/uploads\/2026\/03\/9-5.jpg\" alt=\"\" width=\"800\" height=\"429\" srcset=\"https:\/\/deportesdigital.com.ve\/public\/wp-content\/uploads\/2026\/03\/9-5.jpg 800w, https:\/\/deportesdigital.com.ve\/public\/wp-content\/uploads\/2026\/03\/9-5-300x161.jpg 300w, https:\/\/deportesdigital.com.ve\/public\/wp-content\/uploads\/2026\/03\/9-5-768x412.jpg 768w, https:\/\/deportesdigital.com.ve\/public\/wp-content\/uploads\/2026\/03\/9-5-730x391.jpg 730w, https:\/\/deportesdigital.com.ve\/public\/wp-content\/uploads\/2026\/03\/9-5-435x233.jpg 435w\" sizes=\"auto, (max-width: 800px) 100vw, 800px\" \/><\/p>\n<p data-path-to-node=\"11\">La celebraci\u00f3n se extiende m\u00e1s all\u00e1 de la capital zuliana. En el municipio Machiques, los ni\u00f1os de la <strong data-path-to-node=\"11\" data-index-in-node=\"102\">Escuela Zulianitos<\/strong> se dar\u00e1n cita a las <strong data-path-to-node=\"11\" data-index-in-node=\"141\">10:00 AM<\/strong> en el hist\u00f3rico campito de <strong data-path-to-node=\"11\" data-index-in-node=\"177\">Tinaquillo<\/strong> para cantar el \u00abFeliz Cumplea\u00f1os\u00bb y honrar la trayectoria de su m\u00e1ximo referente.<\/p>\n<h3>Presencia Institucional<\/h3>\n<p data-path-to-node=\"14\">El acto contar\u00e1 con el respaldo de las m\u00e1ximas autoridades del deporte regional y municipal, reafirmando el compromiso con la formaci\u00f3n de las nuevas generaciones:<\/p>\n<ul>\n<li data-path-to-node=\"15,0,0\"><strong data-path-to-node=\"15,0,0\" data-index-in-node=\"0\">Liliana Fuenmayor<\/strong>, presidenta de la Asociaci\u00f3n de B\u00e9isbol del Zulia.<\/li>\n<li data-path-to-node=\"15,1,0\"><strong data-path-to-node=\"15,1,0\" data-index-in-node=\"0\">Nohelia Arias<\/strong>, presidenta de Limenor.<\/li>\n<li data-path-to-node=\"15,2,0\"><strong data-path-to-node=\"15,2,0\" data-index-in-node=\"0\">Enry Rosales<\/strong>, director de la FVB.<\/li>\n<li data-path-to-node=\"15,3,0\"><strong data-path-to-node=\"15,3,0\" data-index-in-node=\"0\">Daniela Jim\u00e9nez y Alfredo Le\u00f3n<\/strong>, presidenta y vicepresidente del IMDEPREC.<\/li>\n<\/ul>\n<p data-path-to-node=\"16,0\">El nacimiento de Luis Aparicio el 29 de abril 1934, en la parroquia San Lucia, la pasi\u00f3n por su legado sigue intacta, uniendo a ni\u00f1os y adultos en torno a la figura que puso el nombre de Venezuela en lo m\u00e1s alto del b\u00e9isbol mundial.<\/p>\n<p><strong><em>Sigue esta y otras #Noticias ingresando a nuestras plataformas digitales Deportes Digital, en Instagram, Facebook, Twitter, y en nuestros grupos de Whatsapp y Telegram.<\/em><\/strong><\/p>\n<p>&nbsp;<\/p>\n","protected":false},"excerpt":{"rendered":"<p>El Zulia celebra al inmortal con una jornada especial donde el diamante ser\u00e1 el protagonista, emulando aquellos encuentros del b\u00e9isbol rom\u00e1ntico entre los eternos rivales: Gavilanes y Pastora. Jos\u00e9 Gil [&hellip;]<\/p>\n","protected":false},"author":1,"featured_media":115445,"comment_status":"open","ping_status":"closed","sticky":false,"template":"","format":"standard","meta":{"footnotes":""},"categories":[2],"tags":[],"class_list":["post-115444","post","type-post","status-publish","format-standard","has-post-thumbnail","hentry","category-beisbol","clearfix"],"_links":{"self":[{"href":"https:\/\/deportesdigital.com.ve\/public\/wp-json\/wp\/v2\/posts\/115444","targetHints":{"allow":["GET"]}}],"collection":[{"href":"https:\/\/deportesdigital.com.ve\/public\/wp-json\/wp\/v2\/posts"}],"about":[{"href":"https:\/\/deportesdigital.com.ve\/public\/wp-json\/wp\/v2\/types\/post"}],"author":[{"embeddable":true,"href":"https:\/\/deportesdigital.com.ve\/public\/wp-json\/wp\/v2\/users\/1"}],"replies":[{"embeddable":true,"href":"https:\/\/deportesdigital.com.ve\/public\/wp-json\/wp\/v2\/comments?post=115444"}],"version-history":[{"count":1,"href":"https:\/\/deportesdigital.com.ve\/public\/wp-json\/wp\/v2\/posts\/115444\/revisions"}],"predecessor-version":[{"id":115446,"href":"https:\/\/deportesdigital.com.ve\/public\/wp-json\/wp\/v2\/posts\/115444\/revisions\/115446"}],"wp:featuredmedia":[{"embeddable":true,"href":"https:\/\/deportesdigital.com.ve\/public\/wp-json\/wp\/v2\/media\/115445"}],"wp:attachment":[{"href":"https:\/\/deportesdigital.com.ve\/public\/wp-json\/wp\/v2\/media?parent=115444"}],"wp:term":[{"taxonomy":"category","embeddable":true,"href":"https:\/\/deportesdigital.com.ve\/public\/wp-json\/wp\/v2\/categories?post=115444"},{"taxonomy":"post_tag","embeddable":true,"href":"https:\/\/deportesdigital.com.ve\/public\/wp-json\/wp\/v2\/tags?post=115444"}],"curies":[{"name":"wp","href":"https:\/\/api.w.org\/{rel}","templated":true}]}}