{"id":115405,"date":"2026-04-27T22:24:34","date_gmt":"2026-04-28T02:24:34","guid":{"rendered":"https:\/\/deportesdigital.com.ve\/public\/?p=115405"},"modified":"2026-04-27T22:24:34","modified_gmt":"2026-04-28T02:24:34","slug":"maracaibo-vivira-la-emocion-de-la-primera-edicion-de-la-copa-gaiteros-3x3","status":"publish","type":"post","link":"https:\/\/deportesdigital.com.ve\/public\/maracaibo-vivira-la-emocion-de-la-primera-edicion-de-la-copa-gaiteros-3x3\/","title":{"rendered":"Maracaibo vivir\u00e1 la emoci\u00f3n de la primera edici\u00f3n de la Copa Gaiteros 3&#215;3"},"content":{"rendered":"<p><strong><em>La Vereda del Lago ser\u00e1 el escenario con una jornada hist\u00f3rica el primero de mayo.<\/em><\/strong><\/p>\n<hr \/>\n<p><strong><em>\u00a0<\/em><\/strong><strong><em>Prensa Gaiteros del Zulia:<\/em><\/strong> Maracaibo se prepara para vivir una experiencia in\u00e9dita con la primera edici\u00f3n de la Copa Gaiteros 3&#215;3, un evento que llevar\u00e1 toda la emoci\u00f3n del baloncesto urbano a la emblem\u00e1tica Vereda del Lago este viernes 01 de mayo.<\/p>\n<p>La capital zuliana ser\u00e1 escenario de una jornada hist\u00f3rica, al contar por primera vez con cancha, torre y balones oficiales de FIBA 3&#215;3, garantizando una experiencia profesional al 100% en la \u201cTierra del sol amada\u201d. Esta iniciativa marca un paso importante en el impulso de esta modalidad del baloncesto en la regi\u00f3n impulsada por el equipo tradicional del estado Gaiteros del Zulia.<\/p>\n<p>Un total de 12 equipos dir\u00e1n presente en el torneo, cada uno con la mira puesta en un solo objetivo: conquistar la copa y dejar su huella en esta primera edici\u00f3n del certamen. Se espera un ambiente cargado de energ\u00eda, competitividad y espect\u00e1culo para todos los asistentes.<\/p>\n<p>El evento dar\u00e1 inicio desde las 9:00 de la ma\u00f1ana y cuenta con el aval oficial de FIBA 3&#215;3 y la Federaci\u00f3n Venezolana de Baloncesto, lo que respalda su organizaci\u00f3n y nivel competitivo.<\/p>\n<p>La invitaci\u00f3n es abierta para toda la afici\u00f3n zuliana a disfrutar de un d\u00eda diferente, lleno de baloncesto, cultura urbana y entretenimiento en uno de los espacios m\u00e1s representativos de la ciudad.<\/p>\n<p><strong><em>Sigue esta y otras #Noticias ingresando a nuestras plataformas digitales Deportes Digital, en Instagram, Facebook, Twitter, y en nuestros grupos de Whatsapp y Telegram.<\/em><\/strong><\/p>\n<p>&nbsp;<\/p>\n","protected":false},"excerpt":{"rendered":"<p>La Vereda del Lago ser\u00e1 el escenario con una jornada hist\u00f3rica el primero de mayo. \u00a0Prensa Gaiteros del Zulia: Maracaibo se prepara para vivir una experiencia in\u00e9dita con la primera [&hellip;]<\/p>\n","protected":false},"author":1,"featured_media":115406,"comment_status":"open","ping_status":"closed","sticky":false,"template":"","format":"standard","meta":{"footnotes":""},"categories":[4],"tags":[],"class_list":["post-115405","post","type-post","status-publish","format-standard","has-post-thumbnail","hentry","category-baloncesto","clearfix"],"_links":{"self":[{"href":"https:\/\/deportesdigital.com.ve\/public\/wp-json\/wp\/v2\/posts\/115405","targetHints":{"allow":["GET"]}}],"collection":[{"href":"https:\/\/deportesdigital.com.ve\/public\/wp-json\/wp\/v2\/posts"}],"about":[{"href":"https:\/\/deportesdigital.com.ve\/public\/wp-json\/wp\/v2\/types\/post"}],"author":[{"embeddable":true,"href":"https:\/\/deportesdigital.com.ve\/public\/wp-json\/wp\/v2\/users\/1"}],"replies":[{"embeddable":true,"href":"https:\/\/deportesdigital.com.ve\/public\/wp-json\/wp\/v2\/comments?post=115405"}],"version-history":[{"count":1,"href":"https:\/\/deportesdigital.com.ve\/public\/wp-json\/wp\/v2\/posts\/115405\/revisions"}],"predecessor-version":[{"id":115407,"href":"https:\/\/deportesdigital.com.ve\/public\/wp-json\/wp\/v2\/posts\/115405\/revisions\/115407"}],"wp:featuredmedia":[{"embeddable":true,"href":"https:\/\/deportesdigital.com.ve\/public\/wp-json\/wp\/v2\/media\/115406"}],"wp:attachment":[{"href":"https:\/\/deportesdigital.com.ve\/public\/wp-json\/wp\/v2\/media?parent=115405"}],"wp:term":[{"taxonomy":"category","embeddable":true,"href":"https:\/\/deportesdigital.com.ve\/public\/wp-json\/wp\/v2\/categories?post=115405"},{"taxonomy":"post_tag","embeddable":true,"href":"https:\/\/deportesdigital.com.ve\/public\/wp-json\/wp\/v2\/tags?post=115405"}],"curies":[{"name":"wp","href":"https:\/\/api.w.org\/{rel}","templated":true}]}}