{"id":115388,"date":"2026-04-27T08:56:19","date_gmt":"2026-04-27T12:56:19","guid":{"rendered":"https:\/\/deportesdigital.com.ve\/public\/?p=115388"},"modified":"2026-04-27T08:56:19","modified_gmt":"2026-04-27T12:56:19","slug":"julio-parra-destaca-en-las-finales-de-los-juegos-suramericanos-de-la-juventud-panama-2026","status":"publish","type":"post","link":"https:\/\/deportesdigital.com.ve\/public\/julio-parra-destaca-en-las-finales-de-los-juegos-suramericanos-de-la-juventud-panama-2026\/","title":{"rendered":"Julio Parra destaca en las finales de los Juegos Suramericanos de la Juventud Panam\u00e1 2026"},"content":{"rendered":"<p><strong><em>Julio Parra culmina esta experiencia internacional con un balance positivo. Tras este bautismo de fuego con la selecci\u00f3n nacional, el atleta regresar\u00e1 al pa\u00eds para retomar sus entrenamientos.<\/em><\/strong><\/p>\n<hr \/>\n<p><strong><em>Jos\u00e9 Gil Deportes Digital\/Maracaibo:<\/em><\/strong> El atletismo zuliano dej\u00f3 una huella de perseverancia y talento en la pista del <strong>Estadio Rommel Fern\u00e1ndez Guti\u00e9rrez<\/strong>. El lanzador cabimense <strong>Julio Parra<\/strong>, defendiendo por primera vez los colores de la selecci\u00f3n nacional, logr\u00f3 inscribir su nombre entre los mejores del continente al clasificar y competir en dos finales de los <strong>IV Juegos Suramericanos de la Juventud Panam\u00e1 2026<\/strong>.<\/p>\n<p>A pesar de no alcanzar el podio, el desempe\u00f1o de Parra subraya el potencial de la cantera zuliana en las \u00e1reas de lanzamientos, consolid\u00e1ndose como una de las promesas a seguir en el ciclo ol\u00edmpico juvenil.<\/p>\n<p><strong>Dominio t\u00e9cnico en el Disco<\/strong><\/p>\n<p>El debut de Parra con el combinado nacional se produjo el pasado <strong>23 de abril<\/strong> en la prueba de <strong>lanzamiento de disco<\/strong>. En una competencia marcada por la progresi\u00f3n, el zuliano logr\u00f3 su mejor registro en el quinto intento, deteniendo los cron\u00f3metros en <strong>39.51 metros<\/strong>.<\/p>\n<p>Su secuencia de lanzamientos mostr\u00f3 una notable capacidad de recuperaci\u00f3n tras fallar en su primer turno:<\/p>\n<ul>\n<li><strong>2do intento:<\/strong>18 m<\/li>\n<li><strong>3er intento:<\/strong>18 m<\/li>\n<li><strong>4to intento:<\/strong>40 m<\/li>\n<li><strong>5to intento:<\/strong> <strong>51 m<\/strong> (Marca final para el 7.\u00ba lugar)<\/li>\n<\/ul>\n<h3>S\u00e9ptimo lugar en el Impulso de Bala<\/h3>\n<p>Para cerrar su participaci\u00f3n el <strong>s\u00e1bado 25 de abril<\/strong>, el atleta volvi\u00f3 a la acci\u00f3n en la final de <strong>impulso de bala<\/strong>. En esta disciplina, Parra mantuvo una regularidad competitiva destacable, logrando su mejor marca en el cuarto lanzamiento con una distancia de <strong>16.29 metros<\/strong>, lo que le vali\u00f3 nuevamente la <strong>s\u00e9ptima posici\u00f3n<\/strong> en el ranking suramericano.<\/p>\n<p><strong>Secuencia en Bala:<\/strong><\/p>\n<ol>\n<li>74 m<\/li>\n<li>78 m<\/li>\n<li>87 m<\/li>\n<li><strong>29 m<\/strong> (Marca definitiva)<\/li>\n<li>(Fallo)<\/li>\n<li>76 m<\/li>\n<\/ol>\n<p><strong>Orgullo de Cabimas<\/strong><\/p>\n<p>Formado en la prestigiosa <strong>Escuela de Atletismo Crist\u00f3bal Vel\u00e1zquez<\/strong> en el municipio Cabimas, Julio Parra culmina esta experiencia internacional con un balance positivo. Tras este bautismo de fuego con la selecci\u00f3n nacional, el atleta regresar\u00e1 al pa\u00eds para retomar sus entrenamientos, enfoc\u00e1ndose en corregir detalles t\u00e9cnicos y fortalecer su potencia de cara a los pr\u00f3ximos compromisos nacionales e internacionales.<\/p>\n<p><strong><em>Sigue esta y otras #Noticias ingresando a nuestras plataformas digitales Deportes Digital, en Instagram, Facebook, Twitter, y en nuestros grupos de Whatsapp y Telegram.<\/em><\/strong><\/p>\n<p>&nbsp;<\/p>\n","protected":false},"excerpt":{"rendered":"<p>Julio Parra culmina esta experiencia internacional con un balance positivo. Tras este bautismo de fuego con la selecci\u00f3n nacional, el atleta regresar\u00e1 al pa\u00eds para retomar sus entrenamientos. Jos\u00e9 Gil [&hellip;]<\/p>\n","protected":false},"author":1,"featured_media":115389,"comment_status":"open","ping_status":"closed","sticky":false,"template":"","format":"standard","meta":{"footnotes":""},"categories":[30],"tags":[],"class_list":["post-115388","post","type-post","status-publish","format-standard","has-post-thumbnail","hentry","category-atletismo","clearfix"],"_links":{"self":[{"href":"https:\/\/deportesdigital.com.ve\/public\/wp-json\/wp\/v2\/posts\/115388","targetHints":{"allow":["GET"]}}],"collection":[{"href":"https:\/\/deportesdigital.com.ve\/public\/wp-json\/wp\/v2\/posts"}],"about":[{"href":"https:\/\/deportesdigital.com.ve\/public\/wp-json\/wp\/v2\/types\/post"}],"author":[{"embeddable":true,"href":"https:\/\/deportesdigital.com.ve\/public\/wp-json\/wp\/v2\/users\/1"}],"replies":[{"embeddable":true,"href":"https:\/\/deportesdigital.com.ve\/public\/wp-json\/wp\/v2\/comments?post=115388"}],"version-history":[{"count":1,"href":"https:\/\/deportesdigital.com.ve\/public\/wp-json\/wp\/v2\/posts\/115388\/revisions"}],"predecessor-version":[{"id":115390,"href":"https:\/\/deportesdigital.com.ve\/public\/wp-json\/wp\/v2\/posts\/115388\/revisions\/115390"}],"wp:featuredmedia":[{"embeddable":true,"href":"https:\/\/deportesdigital.com.ve\/public\/wp-json\/wp\/v2\/media\/115389"}],"wp:attachment":[{"href":"https:\/\/deportesdigital.com.ve\/public\/wp-json\/wp\/v2\/media?parent=115388"}],"wp:term":[{"taxonomy":"category","embeddable":true,"href":"https:\/\/deportesdigital.com.ve\/public\/wp-json\/wp\/v2\/categories?post=115388"},{"taxonomy":"post_tag","embeddable":true,"href":"https:\/\/deportesdigital.com.ve\/public\/wp-json\/wp\/v2\/tags?post=115388"}],"curies":[{"name":"wp","href":"https:\/\/api.w.org\/{rel}","templated":true}]}}