{"id":115371,"date":"2026-04-25T15:55:48","date_gmt":"2026-04-25T19:55:48","guid":{"rendered":"https:\/\/deportesdigital.com.ve\/public\/?p=115371"},"modified":"2026-04-25T15:55:48","modified_gmt":"2026-04-25T19:55:48","slug":"alessandra-gonzalez-clasifica-a-los-juegos-nacionales-zulia-brilla-en-el-nacional-de-gimnasia-aerobica","status":"publish","type":"post","link":"https:\/\/deportesdigital.com.ve\/public\/alessandra-gonzalez-clasifica-a-los-juegos-nacionales-zulia-brilla-en-el-nacional-de-gimnasia-aerobica\/","title":{"rendered":"Alessandra Gonz\u00e1lez clasifica a los Juegos Nacionales: Zulia brilla en el Nacional de Gimnasia Aer\u00f3bica"},"content":{"rendered":"<p><strong><em>La delegaci\u00f3n zuliana, representada por el Club Gimzulia, logr\u00f3 el objetivo principal: asegurar su presencia en los XXII Juegos Deportivos Nacionales.<\/em><\/strong><\/p>\n<hr \/>\n<p><strong><em>Jos\u00e9 Gil Deportes Digital\/Maracaibo:<\/em><\/strong> El estado Zulia reafirm\u00f3 su poder\u00edo en la gimnasia aer\u00f3bica nacional tras una deslumbrante actuaci\u00f3n en el <strong>Campeonato Clasificatorio y la XVIII Edici\u00f3n de la Copa Cuerpo El\u00e1stico 2026<\/strong>. La delegaci\u00f3n zuliana, representada por el <strong>Club Gimzulia<\/strong>, logr\u00f3 el objetivo principal: asegurar su presencia en los <strong>XXII Juegos Deportivos Nacionales<\/strong>.<\/p>\n<p><img loading=\"lazy\" decoding=\"async\" class=\"wp-image-115380  aligncenter\" src=\"https:\/\/deportesdigital.com.ve\/public\/wp-content\/uploads\/2026\/04\/WhatsApp-Image-2026-04-25-at-11.51.18-AM-e1777145823921.jpeg\" alt=\"\" width=\"785\" height=\"436\" srcset=\"https:\/\/deportesdigital.com.ve\/public\/wp-content\/uploads\/2026\/04\/WhatsApp-Image-2026-04-25-at-11.51.18-AM-e1777145823921.jpeg 853w, https:\/\/deportesdigital.com.ve\/public\/wp-content\/uploads\/2026\/04\/WhatsApp-Image-2026-04-25-at-11.51.18-AM-e1777145823921-300x167.jpeg 300w, https:\/\/deportesdigital.com.ve\/public\/wp-content\/uploads\/2026\/04\/WhatsApp-Image-2026-04-25-at-11.51.18-AM-e1777145823921-768x427.jpeg 768w, https:\/\/deportesdigital.com.ve\/public\/wp-content\/uploads\/2026\/04\/WhatsApp-Image-2026-04-25-at-11.51.18-AM-e1777145823921-730x406.jpeg 730w, https:\/\/deportesdigital.com.ve\/public\/wp-content\/uploads\/2026\/04\/WhatsApp-Image-2026-04-25-at-11.51.18-AM-e1777145823921-435x242.jpeg 435w\" sizes=\"auto, (max-width: 785px) 100vw, 785px\" \/><\/p>\n<p>El gimnasio Ana de Marchandi, en la ciudad deportiva de Trujillo, fue el escenario donde m\u00e1s de 20 entidades del pa\u00eds se dieron cita bajo la organizaci\u00f3n de la Federaci\u00f3n Venezolana de Gimnasia.<\/p>\n<p><img loading=\"lazy\" decoding=\"async\" class=\"aligncenter wp-image-115372 \" src=\"https:\/\/deportesdigital.com.ve\/public\/wp-content\/uploads\/2026\/04\/WhatsApp-Image-2026-04-25-at-11.52.27-AM-e1777145864180.jpeg\" alt=\"\" width=\"408\" height=\"502\" srcset=\"https:\/\/deportesdigital.com.ve\/public\/wp-content\/uploads\/2026\/04\/WhatsApp-Image-2026-04-25-at-11.52.27-AM-e1777145864180.jpeg 576w, https:\/\/deportesdigital.com.ve\/public\/wp-content\/uploads\/2026\/04\/WhatsApp-Image-2026-04-25-at-11.52.27-AM-e1777145864180-244x300.jpeg 244w, https:\/\/deportesdigital.com.ve\/public\/wp-content\/uploads\/2026\/04\/WhatsApp-Image-2026-04-25-at-11.52.27-AM-e1777145864180-435x535.jpeg 435w\" sizes=\"auto, (max-width: 408px) 100vw, 408px\" \/><\/p>\n<p>En este contexto, la atleta zuliana <strong>Alessandra Gonz\u00e1lez<\/strong> sell\u00f3 su boleto a la m\u00e1xima cita deportiva del pa\u00eds en la modalidad individual femenina (categor\u00eda Youth, 12-14 a\u00f1os), tras ubicarse s\u00f3lidamente entre las siete mejores gimnastas de Venezuela.<\/p>\n<p><img loading=\"lazy\" decoding=\"async\" class=\"wp-image-115379  aligncenter\" src=\"https:\/\/deportesdigital.com.ve\/public\/wp-content\/uploads\/2026\/04\/WhatsApp-Image-2026-04-25-at-11.51.18-AM-1-e1777145921473.jpeg\" alt=\"\" width=\"742\" height=\"537\" srcset=\"https:\/\/deportesdigital.com.ve\/public\/wp-content\/uploads\/2026\/04\/WhatsApp-Image-2026-04-25-at-11.51.18-AM-1-e1777145921473.jpeg 853w, https:\/\/deportesdigital.com.ve\/public\/wp-content\/uploads\/2026\/04\/WhatsApp-Image-2026-04-25-at-11.51.18-AM-1-e1777145921473-300x217.jpeg 300w, https:\/\/deportesdigital.com.ve\/public\/wp-content\/uploads\/2026\/04\/WhatsApp-Image-2026-04-25-at-11.51.18-AM-1-e1777145921473-768x556.jpeg 768w, https:\/\/deportesdigital.com.ve\/public\/wp-content\/uploads\/2026\/04\/WhatsApp-Image-2026-04-25-at-11.51.18-AM-1-e1777145921473-730x528.jpeg 730w, https:\/\/deportesdigital.com.ve\/public\/wp-content\/uploads\/2026\/04\/WhatsApp-Image-2026-04-25-at-11.51.18-AM-1-e1777145921473-435x315.jpeg 435w\" sizes=\"auto, (max-width: 742px) 100vw, 742px\" \/><\/p>\n<p><strong>Cosecha de medallas en la Copa Cuerpo El\u00e1stico<\/strong><\/p>\n<p><img loading=\"lazy\" decoding=\"async\" class=\"wp-image-115378  aligncenter\" src=\"https:\/\/deportesdigital.com.ve\/public\/wp-content\/uploads\/2026\/04\/WhatsApp-Image-2026-04-25-at-11.51.19-AM-e1777145968165.jpeg\" alt=\"\" width=\"616\" height=\"520\" srcset=\"https:\/\/deportesdigital.com.ve\/public\/wp-content\/uploads\/2026\/04\/WhatsApp-Image-2026-04-25-at-11.51.19-AM-e1777145968165.jpeg 853w, https:\/\/deportesdigital.com.ve\/public\/wp-content\/uploads\/2026\/04\/WhatsApp-Image-2026-04-25-at-11.51.19-AM-e1777145968165-300x253.jpeg 300w, https:\/\/deportesdigital.com.ve\/public\/wp-content\/uploads\/2026\/04\/WhatsApp-Image-2026-04-25-at-11.51.19-AM-e1777145968165-768x648.jpeg 768w, https:\/\/deportesdigital.com.ve\/public\/wp-content\/uploads\/2026\/04\/WhatsApp-Image-2026-04-25-at-11.51.19-AM-e1777145968165-730x616.jpeg 730w, https:\/\/deportesdigital.com.ve\/public\/wp-content\/uploads\/2026\/04\/WhatsApp-Image-2026-04-25-at-11.51.19-AM-e1777145968165-435x367.jpeg 435w\" sizes=\"auto, (max-width: 616px) 100vw, 616px\" \/><\/p>\n<p>Bajo la direcci\u00f3n t\u00e9cnica de la entrenadora <strong>Ibdalys Huerta<\/strong>, el equipo zuliano no solo logr\u00f3 la clasificaci\u00f3n, sino que domin\u00f3 el tapiz en la Copa Cuerpo El\u00e1stico, sumando un total de <strong>5 medallas (1 de oro, 2 de plata y 2 de bronce)<\/strong>:<\/p>\n<p><img loading=\"lazy\" decoding=\"async\" class=\"alignnone wp-image-115377 \" src=\"https:\/\/deportesdigital.com.ve\/public\/wp-content\/uploads\/2026\/04\/WhatsApp-Image-2026-04-25-at-11.51.19-AM-1-e1777146046258.jpeg\" alt=\"\" width=\"701\" height=\"470\" srcset=\"https:\/\/deportesdigital.com.ve\/public\/wp-content\/uploads\/2026\/04\/WhatsApp-Image-2026-04-25-at-11.51.19-AM-1-e1777146046258.jpeg 853w, https:\/\/deportesdigital.com.ve\/public\/wp-content\/uploads\/2026\/04\/WhatsApp-Image-2026-04-25-at-11.51.19-AM-1-e1777146046258-300x201.jpeg 300w, https:\/\/deportesdigital.com.ve\/public\/wp-content\/uploads\/2026\/04\/WhatsApp-Image-2026-04-25-at-11.51.19-AM-1-e1777146046258-768x515.jpeg 768w, https:\/\/deportesdigital.com.ve\/public\/wp-content\/uploads\/2026\/04\/WhatsApp-Image-2026-04-25-at-11.51.19-AM-1-e1777146046258-730x490.jpeg 730w, https:\/\/deportesdigital.com.ve\/public\/wp-content\/uploads\/2026\/04\/WhatsApp-Image-2026-04-25-at-11.51.19-AM-1-e1777146046258-435x292.jpeg 435w\" sizes=\"auto, (max-width: 701px) 100vw, 701px\" \/><\/p>\n<p><strong>Oro (Tr\u00edo N2):<\/strong> Anastasia Arellano, Anyelica Barboza y Evaluna Alarc\u00f3n.<\/p>\n<p><strong>Plata (Tr\u00edo N1):<\/strong> Ana Paula Castro, M\u00eda Perozo y Sof\u00eda Romero.<\/p>\n<p><img loading=\"lazy\" decoding=\"async\" class=\"wp-image-115376  aligncenter\" src=\"https:\/\/deportesdigital.com.ve\/public\/wp-content\/uploads\/2026\/04\/WhatsApp-Image-2026-04-25-at-11.51.20-AM-e1777146082371.jpeg\" alt=\"\" width=\"705\" height=\"434\" srcset=\"https:\/\/deportesdigital.com.ve\/public\/wp-content\/uploads\/2026\/04\/WhatsApp-Image-2026-04-25-at-11.51.20-AM-e1777146082371.jpeg 853w, https:\/\/deportesdigital.com.ve\/public\/wp-content\/uploads\/2026\/04\/WhatsApp-Image-2026-04-25-at-11.51.20-AM-e1777146082371-300x185.jpeg 300w, https:\/\/deportesdigital.com.ve\/public\/wp-content\/uploads\/2026\/04\/WhatsApp-Image-2026-04-25-at-11.51.20-AM-e1777146082371-768x473.jpeg 768w, https:\/\/deportesdigital.com.ve\/public\/wp-content\/uploads\/2026\/04\/WhatsApp-Image-2026-04-25-at-11.51.20-AM-e1777146082371-730x449.jpeg 730w, https:\/\/deportesdigital.com.ve\/public\/wp-content\/uploads\/2026\/04\/WhatsApp-Image-2026-04-25-at-11.51.20-AM-e1777146082371-435x268.jpeg 435w\" sizes=\"auto, (max-width: 705px) 100vw, 705px\" \/><\/p>\n<p><strong>Plata (D\u00fao N2):<\/strong> Anastasia Arellano y Anyelica Barboza.<\/p>\n<p><strong>Bronce (D\u00fao N1):<\/strong> Ana Paula Castro y M\u00eda Perozo.<\/p>\n<p><img loading=\"lazy\" decoding=\"async\" class=\"wp-image-115375  aligncenter\" src=\"https:\/\/deportesdigital.com.ve\/public\/wp-content\/uploads\/2026\/04\/WhatsApp-Image-2026-04-25-at-11.51.21-AM-e1777146117309.jpeg\" alt=\"\" width=\"724\" height=\"438\" srcset=\"https:\/\/deportesdigital.com.ve\/public\/wp-content\/uploads\/2026\/04\/WhatsApp-Image-2026-04-25-at-11.51.21-AM-e1777146117309.jpeg 853w, https:\/\/deportesdigital.com.ve\/public\/wp-content\/uploads\/2026\/04\/WhatsApp-Image-2026-04-25-at-11.51.21-AM-e1777146117309-300x181.jpeg 300w, https:\/\/deportesdigital.com.ve\/public\/wp-content\/uploads\/2026\/04\/WhatsApp-Image-2026-04-25-at-11.51.21-AM-e1777146117309-768x465.jpeg 768w, https:\/\/deportesdigital.com.ve\/public\/wp-content\/uploads\/2026\/04\/WhatsApp-Image-2026-04-25-at-11.51.21-AM-e1777146117309-730x442.jpeg 730w, https:\/\/deportesdigital.com.ve\/public\/wp-content\/uploads\/2026\/04\/WhatsApp-Image-2026-04-25-at-11.51.21-AM-e1777146117309-435x263.jpeg 435w\" sizes=\"auto, (max-width: 724px) 100vw, 724px\" \/><\/p>\n<p><strong>Bronce (Individual N2):<\/strong> Anastasia Arellano.<\/p>\n<p><img loading=\"lazy\" decoding=\"async\" class=\"alignnone wp-image-115374 size-full\" src=\"https:\/\/deportesdigital.com.ve\/public\/wp-content\/uploads\/2026\/04\/WhatsApp-Image-2026-04-25-at-11.51.21-AM-1-e1777146170355.jpeg\" alt=\"\" width=\"852\" height=\"387\" srcset=\"https:\/\/deportesdigital.com.ve\/public\/wp-content\/uploads\/2026\/04\/WhatsApp-Image-2026-04-25-at-11.51.21-AM-1-e1777146170355.jpeg 852w, https:\/\/deportesdigital.com.ve\/public\/wp-content\/uploads\/2026\/04\/WhatsApp-Image-2026-04-25-at-11.51.21-AM-1-e1777146170355-300x136.jpeg 300w, https:\/\/deportesdigital.com.ve\/public\/wp-content\/uploads\/2026\/04\/WhatsApp-Image-2026-04-25-at-11.51.21-AM-1-e1777146170355-768x349.jpeg 768w, https:\/\/deportesdigital.com.ve\/public\/wp-content\/uploads\/2026\/04\/WhatsApp-Image-2026-04-25-at-11.51.21-AM-1-e1777146170355-730x332.jpeg 730w, https:\/\/deportesdigital.com.ve\/public\/wp-content\/uploads\/2026\/04\/WhatsApp-Image-2026-04-25-at-11.51.21-AM-1-e1777146170355-435x198.jpeg 435w\" sizes=\"auto, (max-width: 852px) 100vw, 852px\" \/><\/p>\n<p><strong>Menciones especiales:<\/strong> Ana Paula Castro (4to lugar) y M\u00eda Perozo (6to lugar) en Individual N1.<\/p>\n<p><img loading=\"lazy\" decoding=\"async\" class=\"alignnone wp-image-115373 size-full\" src=\"https:\/\/deportesdigital.com.ve\/public\/wp-content\/uploads\/2026\/04\/WhatsApp-Image-2026-04-25-at-11.51.21-AM-2-e1777146209272.jpeg\" alt=\"\" width=\"1194\" height=\"726\" srcset=\"https:\/\/deportesdigital.com.ve\/public\/wp-content\/uploads\/2026\/04\/WhatsApp-Image-2026-04-25-at-11.51.21-AM-2-e1777146209272.jpeg 1194w, https:\/\/deportesdigital.com.ve\/public\/wp-content\/uploads\/2026\/04\/WhatsApp-Image-2026-04-25-at-11.51.21-AM-2-e1777146209272-300x182.jpeg 300w, https:\/\/deportesdigital.com.ve\/public\/wp-content\/uploads\/2026\/04\/WhatsApp-Image-2026-04-25-at-11.51.21-AM-2-e1777146209272-1024x623.jpeg 1024w, https:\/\/deportesdigital.com.ve\/public\/wp-content\/uploads\/2026\/04\/WhatsApp-Image-2026-04-25-at-11.51.21-AM-2-e1777146209272-768x467.jpeg 768w, https:\/\/deportesdigital.com.ve\/public\/wp-content\/uploads\/2026\/04\/WhatsApp-Image-2026-04-25-at-11.51.21-AM-2-e1777146209272-730x444.jpeg 730w, https:\/\/deportesdigital.com.ve\/public\/wp-content\/uploads\/2026\/04\/WhatsApp-Image-2026-04-25-at-11.51.21-AM-2-e1777146209272-435x264.jpeg 435w\" sizes=\"auto, (max-width: 1194px) 100vw, 1194px\" \/><\/p>\n<p>Las representantes del equipo zuliano: Ana Paula Castro, M\u00eda Perozo, Sof\u00eda Romero, Victoria Berm\u00fadez, Evaluna Alarc\u00f3n, Anastasia Arellano, Anyelica Barboza, Kelly Matos y Alessandra Gonz\u00e1lez, todas dirigidas por la entrenadora Ibdalys Huerta.<\/p>\n<p><strong>Respaldo al deporte regional<\/strong><\/p>\n<p>Este \u00e9xito, que combina precisi\u00f3n r\u00edtmica y potencia, fue posible gracias al acompa\u00f1amiento constante de la <strong>Gobernaci\u00f3n del Zulia<\/strong>, a trav\u00e9s del <strong>Instituto Regional de Deportes (IRDEZ)<\/strong>, instituci\u00f3n que garantiza el desarrollo y la proyecci\u00f3n de los atletas que mantienen al estado en la \u00e9lite competitiva.<\/p>\n<p><strong><em>Sigue esta y otras #Noticias ingresando a nuestras plataformas digitales Deportes Digital, en Instagram, Facebook, Twitter, y en nuestros grupos de Whatsapp y Telegram.<\/em><\/strong><\/p>\n","protected":false},"excerpt":{"rendered":"<p>La delegaci\u00f3n zuliana, representada por el Club Gimzulia, logr\u00f3 el objetivo principal: asegurar su presencia en los XXII Juegos Deportivos Nacionales. Jos\u00e9 Gil Deportes Digital\/Maracaibo: El estado Zulia reafirm\u00f3 su [&hellip;]<\/p>\n","protected":false},"author":1,"featured_media":115380,"comment_status":"open","ping_status":"closed","sticky":false,"template":"","format":"standard","meta":{"footnotes":""},"categories":[5],"tags":[],"class_list":["post-115371","post","type-post","status-publish","format-standard","has-post-thumbnail","hentry","category-otrosdeportes","clearfix"],"_links":{"self":[{"href":"https:\/\/deportesdigital.com.ve\/public\/wp-json\/wp\/v2\/posts\/115371","targetHints":{"allow":["GET"]}}],"collection":[{"href":"https:\/\/deportesdigital.com.ve\/public\/wp-json\/wp\/v2\/posts"}],"about":[{"href":"https:\/\/deportesdigital.com.ve\/public\/wp-json\/wp\/v2\/types\/post"}],"author":[{"embeddable":true,"href":"https:\/\/deportesdigital.com.ve\/public\/wp-json\/wp\/v2\/users\/1"}],"replies":[{"embeddable":true,"href":"https:\/\/deportesdigital.com.ve\/public\/wp-json\/wp\/v2\/comments?post=115371"}],"version-history":[{"count":2,"href":"https:\/\/deportesdigital.com.ve\/public\/wp-json\/wp\/v2\/posts\/115371\/revisions"}],"predecessor-version":[{"id":115382,"href":"https:\/\/deportesdigital.com.ve\/public\/wp-json\/wp\/v2\/posts\/115371\/revisions\/115382"}],"wp:featuredmedia":[{"embeddable":true,"href":"https:\/\/deportesdigital.com.ve\/public\/wp-json\/wp\/v2\/media\/115380"}],"wp:attachment":[{"href":"https:\/\/deportesdigital.com.ve\/public\/wp-json\/wp\/v2\/media?parent=115371"}],"wp:term":[{"taxonomy":"category","embeddable":true,"href":"https:\/\/deportesdigital.com.ve\/public\/wp-json\/wp\/v2\/categories?post=115371"},{"taxonomy":"post_tag","embeddable":true,"href":"https:\/\/deportesdigital.com.ve\/public\/wp-json\/wp\/v2\/tags?post=115371"}],"curies":[{"name":"wp","href":"https:\/\/api.w.org\/{rel}","templated":true}]}}