{"id":114097,"date":"2026-03-16T08:45:21","date_gmt":"2026-03-16T12:45:21","guid":{"rendered":"https:\/\/deportesdigital.com.ve\/public\/?p=114097"},"modified":"2026-03-17T17:49:41","modified_gmt":"2026-03-17T21:49:41","slug":"el-kempo-zuliano-listo-para-sellar-su-boleto-a-los-xxii-juegos-deportivos-nacionales-2026","status":"publish","type":"post","link":"https:\/\/deportesdigital.com.ve\/public\/el-kempo-zuliano-listo-para-sellar-su-boleto-a-los-xxii-juegos-deportivos-nacionales-2026\/","title":{"rendered":"El Kenpo zuliano listo para sellar su boleto a los XXII Juegos Deportivos Nacionales 2026"},"content":{"rendered":"<p><strong><em>La selecci\u00f3n zuliana conformada por 14 atletas buscara los cupos en el evento nacional que se realiza en Aragua.<\/em><\/strong><\/p>\n<hr \/>\n<p><strong><em>Jos\u00e9 Gil Deportes Digital\/Maracaibo:<\/em><\/strong> La disciplina, la constancia y el esp\u00edritu del \u00abBushi\u00bb zuliano se reportan listos para el desaf\u00edo m\u00e1s importante del a\u00f1o. La selecci\u00f3n de Kenpo del estado Zulia partir\u00e1 con el firme objetivo de conquistar sus cupos hacia los <strong>XXII Juegos Deportivos Nacionales<\/strong>, durante el torneo clasificatorio que se celebrar\u00e1 en el estado Aragua del 20 al 22 de marzo.<\/p>\n<p><img loading=\"lazy\" decoding=\"async\" class=\"size-full wp-image-114098 aligncenter\" src=\"https:\/\/deportesdigital.com.ve\/public\/wp-content\/uploads\/2026\/03\/k10.jpg\" alt=\"\" width=\"800\" height=\"433\" srcset=\"https:\/\/deportesdigital.com.ve\/public\/wp-content\/uploads\/2026\/03\/k10.jpg 800w, https:\/\/deportesdigital.com.ve\/public\/wp-content\/uploads\/2026\/03\/k10-300x162.jpg 300w, https:\/\/deportesdigital.com.ve\/public\/wp-content\/uploads\/2026\/03\/k10-768x416.jpg 768w, https:\/\/deportesdigital.com.ve\/public\/wp-content\/uploads\/2026\/03\/k10-730x395.jpg 730w, https:\/\/deportesdigital.com.ve\/public\/wp-content\/uploads\/2026\/03\/k10-435x235.jpg 435w\" sizes=\"auto, (max-width: 800px) 100vw, 800px\" \/><\/p>\n<p>El Gimnasio Mauricio Johnson ser\u00e1 el escenario donde los mejores exponentes del pa\u00eds se ver\u00e1n las caras en un evento avalado por la Federaci\u00f3n Venezolana de Kenpo. La delegaci\u00f3n regional llega con una preparaci\u00f3n t\u00e9cnica de cuatro meses, enfocada en la excelencia y el resurgir de la disciplina en la entidad.<\/p>\n<p><img loading=\"lazy\" decoding=\"async\" class=\"size-full wp-image-114103 aligncenter\" src=\"https:\/\/deportesdigital.com.ve\/public\/wp-content\/uploads\/2026\/03\/k6.jpg\" alt=\"\" width=\"720\" height=\"527\" srcset=\"https:\/\/deportesdigital.com.ve\/public\/wp-content\/uploads\/2026\/03\/k6.jpg 720w, https:\/\/deportesdigital.com.ve\/public\/wp-content\/uploads\/2026\/03\/k6-300x220.jpg 300w, https:\/\/deportesdigital.com.ve\/public\/wp-content\/uploads\/2026\/03\/k6-435x318.jpg 435w, https:\/\/deportesdigital.com.ve\/public\/wp-content\/uploads\/2026\/03\/k6-80x60.jpg 80w\" sizes=\"auto, (max-width: 720px) 100vw, 720px\" \/><\/p>\n<p><strong>Un equipo blindado y multidisciplinario<\/strong><\/p>\n<p><img loading=\"lazy\" decoding=\"async\" class=\" wp-image-114108 aligncenter\" src=\"https:\/\/deportesdigital.com.ve\/public\/wp-content\/uploads\/2026\/03\/k1.jpg\" alt=\"\" width=\"476\" height=\"610\" srcset=\"https:\/\/deportesdigital.com.ve\/public\/wp-content\/uploads\/2026\/03\/k1.jpg 563w, https:\/\/deportesdigital.com.ve\/public\/wp-content\/uploads\/2026\/03\/k1-234x300.jpg 234w, https:\/\/deportesdigital.com.ve\/public\/wp-content\/uploads\/2026\/03\/k1-435x558.jpg 435w\" sizes=\"auto, (max-width: 476px) 100vw, 476px\" \/><\/p>\n<p><strong>\u00c1ngel Zerpa<\/strong>, presidente de la Asociaci\u00f3n Zuliana de Kenpo, inform\u00f3 que el equipo est\u00e1 en condiciones \u00f3ptimas para la batalla. La selecci\u00f3n cuenta con <strong>14 atletas<\/strong> que ver\u00e1n acci\u00f3n en las modalidades de:<\/p>\n<ul>\n<li>Formas manos libres.<\/li>\n<li>Formas con armas.<\/li>\n<li>Defensa personal.<\/li>\n<li>Combate.<\/li>\n<\/ul>\n<p><img loading=\"lazy\" decoding=\"async\" class=\"size-full wp-image-114105 aligncenter\" src=\"https:\/\/deportesdigital.com.ve\/public\/wp-content\/uploads\/2026\/03\/k4.jpg\" alt=\"\" width=\"757\" height=\"496\" srcset=\"https:\/\/deportesdigital.com.ve\/public\/wp-content\/uploads\/2026\/03\/k4.jpg 757w, https:\/\/deportesdigital.com.ve\/public\/wp-content\/uploads\/2026\/03\/k4-300x197.jpg 300w, https:\/\/deportesdigital.com.ve\/public\/wp-content\/uploads\/2026\/03\/k4-730x478.jpg 730w, https:\/\/deportesdigital.com.ve\/public\/wp-content\/uploads\/2026\/03\/k4-435x285.jpg 435w\" sizes=\"auto, (max-width: 757px) 100vw, 757px\" \/><\/p>\n<p>\u00abEstamos en una nueva etapa del Kenpo en el Zulia. Ese resurgir que inici\u00f3 en 2024 hoy se consolida con un equipo optimista y con una preparaci\u00f3n de alto nivel bajo la direcci\u00f3n de los instructores Dayana Osorio, Ali Reyes, Ra\u00fal Vel\u00e1squez y mi persona\u00bb, apunt\u00f3 Zerpa.<\/p>\n<p><strong>Protagonistas del \u00abBushi\u00bb<\/strong><\/p>\n<p>Para los atletas, representar al estado es una responsabilidad que asumen con orgullo.<\/p>\n<p><strong>Andrea Mendoza<\/strong>, quien vivir\u00e1 su primera experiencia en una competencia de nivel de juegos juveniles, expres\u00f3 su emoci\u00f3n: <em>\u201cMe siento muy feliz. Nuestro equipo est\u00e1 muy bien preparado y estamos seguros de poner el nombre del Zulia en lo m\u00e1s alto\u201d<\/em>.<\/p>\n<p>Por su parte, <strong>Sebasti\u00e1n Carrizo<\/strong> resalt\u00f3 el valor del grupo: <em>\u201cEl trabajo en equipo y el compa\u00f1erismo son nuestras herramientas fundamentales para este compromiso. Con el favor de Dios, daremos lo mejor de nosotros en cada combate\u201d<\/em>.<\/p>\n<p><img loading=\"lazy\" decoding=\"async\" class=\"size-full wp-image-114101 aligncenter\" src=\"https:\/\/deportesdigital.com.ve\/public\/wp-content\/uploads\/2026\/03\/k8.jpg\" alt=\"\" width=\"800\" height=\"409\" srcset=\"https:\/\/deportesdigital.com.ve\/public\/wp-content\/uploads\/2026\/03\/k8.jpg 800w, https:\/\/deportesdigital.com.ve\/public\/wp-content\/uploads\/2026\/03\/k8-300x153.jpg 300w, https:\/\/deportesdigital.com.ve\/public\/wp-content\/uploads\/2026\/03\/k8-768x393.jpg 768w, https:\/\/deportesdigital.com.ve\/public\/wp-content\/uploads\/2026\/03\/k8-730x373.jpg 730w, https:\/\/deportesdigital.com.ve\/public\/wp-content\/uploads\/2026\/03\/k8-435x222.jpg 435w\" sizes=\"auto, (max-width: 800px) 100vw, 800px\" \/><\/p>\n<p><strong>Delegaci\u00f3n Zuliana (Rumbo al Clasificatorio)<\/strong><\/p>\n<ul>\n<li><strong>Femenino:<\/strong> Andrea Mendoza, Mariana Medina, Osmely Castillo.<\/li>\n<li><strong>Masculino:<\/strong> \u00c1ngel Soto, Diego Vergara, Mois\u00e9s Villareal, Sebasti\u00e1n Carrizo, Jes\u00fas Bastidas, Bryan Gonz\u00e1lez, Diego Castillo, Wilyonder Villasmil, Luisfer Herrera.<\/li>\n<\/ul>\n<p><img loading=\"lazy\" decoding=\"async\" class=\"size-full wp-image-114100 aligncenter\" src=\"https:\/\/deportesdigital.com.ve\/public\/wp-content\/uploads\/2026\/03\/k9.jpg\" alt=\"\" width=\"800\" height=\"394\" srcset=\"https:\/\/deportesdigital.com.ve\/public\/wp-content\/uploads\/2026\/03\/k9.jpg 800w, https:\/\/deportesdigital.com.ve\/public\/wp-content\/uploads\/2026\/03\/k9-300x148.jpg 300w, https:\/\/deportesdigital.com.ve\/public\/wp-content\/uploads\/2026\/03\/k9-768x378.jpg 768w, https:\/\/deportesdigital.com.ve\/public\/wp-content\/uploads\/2026\/03\/k9-730x360.jpg 730w, https:\/\/deportesdigital.com.ve\/public\/wp-content\/uploads\/2026\/03\/k9-435x214.jpg 435w\" sizes=\"auto, (max-width: 800px) 100vw, 800px\" \/><\/p>\n<p><img loading=\"lazy\" decoding=\"async\" class=\"wp-image-114102 aligncenter\" src=\"https:\/\/deportesdigital.com.ve\/public\/wp-content\/uploads\/2026\/03\/k7.jpg\" alt=\"\" width=\"675\" height=\"380\" srcset=\"https:\/\/deportesdigital.com.ve\/public\/wp-content\/uploads\/2026\/03\/k7.jpg 1000w, https:\/\/deportesdigital.com.ve\/public\/wp-content\/uploads\/2026\/03\/k7-300x169.jpg 300w, https:\/\/deportesdigital.com.ve\/public\/wp-content\/uploads\/2026\/03\/k7-768x432.jpg 768w, https:\/\/deportesdigital.com.ve\/public\/wp-content\/uploads\/2026\/03\/k7-730x411.jpg 730w, https:\/\/deportesdigital.com.ve\/public\/wp-content\/uploads\/2026\/03\/k7-435x245.jpg 435w\" sizes=\"auto, (max-width: 675px) 100vw, 675px\" \/><\/p>\n<p><strong>Proyecci\u00f3n Nacional e Infantil<\/strong><\/p>\n<p>M\u00e1s all\u00e1 del clasificatorio, el Kenpo zuliano tambi\u00e9n dir\u00e1 presente en el <strong>Campeonato Nacional<\/strong> con una delegaci\u00f3n de <strong>32 atletas<\/strong> en las categor\u00edas Infantil, Juvenil y Adulto.<\/p>\n<p><img loading=\"lazy\" decoding=\"async\" class=\"size-full wp-image-114107 aligncenter\" src=\"https:\/\/deportesdigital.com.ve\/public\/wp-content\/uploads\/2026\/03\/k2.jpg\" alt=\"\" width=\"774\" height=\"529\" srcset=\"https:\/\/deportesdigital.com.ve\/public\/wp-content\/uploads\/2026\/03\/k2.jpg 774w, https:\/\/deportesdigital.com.ve\/public\/wp-content\/uploads\/2026\/03\/k2-300x205.jpg 300w, https:\/\/deportesdigital.com.ve\/public\/wp-content\/uploads\/2026\/03\/k2-768x525.jpg 768w, https:\/\/deportesdigital.com.ve\/public\/wp-content\/uploads\/2026\/03\/k2-730x499.jpg 730w, https:\/\/deportesdigital.com.ve\/public\/wp-content\/uploads\/2026\/03\/k2-435x297.jpg 435w\" sizes=\"auto, (max-width: 774px) 100vw, 774px\" \/><\/p>\n<p>La meta principal es escalar posiciones en el Ranking Nacional y lograr el llamado a la selecci\u00f3n de Venezuela para compromisos internacionales.<\/p>\n<p>Finalmente, la dirigencia y el cuerpo t\u00e9cnico agradecieron el respaldo fundamental de los padres y representantes, as\u00ed como el apoyo de la Secretar\u00eda de Deportes del Gobierno Regional para concretar la preparaci\u00f3n de estos j\u00f3venes talentos.<\/p>\n<p><strong><em>Sigue esta y otras #Noticias ingresando a nuestras plataformas digitales Deportes Digital, en Instagram, Facebook, Twitter, y en nuestros grupos de Whatsapp y Telegram.<\/em><\/strong><\/p>\n","protected":false},"excerpt":{"rendered":"<p>La selecci\u00f3n zuliana conformada por 14 atletas buscara los cupos en el evento nacional que se realiza en Aragua. Jos\u00e9 Gil Deportes Digital\/Maracaibo: La disciplina, la constancia y el esp\u00edritu [&hellip;]<\/p>\n","protected":false},"author":1,"featured_media":114099,"comment_status":"open","ping_status":"closed","sticky":false,"template":"","format":"standard","meta":{"footnotes":""},"categories":[5],"tags":[],"class_list":["post-114097","post","type-post","status-publish","format-standard","has-post-thumbnail","hentry","category-otrosdeportes","clearfix"],"_links":{"self":[{"href":"https:\/\/deportesdigital.com.ve\/public\/wp-json\/wp\/v2\/posts\/114097","targetHints":{"allow":["GET"]}}],"collection":[{"href":"https:\/\/deportesdigital.com.ve\/public\/wp-json\/wp\/v2\/posts"}],"about":[{"href":"https:\/\/deportesdigital.com.ve\/public\/wp-json\/wp\/v2\/types\/post"}],"author":[{"embeddable":true,"href":"https:\/\/deportesdigital.com.ve\/public\/wp-json\/wp\/v2\/users\/1"}],"replies":[{"embeddable":true,"href":"https:\/\/deportesdigital.com.ve\/public\/wp-json\/wp\/v2\/comments?post=114097"}],"version-history":[{"count":3,"href":"https:\/\/deportesdigital.com.ve\/public\/wp-json\/wp\/v2\/posts\/114097\/revisions"}],"predecessor-version":[{"id":114155,"href":"https:\/\/deportesdigital.com.ve\/public\/wp-json\/wp\/v2\/posts\/114097\/revisions\/114155"}],"wp:featuredmedia":[{"embeddable":true,"href":"https:\/\/deportesdigital.com.ve\/public\/wp-json\/wp\/v2\/media\/114099"}],"wp:attachment":[{"href":"https:\/\/deportesdigital.com.ve\/public\/wp-json\/wp\/v2\/media?parent=114097"}],"wp:term":[{"taxonomy":"category","embeddable":true,"href":"https:\/\/deportesdigital.com.ve\/public\/wp-json\/wp\/v2\/categories?post=114097"},{"taxonomy":"post_tag","embeddable":true,"href":"https:\/\/deportesdigital.com.ve\/public\/wp-json\/wp\/v2\/tags?post=114097"}],"curies":[{"name":"wp","href":"https:\/\/api.w.org\/{rel}","templated":true}]}}