{"id":114075,"date":"2026-03-16T00:13:36","date_gmt":"2026-03-16T04:13:36","guid":{"rendered":"https:\/\/deportesdigital.com.ve\/public\/?p=114075"},"modified":"2026-03-16T00:13:36","modified_gmt":"2026-03-16T04:13:36","slug":"se-canta-play-ball-tintorero-recibe-la-final-nacional-infantil-de-pequenas-ligas","status":"publish","type":"post","link":"https:\/\/deportesdigital.com.ve\/public\/se-canta-play-ball-tintorero-recibe-la-final-nacional-infantil-de-pequenas-ligas\/","title":{"rendered":"\u00a1Se canta Play Ball! Tintorero recibe la Final Nacional Infantil de Peque\u00f1as Ligas"},"content":{"rendered":"<p data-path-to-node=\"3\"><strong data-path-to-node=\"3\" data-index-in-node=\"0\"><em>Los encargados de subir el tel\u00f3n ser\u00e1n los equipos de Coquivacoa y Cardenales.<\/em><\/strong><\/p>\n<hr \/>\n<p><strong><em> Jos\u00e9 Gil Deportes Digital\/Maracaibo:<\/em><\/strong> Con el colorido y la emoci\u00f3n que caracteriza al semillero del b\u00e9isbol venezolano, este domingo qued\u00f3 oficialmente inaugurada la <strong data-path-to-node=\"3\" data-index-in-node=\"168\">Final Nacional Infantil de Peque\u00f1as Ligas<\/strong> en el Estadio del Complejo Deportivo \u00abLos Pollitos\u00bb, en la parroquia Tintorero.<\/p>\n<p><img loading=\"lazy\" decoding=\"async\" class=\"wp-image-114080 aligncenter\" src=\"https:\/\/deportesdigital.com.ve\/public\/wp-content\/uploads\/2026\/03\/WhatsApp-Image-2026-03-15-at-9.54.55-PM-e1773631845704.jpeg\" alt=\"\" width=\"673\" height=\"442\" srcset=\"https:\/\/deportesdigital.com.ve\/public\/wp-content\/uploads\/2026\/03\/WhatsApp-Image-2026-03-15-at-9.54.55-PM-e1773631845704.jpeg 920w, https:\/\/deportesdigital.com.ve\/public\/wp-content\/uploads\/2026\/03\/WhatsApp-Image-2026-03-15-at-9.54.55-PM-e1773631845704-300x197.jpeg 300w, https:\/\/deportesdigital.com.ve\/public\/wp-content\/uploads\/2026\/03\/WhatsApp-Image-2026-03-15-at-9.54.55-PM-e1773631845704-768x505.jpeg 768w, https:\/\/deportesdigital.com.ve\/public\/wp-content\/uploads\/2026\/03\/WhatsApp-Image-2026-03-15-at-9.54.55-PM-e1773631845704-730x480.jpeg 730w, https:\/\/deportesdigital.com.ve\/public\/wp-content\/uploads\/2026\/03\/WhatsApp-Image-2026-03-15-at-9.54.55-PM-e1773631845704-435x286.jpeg 435w\" sizes=\"auto, (max-width: 673px) 100vw, 673px\" \/><\/p>\n<p data-path-to-node=\"4\">Bajo la organizaci\u00f3n del Directorio Nacional y la PL Jim\u00e9nez, el evento re\u00fane a las delegaciones de <strong data-path-to-node=\"4\" data-index-in-node=\"100\">Cardenales, Coquivacoa, Flor Amarillo, Guasipati, Sur del Lago<\/strong> y el equipo anfitri\u00f3n, <strong data-path-to-node=\"4\" data-index-in-node=\"186\">Jim\u00e9nez<\/strong>.<\/p>\n<p data-path-to-node=\"4\"><img loading=\"lazy\" decoding=\"async\" class=\"wp-image-114081 aligncenter\" src=\"https:\/\/deportesdigital.com.ve\/public\/wp-content\/uploads\/2026\/03\/WhatsApp-Image-2026-03-15-at-9.55.13-PM-e1773631874999.jpeg\" alt=\"\" width=\"621\" height=\"399\" srcset=\"https:\/\/deportesdigital.com.ve\/public\/wp-content\/uploads\/2026\/03\/WhatsApp-Image-2026-03-15-at-9.55.13-PM-e1773631874999.jpeg 927w, https:\/\/deportesdigital.com.ve\/public\/wp-content\/uploads\/2026\/03\/WhatsApp-Image-2026-03-15-at-9.55.13-PM-e1773631874999-300x193.jpeg 300w, https:\/\/deportesdigital.com.ve\/public\/wp-content\/uploads\/2026\/03\/WhatsApp-Image-2026-03-15-at-9.55.13-PM-e1773631874999-768x494.jpeg 768w, https:\/\/deportesdigital.com.ve\/public\/wp-content\/uploads\/2026\/03\/WhatsApp-Image-2026-03-15-at-9.55.13-PM-e1773631874999-730x469.jpeg 730w, https:\/\/deportesdigital.com.ve\/public\/wp-content\/uploads\/2026\/03\/WhatsApp-Image-2026-03-15-at-9.55.13-PM-e1773631874999-435x280.jpeg 435w\" sizes=\"auto, (max-width: 621px) 100vw, 621px\" \/><\/p>\n<p data-path-to-node=\"5\">El acto protocolar estuvo marcado por los valores de respeto y hermandad. <strong data-path-to-node=\"5\" data-index-in-node=\"74\">Frey Garc\u00eda<\/strong>, presidenta de la Peque\u00f1a Liga Jim\u00e9nez, destac\u00f3 durante su discurso el valor de la constancia y el esfuerzo de cada \u00abpeloterito\u00bb en el diamante.<\/p>\n<p data-path-to-node=\"5\"><img loading=\"lazy\" decoding=\"async\" class=\"wp-image-114079  aligncenter\" src=\"https:\/\/deportesdigital.com.ve\/public\/wp-content\/uploads\/2026\/03\/WhatsApp-Image-2026-03-15-at-9.54.34-PM-e1773631961839.jpeg\" alt=\"\" width=\"641\" height=\"433\" srcset=\"https:\/\/deportesdigital.com.ve\/public\/wp-content\/uploads\/2026\/03\/WhatsApp-Image-2026-03-15-at-9.54.34-PM-e1773631961839.jpeg 877w, https:\/\/deportesdigital.com.ve\/public\/wp-content\/uploads\/2026\/03\/WhatsApp-Image-2026-03-15-at-9.54.34-PM-e1773631961839-300x203.jpeg 300w, https:\/\/deportesdigital.com.ve\/public\/wp-content\/uploads\/2026\/03\/WhatsApp-Image-2026-03-15-at-9.54.34-PM-e1773631961839-768x518.jpeg 768w, https:\/\/deportesdigital.com.ve\/public\/wp-content\/uploads\/2026\/03\/WhatsApp-Image-2026-03-15-at-9.54.34-PM-e1773631961839-730x493.jpeg 730w, https:\/\/deportesdigital.com.ve\/public\/wp-content\/uploads\/2026\/03\/WhatsApp-Image-2026-03-15-at-9.54.34-PM-e1773631961839-435x294.jpeg 435w\" sizes=\"auto, (max-width: 641px) 100vw, 641px\" \/><\/p>\n<p>Por su parte, <strong data-path-to-node=\"5\" data-index-in-node=\"245\">Omar Silva<\/strong>, representante del Directorio Nacional, reafirm\u00f3 el compromiso de la instituci\u00f3n para seguir fortaleciendo el b\u00e9isbol menor en todo el pa\u00eds.<\/p>\n<p><img loading=\"lazy\" decoding=\"async\" class=\"wp-image-114078  aligncenter\" src=\"https:\/\/deportesdigital.com.ve\/public\/wp-content\/uploads\/2026\/03\/WhatsApp-Image-2026-03-15-at-9.54.15-PM-e1773631999388.jpeg\" alt=\"\" width=\"763\" height=\"474\" srcset=\"https:\/\/deportesdigital.com.ve\/public\/wp-content\/uploads\/2026\/03\/WhatsApp-Image-2026-03-15-at-9.54.15-PM-e1773631999388.jpeg 922w, https:\/\/deportesdigital.com.ve\/public\/wp-content\/uploads\/2026\/03\/WhatsApp-Image-2026-03-15-at-9.54.15-PM-e1773631999388-300x186.jpeg 300w, https:\/\/deportesdigital.com.ve\/public\/wp-content\/uploads\/2026\/03\/WhatsApp-Image-2026-03-15-at-9.54.15-PM-e1773631999388-768x476.jpeg 768w, https:\/\/deportesdigital.com.ve\/public\/wp-content\/uploads\/2026\/03\/WhatsApp-Image-2026-03-15-at-9.54.15-PM-e1773631999388-730x453.jpeg 730w, https:\/\/deportesdigital.com.ve\/public\/wp-content\/uploads\/2026\/03\/WhatsApp-Image-2026-03-15-at-9.54.15-PM-e1773631999388-435x270.jpeg 435w\" sizes=\"auto, (max-width: 763px) 100vw, 763px\" \/><\/p>\n<p data-path-to-node=\"6\"><strong>El camino a Guatemala inicia hoy<\/strong><\/p>\n<p data-path-to-node=\"6\"><img loading=\"lazy\" decoding=\"async\" class=\"alignnone wp-image-114076 size-full\" src=\"https:\/\/deportesdigital.com.ve\/public\/wp-content\/uploads\/2026\/03\/WhatsApp-Image-2026-03-15-at-9.53.39-PM-e1773632031444.jpeg\" alt=\"\" width=\"1080\" height=\"617\" srcset=\"https:\/\/deportesdigital.com.ve\/public\/wp-content\/uploads\/2026\/03\/WhatsApp-Image-2026-03-15-at-9.53.39-PM-e1773632031444.jpeg 1080w, https:\/\/deportesdigital.com.ve\/public\/wp-content\/uploads\/2026\/03\/WhatsApp-Image-2026-03-15-at-9.53.39-PM-e1773632031444-300x171.jpeg 300w, https:\/\/deportesdigital.com.ve\/public\/wp-content\/uploads\/2026\/03\/WhatsApp-Image-2026-03-15-at-9.53.39-PM-e1773632031444-1024x585.jpeg 1024w, https:\/\/deportesdigital.com.ve\/public\/wp-content\/uploads\/2026\/03\/WhatsApp-Image-2026-03-15-at-9.53.39-PM-e1773632031444-768x439.jpeg 768w, https:\/\/deportesdigital.com.ve\/public\/wp-content\/uploads\/2026\/03\/WhatsApp-Image-2026-03-15-at-9.53.39-PM-e1773632031444-730x417.jpeg 730w, https:\/\/deportesdigital.com.ve\/public\/wp-content\/uploads\/2026\/03\/WhatsApp-Image-2026-03-15-at-9.53.39-PM-e1773632031444-435x249.jpeg 435w\" sizes=\"auto, (max-width: 1080px) 100vw, 1080px\" \/><\/p>\n<p data-path-to-node=\"7\">Tras el congresillo t\u00e9cnico y el sorteo de rigor, la acci\u00f3n competitiva arranca oficialmente este lunes 16 de marzo. Los encargados de subir el tel\u00f3n ser\u00e1n los equipos de <strong data-path-to-node=\"7\" data-index-in-node=\"171\">Coquivacoa y Cardenales<\/strong>, en un duelo de alto voltaje programado para las 10:00 de la ma\u00f1ana.<\/p>\n<p data-path-to-node=\"8\">La cartelera inaugural continuar\u00e1 20 minutos despu\u00e9s del primer encuentro con el choque entre <strong data-path-to-node=\"8\" data-index-in-node=\"94\">Guasipati y Flor Amarillo<\/strong>. Para el d\u00eda martes, est\u00e1 previsto el debut del anfitri\u00f3n, Jim\u00e9nez, y la representaci\u00f3n del Sur del Lago.<\/p>\n<p data-path-to-node=\"8\"><img loading=\"lazy\" decoding=\"async\" class=\"alignnone wp-image-114077 size-full\" src=\"https:\/\/deportesdigital.com.ve\/public\/wp-content\/uploads\/2026\/03\/WhatsApp-Image-2026-03-15-at-9.53.58-PM-e1773632074230.jpeg\" alt=\"\" width=\"905\" height=\"542\" srcset=\"https:\/\/deportesdigital.com.ve\/public\/wp-content\/uploads\/2026\/03\/WhatsApp-Image-2026-03-15-at-9.53.58-PM-e1773632074230.jpeg 905w, https:\/\/deportesdigital.com.ve\/public\/wp-content\/uploads\/2026\/03\/WhatsApp-Image-2026-03-15-at-9.53.58-PM-e1773632074230-300x180.jpeg 300w, https:\/\/deportesdigital.com.ve\/public\/wp-content\/uploads\/2026\/03\/WhatsApp-Image-2026-03-15-at-9.53.58-PM-e1773632074230-768x460.jpeg 768w, https:\/\/deportesdigital.com.ve\/public\/wp-content\/uploads\/2026\/03\/WhatsApp-Image-2026-03-15-at-9.53.58-PM-e1773632074230-730x437.jpeg 730w, https:\/\/deportesdigital.com.ve\/public\/wp-content\/uploads\/2026\/03\/WhatsApp-Image-2026-03-15-at-9.53.58-PM-e1773632074230-435x261.jpeg 435w\" sizes=\"auto, (max-width: 905px) 100vw, 905px\" \/><\/p>\n<p data-path-to-node=\"9\">Cabe destacar que el equipo que logre alzarse con el t\u00edtulo de campe\u00f3n nacional obtendr\u00e1 el derecho de representar a Venezuela en el <strong data-path-to-node=\"9\" data-index-in-node=\"133\">Campeonato Latinoamericano de Peque\u00f1as Ligas<\/strong>, a celebrarse en <strong data-path-to-node=\"9\" data-index-in-node=\"195\">Guatemala<\/strong> durante el mes de julio.<\/p>\n<p><strong><em>Sigue esta y otras #Noticias ingresando a nuestras plataformas digitales Deportes Digital, en Instagram, Facebook, Twitter, y en nuestros grupos de Whatsapp y Telegram.<\/em><\/strong><\/p>\n<p>&nbsp;<\/p>\n<p>&nbsp;<\/p>\n","protected":false},"excerpt":{"rendered":"<p>Los encargados de subir el tel\u00f3n ser\u00e1n los equipos de Coquivacoa y Cardenales. Jos\u00e9 Gil Deportes Digital\/Maracaibo: Con el colorido y la emoci\u00f3n que caracteriza al semillero del b\u00e9isbol venezolano, [&hellip;]<\/p>\n","protected":false},"author":1,"featured_media":114082,"comment_status":"open","ping_status":"closed","sticky":false,"template":"","format":"standard","meta":{"footnotes":""},"categories":[2],"tags":[],"class_list":["post-114075","post","type-post","status-publish","format-standard","has-post-thumbnail","hentry","category-beisbol","clearfix"],"_links":{"self":[{"href":"https:\/\/deportesdigital.com.ve\/public\/wp-json\/wp\/v2\/posts\/114075","targetHints":{"allow":["GET"]}}],"collection":[{"href":"https:\/\/deportesdigital.com.ve\/public\/wp-json\/wp\/v2\/posts"}],"about":[{"href":"https:\/\/deportesdigital.com.ve\/public\/wp-json\/wp\/v2\/types\/post"}],"author":[{"embeddable":true,"href":"https:\/\/deportesdigital.com.ve\/public\/wp-json\/wp\/v2\/users\/1"}],"replies":[{"embeddable":true,"href":"https:\/\/deportesdigital.com.ve\/public\/wp-json\/wp\/v2\/comments?post=114075"}],"version-history":[{"count":1,"href":"https:\/\/deportesdigital.com.ve\/public\/wp-json\/wp\/v2\/posts\/114075\/revisions"}],"predecessor-version":[{"id":114083,"href":"https:\/\/deportesdigital.com.ve\/public\/wp-json\/wp\/v2\/posts\/114075\/revisions\/114083"}],"wp:featuredmedia":[{"embeddable":true,"href":"https:\/\/deportesdigital.com.ve\/public\/wp-json\/wp\/v2\/media\/114082"}],"wp:attachment":[{"href":"https:\/\/deportesdigital.com.ve\/public\/wp-json\/wp\/v2\/media?parent=114075"}],"wp:term":[{"taxonomy":"category","embeddable":true,"href":"https:\/\/deportesdigital.com.ve\/public\/wp-json\/wp\/v2\/categories?post=114075"},{"taxonomy":"post_tag","embeddable":true,"href":"https:\/\/deportesdigital.com.ve\/public\/wp-json\/wp\/v2\/tags?post=114075"}],"curies":[{"name":"wp","href":"https:\/\/api.w.org\/{rel}","templated":true}]}}