{"id":114046,"date":"2026-03-15T08:58:56","date_gmt":"2026-03-15T12:58:56","guid":{"rendered":"https:\/\/deportesdigital.com.ve\/public\/?p=114046"},"modified":"2026-03-15T08:58:56","modified_gmt":"2026-03-15T12:58:56","slug":"el-zulia-rinde-tributo-al-talento-acuatico-azuda-rinde-homenaje-a-la-seleccion-nacional-de-natacion-artistica-y-al-paratleta-andres-finol","status":"publish","type":"post","link":"https:\/\/deportesdigital.com.ve\/public\/el-zulia-rinde-tributo-al-talento-acuatico-azuda-rinde-homenaje-a-la-seleccion-nacional-de-natacion-artistica-y-al-paratleta-andres-finol\/","title":{"rendered":"El Zulia rinde tributo al talento acu\u00e1tico: AZUDA  rinde homenaje a la Selecci\u00f3n Nacional de Nataci\u00f3n Art\u00edstica y al paratleta Andr\u00e9s Finol"},"content":{"rendered":"<p data-path-to-node=\"3\"><strong data-path-to-node=\"3\" data-index-in-node=\"0\"><em>Durante la tercera jornada de la competencia, Daniel Rosas, en representaci\u00f3n de la asociaci\u00f3n, destac\u00f3 el honor que representa para la nataci\u00f3n zuliana contar con atletas de este nivel.<\/em><\/strong><\/p>\n<hr \/>\n<p><strong><em>Jos\u00e9 Gil Deportes Digital\/Maracaibo:<\/em><\/strong> En una jornada cargada de emoci\u00f3n y orgullo regional, la <strong data-path-to-node=\"3\" data-index-in-node=\"69\">Asociaci\u00f3n Zuliana de Deportes Acu\u00e1ticos (AZUDA)<\/strong> rindi\u00f3 un merecido homenaje a las figuras m\u00e1s brillantes de la nataci\u00f3n art\u00edstica y el paratletismo, en el marco del <strong data-path-to-node=\"3\" data-index-in-node=\"235\">Estatal Unificado \u00abCopa Anastacia Roque\u00bb<\/strong>.<\/p>\n<p><img loading=\"lazy\" decoding=\"async\" class=\"wp-image-114063  aligncenter\" src=\"https:\/\/deportesdigital.com.ve\/public\/wp-content\/uploads\/2026\/03\/WhatsApp-Image-2026-03-15-at-7.59.54-AM-e1773576242100.jpeg\" alt=\"\" width=\"663\" height=\"515\" srcset=\"https:\/\/deportesdigital.com.ve\/public\/wp-content\/uploads\/2026\/03\/WhatsApp-Image-2026-03-15-at-7.59.54-AM-e1773576242100.jpeg 560w, https:\/\/deportesdigital.com.ve\/public\/wp-content\/uploads\/2026\/03\/WhatsApp-Image-2026-03-15-at-7.59.54-AM-e1773576242100-300x233.jpeg 300w, https:\/\/deportesdigital.com.ve\/public\/wp-content\/uploads\/2026\/03\/WhatsApp-Image-2026-03-15-at-7.59.54-AM-e1773576242100-435x338.jpeg 435w\" sizes=\"auto, (max-width: 663px) 100vw, 663px\" \/><\/p>\n<p>&nbsp;<\/p>\n<p data-path-to-node=\"4\">La piscina del Complejo Deportivo YMCA de Cotorrera fue el escenario donde la familia de los deportes acu\u00e1ticos se reencontr\u00f3 para celebrar la trayectoria de la zuliana <strong data-path-to-node=\"4\" data-index-in-node=\"169\">Anastacia Roque<\/strong> y la capitalina <strong data-path-to-node=\"4\" data-index-in-node=\"201\">Lorena Cordero<\/strong>, integrantes del dueto de la Selecci\u00f3n Nacional de Nataci\u00f3n Art\u00edstica. Asimismo, se reconoci\u00f3 la hist\u00f3rica clasificaci\u00f3n del paratleta <strong data-path-to-node=\"4\" data-index-in-node=\"351\">Andr\u00e9s Finol<\/strong> a los <strong data-path-to-node=\"4\" data-index-in-node=\"370\">Juegos Parasuramericanos Valledupar 2026<\/strong>.<\/p>\n<p data-path-to-node=\"4\"><img loading=\"lazy\" decoding=\"async\" class=\"wp-image-114051 size-full aligncenter\" src=\"https:\/\/deportesdigital.com.ve\/public\/wp-content\/uploads\/2026\/03\/WhatsApp-Image-2026-03-15-at-12.08.07-AM-4-e1773576327145.jpeg\" alt=\"\" width=\"560\" height=\"506\" srcset=\"https:\/\/deportesdigital.com.ve\/public\/wp-content\/uploads\/2026\/03\/WhatsApp-Image-2026-03-15-at-12.08.07-AM-4-e1773576327145.jpeg 560w, https:\/\/deportesdigital.com.ve\/public\/wp-content\/uploads\/2026\/03\/WhatsApp-Image-2026-03-15-at-12.08.07-AM-4-e1773576327145-300x271.jpeg 300w, https:\/\/deportesdigital.com.ve\/public\/wp-content\/uploads\/2026\/03\/WhatsApp-Image-2026-03-15-at-12.08.07-AM-4-e1773576327145-435x393.jpeg 435w\" sizes=\"auto, (max-width: 560px) 100vw, 560px\" \/><\/p>\n<p data-path-to-node=\"5\"><strong>Reconocimiento al esfuerzo y la excelencia<\/strong><\/p>\n<p data-path-to-node=\"6\">Durante la tercera jornada de la competencia, Daniel Rosas, en representaci\u00f3n de la asociaci\u00f3n, destac\u00f3 el honor que representa para la nataci\u00f3n zuliana contar con atletas de este nivel.<\/p>\n<p data-path-to-node=\"6\"><img loading=\"lazy\" decoding=\"async\" class=\"aligncenter wp-image-114053 size-full\" src=\"https:\/\/deportesdigital.com.ve\/public\/wp-content\/uploads\/2026\/03\/WhatsApp-Image-2026-03-15-at-12.08.07-AM-2-e1773577043218.jpeg\" alt=\"\" width=\"560\" height=\"597\" srcset=\"https:\/\/deportesdigital.com.ve\/public\/wp-content\/uploads\/2026\/03\/WhatsApp-Image-2026-03-15-at-12.08.07-AM-2-e1773577043218.jpeg 560w, https:\/\/deportesdigital.com.ve\/public\/wp-content\/uploads\/2026\/03\/WhatsApp-Image-2026-03-15-at-12.08.07-AM-2-e1773577043218-281x300.jpeg 281w, https:\/\/deportesdigital.com.ve\/public\/wp-content\/uploads\/2026\/03\/WhatsApp-Image-2026-03-15-at-12.08.07-AM-2-e1773577043218-435x464.jpeg 435w\" sizes=\"auto, (max-width: 560px) 100vw, 560px\" \/><\/p>\n<p>La ceremonia de inauguraci\u00f3n, realizada la ma\u00f1ana de este s\u00e1bado, dio paso\u00a0 a a u la exhibicion de solo por la nadadaorar zulian Anastacia Roque.<\/p>\n<p>La entrega de reconocimientos al paratleta Andres Finol por su clasificaci\u00f3n a los Juegos Parasuramericanos Valledupar 2026,en las pruebas de los 200 y 400 metros.<\/p>\n<p><img loading=\"lazy\" decoding=\"async\" class=\"wp-image-114050 size-full aligncenter\" src=\"https:\/\/deportesdigital.com.ve\/public\/wp-content\/uploads\/2026\/03\/WhatsApp-Image-2026-03-15-at-12.08.07-AM-5-e1773577098197.jpeg\" alt=\"\" width=\"560\" height=\"476\" srcset=\"https:\/\/deportesdigital.com.ve\/public\/wp-content\/uploads\/2026\/03\/WhatsApp-Image-2026-03-15-at-12.08.07-AM-5-e1773577098197.jpeg 560w, https:\/\/deportesdigital.com.ve\/public\/wp-content\/uploads\/2026\/03\/WhatsApp-Image-2026-03-15-at-12.08.07-AM-5-e1773577098197-300x255.jpeg 300w, https:\/\/deportesdigital.com.ve\/public\/wp-content\/uploads\/2026\/03\/WhatsApp-Image-2026-03-15-at-12.08.07-AM-5-e1773577098197-435x370.jpeg 435w\" sizes=\"auto, (max-width: 560px) 100vw, 560px\" \/><\/p>\n<p>Seguidamente se realizo la entrega de reconocimiento \u00a0a las grandes figuras de la nataci\u00f3n art\u00edstica Zuliana Anastacia Roque y la capitalina Lorena Cordero, por parte de la junta directiva de la Asociaci\u00f3n Zuliana de Deportes Acu\u00e1ticos<\/p>\n<p>Las homenajeadas de nataci\u00f3n art\u00edstica expresaron su gratitud por el apoyo recibido durante sus fases de entrenamiento en la regi\u00f3n.<\/p>\n<p data-path-to-node=\"8,0\">\u00abEstamos trabajando fuertemente para el clasificatorio a los Juegos Centroamericanos y del Caribe. El sue\u00f1o grande es llegar a los Juegos Ol\u00edmpicos y, con el favor de Dios, trabajamos para cumplir ese gran anhelo\u00bb, destacaron las atletas, quienes adem\u00e1s enviaron un mensaje a las nuevas generaciones: \u00abCon mucho trabajo y disciplina, no dejen que el sue\u00f1o se apague\u00bb.<\/p>\n<p data-path-to-node=\"9\"><strong>Miras puestas en el futuro nacional<\/strong><\/p>\n<p data-path-to-node=\"9\"><img loading=\"lazy\" decoding=\"async\" class=\"wp-image-114054  aligncenter\" src=\"https:\/\/deportesdigital.com.ve\/public\/wp-content\/uploads\/2026\/03\/WhatsApp-Image-2026-03-15-at-12.08.07-AM-1-e1773577154695.jpeg\" alt=\"\" width=\"635\" height=\"465\" srcset=\"https:\/\/deportesdigital.com.ve\/public\/wp-content\/uploads\/2026\/03\/WhatsApp-Image-2026-03-15-at-12.08.07-AM-1-e1773577154695.jpeg 560w, https:\/\/deportesdigital.com.ve\/public\/wp-content\/uploads\/2026\/03\/WhatsApp-Image-2026-03-15-at-12.08.07-AM-1-e1773577154695-300x220.jpeg 300w, https:\/\/deportesdigital.com.ve\/public\/wp-content\/uploads\/2026\/03\/WhatsApp-Image-2026-03-15-at-12.08.07-AM-1-e1773577154695-435x318.jpeg 435w, https:\/\/deportesdigital.com.ve\/public\/wp-content\/uploads\/2026\/03\/WhatsApp-Image-2026-03-15-at-12.08.07-AM-1-e1773577154695-80x60.jpeg 80w\" sizes=\"auto, (max-width: 635px) 100vw, 635px\" \/><\/p>\n<p data-path-to-node=\"10\">El Estatal Unificado no solo sirve como vitrina de honor, sino como una plataforma competitiva crucial. Atletas de las categor\u00edas preinfantil, infantil y juvenil buscan registrar sus mejores tiempos y marcas con objetivos claros en el calendario 2026:<\/p>\n<p data-path-to-node=\"10\"><img loading=\"lazy\" decoding=\"async\" class=\"alignnone size-full wp-image-114064\" src=\"https:\/\/deportesdigital.com.ve\/public\/wp-content\/uploads\/2026\/03\/WhatsApp-Image-2026-03-15-at-12.08.07-AM-7.jpeg\" alt=\"\" width=\"1280\" height=\"563\" srcset=\"https:\/\/deportesdigital.com.ve\/public\/wp-content\/uploads\/2026\/03\/WhatsApp-Image-2026-03-15-at-12.08.07-AM-7.jpeg 1280w, https:\/\/deportesdigital.com.ve\/public\/wp-content\/uploads\/2026\/03\/WhatsApp-Image-2026-03-15-at-12.08.07-AM-7-300x132.jpeg 300w, https:\/\/deportesdigital.com.ve\/public\/wp-content\/uploads\/2026\/03\/WhatsApp-Image-2026-03-15-at-12.08.07-AM-7-1024x450.jpeg 1024w, https:\/\/deportesdigital.com.ve\/public\/wp-content\/uploads\/2026\/03\/WhatsApp-Image-2026-03-15-at-12.08.07-AM-7-768x338.jpeg 768w, https:\/\/deportesdigital.com.ve\/public\/wp-content\/uploads\/2026\/03\/WhatsApp-Image-2026-03-15-at-12.08.07-AM-7-730x321.jpeg 730w, https:\/\/deportesdigital.com.ve\/public\/wp-content\/uploads\/2026\/03\/WhatsApp-Image-2026-03-15-at-12.08.07-AM-7-435x191.jpeg 435w\" sizes=\"auto, (max-width: 1280px) 100vw, 1280px\" \/><\/p>\n<p><strong>Regional de Nataci\u00f3n en Coro (Abril).<\/strong><\/p>\n<p data-path-to-node=\"11,1,0\"><strong data-path-to-node=\"11,1,0\" data-index-in-node=\"0\">Clasificatorios a los Juegos Deportivos Nacionales.<\/strong><\/p>\n<p data-path-to-node=\"11,2,0\"><strong data-path-to-node=\"11,2,0\" data-index-in-node=\"0\">Conformaci\u00f3n de la selecci\u00f3n del Zulia para los Juegos Infantiles.<\/strong><\/p>\n<p data-path-to-node=\"11,2,0\"><img loading=\"lazy\" decoding=\"async\" class=\"size-full wp-image-114059 aligncenter\" src=\"https:\/\/deportesdigital.com.ve\/public\/wp-content\/uploads\/2026\/03\/WhatsApp-Image-2026-03-15-at-12.08.04-AM-1-e1773575893843.jpeg\" alt=\"\" width=\"478\" height=\"442\" srcset=\"https:\/\/deportesdigital.com.ve\/public\/wp-content\/uploads\/2026\/03\/WhatsApp-Image-2026-03-15-at-12.08.04-AM-1-e1773575893843.jpeg 478w, https:\/\/deportesdigital.com.ve\/public\/wp-content\/uploads\/2026\/03\/WhatsApp-Image-2026-03-15-at-12.08.04-AM-1-e1773575893843-300x277.jpeg 300w, https:\/\/deportesdigital.com.ve\/public\/wp-content\/uploads\/2026\/03\/WhatsApp-Image-2026-03-15-at-12.08.04-AM-1-e1773575893843-435x402.jpeg 435w\" sizes=\"auto, (max-width: 478px) 100vw, 478px\" \/><\/p>\n<p data-path-to-node=\"12\">Desde la directiva de AZUDA se reafirm\u00f3 el compromiso con el desarrollo y la masificaci\u00f3n de la disciplina en el estado, agradeciendo el respaldo incondicional de entrenadores, padres y representantes. El 2026 se perfila como un a\u00f1o de triunfos y crecimiento sostenido para la nataci\u00f3n zuliana.<\/p>\n<p data-path-to-node=\"12\"><img loading=\"lazy\" decoding=\"async\" class=\"wp-image-114065 size-full aligncenter\" src=\"https:\/\/deportesdigital.com.ve\/public\/wp-content\/uploads\/2026\/03\/WhatsApp-Image-2026-03-15-at-12.08.07-AM-6-e1773577520489.jpeg\" alt=\"\" width=\"672\" height=\"350\" srcset=\"https:\/\/deportesdigital.com.ve\/public\/wp-content\/uploads\/2026\/03\/WhatsApp-Image-2026-03-15-at-12.08.07-AM-6-e1773577520489.jpeg 672w, https:\/\/deportesdigital.com.ve\/public\/wp-content\/uploads\/2026\/03\/WhatsApp-Image-2026-03-15-at-12.08.07-AM-6-e1773577520489-300x156.jpeg 300w, https:\/\/deportesdigital.com.ve\/public\/wp-content\/uploads\/2026\/03\/WhatsApp-Image-2026-03-15-at-12.08.07-AM-6-e1773577520489-435x227.jpeg 435w\" sizes=\"auto, (max-width: 672px) 100vw, 672px\" \/><\/p>\n<p><strong><em>Sigue esta y otras #Noticias ingresando a nuestras plataformas digitales Deportes Digital, en Instagram, Facebook, Twitter, y en nuestros grupos de Whatsapp y Telegram<\/em><\/strong><\/p>\n","protected":false},"excerpt":{"rendered":"<p>Durante la tercera jornada de la competencia, Daniel Rosas, en representaci\u00f3n de la asociaci\u00f3n, destac\u00f3 el honor que representa para la nataci\u00f3n zuliana contar con atletas de este nivel. Jos\u00e9 [&hellip;]<\/p>\n","protected":false},"author":1,"featured_media":114066,"comment_status":"open","ping_status":"closed","sticky":false,"template":"","format":"standard","meta":{"footnotes":""},"categories":[5],"tags":[],"class_list":["post-114046","post","type-post","status-publish","format-standard","has-post-thumbnail","hentry","category-otrosdeportes","clearfix"],"_links":{"self":[{"href":"https:\/\/deportesdigital.com.ve\/public\/wp-json\/wp\/v2\/posts\/114046","targetHints":{"allow":["GET"]}}],"collection":[{"href":"https:\/\/deportesdigital.com.ve\/public\/wp-json\/wp\/v2\/posts"}],"about":[{"href":"https:\/\/deportesdigital.com.ve\/public\/wp-json\/wp\/v2\/types\/post"}],"author":[{"embeddable":true,"href":"https:\/\/deportesdigital.com.ve\/public\/wp-json\/wp\/v2\/users\/1"}],"replies":[{"embeddable":true,"href":"https:\/\/deportesdigital.com.ve\/public\/wp-json\/wp\/v2\/comments?post=114046"}],"version-history":[{"count":1,"href":"https:\/\/deportesdigital.com.ve\/public\/wp-json\/wp\/v2\/posts\/114046\/revisions"}],"predecessor-version":[{"id":114067,"href":"https:\/\/deportesdigital.com.ve\/public\/wp-json\/wp\/v2\/posts\/114046\/revisions\/114067"}],"wp:featuredmedia":[{"embeddable":true,"href":"https:\/\/deportesdigital.com.ve\/public\/wp-json\/wp\/v2\/media\/114066"}],"wp:attachment":[{"href":"https:\/\/deportesdigital.com.ve\/public\/wp-json\/wp\/v2\/media?parent=114046"}],"wp:term":[{"taxonomy":"category","embeddable":true,"href":"https:\/\/deportesdigital.com.ve\/public\/wp-json\/wp\/v2\/categories?post=114046"},{"taxonomy":"post_tag","embeddable":true,"href":"https:\/\/deportesdigital.com.ve\/public\/wp-json\/wp\/v2\/tags?post=114046"}],"curies":[{"name":"wp","href":"https:\/\/api.w.org\/{rel}","templated":true}]}}