{"id":113370,"date":"2026-02-20T23:26:51","date_gmt":"2026-02-21T03:26:51","guid":{"rendered":"https:\/\/deportesdigital.com.ve\/public\/?p=113370"},"modified":"2026-02-20T23:26:51","modified_gmt":"2026-02-21T03:26:51","slug":"fvb-y-el-ministerio-de-educacion-firman-convenio-interinstitucional","status":"publish","type":"post","link":"https:\/\/deportesdigital.com.ve\/public\/fvb-y-el-ministerio-de-educacion-firman-convenio-interinstitucional\/","title":{"rendered":"FVB y el Ministerio de Educaci\u00f3n firman convenio interinstitucional"},"content":{"rendered":"<p><strong><em>El proyecto tiene como finalidad <\/em><\/strong><strong><em>fortalecer la pr\u00e1ctica del baloncesto dentro del sistema educativo nacional.<\/em><\/strong><\/p>\n<hr \/>\n<p><strong><em>Prensa FVB:<\/em><\/strong> La\u00a0<strong>Federaci\u00f3n Venezolana de Baloncesto<\/strong>\u00a0(FVB) y el\u00a0<strong>Ministerio del Poder Popular para la Educaci\u00f3n,<\/strong>\u00a0formalizaron este viernes el convenio de cooperaci\u00f3n interinstitucional \u00a0que tiene la finalidad de fortalecer la pr\u00e1ctica del baloncesto dentro del sistema educativo nacional, promoviendo la masificaci\u00f3n deportiva y el desarrollo integral en todos los niveles.<\/p>\n<p><strong>Hanthony Coello<\/strong>, presidente de la FVB y <strong>H\u00e9ctor Rodr\u00edguez<\/strong>, Ministro de Educaci\u00f3n, formalizaron el acuerdo en el marco del desarrollo de la Asamblea Extraordinaria con todas las asociaciones de baloncesto del pa\u00eds.<\/p>\n<p>El acuerdo, tiene como punto de partida,<\/p>\n<p>Creaci\u00f3n de la Liga Estudiantil\/Liga Universitaria.<\/p>\n<p>Adquisici\u00f3n y distribuci\u00f3n de balones PEAK de acuerdo a cada edad y g\u00e9nero.<\/p>\n<p>Creaci\u00f3n de un club de baloncesto en cada instituci\u00f3n educativa del pa\u00eds.<\/p>\n<p>Formaci\u00f3n para los profesores de educaci\u00f3n f\u00edsica a trav\u00e9s de la Escuela Nacional de Entrenadores (ENE).<\/p>\n<p>Establecer a la ENE como un instituto de formaci\u00f3n integral.<\/p>\n<p>Remodelaci\u00f3n del Centro Nacional de Alto Rendimiento para el Baloncesto \u201cEl Poliedrito\u201d y su constituci\u00f3n como un n\u00facleo de las Unidades Educativas de Talento Deportivo (UETD) de Venezuela.<\/p>\n<p>Esta uni\u00f3n reafirma el compromiso de ambos entes con la evoluci\u00f3n sostenida e integral de las generaciones de relevo.<\/p>\n<p><strong><em>Sigue esta y otras #Noticias ingresando a nuestras plataformas digitales Deportes Digital, en Instagram, Facebook, Twitter, y en nuestros grupos de Whatsapp y Telegram<\/em><\/strong><\/p>\n","protected":false},"excerpt":{"rendered":"<p>El proyecto tiene como finalidad fortalecer la pr\u00e1ctica del baloncesto dentro del sistema educativo nacional. Prensa FVB: La\u00a0Federaci\u00f3n Venezolana de Baloncesto\u00a0(FVB) y el\u00a0Ministerio del Poder Popular para la Educaci\u00f3n,\u00a0formalizaron este [&hellip;]<\/p>\n","protected":false},"author":1,"featured_media":113371,"comment_status":"open","ping_status":"closed","sticky":false,"template":"","format":"standard","meta":{"footnotes":""},"categories":[4],"tags":[],"class_list":["post-113370","post","type-post","status-publish","format-standard","has-post-thumbnail","hentry","category-baloncesto","clearfix"],"yoast_head":"<!-- This site is optimized with the Yoast SEO plugin v27.8 - https:\/\/yoast.com\/product\/yoast-seo-wordpress\/ -->\n<title>FVB y el Ministerio de Educaci\u00f3n firman convenio interinstitucional - Deportes Digital<\/title>\n<meta name=\"robots\" content=\"index, follow, max-snippet:-1, max-image-preview:large, max-video-preview:-1\" \/>\n<link rel=\"canonical\" href=\"https:\/\/deportesdigital.com.ve\/public\/fvb-y-el-ministerio-de-educacion-firman-convenio-interinstitucional\/\" \/>\n<meta property=\"og:locale\" content=\"es_ES\" \/>\n<meta property=\"og:type\" content=\"article\" \/>\n<meta property=\"og:title\" content=\"FVB y el Ministerio de Educaci\u00f3n firman convenio interinstitucional - Deportes Digital\" \/>\n<meta property=\"og:description\" content=\"El proyecto tiene como finalidad fortalecer la pr\u00e1ctica del baloncesto dentro del sistema educativo nacional. Prensa FVB: La\u00a0Federaci\u00f3n Venezolana de Baloncesto\u00a0(FVB) y el\u00a0Ministerio del Poder Popular para la Educaci\u00f3n,\u00a0formalizaron este [&hellip;]\" \/>\n<meta property=\"og:url\" content=\"https:\/\/deportesdigital.com.ve\/public\/fvb-y-el-ministerio-de-educacion-firman-convenio-interinstitucional\/\" \/>\n<meta property=\"og:site_name\" content=\"Deportes Digital\" \/>\n<meta property=\"article:publisher\" content=\"https:\/\/www.facebook.com\/DeportesDigitalZulia25\" \/>\n<meta property=\"article:published_time\" content=\"2026-02-21T03:26:51+00:00\" \/>\n<meta property=\"og:image\" content=\"https:\/\/deportesdigital.com.ve\/public\/wp-content\/uploads\/2026\/02\/Acuerdo-FVB-MinEducacion.JPG-1-630x420-1.jpg\" \/>\n\t<meta property=\"og:image:width\" content=\"630\" \/>\n\t<meta property=\"og:image:height\" content=\"420\" \/>\n\t<meta property=\"og:image:type\" content=\"image\/jpeg\" \/>\n<meta name=\"author\" content=\"luisg15\" \/>\n<meta name=\"twitter:card\" content=\"summary_large_image\" \/>\n<meta name=\"twitter:creator\" content=\"@deporteszulia\" \/>\n<meta name=\"twitter:site\" content=\"@deporteszulia\" \/>\n<meta name=\"twitter:label1\" content=\"Escrito por\" \/>\n\t<meta name=\"twitter:data1\" content=\"luisg15\" \/>\n\t<meta name=\"twitter:label2\" content=\"Tiempo de lectura\" \/>\n\t<meta name=\"twitter:data2\" content=\"1 minuto\" \/>\n<script type=\"application\/ld+json\" class=\"yoast-schema-graph\">{\"@context\":\"https:\\\/\\\/schema.org\",\"@graph\":[{\"@type\":\"Article\",\"@id\":\"https:\\\/\\\/deportesdigital.com.ve\\\/public\\\/fvb-y-el-ministerio-de-educacion-firman-convenio-interinstitucional\\\/#article\",\"isPartOf\":{\"@id\":\"https:\\\/\\\/deportesdigital.com.ve\\\/public\\\/fvb-y-el-ministerio-de-educacion-firman-convenio-interinstitucional\\\/\"},\"author\":{\"name\":\"luisg15\",\"@id\":\"https:\\\/\\\/deportesdigital.com.ve\\\/public\\\/#\\\/schema\\\/person\\\/57d2f23f17d761b1672066d1905e88a0\"},\"headline\":\"FVB y el Ministerio de Educaci\u00f3n firman convenio interinstitucional\",\"datePublished\":\"2026-02-21T03:26:51+00:00\",\"mainEntityOfPage\":{\"@id\":\"https:\\\/\\\/deportesdigital.com.ve\\\/public\\\/fvb-y-el-ministerio-de-educacion-firman-convenio-interinstitucional\\\/\"},\"wordCount\":272,\"commentCount\":0,\"publisher\":{\"@id\":\"https:\\\/\\\/deportesdigital.com.ve\\\/public\\\/#organization\"},\"image\":{\"@id\":\"https:\\\/\\\/deportesdigital.com.ve\\\/public\\\/fvb-y-el-ministerio-de-educacion-firman-convenio-interinstitucional\\\/#primaryimage\"},\"thumbnailUrl\":\"https:\\\/\\\/deportesdigital.com.ve\\\/public\\\/wp-content\\\/uploads\\\/2026\\\/02\\\/Acuerdo-FVB-MinEducacion.JPG-1-630x420-1.jpg\",\"articleSection\":[\"Baloncesto\"],\"inLanguage\":\"es\",\"potentialAction\":[{\"@type\":\"CommentAction\",\"name\":\"Comment\",\"target\":[\"https:\\\/\\\/deportesdigital.com.ve\\\/public\\\/fvb-y-el-ministerio-de-educacion-firman-convenio-interinstitucional\\\/#respond\"]}]},{\"@type\":\"WebPage\",\"@id\":\"https:\\\/\\\/deportesdigital.com.ve\\\/public\\\/fvb-y-el-ministerio-de-educacion-firman-convenio-interinstitucional\\\/\",\"url\":\"https:\\\/\\\/deportesdigital.com.ve\\\/public\\\/fvb-y-el-ministerio-de-educacion-firman-convenio-interinstitucional\\\/\",\"name\":\"FVB y el Ministerio de Educaci\u00f3n firman convenio interinstitucional - Deportes Digital\",\"isPartOf\":{\"@id\":\"https:\\\/\\\/deportesdigital.com.ve\\\/public\\\/#website\"},\"primaryImageOfPage\":{\"@id\":\"https:\\\/\\\/deportesdigital.com.ve\\\/public\\\/fvb-y-el-ministerio-de-educacion-firman-convenio-interinstitucional\\\/#primaryimage\"},\"image\":{\"@id\":\"https:\\\/\\\/deportesdigital.com.ve\\\/public\\\/fvb-y-el-ministerio-de-educacion-firman-convenio-interinstitucional\\\/#primaryimage\"},\"thumbnailUrl\":\"https:\\\/\\\/deportesdigital.com.ve\\\/public\\\/wp-content\\\/uploads\\\/2026\\\/02\\\/Acuerdo-FVB-MinEducacion.JPG-1-630x420-1.jpg\",\"datePublished\":\"2026-02-21T03:26:51+00:00\",\"breadcrumb\":{\"@id\":\"https:\\\/\\\/deportesdigital.com.ve\\\/public\\\/fvb-y-el-ministerio-de-educacion-firman-convenio-interinstitucional\\\/#breadcrumb\"},\"inLanguage\":\"es\",\"potentialAction\":[{\"@type\":\"ReadAction\",\"target\":[\"https:\\\/\\\/deportesdigital.com.ve\\\/public\\\/fvb-y-el-ministerio-de-educacion-firman-convenio-interinstitucional\\\/\"]}]},{\"@type\":\"ImageObject\",\"inLanguage\":\"es\",\"@id\":\"https:\\\/\\\/deportesdigital.com.ve\\\/public\\\/fvb-y-el-ministerio-de-educacion-firman-convenio-interinstitucional\\\/#primaryimage\",\"url\":\"https:\\\/\\\/deportesdigital.com.ve\\\/public\\\/wp-content\\\/uploads\\\/2026\\\/02\\\/Acuerdo-FVB-MinEducacion.JPG-1-630x420-1.jpg\",\"contentUrl\":\"https:\\\/\\\/deportesdigital.com.ve\\\/public\\\/wp-content\\\/uploads\\\/2026\\\/02\\\/Acuerdo-FVB-MinEducacion.JPG-1-630x420-1.jpg\",\"width\":630,\"height\":420},{\"@type\":\"BreadcrumbList\",\"@id\":\"https:\\\/\\\/deportesdigital.com.ve\\\/public\\\/fvb-y-el-ministerio-de-educacion-firman-convenio-interinstitucional\\\/#breadcrumb\",\"itemListElement\":[{\"@type\":\"ListItem\",\"position\":1,\"name\":\"Portada\",\"item\":\"https:\\\/\\\/deportesdigital.com.ve\\\/public\\\/\"},{\"@type\":\"ListItem\",\"position\":2,\"name\":\"FVB y el Ministerio de Educaci\u00f3n firman convenio interinstitucional\"}]},{\"@type\":\"WebSite\",\"@id\":\"https:\\\/\\\/deportesdigital.com.ve\\\/public\\\/#website\",\"url\":\"https:\\\/\\\/deportesdigital.com.ve\\\/public\\\/\",\"name\":\"Deportes Digital\",\"description\":\"Solo Deportes\",\"publisher\":{\"@id\":\"https:\\\/\\\/deportesdigital.com.ve\\\/public\\\/#organization\"},\"potentialAction\":[{\"@type\":\"SearchAction\",\"target\":{\"@type\":\"EntryPoint\",\"urlTemplate\":\"https:\\\/\\\/deportesdigital.com.ve\\\/public\\\/?s={search_term_string}\"},\"query-input\":{\"@type\":\"PropertyValueSpecification\",\"valueRequired\":true,\"valueName\":\"search_term_string\"}}],\"inLanguage\":\"es\"},{\"@type\":\"Organization\",\"@id\":\"https:\\\/\\\/deportesdigital.com.ve\\\/public\\\/#organization\",\"name\":\"Deportes Digital\",\"url\":\"https:\\\/\\\/deportesdigital.com.ve\\\/public\\\/\",\"logo\":{\"@type\":\"ImageObject\",\"inLanguage\":\"es\",\"@id\":\"https:\\\/\\\/deportesdigital.com.ve\\\/public\\\/#\\\/schema\\\/logo\\\/image\\\/\",\"url\":\"https:\\\/\\\/i0.wp.com\\\/deportesdigital.com.ve\\\/public\\\/wp-content\\\/uploads\\\/2023\\\/09\\\/1677066431475.png?fit=1032%2C624&ssl=1\",\"contentUrl\":\"https:\\\/\\\/i0.wp.com\\\/deportesdigital.com.ve\\\/public\\\/wp-content\\\/uploads\\\/2023\\\/09\\\/1677066431475.png?fit=1032%2C624&ssl=1\",\"width\":1032,\"height\":624,\"caption\":\"Deportes Digital\"},\"image\":{\"@id\":\"https:\\\/\\\/deportesdigital.com.ve\\\/public\\\/#\\\/schema\\\/logo\\\/image\\\/\"},\"sameAs\":[\"https:\\\/\\\/www.facebook.com\\\/DeportesDigitalZulia25\",\"https:\\\/\\\/x.com\\\/deporteszulia\",\"https:\\\/\\\/www.instagram.com\\\/deportesdigitalzulia\\\/\"]},{\"@type\":\"Person\",\"@id\":\"https:\\\/\\\/deportesdigital.com.ve\\\/public\\\/#\\\/schema\\\/person\\\/57d2f23f17d761b1672066d1905e88a0\",\"name\":\"luisg15\",\"image\":{\"@type\":\"ImageObject\",\"inLanguage\":\"es\",\"@id\":\"https:\\\/\\\/secure.gravatar.com\\\/avatar\\\/4d424b63ebd2800d281b824141af3d97c1332dfdda83d70b2057085925af58a3?s=96&d=mm&r=g\",\"url\":\"https:\\\/\\\/secure.gravatar.com\\\/avatar\\\/4d424b63ebd2800d281b824141af3d97c1332dfdda83d70b2057085925af58a3?s=96&d=mm&r=g\",\"contentUrl\":\"https:\\\/\\\/secure.gravatar.com\\\/avatar\\\/4d424b63ebd2800d281b824141af3d97c1332dfdda83d70b2057085925af58a3?s=96&d=mm&r=g\",\"caption\":\"luisg15\"},\"description\":\"Medio de Comunicaci\u00f3n digital dedicado al deporte menor\",\"sameAs\":[\"https:\\\/\\\/deportesdigital.com.ve\\\/public\"],\"url\":\"https:\\\/\\\/deportesdigital.com.ve\\\/public\\\/author\\\/luisg15\\\/\"}]}<\/script>\n<!-- \/ Yoast SEO plugin. -->","yoast_head_json":{"title":"FVB y el Ministerio de Educaci\u00f3n firman convenio interinstitucional - Deportes Digital","robots":{"index":"index","follow":"follow","max-snippet":"max-snippet:-1","max-image-preview":"max-image-preview:large","max-video-preview":"max-video-preview:-1"},"canonical":"https:\/\/deportesdigital.com.ve\/public\/fvb-y-el-ministerio-de-educacion-firman-convenio-interinstitucional\/","og_locale":"es_ES","og_type":"article","og_title":"FVB y el Ministerio de Educaci\u00f3n firman convenio interinstitucional - Deportes Digital","og_description":"El proyecto tiene como finalidad fortalecer la pr\u00e1ctica del baloncesto dentro del sistema educativo nacional. Prensa FVB: La\u00a0Federaci\u00f3n Venezolana de Baloncesto\u00a0(FVB) y el\u00a0Ministerio del Poder Popular para la Educaci\u00f3n,\u00a0formalizaron este [&hellip;]","og_url":"https:\/\/deportesdigital.com.ve\/public\/fvb-y-el-ministerio-de-educacion-firman-convenio-interinstitucional\/","og_site_name":"Deportes Digital","article_publisher":"https:\/\/www.facebook.com\/DeportesDigitalZulia25","article_published_time":"2026-02-21T03:26:51+00:00","og_image":[{"width":630,"height":420,"url":"https:\/\/deportesdigital.com.ve\/public\/wp-content\/uploads\/2026\/02\/Acuerdo-FVB-MinEducacion.JPG-1-630x420-1.jpg","type":"image\/jpeg"}],"author":"luisg15","twitter_card":"summary_large_image","twitter_creator":"@deporteszulia","twitter_site":"@deporteszulia","twitter_misc":{"Escrito por":"luisg15","Tiempo de lectura":"1 minuto"},"schema":{"@context":"https:\/\/schema.org","@graph":[{"@type":"Article","@id":"https:\/\/deportesdigital.com.ve\/public\/fvb-y-el-ministerio-de-educacion-firman-convenio-interinstitucional\/#article","isPartOf":{"@id":"https:\/\/deportesdigital.com.ve\/public\/fvb-y-el-ministerio-de-educacion-firman-convenio-interinstitucional\/"},"author":{"name":"luisg15","@id":"https:\/\/deportesdigital.com.ve\/public\/#\/schema\/person\/57d2f23f17d761b1672066d1905e88a0"},"headline":"FVB y el Ministerio de Educaci\u00f3n firman convenio interinstitucional","datePublished":"2026-02-21T03:26:51+00:00","mainEntityOfPage":{"@id":"https:\/\/deportesdigital.com.ve\/public\/fvb-y-el-ministerio-de-educacion-firman-convenio-interinstitucional\/"},"wordCount":272,"commentCount":0,"publisher":{"@id":"https:\/\/deportesdigital.com.ve\/public\/#organization"},"image":{"@id":"https:\/\/deportesdigital.com.ve\/public\/fvb-y-el-ministerio-de-educacion-firman-convenio-interinstitucional\/#primaryimage"},"thumbnailUrl":"https:\/\/deportesdigital.com.ve\/public\/wp-content\/uploads\/2026\/02\/Acuerdo-FVB-MinEducacion.JPG-1-630x420-1.jpg","articleSection":["Baloncesto"],"inLanguage":"es","potentialAction":[{"@type":"CommentAction","name":"Comment","target":["https:\/\/deportesdigital.com.ve\/public\/fvb-y-el-ministerio-de-educacion-firman-convenio-interinstitucional\/#respond"]}]},{"@type":"WebPage","@id":"https:\/\/deportesdigital.com.ve\/public\/fvb-y-el-ministerio-de-educacion-firman-convenio-interinstitucional\/","url":"https:\/\/deportesdigital.com.ve\/public\/fvb-y-el-ministerio-de-educacion-firman-convenio-interinstitucional\/","name":"FVB y el Ministerio de Educaci\u00f3n firman convenio interinstitucional - Deportes Digital","isPartOf":{"@id":"https:\/\/deportesdigital.com.ve\/public\/#website"},"primaryImageOfPage":{"@id":"https:\/\/deportesdigital.com.ve\/public\/fvb-y-el-ministerio-de-educacion-firman-convenio-interinstitucional\/#primaryimage"},"image":{"@id":"https:\/\/deportesdigital.com.ve\/public\/fvb-y-el-ministerio-de-educacion-firman-convenio-interinstitucional\/#primaryimage"},"thumbnailUrl":"https:\/\/deportesdigital.com.ve\/public\/wp-content\/uploads\/2026\/02\/Acuerdo-FVB-MinEducacion.JPG-1-630x420-1.jpg","datePublished":"2026-02-21T03:26:51+00:00","breadcrumb":{"@id":"https:\/\/deportesdigital.com.ve\/public\/fvb-y-el-ministerio-de-educacion-firman-convenio-interinstitucional\/#breadcrumb"},"inLanguage":"es","potentialAction":[{"@type":"ReadAction","target":["https:\/\/deportesdigital.com.ve\/public\/fvb-y-el-ministerio-de-educacion-firman-convenio-interinstitucional\/"]}]},{"@type":"ImageObject","inLanguage":"es","@id":"https:\/\/deportesdigital.com.ve\/public\/fvb-y-el-ministerio-de-educacion-firman-convenio-interinstitucional\/#primaryimage","url":"https:\/\/deportesdigital.com.ve\/public\/wp-content\/uploads\/2026\/02\/Acuerdo-FVB-MinEducacion.JPG-1-630x420-1.jpg","contentUrl":"https:\/\/deportesdigital.com.ve\/public\/wp-content\/uploads\/2026\/02\/Acuerdo-FVB-MinEducacion.JPG-1-630x420-1.jpg","width":630,"height":420},{"@type":"BreadcrumbList","@id":"https:\/\/deportesdigital.com.ve\/public\/fvb-y-el-ministerio-de-educacion-firman-convenio-interinstitucional\/#breadcrumb","itemListElement":[{"@type":"ListItem","position":1,"name":"Portada","item":"https:\/\/deportesdigital.com.ve\/public\/"},{"@type":"ListItem","position":2,"name":"FVB y el Ministerio de Educaci\u00f3n firman convenio interinstitucional"}]},{"@type":"WebSite","@id":"https:\/\/deportesdigital.com.ve\/public\/#website","url":"https:\/\/deportesdigital.com.ve\/public\/","name":"Deportes Digital","description":"Solo Deportes","publisher":{"@id":"https:\/\/deportesdigital.com.ve\/public\/#organization"},"potentialAction":[{"@type":"SearchAction","target":{"@type":"EntryPoint","urlTemplate":"https:\/\/deportesdigital.com.ve\/public\/?s={search_term_string}"},"query-input":{"@type":"PropertyValueSpecification","valueRequired":true,"valueName":"search_term_string"}}],"inLanguage":"es"},{"@type":"Organization","@id":"https:\/\/deportesdigital.com.ve\/public\/#organization","name":"Deportes Digital","url":"https:\/\/deportesdigital.com.ve\/public\/","logo":{"@type":"ImageObject","inLanguage":"es","@id":"https:\/\/deportesdigital.com.ve\/public\/#\/schema\/logo\/image\/","url":"https:\/\/i0.wp.com\/deportesdigital.com.ve\/public\/wp-content\/uploads\/2023\/09\/1677066431475.png?fit=1032%2C624&ssl=1","contentUrl":"https:\/\/i0.wp.com\/deportesdigital.com.ve\/public\/wp-content\/uploads\/2023\/09\/1677066431475.png?fit=1032%2C624&ssl=1","width":1032,"height":624,"caption":"Deportes Digital"},"image":{"@id":"https:\/\/deportesdigital.com.ve\/public\/#\/schema\/logo\/image\/"},"sameAs":["https:\/\/www.facebook.com\/DeportesDigitalZulia25","https:\/\/x.com\/deporteszulia","https:\/\/www.instagram.com\/deportesdigitalzulia\/"]},{"@type":"Person","@id":"https:\/\/deportesdigital.com.ve\/public\/#\/schema\/person\/57d2f23f17d761b1672066d1905e88a0","name":"luisg15","image":{"@type":"ImageObject","inLanguage":"es","@id":"https:\/\/secure.gravatar.com\/avatar\/4d424b63ebd2800d281b824141af3d97c1332dfdda83d70b2057085925af58a3?s=96&d=mm&r=g","url":"https:\/\/secure.gravatar.com\/avatar\/4d424b63ebd2800d281b824141af3d97c1332dfdda83d70b2057085925af58a3?s=96&d=mm&r=g","contentUrl":"https:\/\/secure.gravatar.com\/avatar\/4d424b63ebd2800d281b824141af3d97c1332dfdda83d70b2057085925af58a3?s=96&d=mm&r=g","caption":"luisg15"},"description":"Medio de Comunicaci\u00f3n digital dedicado al deporte menor","sameAs":["https:\/\/deportesdigital.com.ve\/public"],"url":"https:\/\/deportesdigital.com.ve\/public\/author\/luisg15\/"}]}},"_links":{"self":[{"href":"https:\/\/deportesdigital.com.ve\/public\/wp-json\/wp\/v2\/posts\/113370","targetHints":{"allow":["GET"]}}],"collection":[{"href":"https:\/\/deportesdigital.com.ve\/public\/wp-json\/wp\/v2\/posts"}],"about":[{"href":"https:\/\/deportesdigital.com.ve\/public\/wp-json\/wp\/v2\/types\/post"}],"author":[{"embeddable":true,"href":"https:\/\/deportesdigital.com.ve\/public\/wp-json\/wp\/v2\/users\/1"}],"replies":[{"embeddable":true,"href":"https:\/\/deportesdigital.com.ve\/public\/wp-json\/wp\/v2\/comments?post=113370"}],"version-history":[{"count":1,"href":"https:\/\/deportesdigital.com.ve\/public\/wp-json\/wp\/v2\/posts\/113370\/revisions"}],"predecessor-version":[{"id":113372,"href":"https:\/\/deportesdigital.com.ve\/public\/wp-json\/wp\/v2\/posts\/113370\/revisions\/113372"}],"wp:featuredmedia":[{"embeddable":true,"href":"https:\/\/deportesdigital.com.ve\/public\/wp-json\/wp\/v2\/media\/113371"}],"wp:attachment":[{"href":"https:\/\/deportesdigital.com.ve\/public\/wp-json\/wp\/v2\/media?parent=113370"}],"wp:term":[{"taxonomy":"category","embeddable":true,"href":"https:\/\/deportesdigital.com.ve\/public\/wp-json\/wp\/v2\/categories?post=113370"},{"taxonomy":"post_tag","embeddable":true,"href":"https:\/\/deportesdigital.com.ve\/public\/wp-json\/wp\/v2\/tags?post=113370"}],"curies":[{"name":"wp","href":"https:\/\/api.w.org\/{rel}","templated":true}]}}