{"id":113289,"date":"2026-02-18T14:59:03","date_gmt":"2026-02-18T18:59:03","guid":{"rendered":"https:\/\/deportesdigital.com.ve\/public\/?p=113289"},"modified":"2026-02-18T14:59:03","modified_gmt":"2026-02-18T18:59:03","slug":"perfil-de-promesa-isabella-moreno-y-su-sueno-vinotinto","status":"publish","type":"post","link":"https:\/\/deportesdigital.com.ve\/public\/perfil-de-promesa-isabella-moreno-y-su-sueno-vinotinto\/","title":{"rendered":"Perfil de Promesa: Isabella Moreno y su Sue\u00f1o Vinotinto"},"content":{"rendered":"<p data-path-to-node=\"3\"><em><strong>Con solo 14 a\u00f1os, Isabella demuestra una madurez t\u00e1ctica y personal que invita a seguirle la pista muy de cerca en los pr\u00f3ximos torneos regionales.<\/strong><\/em><\/p>\n<hr \/>\n<p><em><strong>Jose Gil Deportes Digital\/Maracaibo:<\/strong> <\/em>Desde las calles de Nueva Lucha hasta las canchas de San Francisco, <strong data-path-to-node=\"3\" data-index-in-node=\"68\">Isabella Moreno<\/strong> se abre paso en el f\u00fatbol regional con una mezcla de garra y elegancia en el mediocampo. A sus 14 a\u00f1os, la jugadora del <strong data-path-to-node=\"3\" data-index-in-node=\"204\">Deportivo Coromoto<\/strong> nos cuenta su historia, sus ra\u00edces y ese objetivo claro que tiene entre ceja y ceja: vestir la camiseta de la Selecci\u00f3n Nacional.<\/p>\n<p><img loading=\"lazy\" decoding=\"async\" class=\"size-full wp-image-113291 aligncenter\" src=\"https:\/\/deportesdigital.com.ve\/public\/wp-content\/uploads\/2026\/02\/isa4.jpg\" alt=\"\" width=\"800\" height=\"812\" srcset=\"https:\/\/deportesdigital.com.ve\/public\/wp-content\/uploads\/2026\/02\/isa4.jpg 800w, https:\/\/deportesdigital.com.ve\/public\/wp-content\/uploads\/2026\/02\/isa4-296x300.jpg 296w, https:\/\/deportesdigital.com.ve\/public\/wp-content\/uploads\/2026\/02\/isa4-768x780.jpg 768w, https:\/\/deportesdigital.com.ve\/public\/wp-content\/uploads\/2026\/02\/isa4-730x741.jpg 730w, https:\/\/deportesdigital.com.ve\/public\/wp-content\/uploads\/2026\/02\/isa4-435x442.jpg 435w\" sizes=\"auto, (max-width: 800px) 100vw, 800px\" \/><\/p>\n<h3 data-path-to-node=\"4\">La entrevista<\/h3>\n<p data-path-to-node=\"5\"><strong data-path-to-node=\"5\" data-index-in-node=\"0\">\u00bfCu\u00e1nto tiempo llevas en este mundo del f\u00fatbol?<\/strong><\/p>\n<p data-path-to-node=\"6\"><strong data-path-to-node=\"6\" data-index-in-node=\"0\">Isabella Moreno:<\/strong> Ya son tres a\u00f1os dedicados de lleno a este deporte.<\/p>\n<p data-path-to-node=\"7\"><strong data-path-to-node=\"7\" data-index-in-node=\"0\">P: Tres a\u00f1os ya&#8230; Vienes de Mara, espec\u00edficamente de Nueva Lucha, pero ahora est\u00e1s radicada aqu\u00ed en San Francisco. \u00bfD\u00f3nde diste tus primeros pasos formales?<\/strong><\/p>\n<p data-path-to-node=\"8\"><strong data-path-to-node=\"8\" data-index-in-node=\"0\">I:<\/strong> S\u00ed, all\u00e1 en Nueva Lucha jugaba con el club <strong data-path-to-node=\"8\" data-index-in-node=\"46\">Dulce Refugio<\/strong>. Estuve bajo la formaci\u00f3n del profesor Manuel Palmar, quien me ense\u00f1\u00f3 mucho de lo que s\u00e9 hoy antes de unirme al Deportivo Coromoto.<\/p>\n<p data-path-to-node=\"9\"><strong data-path-to-node=\"9\" data-index-in-node=\"0\">P: Te vemos desempe\u00f1arte en el medio campo. Eres de las que muerde, recupera y reparte. \u00bfPor qu\u00e9 elegiste el f\u00fatbol y qu\u00e9 es lo que m\u00e1s te apasiona de estar en la cancha?<\/strong><\/p>\n<p data-path-to-node=\"9\"><img loading=\"lazy\" decoding=\"async\" class=\"size-full wp-image-113293 aligncenter\" src=\"https:\/\/deportesdigital.com.ve\/public\/wp-content\/uploads\/2026\/02\/isa6.jpg\" alt=\"\" width=\"800\" height=\"597\" srcset=\"https:\/\/deportesdigital.com.ve\/public\/wp-content\/uploads\/2026\/02\/isa6.jpg 800w, https:\/\/deportesdigital.com.ve\/public\/wp-content\/uploads\/2026\/02\/isa6-300x224.jpg 300w, https:\/\/deportesdigital.com.ve\/public\/wp-content\/uploads\/2026\/02\/isa6-768x573.jpg 768w, https:\/\/deportesdigital.com.ve\/public\/wp-content\/uploads\/2026\/02\/isa6-730x545.jpg 730w, https:\/\/deportesdigital.com.ve\/public\/wp-content\/uploads\/2026\/02\/isa6-435x325.jpg 435w, https:\/\/deportesdigital.com.ve\/public\/wp-content\/uploads\/2026\/02\/isa6-80x60.jpg 80w\" sizes=\"auto, (max-width: 800px) 100vw, 800px\" \/><\/p>\n<p data-path-to-node=\"10\"><strong data-path-to-node=\"10\" data-index-in-node=\"0\">I:<\/strong> El f\u00fatbol para m\u00ed lo es todo. Me ha ense\u00f1ado valores, disciplina y, sobre todo, me ha permitido conocer lugares y personas incre\u00edbles. Lo m\u00e1s bonito es eso: la red de amigos y las experiencias que uno vive viajando con el equipo.<\/p>\n<p data-path-to-node=\"11\"><strong data-path-to-node=\"11\" data-index-in-node=\"0\">P: Actualmente cursas tercer a\u00f1o de bachillerato. Es un reto equilibrar los estudios con el entrenamiento diario, \u00bfcierto? Porque juegas todos los d\u00edas&#8230;<\/strong><\/p>\n<p data-path-to-node=\"12\"><strong data-path-to-node=\"12\" data-index-in-node=\"0\">I:<\/strong> \u00a1As\u00ed es! Entreno a diario. Es cuesti\u00f3n de constancia. El f\u00fatbol me ha dado mucho m\u00e1s que simples amistades; me ha dado una estructura de vida.<\/p>\n<p data-path-to-node=\"13\"><strong data-path-to-node=\"13\" data-index-in-node=\"0\">P: Hablemos de tus ra\u00edces. \u00bfDe d\u00f3nde viene esa chispa? \u00bfHay futbolistas en la familia?<\/strong><\/p>\n<p data-path-to-node=\"14\"><strong data-path-to-node=\"14\" data-index-in-node=\"0\">I:<\/strong> Mi historia empez\u00f3 en la calle. Jugaba en el barrio con los muchachos de mi cuadra, ah\u00ed se agarra mucha ma\u00f1a (risas). En mi familia el f\u00fatbol corre por las venas; mis t\u00edos juegan y ellos han sido mis grandes maestros, siempre me est\u00e1n ense\u00f1ando cosas nuevas.<\/p>\n<p data-path-to-node=\"14\"><img loading=\"lazy\" decoding=\"async\" class=\"size-full wp-image-113290 aligncenter\" src=\"https:\/\/deportesdigital.com.ve\/public\/wp-content\/uploads\/2026\/02\/isa3.jpg\" alt=\"\" width=\"800\" height=\"751\" srcset=\"https:\/\/deportesdigital.com.ve\/public\/wp-content\/uploads\/2026\/02\/isa3.jpg 800w, https:\/\/deportesdigital.com.ve\/public\/wp-content\/uploads\/2026\/02\/isa3-300x282.jpg 300w, https:\/\/deportesdigital.com.ve\/public\/wp-content\/uploads\/2026\/02\/isa3-768x721.jpg 768w, https:\/\/deportesdigital.com.ve\/public\/wp-content\/uploads\/2026\/02\/isa3-730x685.jpg 730w, https:\/\/deportesdigital.com.ve\/public\/wp-content\/uploads\/2026\/02\/isa3-435x408.jpg 435w\" sizes=\"auto, (max-width: 800px) 100vw, 800px\" \/><\/p>\n<p data-path-to-node=\"15\"><strong data-path-to-node=\"15\" data-index-in-node=\"0\">P: Te vimos muy bien en el campo: atacas, defiendes con intensidad y, lo m\u00e1s importante, juegas para el equipo. Con esa mentalidad, \u00bfcu\u00e1l es el gran sue\u00f1o de Isabella Moreno?<\/strong><\/p>\n<p data-path-to-node=\"16\"><strong data-path-to-node=\"16\" data-index-in-node=\"0\">I:<\/strong> Lo tengo claro: quiero llegar a ser <strong data-path-to-node=\"16\" data-index-in-node=\"39\">futbolista profesional<\/strong> y mi meta m\u00e1xima es jugar con la <strong data-path-to-node=\"16\" data-index-in-node=\"95\">Selecci\u00f3n Vinotinto<\/strong>. Por eso trabajo todos los d\u00edas.<\/p>\n<p data-path-to-node=\"17\"><strong data-path-to-node=\"17\" data-index-in-node=\"0\">P: Para cerrar, Isabella, \u00bfqu\u00e9 mensaje le das a esas ni\u00f1as que, como t\u00fa, est\u00e1n empezando o tienen miedo de dar el salto al f\u00fatbol?<\/strong><\/p>\n<p data-path-to-node=\"18\"><strong data-path-to-node=\"18\" data-index-in-node=\"0\">I:<\/strong> Mi consejo es que persigan sus sue\u00f1os con todo. Que no dejen que los comentarios negativos las frenen o las desanimen. Que sigan jugando, porque este es un deporte hermoso donde se aprenden cosas grandes y se conoce a gente maravillosa. El amor y la constancia lo puede todo.<\/p>\n<p><strong><em>Sigue esta y otras #Noticias ingresando a nuestras plataformas digitales Deportes Digital, en Instagram, Facebook, Twitter, y en nuestros grupos de Whatsapp y Telegram<\/em><\/strong><\/p>\n<p>&nbsp;<\/p>\n","protected":false},"excerpt":{"rendered":"<p>Con solo 14 a\u00f1os, Isabella demuestra una madurez t\u00e1ctica y personal que invita a seguirle la pista muy de cerca en los pr\u00f3ximos torneos regionales. Jose Gil Deportes Digital\/Maracaibo: Desde [&hellip;]<\/p>\n","protected":false},"author":1,"featured_media":113292,"comment_status":"open","ping_status":"closed","sticky":false,"template":"","format":"standard","meta":{"footnotes":""},"categories":[3],"tags":[],"class_list":["post-113289","post","type-post","status-publish","format-standard","has-post-thumbnail","hentry","category-futbol","clearfix"],"_links":{"self":[{"href":"https:\/\/deportesdigital.com.ve\/public\/wp-json\/wp\/v2\/posts\/113289","targetHints":{"allow":["GET"]}}],"collection":[{"href":"https:\/\/deportesdigital.com.ve\/public\/wp-json\/wp\/v2\/posts"}],"about":[{"href":"https:\/\/deportesdigital.com.ve\/public\/wp-json\/wp\/v2\/types\/post"}],"author":[{"embeddable":true,"href":"https:\/\/deportesdigital.com.ve\/public\/wp-json\/wp\/v2\/users\/1"}],"replies":[{"embeddable":true,"href":"https:\/\/deportesdigital.com.ve\/public\/wp-json\/wp\/v2\/comments?post=113289"}],"version-history":[{"count":1,"href":"https:\/\/deportesdigital.com.ve\/public\/wp-json\/wp\/v2\/posts\/113289\/revisions"}],"predecessor-version":[{"id":113294,"href":"https:\/\/deportesdigital.com.ve\/public\/wp-json\/wp\/v2\/posts\/113289\/revisions\/113294"}],"wp:featuredmedia":[{"embeddable":true,"href":"https:\/\/deportesdigital.com.ve\/public\/wp-json\/wp\/v2\/media\/113292"}],"wp:attachment":[{"href":"https:\/\/deportesdigital.com.ve\/public\/wp-json\/wp\/v2\/media?parent=113289"}],"wp:term":[{"taxonomy":"category","embeddable":true,"href":"https:\/\/deportesdigital.com.ve\/public\/wp-json\/wp\/v2\/categories?post=113289"},{"taxonomy":"post_tag","embeddable":true,"href":"https:\/\/deportesdigital.com.ve\/public\/wp-json\/wp\/v2\/tags?post=113289"}],"curies":[{"name":"wp","href":"https:\/\/api.w.org\/{rel}","templated":true}]}}