{"id":113245,"date":"2026-02-18T12:14:35","date_gmt":"2026-02-18T16:14:35","guid":{"rendered":"https:\/\/deportesdigital.com.ve\/public\/?p=113245"},"modified":"2026-02-18T12:14:35","modified_gmt":"2026-02-18T16:14:35","slug":"grito-de-campeon-en-san-francisco-el-futbol-8-celebro-su-fiesta-de-carnaval-y-juventud","status":"publish","type":"post","link":"https:\/\/deportesdigital.com.ve\/public\/grito-de-campeon-en-san-francisco-el-futbol-8-celebro-su-fiesta-de-carnaval-y-juventud\/","title":{"rendered":"Grito de Campe\u00f3n en San Francisco! El F\u00fatbol 8 celebr\u00f3 su fiesta de Carnaval y Juventud"},"content":{"rendered":"<p><strong><em>La calidad t\u00e9cnica qued\u00f3 demostrada en cada encuentro con victoria para las organizaciones <\/em><\/strong><em><strong>Complejo Educativo Profesor Adelis Fusil (CEPAF)<\/strong><\/em><strong><em> , Deportivo Coromoto, Deportico Popular, FC Oleary, alzando la copa de campe\u00f3n en las categor\u00edas sub 8-10-10-12-14-16-18.<\/em><\/strong><\/p>\n<hr \/>\n<p><strong><em>Jos\u00e9 Gil Deportes Digital\/Maracaibo:<\/em><\/strong> En un ambiente de alegr\u00eda, competencia y esp\u00edritu deportivo, el <strong>Complejo Deportivo Coromoto<\/strong> se visti\u00f3 de gala este lunes de Carnaval para la clausura de la <strong>Copa D\u00eda de la Juventud<\/strong>. El evento, bajo la modalidad de F\u00fatbol 8, reuni\u00f3 a 31 equipos de ocho clubes del estado Zulia, culminando en una emocionante jornada de finales donde el talento infantil y juvenil fue el gran protagonista.<\/p>\n<p><img loading=\"lazy\" decoding=\"async\" class=\" wp-image-113267 aligncenter\" src=\"https:\/\/deportesdigital.com.ve\/public\/wp-content\/uploads\/2026\/02\/sf7.jpg\" alt=\"\" width=\"701\" height=\"616\" srcset=\"https:\/\/deportesdigital.com.ve\/public\/wp-content\/uploads\/2026\/02\/sf7.jpg 800w, https:\/\/deportesdigital.com.ve\/public\/wp-content\/uploads\/2026\/02\/sf7-300x264.jpg 300w, https:\/\/deportesdigital.com.ve\/public\/wp-content\/uploads\/2026\/02\/sf7-768x675.jpg 768w, https:\/\/deportesdigital.com.ve\/public\/wp-content\/uploads\/2026\/02\/sf7-730x641.jpg 730w, https:\/\/deportesdigital.com.ve\/public\/wp-content\/uploads\/2026\/02\/sf7-435x382.jpg 435w\" sizes=\"auto, (max-width: 701px) 100vw, 701px\" \/><\/p>\n<p>&nbsp;<\/p>\n<p>Organizada por la <strong>Fundaci\u00f3n Deportiva Coromoto<\/strong> y el <strong>Instituto Municipal de Deportes y Recreaci\u00f3n (IMDEP)<\/strong>, la cita deportiva congreg\u00f3 a m\u00e1s de 400 atletas que, desde el 12 hasta el 16 de febrero, lucharon por la gloria en las categor\u00edas desde la Sub 8 hasta la Sub 18.<\/p>\n<p><strong>Resultados Semifinales.<\/strong><\/p>\n<p><img loading=\"lazy\" decoding=\"async\" class=\"wp-image-113271 aligncenter\" src=\"https:\/\/deportesdigital.com.ve\/public\/wp-content\/uploads\/2026\/02\/sur43.jpg\" alt=\"\" width=\"794\" height=\"233\" srcset=\"https:\/\/deportesdigital.com.ve\/public\/wp-content\/uploads\/2026\/02\/sur43.jpg 672w, https:\/\/deportesdigital.com.ve\/public\/wp-content\/uploads\/2026\/02\/sur43-300x88.jpg 300w, https:\/\/deportesdigital.com.ve\/public\/wp-content\/uploads\/2026\/02\/sur43-435x128.jpg 435w\" sizes=\"auto, (max-width: 794px) 100vw, 794px\" \/><\/p>\n<p><strong>Cuadro de Honor y H\u00e9roes de la Jornada<\/strong><\/p>\n<p><img loading=\"lazy\" decoding=\"async\" class=\"alignnone size-full wp-image-113251\" src=\"https:\/\/deportesdigital.com.ve\/public\/wp-content\/uploads\/2026\/02\/s10.jpg\" alt=\"\" width=\"800\" height=\"474\" srcset=\"https:\/\/deportesdigital.com.ve\/public\/wp-content\/uploads\/2026\/02\/s10.jpg 800w, https:\/\/deportesdigital.com.ve\/public\/wp-content\/uploads\/2026\/02\/s10-300x178.jpg 300w, https:\/\/deportesdigital.com.ve\/public\/wp-content\/uploads\/2026\/02\/s10-768x455.jpg 768w, https:\/\/deportesdigital.com.ve\/public\/wp-content\/uploads\/2026\/02\/s10-730x433.jpg 730w, https:\/\/deportesdigital.com.ve\/public\/wp-content\/uploads\/2026\/02\/s10-435x258.jpg 435w\" sizes=\"auto, (max-width: 800px) 100vw, 800px\" \/><\/p>\n<p>La calidad t\u00e9cnica qued\u00f3 demostrada en cada encuentro, dejando los siguientes resultados por categor\u00edas<\/p>\n<p><img loading=\"lazy\" decoding=\"async\" class=\"size-full wp-image-113246 aligncenter\" src=\"https:\/\/deportesdigital.com.ve\/public\/wp-content\/uploads\/2026\/02\/s15.jpg\" alt=\"\" width=\"800\" height=\"451\" srcset=\"https:\/\/deportesdigital.com.ve\/public\/wp-content\/uploads\/2026\/02\/s15.jpg 800w, https:\/\/deportesdigital.com.ve\/public\/wp-content\/uploads\/2026\/02\/s15-300x169.jpg 300w, https:\/\/deportesdigital.com.ve\/public\/wp-content\/uploads\/2026\/02\/s15-768x433.jpg 768w, https:\/\/deportesdigital.com.ve\/public\/wp-content\/uploads\/2026\/02\/s15-730x412.jpg 730w, https:\/\/deportesdigital.com.ve\/public\/wp-content\/uploads\/2026\/02\/s15-435x245.jpg 435w\" sizes=\"auto, (max-width: 800px) 100vw, 800px\" \/><\/p>\n<p>&nbsp;<\/p>\n<p>&nbsp;<\/p>\n<p><strong>Sub 18 (Deportivo Coromoto Campe\u00f3n):<\/strong> El equipo de casa impuso su jerarqu\u00eda al vencer 1-0 a CEPAF. <strong>Jhon Bosc\u00e1n<\/strong> anot\u00f3 el gol de la victoria y se alz\u00f3 con el premio <strong>MVP<\/strong>.<\/p>\n<p><img loading=\"lazy\" decoding=\"async\" class=\"size-full wp-image-113248 aligncenter\" src=\"https:\/\/deportesdigital.com.ve\/public\/wp-content\/uploads\/2026\/02\/s13.jpg\" alt=\"\" width=\"800\" height=\"437\" srcset=\"https:\/\/deportesdigital.com.ve\/public\/wp-content\/uploads\/2026\/02\/s13.jpg 800w, https:\/\/deportesdigital.com.ve\/public\/wp-content\/uploads\/2026\/02\/s13-300x164.jpg 300w, https:\/\/deportesdigital.com.ve\/public\/wp-content\/uploads\/2026\/02\/s13-768x420.jpg 768w, https:\/\/deportesdigital.com.ve\/public\/wp-content\/uploads\/2026\/02\/s13-730x399.jpg 730w, https:\/\/deportesdigital.com.ve\/public\/wp-content\/uploads\/2026\/02\/s13-435x238.jpg 435w\" sizes=\"auto, (max-width: 800px) 100vw, 800px\" \/><\/p>\n<p><strong>Sub 16 (FC Oleary Campe\u00f3n):<\/strong> En una definici\u00f3n dram\u00e1tica desde el punto penal (1-0) tras empatar sin goles ante Guerreros de San Francisco, el portero <strong>Johenn Fern\u00e1ndez<\/strong> fue la figura absoluta al tapar tres penales para llevarse el trofeo y el <strong>MVP<\/strong>.<\/p>\n<p><img loading=\"lazy\" decoding=\"async\" class=\"wp-image-113256 aligncenter\" src=\"https:\/\/deportesdigital.com.ve\/public\/wp-content\/uploads\/2026\/02\/s5.jpg\" alt=\"\" width=\"705\" height=\"406\" srcset=\"https:\/\/deportesdigital.com.ve\/public\/wp-content\/uploads\/2026\/02\/s5.jpg 800w, https:\/\/deportesdigital.com.ve\/public\/wp-content\/uploads\/2026\/02\/s5-300x173.jpg 300w, https:\/\/deportesdigital.com.ve\/public\/wp-content\/uploads\/2026\/02\/s5-768x443.jpg 768w, https:\/\/deportesdigital.com.ve\/public\/wp-content\/uploads\/2026\/02\/s5-730x421.jpg 730w, https:\/\/deportesdigital.com.ve\/public\/wp-content\/uploads\/2026\/02\/s5-435x251.jpg 435w\" sizes=\"auto, (max-width: 705px) 100vw, 705px\" \/> <img loading=\"lazy\" decoding=\"async\" class=\"wp-image-113252 aligncenter\" src=\"https:\/\/deportesdigital.com.ve\/public\/wp-content\/uploads\/2026\/02\/s9.jpg\" alt=\"\" width=\"560\" height=\"425\" srcset=\"https:\/\/deportesdigital.com.ve\/public\/wp-content\/uploads\/2026\/02\/s9.jpg 883w, https:\/\/deportesdigital.com.ve\/public\/wp-content\/uploads\/2026\/02\/s9-300x228.jpg 300w, https:\/\/deportesdigital.com.ve\/public\/wp-content\/uploads\/2026\/02\/s9-768x584.jpg 768w, https:\/\/deportesdigital.com.ve\/public\/wp-content\/uploads\/2026\/02\/s9-730x555.jpg 730w, https:\/\/deportesdigital.com.ve\/public\/wp-content\/uploads\/2026\/02\/s9-435x331.jpg 435w, https:\/\/deportesdigital.com.ve\/public\/wp-content\/uploads\/2026\/02\/s9-80x60.jpg 80w\" sizes=\"auto, (max-width: 560px) 100vw, 560px\" \/> <img loading=\"lazy\" decoding=\"async\" class=\"wp-image-113254 aligncenter\" src=\"https:\/\/deportesdigital.com.ve\/public\/wp-content\/uploads\/2026\/02\/s7.jpg\" alt=\"\" width=\"706\" height=\"359\" srcset=\"https:\/\/deportesdigital.com.ve\/public\/wp-content\/uploads\/2026\/02\/s7.jpg 800w, https:\/\/deportesdigital.com.ve\/public\/wp-content\/uploads\/2026\/02\/s7-300x153.jpg 300w, https:\/\/deportesdigital.com.ve\/public\/wp-content\/uploads\/2026\/02\/s7-768x391.jpg 768w, https:\/\/deportesdigital.com.ve\/public\/wp-content\/uploads\/2026\/02\/s7-730x371.jpg 730w, https:\/\/deportesdigital.com.ve\/public\/wp-content\/uploads\/2026\/02\/s7-435x221.jpg 435w\" sizes=\"auto, (max-width: 706px) 100vw, 706px\" \/><\/p>\n<p><strong>Sub 14 (Deportivo Popular Campe\u00f3n):<\/strong> Se coronaron al derrotar 2-0 a Santa Rita con una actuaci\u00f3n estelar de <strong>Deiber Rodr\u00edguez<\/strong>, quien marc\u00f3 las dos dianas para ser el <strong>MVP<\/strong>.<\/p>\n<p><img loading=\"lazy\" decoding=\"async\" class=\"size-full wp-image-113260 aligncenter\" src=\"https:\/\/deportesdigital.com.ve\/public\/wp-content\/uploads\/2026\/02\/s1.jpg\" alt=\"\" width=\"800\" height=\"400\" srcset=\"https:\/\/deportesdigital.com.ve\/public\/wp-content\/uploads\/2026\/02\/s1.jpg 800w, https:\/\/deportesdigital.com.ve\/public\/wp-content\/uploads\/2026\/02\/s1-300x150.jpg 300w, https:\/\/deportesdigital.com.ve\/public\/wp-content\/uploads\/2026\/02\/s1-768x384.jpg 768w, https:\/\/deportesdigital.com.ve\/public\/wp-content\/uploads\/2026\/02\/s1-730x365.jpg 730w, https:\/\/deportesdigital.com.ve\/public\/wp-content\/uploads\/2026\/02\/s1-435x218.jpg 435w\" sizes=\"auto, (max-width: 800px) 100vw, 800px\" \/> <img loading=\"lazy\" decoding=\"async\" class=\"size-full wp-image-113257 alignright\" src=\"https:\/\/deportesdigital.com.ve\/public\/wp-content\/uploads\/2026\/02\/s4.jpg\" alt=\"\" width=\"725\" height=\"505\" srcset=\"https:\/\/deportesdigital.com.ve\/public\/wp-content\/uploads\/2026\/02\/s4.jpg 725w, https:\/\/deportesdigital.com.ve\/public\/wp-content\/uploads\/2026\/02\/s4-300x209.jpg 300w, https:\/\/deportesdigital.com.ve\/public\/wp-content\/uploads\/2026\/02\/s4-435x303.jpg 435w\" sizes=\"auto, (max-width: 725px) 100vw, 725px\" \/> <img loading=\"lazy\" decoding=\"async\" class=\"size-full wp-image-113258 aligncenter\" src=\"https:\/\/deportesdigital.com.ve\/public\/wp-content\/uploads\/2026\/02\/s3.jpg\" alt=\"\" width=\"800\" height=\"451\" srcset=\"https:\/\/deportesdigital.com.ve\/public\/wp-content\/uploads\/2026\/02\/s3.jpg 800w, https:\/\/deportesdigital.com.ve\/public\/wp-content\/uploads\/2026\/02\/s3-300x169.jpg 300w, https:\/\/deportesdigital.com.ve\/public\/wp-content\/uploads\/2026\/02\/s3-768x433.jpg 768w, https:\/\/deportesdigital.com.ve\/public\/wp-content\/uploads\/2026\/02\/s3-730x412.jpg 730w, https:\/\/deportesdigital.com.ve\/public\/wp-content\/uploads\/2026\/02\/s3-435x245.jpg 435w\" sizes=\"auto, (max-width: 800px) 100vw, 800px\" \/><\/p>\n<p><strong>Sub 12 (CEPAF Campe\u00f3n):<\/strong> Lograron el t\u00edtulo tras vencer 2-1 a DM12. <strong>Esteban Castillo<\/strong> fue nombrado <strong>MVP<\/strong>, mientras que Reinaldo Chirino descont\u00f3 por el subcampe\u00f3n.<\/p>\n<p><img loading=\"lazy\" decoding=\"async\" class=\"size-full wp-image-113272 aligncenter\" src=\"https:\/\/deportesdigital.com.ve\/public\/wp-content\/uploads\/2026\/02\/s27.jpg\" alt=\"\" width=\"800\" height=\"444\" srcset=\"https:\/\/deportesdigital.com.ve\/public\/wp-content\/uploads\/2026\/02\/s27.jpg 800w, https:\/\/deportesdigital.com.ve\/public\/wp-content\/uploads\/2026\/02\/s27-300x167.jpg 300w, https:\/\/deportesdigital.com.ve\/public\/wp-content\/uploads\/2026\/02\/s27-768x426.jpg 768w, https:\/\/deportesdigital.com.ve\/public\/wp-content\/uploads\/2026\/02\/s27-730x405.jpg 730w, https:\/\/deportesdigital.com.ve\/public\/wp-content\/uploads\/2026\/02\/s27-435x241.jpg 435w\" sizes=\"auto, (max-width: 800px) 100vw, 800px\" \/><\/p>\n<p><img loading=\"lazy\" decoding=\"async\" class=\"wp-image-113274 aligncenter\" src=\"https:\/\/deportesdigital.com.ve\/public\/wp-content\/uploads\/2026\/02\/s25.jpg\" alt=\"\" width=\"518\" height=\"549\" srcset=\"https:\/\/deportesdigital.com.ve\/public\/wp-content\/uploads\/2026\/02\/s25.jpg 800w, https:\/\/deportesdigital.com.ve\/public\/wp-content\/uploads\/2026\/02\/s25-283x300.jpg 283w, https:\/\/deportesdigital.com.ve\/public\/wp-content\/uploads\/2026\/02\/s25-768x814.jpg 768w, https:\/\/deportesdigital.com.ve\/public\/wp-content\/uploads\/2026\/02\/s25-730x774.jpg 730w, https:\/\/deportesdigital.com.ve\/public\/wp-content\/uploads\/2026\/02\/s25-435x461.jpg 435w\" sizes=\"auto, (max-width: 518px) 100vw, 518px\" \/> <img loading=\"lazy\" decoding=\"async\" class=\"size-full wp-image-113273 aligncenter\" src=\"https:\/\/deportesdigital.com.ve\/public\/wp-content\/uploads\/2026\/02\/s26.jpg\" alt=\"\" width=\"800\" height=\"398\" srcset=\"https:\/\/deportesdigital.com.ve\/public\/wp-content\/uploads\/2026\/02\/s26.jpg 800w, https:\/\/deportesdigital.com.ve\/public\/wp-content\/uploads\/2026\/02\/s26-300x149.jpg 300w, https:\/\/deportesdigital.com.ve\/public\/wp-content\/uploads\/2026\/02\/s26-768x382.jpg 768w, https:\/\/deportesdigital.com.ve\/public\/wp-content\/uploads\/2026\/02\/s26-730x363.jpg 730w, https:\/\/deportesdigital.com.ve\/public\/wp-content\/uploads\/2026\/02\/s26-435x216.jpg 435w\" sizes=\"auto, (max-width: 800px) 100vw, 800px\" \/><\/p>\n<p><strong>Sub 10 (CEPAF Campe\u00f3n):<\/strong> Segundo lauro para la organizaci\u00f3n al ganar 3-1 contra Deportivo Coromoto. <strong>Dannibeth P\u00e9rez<\/strong> destac\u00f3 como la jugadora <strong>MVP<\/strong>.<\/p>\n<p><img loading=\"lazy\" decoding=\"async\" class=\"wp-image-113278 aligncenter\" src=\"https:\/\/deportesdigital.com.ve\/public\/wp-content\/uploads\/2026\/02\/s18-1.jpg\" alt=\"\" width=\"566\" height=\"560\" srcset=\"https:\/\/deportesdigital.com.ve\/public\/wp-content\/uploads\/2026\/02\/s18-1.jpg 800w, https:\/\/deportesdigital.com.ve\/public\/wp-content\/uploads\/2026\/02\/s18-1-300x297.jpg 300w, https:\/\/deportesdigital.com.ve\/public\/wp-content\/uploads\/2026\/02\/s18-1-768x759.jpg 768w, https:\/\/deportesdigital.com.ve\/public\/wp-content\/uploads\/2026\/02\/s18-1-730x722.jpg 730w, https:\/\/deportesdigital.com.ve\/public\/wp-content\/uploads\/2026\/02\/s18-1-435x430.jpg 435w\" sizes=\"auto, (max-width: 566px) 100vw, 566px\" \/><\/p>\n<p><strong><img loading=\"lazy\" decoding=\"async\" class=\"alignnone size-full wp-image-113281\" src=\"https:\/\/deportesdigital.com.ve\/public\/wp-content\/uploads\/2026\/02\/s28.jpg\" alt=\"\" width=\"1920\" height=\"1134\" srcset=\"https:\/\/deportesdigital.com.ve\/public\/wp-content\/uploads\/2026\/02\/s28.jpg 1920w, https:\/\/deportesdigital.com.ve\/public\/wp-content\/uploads\/2026\/02\/s28-300x177.jpg 300w, https:\/\/deportesdigital.com.ve\/public\/wp-content\/uploads\/2026\/02\/s28-1024x605.jpg 1024w, https:\/\/deportesdigital.com.ve\/public\/wp-content\/uploads\/2026\/02\/s28-768x454.jpg 768w, https:\/\/deportesdigital.com.ve\/public\/wp-content\/uploads\/2026\/02\/s28-1536x907.jpg 1536w, https:\/\/deportesdigital.com.ve\/public\/wp-content\/uploads\/2026\/02\/s28-730x431.jpg 730w, https:\/\/deportesdigital.com.ve\/public\/wp-content\/uploads\/2026\/02\/s28-435x257.jpg 435w\" sizes=\"auto, (max-width: 1920px) 100vw, 1920px\" \/>Sub 8 (CEPAF Campe\u00f3n):<\/strong> La jornada cerr\u00f3 con broche de oro para CEPAF con una goleada 3-0.<\/p>\n<p><img loading=\"lazy\" decoding=\"async\" class=\"size-full wp-image-113285 aligncenter\" src=\"https:\/\/deportesdigital.com.ve\/public\/wp-content\/uploads\/2026\/02\/s20.jpg\" alt=\"\" width=\"800\" height=\"537\" srcset=\"https:\/\/deportesdigital.com.ve\/public\/wp-content\/uploads\/2026\/02\/s20.jpg 800w, https:\/\/deportesdigital.com.ve\/public\/wp-content\/uploads\/2026\/02\/s20-300x201.jpg 300w, https:\/\/deportesdigital.com.ve\/public\/wp-content\/uploads\/2026\/02\/s20-768x516.jpg 768w, https:\/\/deportesdigital.com.ve\/public\/wp-content\/uploads\/2026\/02\/s20-730x490.jpg 730w, https:\/\/deportesdigital.com.ve\/public\/wp-content\/uploads\/2026\/02\/s20-435x292.jpg 435w\" sizes=\"auto, (max-width: 800px) 100vw, 800px\" \/><\/p>\n<p>&nbsp;<\/p>\n<p><span style=\"font-family: 'Arial','sans-serif';\"><img loading=\"lazy\" decoding=\"async\" class=\"alignnone  wp-image-113283\" src=\"https:\/\/deportesdigital.com.ve\/public\/wp-content\/uploads\/2026\/02\/s23.jpg\" alt=\"\" width=\"414\" height=\"382\" srcset=\"https:\/\/deportesdigital.com.ve\/public\/wp-content\/uploads\/2026\/02\/s23.jpg 800w, https:\/\/deportesdigital.com.ve\/public\/wp-content\/uploads\/2026\/02\/s23-300x277.jpg 300w, https:\/\/deportesdigital.com.ve\/public\/wp-content\/uploads\/2026\/02\/s23-768x709.jpg 768w, https:\/\/deportesdigital.com.ve\/public\/wp-content\/uploads\/2026\/02\/s23-730x674.jpg 730w, https:\/\/deportesdigital.com.ve\/public\/wp-content\/uploads\/2026\/02\/s23-435x402.jpg 435w\" sizes=\"auto, (max-width: 414px) 100vw, 414px\" \/> <img loading=\"lazy\" decoding=\"async\" class=\"alignnone  wp-image-113282\" src=\"https:\/\/deportesdigital.com.ve\/public\/wp-content\/uploads\/2026\/02\/s24.jpg\" alt=\"\" width=\"366\" height=\"400\" srcset=\"https:\/\/deportesdigital.com.ve\/public\/wp-content\/uploads\/2026\/02\/s24.jpg 800w, https:\/\/deportesdigital.com.ve\/public\/wp-content\/uploads\/2026\/02\/s24-275x300.jpg 275w, https:\/\/deportesdigital.com.ve\/public\/wp-content\/uploads\/2026\/02\/s24-768x839.jpg 768w, https:\/\/deportesdigital.com.ve\/public\/wp-content\/uploads\/2026\/02\/s24-730x798.jpg 730w, https:\/\/deportesdigital.com.ve\/public\/wp-content\/uploads\/2026\/02\/s24-435x475.jpg 435w\" sizes=\"auto, (max-width: 366px) 100vw, 366px\" \/>Los peque\u00f1os <strong>Mateo Viloria del equipo Cepaf<\/strong> y <b>Isaac Pulido de la divisa Deportivo Coromoto<\/b> compartieron los honores como el <b>MVP <\/b>de la final.<\/span><\/p>\n<p><img loading=\"lazy\" decoding=\"async\" class=\"size-full wp-image-113284 aligncenter\" src=\"https:\/\/deportesdigital.com.ve\/public\/wp-content\/uploads\/2026\/02\/s22.jpg\" alt=\"\" width=\"800\" height=\"669\" srcset=\"https:\/\/deportesdigital.com.ve\/public\/wp-content\/uploads\/2026\/02\/s22.jpg 800w, https:\/\/deportesdigital.com.ve\/public\/wp-content\/uploads\/2026\/02\/s22-300x251.jpg 300w, https:\/\/deportesdigital.com.ve\/public\/wp-content\/uploads\/2026\/02\/s22-768x642.jpg 768w, https:\/\/deportesdigital.com.ve\/public\/wp-content\/uploads\/2026\/02\/s22-730x610.jpg 730w, https:\/\/deportesdigital.com.ve\/public\/wp-content\/uploads\/2026\/02\/s22-435x364.jpg 435w\" sizes=\"auto, (max-width: 800px) 100vw, 800px\" \/><\/p>\n<p><strong>Reconocimiento al Esfuerzo Deportivo<\/strong><\/p>\n<p>La ceremonia de premiaci\u00f3n cont\u00f3 con la presencia de <strong>Alex Ayala<\/strong> (Presidente del IMDEP), <strong>Jos\u00e9 David Fern\u00e1ndez<\/strong> y <strong>\u00c1ngel Mele\u00e1n<\/strong> (Fundaci\u00f3n Deportiva Coromoto), y <strong>Janni Osorio<\/strong> (Club Deportivo Popular).<\/p>\n<p><img loading=\"lazy\" decoding=\"async\" class=\"alignnone size-full wp-image-113253\" src=\"https:\/\/deportesdigital.com.ve\/public\/wp-content\/uploads\/2026\/02\/s8.jpg\" alt=\"\" width=\"800\" height=\"575\" srcset=\"https:\/\/deportesdigital.com.ve\/public\/wp-content\/uploads\/2026\/02\/s8.jpg 800w, https:\/\/deportesdigital.com.ve\/public\/wp-content\/uploads\/2026\/02\/s8-300x216.jpg 300w, https:\/\/deportesdigital.com.ve\/public\/wp-content\/uploads\/2026\/02\/s8-768x552.jpg 768w, https:\/\/deportesdigital.com.ve\/public\/wp-content\/uploads\/2026\/02\/s8-730x525.jpg 730w, https:\/\/deportesdigital.com.ve\/public\/wp-content\/uploads\/2026\/02\/s8-435x313.jpg 435w\" sizes=\"auto, (max-width: 800px) 100vw, 800px\" \/> <img loading=\"lazy\" decoding=\"async\" class=\"alignnone size-full wp-image-113247\" src=\"https:\/\/deportesdigital.com.ve\/public\/wp-content\/uploads\/2026\/02\/s14.jpg\" alt=\"\" width=\"800\" height=\"430\" srcset=\"https:\/\/deportesdigital.com.ve\/public\/wp-content\/uploads\/2026\/02\/s14.jpg 800w, https:\/\/deportesdigital.com.ve\/public\/wp-content\/uploads\/2026\/02\/s14-300x161.jpg 300w, https:\/\/deportesdigital.com.ve\/public\/wp-content\/uploads\/2026\/02\/s14-768x413.jpg 768w, https:\/\/deportesdigital.com.ve\/public\/wp-content\/uploads\/2026\/02\/s14-730x392.jpg 730w, https:\/\/deportesdigital.com.ve\/public\/wp-content\/uploads\/2026\/02\/s14-435x234.jpg 435w\" sizes=\"auto, (max-width: 800px) 100vw, 800px\" \/><\/p>\n<p><em>\u00abEstamos muy complacidos con la actividad. El nivel t\u00e9cnico del f\u00fatbol en San Francisco est\u00e1 a buen nivel, pero hay que seguir trabajando para fortalecer la disciplina y ser una fuerza deportiva en el futuro\u00bb<\/em> destac\u00f3 <strong>Alex Ayala<\/strong>.<\/p>\n<p>Por su parte, <strong>Jos\u00e9 David Fern\u00e1ndez<\/strong> envi\u00f3 un mensaje de motivaci\u00f3n a los j\u00f3venes: <em>\u00abFelicito a todos los equipos; el \u00e9xito es de ustedes y de sus entrenadores. Sigan trabajando por ese sue\u00f1o de ser buenos futbolistas\u00bb<\/em>.<\/p>\n<p><img loading=\"lazy\" decoding=\"async\" class=\"size-full wp-image-113265 aligncenter\" src=\"https:\/\/deportesdigital.com.ve\/public\/wp-content\/uploads\/2026\/02\/sf5.jpg\" alt=\"\" width=\"800\" height=\"843\" srcset=\"https:\/\/deportesdigital.com.ve\/public\/wp-content\/uploads\/2026\/02\/sf5.jpg 800w, https:\/\/deportesdigital.com.ve\/public\/wp-content\/uploads\/2026\/02\/sf5-285x300.jpg 285w, https:\/\/deportesdigital.com.ve\/public\/wp-content\/uploads\/2026\/02\/sf5-768x809.jpg 768w, https:\/\/deportesdigital.com.ve\/public\/wp-content\/uploads\/2026\/02\/sf5-730x769.jpg 730w, https:\/\/deportesdigital.com.ve\/public\/wp-content\/uploads\/2026\/02\/sf5-435x458.jpg 435w\" sizes=\"auto, (max-width: 800px) 100vw, 800px\" \/><\/p>\n<p>La Copa D\u00eda de la Juventud reafirma a San Francisco como un basti\u00f3n del deporte base en la regi\u00f3n, uniendo a la comunidad a trav\u00e9s del f\u00fatbol y la sana competencia.<\/p>\n<p><strong><em>Sigue esta y otras #Noticias ingresando a nuestras plataformas digitales Deportes Digital, en Instagram, Facebook, Twitter, y en nuestros grupos de Whatsapp y Telegram.<\/em><\/strong><\/p>\n<p><img loading=\"lazy\" decoding=\"async\" class=\"alignnone size-full wp-image-113270\" src=\"https:\/\/deportesdigital.com.ve\/public\/wp-content\/uploads\/2026\/02\/sf10.jpg\" alt=\"\" width=\"800\" height=\"487\" srcset=\"https:\/\/deportesdigital.com.ve\/public\/wp-content\/uploads\/2026\/02\/sf10.jpg 800w, https:\/\/deportesdigital.com.ve\/public\/wp-content\/uploads\/2026\/02\/sf10-300x183.jpg 300w, https:\/\/deportesdigital.com.ve\/public\/wp-content\/uploads\/2026\/02\/sf10-768x468.jpg 768w, https:\/\/deportesdigital.com.ve\/public\/wp-content\/uploads\/2026\/02\/sf10-730x444.jpg 730w, https:\/\/deportesdigital.com.ve\/public\/wp-content\/uploads\/2026\/02\/sf10-435x265.jpg 435w\" sizes=\"auto, (max-width: 800px) 100vw, 800px\" \/> <img loading=\"lazy\" decoding=\"async\" class=\"alignnone size-full wp-image-113269\" src=\"https:\/\/deportesdigital.com.ve\/public\/wp-content\/uploads\/2026\/02\/sf9.jpg\" alt=\"\" width=\"800\" height=\"546\" srcset=\"https:\/\/deportesdigital.com.ve\/public\/wp-content\/uploads\/2026\/02\/sf9.jpg 800w, https:\/\/deportesdigital.com.ve\/public\/wp-content\/uploads\/2026\/02\/sf9-300x205.jpg 300w, https:\/\/deportesdigital.com.ve\/public\/wp-content\/uploads\/2026\/02\/sf9-768x524.jpg 768w, https:\/\/deportesdigital.com.ve\/public\/wp-content\/uploads\/2026\/02\/sf9-730x498.jpg 730w, https:\/\/deportesdigital.com.ve\/public\/wp-content\/uploads\/2026\/02\/sf9-435x297.jpg 435w\" sizes=\"auto, (max-width: 800px) 100vw, 800px\" \/> <img loading=\"lazy\" decoding=\"async\" class=\"alignnone size-full wp-image-113268\" src=\"https:\/\/deportesdigital.com.ve\/public\/wp-content\/uploads\/2026\/02\/sf8.jpg\" alt=\"\" width=\"800\" height=\"675\" srcset=\"https:\/\/deportesdigital.com.ve\/public\/wp-content\/uploads\/2026\/02\/sf8.jpg 800w, https:\/\/deportesdigital.com.ve\/public\/wp-content\/uploads\/2026\/02\/sf8-300x253.jpg 300w, https:\/\/deportesdigital.com.ve\/public\/wp-content\/uploads\/2026\/02\/sf8-768x648.jpg 768w, https:\/\/deportesdigital.com.ve\/public\/wp-content\/uploads\/2026\/02\/sf8-730x616.jpg 730w, https:\/\/deportesdigital.com.ve\/public\/wp-content\/uploads\/2026\/02\/sf8-435x367.jpg 435w\" sizes=\"auto, (max-width: 800px) 100vw, 800px\" \/> <img loading=\"lazy\" decoding=\"async\" class=\"alignnone size-full wp-image-113262\" src=\"https:\/\/deportesdigital.com.ve\/public\/wp-content\/uploads\/2026\/02\/sf2.jpg\" alt=\"\" width=\"800\" height=\"567\" srcset=\"https:\/\/deportesdigital.com.ve\/public\/wp-content\/uploads\/2026\/02\/sf2.jpg 800w, https:\/\/deportesdigital.com.ve\/public\/wp-content\/uploads\/2026\/02\/sf2-300x213.jpg 300w, https:\/\/deportesdigital.com.ve\/public\/wp-content\/uploads\/2026\/02\/sf2-768x544.jpg 768w, https:\/\/deportesdigital.com.ve\/public\/wp-content\/uploads\/2026\/02\/sf2-730x517.jpg 730w, https:\/\/deportesdigital.com.ve\/public\/wp-content\/uploads\/2026\/02\/sf2-435x308.jpg 435w\" sizes=\"auto, (max-width: 800px) 100vw, 800px\" \/> <img loading=\"lazy\" decoding=\"async\" class=\"alignnone size-full wp-image-113263\" src=\"https:\/\/deportesdigital.com.ve\/public\/wp-content\/uploads\/2026\/02\/sf3.jpg\" alt=\"\" width=\"800\" height=\"754\" srcset=\"https:\/\/deportesdigital.com.ve\/public\/wp-content\/uploads\/2026\/02\/sf3.jpg 800w, https:\/\/deportesdigital.com.ve\/public\/wp-content\/uploads\/2026\/02\/sf3-300x283.jpg 300w, https:\/\/deportesdigital.com.ve\/public\/wp-content\/uploads\/2026\/02\/sf3-768x724.jpg 768w, https:\/\/deportesdigital.com.ve\/public\/wp-content\/uploads\/2026\/02\/sf3-730x688.jpg 730w, https:\/\/deportesdigital.com.ve\/public\/wp-content\/uploads\/2026\/02\/sf3-435x410.jpg 435w\" sizes=\"auto, (max-width: 800px) 100vw, 800px\" \/> <img loading=\"lazy\" decoding=\"async\" class=\"alignnone size-full wp-image-113264\" src=\"https:\/\/deportesdigital.com.ve\/public\/wp-content\/uploads\/2026\/02\/sf4.jpg\" alt=\"\" width=\"800\" height=\"890\" srcset=\"https:\/\/deportesdigital.com.ve\/public\/wp-content\/uploads\/2026\/02\/sf4.jpg 800w, https:\/\/deportesdigital.com.ve\/public\/wp-content\/uploads\/2026\/02\/sf4-270x300.jpg 270w, https:\/\/deportesdigital.com.ve\/public\/wp-content\/uploads\/2026\/02\/sf4-768x854.jpg 768w, https:\/\/deportesdigital.com.ve\/public\/wp-content\/uploads\/2026\/02\/sf4-730x812.jpg 730w, https:\/\/deportesdigital.com.ve\/public\/wp-content\/uploads\/2026\/02\/sf4-435x484.jpg 435w\" sizes=\"auto, (max-width: 800px) 100vw, 800px\" \/> <img loading=\"lazy\" decoding=\"async\" class=\"alignnone size-full wp-image-113265\" src=\"https:\/\/deportesdigital.com.ve\/public\/wp-content\/uploads\/2026\/02\/sf5.jpg\" alt=\"\" width=\"800\" height=\"843\" srcset=\"https:\/\/deportesdigital.com.ve\/public\/wp-content\/uploads\/2026\/02\/sf5.jpg 800w, https:\/\/deportesdigital.com.ve\/public\/wp-content\/uploads\/2026\/02\/sf5-285x300.jpg 285w, https:\/\/deportesdigital.com.ve\/public\/wp-content\/uploads\/2026\/02\/sf5-768x809.jpg 768w, https:\/\/deportesdigital.com.ve\/public\/wp-content\/uploads\/2026\/02\/sf5-730x769.jpg 730w, https:\/\/deportesdigital.com.ve\/public\/wp-content\/uploads\/2026\/02\/sf5-435x458.jpg 435w\" sizes=\"auto, (max-width: 800px) 100vw, 800px\" \/> <img loading=\"lazy\" decoding=\"async\" class=\"alignnone size-full wp-image-113266\" src=\"https:\/\/deportesdigital.com.ve\/public\/wp-content\/uploads\/2026\/02\/sf6.jpg\" alt=\"\" width=\"800\" height=\"550\" srcset=\"https:\/\/deportesdigital.com.ve\/public\/wp-content\/uploads\/2026\/02\/sf6.jpg 800w, https:\/\/deportesdigital.com.ve\/public\/wp-content\/uploads\/2026\/02\/sf6-300x206.jpg 300w, https:\/\/deportesdigital.com.ve\/public\/wp-content\/uploads\/2026\/02\/sf6-768x528.jpg 768w, https:\/\/deportesdigital.com.ve\/public\/wp-content\/uploads\/2026\/02\/sf6-730x502.jpg 730w, https:\/\/deportesdigital.com.ve\/public\/wp-content\/uploads\/2026\/02\/sf6-435x299.jpg 435w\" sizes=\"auto, (max-width: 800px) 100vw, 800px\" \/> <img loading=\"lazy\" decoding=\"async\" class=\"alignnone size-full wp-image-113267\" src=\"https:\/\/deportesdigital.com.ve\/public\/wp-content\/uploads\/2026\/02\/sf7.jpg\" alt=\"\" width=\"800\" height=\"703\" srcset=\"https:\/\/deportesdigital.com.ve\/public\/wp-content\/uploads\/2026\/02\/sf7.jpg 800w, https:\/\/deportesdigital.com.ve\/public\/wp-content\/uploads\/2026\/02\/sf7-300x264.jpg 300w, https:\/\/deportesdigital.com.ve\/public\/wp-content\/uploads\/2026\/02\/sf7-768x675.jpg 768w, https:\/\/deportesdigital.com.ve\/public\/wp-content\/uploads\/2026\/02\/sf7-730x641.jpg 730w, https:\/\/deportesdigital.com.ve\/public\/wp-content\/uploads\/2026\/02\/sf7-435x382.jpg 435w\" sizes=\"auto, (max-width: 800px) 100vw, 800px\" \/><img loading=\"lazy\" decoding=\"async\" class=\"alignnone size-full wp-image-113286\" src=\"https:\/\/deportesdigital.com.ve\/public\/wp-content\/uploads\/2026\/02\/sf11.jpg\" alt=\"\" width=\"800\" height=\"635\" srcset=\"https:\/\/deportesdigital.com.ve\/public\/wp-content\/uploads\/2026\/02\/sf11.jpg 800w, https:\/\/deportesdigital.com.ve\/public\/wp-content\/uploads\/2026\/02\/sf11-300x238.jpg 300w, https:\/\/deportesdigital.com.ve\/public\/wp-content\/uploads\/2026\/02\/sf11-768x610.jpg 768w, https:\/\/deportesdigital.com.ve\/public\/wp-content\/uploads\/2026\/02\/sf11-730x579.jpg 730w, https:\/\/deportesdigital.com.ve\/public\/wp-content\/uploads\/2026\/02\/sf11-435x345.jpg 435w\" sizes=\"auto, (max-width: 800px) 100vw, 800px\" \/><\/p>\n","protected":false},"excerpt":{"rendered":"<p>La calidad t\u00e9cnica qued\u00f3 demostrada en cada encuentro con victoria para las organizaciones Complejo Educativo Profesor Adelis Fusil (CEPAF) , Deportivo Coromoto, Deportico Popular, FC Oleary, alzando la copa de [&hellip;]<\/p>\n","protected":false},"author":1,"featured_media":113287,"comment_status":"open","ping_status":"closed","sticky":false,"template":"","format":"standard","meta":{"footnotes":""},"categories":[3],"tags":[],"class_list":["post-113245","post","type-post","status-publish","format-standard","has-post-thumbnail","hentry","category-futbol","clearfix"],"_links":{"self":[{"href":"https:\/\/deportesdigital.com.ve\/public\/wp-json\/wp\/v2\/posts\/113245","targetHints":{"allow":["GET"]}}],"collection":[{"href":"https:\/\/deportesdigital.com.ve\/public\/wp-json\/wp\/v2\/posts"}],"about":[{"href":"https:\/\/deportesdigital.com.ve\/public\/wp-json\/wp\/v2\/types\/post"}],"author":[{"embeddable":true,"href":"https:\/\/deportesdigital.com.ve\/public\/wp-json\/wp\/v2\/users\/1"}],"replies":[{"embeddable":true,"href":"https:\/\/deportesdigital.com.ve\/public\/wp-json\/wp\/v2\/comments?post=113245"}],"version-history":[{"count":1,"href":"https:\/\/deportesdigital.com.ve\/public\/wp-json\/wp\/v2\/posts\/113245\/revisions"}],"predecessor-version":[{"id":113288,"href":"https:\/\/deportesdigital.com.ve\/public\/wp-json\/wp\/v2\/posts\/113245\/revisions\/113288"}],"wp:featuredmedia":[{"embeddable":true,"href":"https:\/\/deportesdigital.com.ve\/public\/wp-json\/wp\/v2\/media\/113287"}],"wp:attachment":[{"href":"https:\/\/deportesdigital.com.ve\/public\/wp-json\/wp\/v2\/media?parent=113245"}],"wp:term":[{"taxonomy":"category","embeddable":true,"href":"https:\/\/deportesdigital.com.ve\/public\/wp-json\/wp\/v2\/categories?post=113245"},{"taxonomy":"post_tag","embeddable":true,"href":"https:\/\/deportesdigital.com.ve\/public\/wp-json\/wp\/v2\/tags?post=113245"}],"curies":[{"name":"wp","href":"https:\/\/api.w.org\/{rel}","templated":true}]}}