{"id":113204,"date":"2026-02-15T23:45:12","date_gmt":"2026-02-16T03:45:12","guid":{"rendered":"https:\/\/deportesdigital.com.ve\/public\/?p=113204"},"modified":"2026-02-15T23:45:12","modified_gmt":"2026-02-16T03:45:12","slug":"san-francisco-define-a-sus-campeones-en-el-torneo-de-futbol-8-dia-de-la-juventud","status":"publish","type":"post","link":"https:\/\/deportesdigital.com.ve\/public\/san-francisco-define-a-sus-campeones-en-el-torneo-de-futbol-8-dia-de-la-juventud\/","title":{"rendered":"San Francisco define a sus campeones en el Torneo de F\u00fatbol 8 \u00abD\u00eda de la Juventud\u00bb"},"content":{"rendered":"<p><em><strong>Este lunes se estar\u00e1n jugando las semifinales y finales del torneo de f\u00fatbol menor.<\/strong><\/em><\/p>\n<hr \/>\n<p data-path-to-node=\"3\"><b>Jose Gil Deportes Digital\/Maracaibo:\u00a0<\/b> La emoci\u00f3n del balompi\u00e9 menor llega a su punto m\u00e1ximo. Tras una intensa fase eliminatoria que culmin\u00f3 este domingo, la <strong data-path-to-node=\"3\" data-index-in-node=\"143\">Cancha La Coromoto<\/strong> se prepara para recibir este lunes 16 de febrero las semifinales y finales del Torneo de F\u00fatbol 8 \u00abD\u00eda de la Juventud\u00bb.<\/p>\n<p data-path-to-node=\"3\"><img loading=\"lazy\" decoding=\"async\" class=\"size-full wp-image-113219 aligncenter\" src=\"https:\/\/deportesdigital.com.ve\/public\/wp-content\/uploads\/2026\/02\/c10.jpg\" alt=\"\" width=\"800\" height=\"659\" srcset=\"https:\/\/deportesdigital.com.ve\/public\/wp-content\/uploads\/2026\/02\/c10.jpg 800w, https:\/\/deportesdigital.com.ve\/public\/wp-content\/uploads\/2026\/02\/c10-300x247.jpg 300w, https:\/\/deportesdigital.com.ve\/public\/wp-content\/uploads\/2026\/02\/c10-768x633.jpg 768w, https:\/\/deportesdigital.com.ve\/public\/wp-content\/uploads\/2026\/02\/c10-730x601.jpg 730w, https:\/\/deportesdigital.com.ve\/public\/wp-content\/uploads\/2026\/02\/c10-435x358.jpg 435w\" sizes=\"auto, (max-width: 800px) 100vw, 800px\" \/><\/p>\n<p data-path-to-node=\"4\">El evento, organizado por la <strong data-path-to-node=\"4\" data-index-in-node=\"29\">Fundaci\u00f3n Deportiva Coromoto<\/strong> con el respaldo del <strong data-path-to-node=\"4\" data-index-in-node=\"78\">IMDEP (Instituto Municipal de Deportes y Recreaci\u00f3n de San Francisco)<\/strong>, ha sido una vitrina de talento para el desarrollo y la masificaci\u00f3n del f\u00fatbol en la regi\u00f3n.<\/p>\n<p data-path-to-node=\"4\"><img loading=\"lazy\" decoding=\"async\" class=\"size-full wp-image-113223 aligncenter\" src=\"https:\/\/deportesdigital.com.ve\/public\/wp-content\/uploads\/2026\/02\/c14.jpg\" alt=\"\" width=\"800\" height=\"477\" srcset=\"https:\/\/deportesdigital.com.ve\/public\/wp-content\/uploads\/2026\/02\/c14.jpg 800w, https:\/\/deportesdigital.com.ve\/public\/wp-content\/uploads\/2026\/02\/c14-300x179.jpg 300w, https:\/\/deportesdigital.com.ve\/public\/wp-content\/uploads\/2026\/02\/c14-768x458.jpg 768w, https:\/\/deportesdigital.com.ve\/public\/wp-content\/uploads\/2026\/02\/c14-730x435.jpg 730w, https:\/\/deportesdigital.com.ve\/public\/wp-content\/uploads\/2026\/02\/c14-435x259.jpg 435w\" sizes=\"auto, (max-width: 800px) 100vw, 800px\" \/><\/p>\n<h3 data-path-to-node=\"5\">Cifras de un torneo de altura<\/h3>\n<p><img loading=\"lazy\" decoding=\"async\" class=\" wp-image-113211 aligncenter\" src=\"https:\/\/deportesdigital.com.ve\/public\/wp-content\/uploads\/2026\/02\/c2-1.jpg\" alt=\"\" width=\"632\" height=\"697\" srcset=\"https:\/\/deportesdigital.com.ve\/public\/wp-content\/uploads\/2026\/02\/c2-1.jpg 800w, https:\/\/deportesdigital.com.ve\/public\/wp-content\/uploads\/2026\/02\/c2-1-272x300.jpg 272w, https:\/\/deportesdigital.com.ve\/public\/wp-content\/uploads\/2026\/02\/c2-1-768x847.jpg 768w, https:\/\/deportesdigital.com.ve\/public\/wp-content\/uploads\/2026\/02\/c2-1-730x805.jpg 730w, https:\/\/deportesdigital.com.ve\/public\/wp-content\/uploads\/2026\/02\/c2-1-435x480.jpg 435w\" sizes=\"auto, (max-width: 632px) 100vw, 632px\" \/><\/p>\n<p data-path-to-node=\"6\">Freddy Fern\u00e1ndez, coordinador general del evento, destac\u00f3 el \u00e9xito de esta edici\u00f3n que se desarroll\u00f3 del 12 al 16 de febrero:<\/p>\n<p data-path-to-node=\"6\"><img loading=\"lazy\" decoding=\"async\" class=\" wp-image-113221 aligncenter\" src=\"https:\/\/deportesdigital.com.ve\/public\/wp-content\/uploads\/2026\/02\/c12.jpg\" alt=\"\" width=\"560\" height=\"465\" srcset=\"https:\/\/deportesdigital.com.ve\/public\/wp-content\/uploads\/2026\/02\/c12.jpg 800w, https:\/\/deportesdigital.com.ve\/public\/wp-content\/uploads\/2026\/02\/c12-300x249.jpg 300w, https:\/\/deportesdigital.com.ve\/public\/wp-content\/uploads\/2026\/02\/c12-768x637.jpg 768w, https:\/\/deportesdigital.com.ve\/public\/wp-content\/uploads\/2026\/02\/c12-730x606.jpg 730w, https:\/\/deportesdigital.com.ve\/public\/wp-content\/uploads\/2026\/02\/c12-435x361.jpg 435w\" sizes=\"auto, (max-width: 560px) 100vw, 560px\" \/><\/p>\n<ul>\n<li data-path-to-node=\"7,0,0\"><strong data-path-to-node=\"7,0,0\" data-index-in-node=\"0\">Participantes:<\/strong> Aproximadamente 400 jugadores.<\/li>\n<li data-path-to-node=\"7,1,0\"><strong data-path-to-node=\"7,1,0\" data-index-in-node=\"0\">Equipos:<\/strong> 31 escuadras de 8 clubes en acci\u00f3n.<\/li>\n<li data-path-to-node=\"7,2,0\"><strong data-path-to-node=\"7,2,0\" data-index-in-node=\"0\">Categor\u00edas:<\/strong> Desde la Sub-8 hasta la Sub-18.<\/li>\n<li data-path-to-node=\"7,3,0\"><strong data-path-to-node=\"7,3,0\" data-index-in-node=\"0\">Clubes Invitados:<\/strong> Santa Rita, FC O&#8217;Leary, Jes\u00fas Enrique Lossada, CEPAF y representantes de Maracaibo.<\/li>\n<\/ul>\n<p><img loading=\"lazy\" decoding=\"async\" class=\" wp-image-113210 aligncenter\" src=\"https:\/\/deportesdigital.com.ve\/public\/wp-content\/uploads\/2026\/02\/c1-1.jpg\" alt=\"\" width=\"636\" height=\"665\" srcset=\"https:\/\/deportesdigital.com.ve\/public\/wp-content\/uploads\/2026\/02\/c1-1.jpg 800w, https:\/\/deportesdigital.com.ve\/public\/wp-content\/uploads\/2026\/02\/c1-1-287x300.jpg 287w, https:\/\/deportesdigital.com.ve\/public\/wp-content\/uploads\/2026\/02\/c1-1-768x804.jpg 768w, https:\/\/deportesdigital.com.ve\/public\/wp-content\/uploads\/2026\/02\/c1-1-730x764.jpg 730w, https:\/\/deportesdigital.com.ve\/public\/wp-content\/uploads\/2026\/02\/c1-1-435x455.jpg 435w\" sizes=\"auto, (max-width: 636px) 100vw, 636px\" \/><\/p>\n<h3 data-path-to-node=\"8\">Domingo de definiciones<\/h3>\n<p><img loading=\"lazy\" decoding=\"async\" class=\"wp-image-113214 aligncenter\" src=\"https:\/\/deportesdigital.com.ve\/public\/wp-content\/uploads\/2026\/02\/c5-1.jpg\" alt=\"\" width=\"607\" height=\"629\" srcset=\"https:\/\/deportesdigital.com.ve\/public\/wp-content\/uploads\/2026\/02\/c5-1.jpg 800w, https:\/\/deportesdigital.com.ve\/public\/wp-content\/uploads\/2026\/02\/c5-1-290x300.jpg 290w, https:\/\/deportesdigital.com.ve\/public\/wp-content\/uploads\/2026\/02\/c5-1-768x796.jpg 768w, https:\/\/deportesdigital.com.ve\/public\/wp-content\/uploads\/2026\/02\/c5-1-730x756.jpg 730w, https:\/\/deportesdigital.com.ve\/public\/wp-content\/uploads\/2026\/02\/c5-1-435x451.jpg 435w\" sizes=\"auto, (max-width: 607px) 100vw, 607px\" \/><\/p>\n<p>La jornada dominical cerr\u00f3 con 13 encuentros decisivos que definieron el cuadro de honor para la fase final. La alegr\u00eda y la competitividad marcaron el ritmo de una eliminatoria que mostr\u00f3 el alto nivel de las academias locales y for\u00e1neas.<\/p>\n<p><img loading=\"lazy\" decoding=\"async\" class=\"wp-image-113218 aligncenter\" src=\"https:\/\/deportesdigital.com.ve\/public\/wp-content\/uploads\/2026\/02\/c9.jpg\" alt=\"\" width=\"693\" height=\"696\" srcset=\"https:\/\/deportesdigital.com.ve\/public\/wp-content\/uploads\/2026\/02\/c9.jpg 800w, https:\/\/deportesdigital.com.ve\/public\/wp-content\/uploads\/2026\/02\/c9-300x300.jpg 300w, https:\/\/deportesdigital.com.ve\/public\/wp-content\/uploads\/2026\/02\/c9-150x150.jpg 150w, https:\/\/deportesdigital.com.ve\/public\/wp-content\/uploads\/2026\/02\/c9-768x771.jpg 768w, https:\/\/deportesdigital.com.ve\/public\/wp-content\/uploads\/2026\/02\/c9-730x733.jpg 730w, https:\/\/deportesdigital.com.ve\/public\/wp-content\/uploads\/2026\/02\/c9-435x437.jpg 435w\" sizes=\"auto, (max-width: 693px) 100vw, 693px\" \/><\/p>\n<p><img loading=\"lazy\" decoding=\"async\" class=\" wp-image-113205 aligncenter\" src=\"https:\/\/deportesdigital.com.ve\/public\/wp-content\/uploads\/2026\/02\/juve12.jpg\" alt=\"\" width=\"777\" height=\"312\" srcset=\"https:\/\/deportesdigital.com.ve\/public\/wp-content\/uploads\/2026\/02\/juve12.jpg 697w, https:\/\/deportesdigital.com.ve\/public\/wp-content\/uploads\/2026\/02\/juve12-300x121.jpg 300w, https:\/\/deportesdigital.com.ve\/public\/wp-content\/uploads\/2026\/02\/juve12-435x175.jpg 435w\" sizes=\"auto, (max-width: 777px) 100vw, 777px\" \/><\/p>\n<p><img loading=\"lazy\" decoding=\"async\" class=\"wp-image-113213 aligncenter\" src=\"https:\/\/deportesdigital.com.ve\/public\/wp-content\/uploads\/2026\/02\/c4-1.jpg\" alt=\"\" width=\"574\" height=\"497\" srcset=\"https:\/\/deportesdigital.com.ve\/public\/wp-content\/uploads\/2026\/02\/c4-1.jpg 800w, https:\/\/deportesdigital.com.ve\/public\/wp-content\/uploads\/2026\/02\/c4-1-300x260.jpg 300w, https:\/\/deportesdigital.com.ve\/public\/wp-content\/uploads\/2026\/02\/c4-1-768x664.jpg 768w, https:\/\/deportesdigital.com.ve\/public\/wp-content\/uploads\/2026\/02\/c4-1-730x631.jpg 730w, https:\/\/deportesdigital.com.ve\/public\/wp-content\/uploads\/2026\/02\/c4-1-435x376.jpg 435w\" sizes=\"auto, (max-width: 574px) 100vw, 574px\" \/><\/p>\n<p>Asi s ejugara la fase de Semifinales<\/p>\n<p><img loading=\"lazy\" decoding=\"async\" class=\" wp-image-113216 aligncenter\" src=\"https:\/\/deportesdigital.com.ve\/public\/wp-content\/uploads\/2026\/02\/c7.jpg\" alt=\"\" width=\"700\" height=\"693\" srcset=\"https:\/\/deportesdigital.com.ve\/public\/wp-content\/uploads\/2026\/02\/c7.jpg 800w, https:\/\/deportesdigital.com.ve\/public\/wp-content\/uploads\/2026\/02\/c7-300x297.jpg 300w, https:\/\/deportesdigital.com.ve\/public\/wp-content\/uploads\/2026\/02\/c7-150x150.jpg 150w, https:\/\/deportesdigital.com.ve\/public\/wp-content\/uploads\/2026\/02\/c7-768x760.jpg 768w, https:\/\/deportesdigital.com.ve\/public\/wp-content\/uploads\/2026\/02\/c7-730x723.jpg 730w, https:\/\/deportesdigital.com.ve\/public\/wp-content\/uploads\/2026\/02\/c7-435x431.jpg 435w\" sizes=\"auto, (max-width: 700px) 100vw, 700px\" \/><\/p>\n<p><img loading=\"lazy\" decoding=\"async\" class=\" wp-image-113206 aligncenter\" src=\"https:\/\/deportesdigital.com.ve\/public\/wp-content\/uploads\/2026\/02\/juve13.jpg\" alt=\"\" width=\"762\" height=\"224\" srcset=\"https:\/\/deportesdigital.com.ve\/public\/wp-content\/uploads\/2026\/02\/juve13.jpg 701w, https:\/\/deportesdigital.com.ve\/public\/wp-content\/uploads\/2026\/02\/juve13-300x88.jpg 300w, https:\/\/deportesdigital.com.ve\/public\/wp-content\/uploads\/2026\/02\/juve13-435x128.jpg 435w\" sizes=\"auto, (max-width: 762px) 100vw, 762px\" \/><\/p>\n<p>&nbsp;<\/p>\n<p><img loading=\"lazy\" decoding=\"async\" class=\" wp-image-113217 aligncenter\" src=\"https:\/\/deportesdigital.com.ve\/public\/wp-content\/uploads\/2026\/02\/c8.jpg\" alt=\"\" width=\"627\" height=\"537\" srcset=\"https:\/\/deportesdigital.com.ve\/public\/wp-content\/uploads\/2026\/02\/c8.jpg 800w, https:\/\/deportesdigital.com.ve\/public\/wp-content\/uploads\/2026\/02\/c8-300x257.jpg 300w, https:\/\/deportesdigital.com.ve\/public\/wp-content\/uploads\/2026\/02\/c8-768x658.jpg 768w, https:\/\/deportesdigital.com.ve\/public\/wp-content\/uploads\/2026\/02\/c8-730x625.jpg 730w, https:\/\/deportesdigital.com.ve\/public\/wp-content\/uploads\/2026\/02\/c8-435x372.jpg 435w\" sizes=\"auto, (max-width: 627px) 100vw, 627px\" \/>Posiciones<\/p>\n<p><img loading=\"lazy\" decoding=\"async\" class=\"alignnone size-full wp-image-113209\" src=\"https:\/\/deportesdigital.com.ve\/public\/wp-content\/uploads\/2026\/02\/juve16.jpg\" alt=\"\" width=\"625\" height=\"516\" srcset=\"https:\/\/deportesdigital.com.ve\/public\/wp-content\/uploads\/2026\/02\/juve16.jpg 625w, https:\/\/deportesdigital.com.ve\/public\/wp-content\/uploads\/2026\/02\/juve16-300x248.jpg 300w, https:\/\/deportesdigital.com.ve\/public\/wp-content\/uploads\/2026\/02\/juve16-435x359.jpg 435w\" sizes=\"auto, (max-width: 625px) 100vw, 625px\" \/> <img loading=\"lazy\" decoding=\"async\" class=\"alignnone size-full wp-image-113208\" src=\"https:\/\/deportesdigital.com.ve\/public\/wp-content\/uploads\/2026\/02\/juve15.jpg\" alt=\"\" width=\"658\" height=\"567\" srcset=\"https:\/\/deportesdigital.com.ve\/public\/wp-content\/uploads\/2026\/02\/juve15.jpg 658w, https:\/\/deportesdigital.com.ve\/public\/wp-content\/uploads\/2026\/02\/juve15-300x259.jpg 300w, https:\/\/deportesdigital.com.ve\/public\/wp-content\/uploads\/2026\/02\/juve15-435x375.jpg 435w\" sizes=\"auto, (max-width: 658px) 100vw, 658px\" \/> <img loading=\"lazy\" decoding=\"async\" class=\"alignnone size-full wp-image-113207\" src=\"https:\/\/deportesdigital.com.ve\/public\/wp-content\/uploads\/2026\/02\/juve14.jpg\" alt=\"\" width=\"578\" height=\"367\" srcset=\"https:\/\/deportesdigital.com.ve\/public\/wp-content\/uploads\/2026\/02\/juve14.jpg 578w, https:\/\/deportesdigital.com.ve\/public\/wp-content\/uploads\/2026\/02\/juve14-300x190.jpg 300w, https:\/\/deportesdigital.com.ve\/public\/wp-content\/uploads\/2026\/02\/juve14-410x260.jpg 410w, https:\/\/deportesdigital.com.ve\/public\/wp-content\/uploads\/2026\/02\/juve14-435x276.jpg 435w\" sizes=\"auto, (max-width: 578px) 100vw, 578px\" \/><\/p>\n<p>&nbsp;<\/p>\n<p><img loading=\"lazy\" decoding=\"async\" class=\"alignnone size-full wp-image-113224\" src=\"https:\/\/deportesdigital.com.ve\/public\/wp-content\/uploads\/2026\/02\/c15.jpg\" alt=\"\" width=\"800\" height=\"738\" srcset=\"https:\/\/deportesdigital.com.ve\/public\/wp-content\/uploads\/2026\/02\/c15.jpg 800w, https:\/\/deportesdigital.com.ve\/public\/wp-content\/uploads\/2026\/02\/c15-300x277.jpg 300w, https:\/\/deportesdigital.com.ve\/public\/wp-content\/uploads\/2026\/02\/c15-768x708.jpg 768w, https:\/\/deportesdigital.com.ve\/public\/wp-content\/uploads\/2026\/02\/c15-730x673.jpg 730w, https:\/\/deportesdigital.com.ve\/public\/wp-content\/uploads\/2026\/02\/c15-435x401.jpg 435w\" sizes=\"auto, (max-width: 800px) 100vw, 800px\" \/> <img loading=\"lazy\" decoding=\"async\" class=\"alignnone size-full wp-image-113222\" src=\"https:\/\/deportesdigital.com.ve\/public\/wp-content\/uploads\/2026\/02\/c13.jpg\" alt=\"\" width=\"800\" height=\"729\" srcset=\"https:\/\/deportesdigital.com.ve\/public\/wp-content\/uploads\/2026\/02\/c13.jpg 800w, https:\/\/deportesdigital.com.ve\/public\/wp-content\/uploads\/2026\/02\/c13-300x273.jpg 300w, https:\/\/deportesdigital.com.ve\/public\/wp-content\/uploads\/2026\/02\/c13-768x700.jpg 768w, https:\/\/deportesdigital.com.ve\/public\/wp-content\/uploads\/2026\/02\/c13-730x665.jpg 730w, https:\/\/deportesdigital.com.ve\/public\/wp-content\/uploads\/2026\/02\/c13-435x396.jpg 435w\" sizes=\"auto, (max-width: 800px) 100vw, 800px\" \/> <img loading=\"lazy\" decoding=\"async\" class=\"alignnone size-full wp-image-113220\" src=\"https:\/\/deportesdigital.com.ve\/public\/wp-content\/uploads\/2026\/02\/c11.jpg\" alt=\"\" width=\"800\" height=\"728\" srcset=\"https:\/\/deportesdigital.com.ve\/public\/wp-content\/uploads\/2026\/02\/c11.jpg 800w, https:\/\/deportesdigital.com.ve\/public\/wp-content\/uploads\/2026\/02\/c11-300x273.jpg 300w, https:\/\/deportesdigital.com.ve\/public\/wp-content\/uploads\/2026\/02\/c11-768x699.jpg 768w, https:\/\/deportesdigital.com.ve\/public\/wp-content\/uploads\/2026\/02\/c11-730x664.jpg 730w, https:\/\/deportesdigital.com.ve\/public\/wp-content\/uploads\/2026\/02\/c11-435x396.jpg 435w\" sizes=\"auto, (max-width: 800px) 100vw, 800px\" \/> <img loading=\"lazy\" decoding=\"async\" class=\"alignnone size-full wp-image-113215\" src=\"https:\/\/deportesdigital.com.ve\/public\/wp-content\/uploads\/2026\/02\/c6.jpg\" alt=\"\" width=\"800\" height=\"779\" srcset=\"https:\/\/deportesdigital.com.ve\/public\/wp-content\/uploads\/2026\/02\/c6.jpg 800w, https:\/\/deportesdigital.com.ve\/public\/wp-content\/uploads\/2026\/02\/c6-300x292.jpg 300w, https:\/\/deportesdigital.com.ve\/public\/wp-content\/uploads\/2026\/02\/c6-768x748.jpg 768w, https:\/\/deportesdigital.com.ve\/public\/wp-content\/uploads\/2026\/02\/c6-730x711.jpg 730w, https:\/\/deportesdigital.com.ve\/public\/wp-content\/uploads\/2026\/02\/c6-435x424.jpg 435w\" sizes=\"auto, (max-width: 800px) 100vw, 800px\" \/><\/p>\n","protected":false},"excerpt":{"rendered":"<p>Este lunes se estar\u00e1n jugando las semifinales y finales del torneo de f\u00fatbol menor. Jose Gil Deportes Digital\/Maracaibo:\u00a0 La emoci\u00f3n del balompi\u00e9 menor llega a su punto m\u00e1ximo. Tras una [&hellip;]<\/p>\n","protected":false},"author":1,"featured_media":113212,"comment_status":"open","ping_status":"closed","sticky":false,"template":"","format":"standard","meta":{"footnotes":""},"categories":[3],"tags":[],"class_list":["post-113204","post","type-post","status-publish","format-standard","has-post-thumbnail","hentry","category-futbol","clearfix"],"yoast_head":"<!-- This site is optimized with the Yoast SEO plugin v27.8 - https:\/\/yoast.com\/product\/yoast-seo-wordpress\/ -->\n<title>San Francisco define a sus campeones en el Torneo de F\u00fatbol 8 &quot;D\u00eda de la Juventud&quot; - Deportes Digital<\/title>\n<meta name=\"robots\" content=\"index, follow, max-snippet:-1, max-image-preview:large, max-video-preview:-1\" \/>\n<link rel=\"canonical\" href=\"https:\/\/deportesdigital.com.ve\/public\/san-francisco-define-a-sus-campeones-en-el-torneo-de-futbol-8-dia-de-la-juventud\/\" \/>\n<meta property=\"og:locale\" content=\"es_ES\" \/>\n<meta property=\"og:type\" content=\"article\" \/>\n<meta property=\"og:title\" content=\"San Francisco define a sus campeones en el Torneo de F\u00fatbol 8 &quot;D\u00eda de la Juventud&quot; - Deportes Digital\" \/>\n<meta property=\"og:description\" content=\"Este lunes se estar\u00e1n jugando las semifinales y finales del torneo de f\u00fatbol menor. Jose Gil Deportes Digital\/Maracaibo:\u00a0 La emoci\u00f3n del balompi\u00e9 menor llega a su punto m\u00e1ximo. Tras una [&hellip;]\" \/>\n<meta property=\"og:url\" content=\"https:\/\/deportesdigital.com.ve\/public\/san-francisco-define-a-sus-campeones-en-el-torneo-de-futbol-8-dia-de-la-juventud\/\" \/>\n<meta property=\"og:site_name\" content=\"Deportes Digital\" \/>\n<meta property=\"article:publisher\" content=\"https:\/\/www.facebook.com\/DeportesDigitalZulia25\" \/>\n<meta property=\"article:published_time\" content=\"2026-02-16T03:45:12+00:00\" \/>\n<meta property=\"og:image\" content=\"https:\/\/deportesdigital.com.ve\/public\/wp-content\/uploads\/2026\/02\/c3-1.jpg\" \/>\n\t<meta property=\"og:image:width\" content=\"800\" \/>\n\t<meta property=\"og:image:height\" content=\"942\" \/>\n\t<meta property=\"og:image:type\" content=\"image\/jpeg\" \/>\n<meta name=\"author\" content=\"luisg15\" \/>\n<meta name=\"twitter:card\" content=\"summary_large_image\" \/>\n<meta name=\"twitter:creator\" content=\"@deporteszulia\" \/>\n<meta name=\"twitter:site\" content=\"@deporteszulia\" \/>\n<meta name=\"twitter:label1\" content=\"Escrito por\" \/>\n\t<meta name=\"twitter:data1\" content=\"luisg15\" \/>\n\t<meta name=\"twitter:label2\" content=\"Tiempo de lectura\" \/>\n\t<meta name=\"twitter:data2\" content=\"1 minuto\" \/>\n<script type=\"application\/ld+json\" class=\"yoast-schema-graph\">{\"@context\":\"https:\\\/\\\/schema.org\",\"@graph\":[{\"@type\":\"Article\",\"@id\":\"https:\\\/\\\/deportesdigital.com.ve\\\/public\\\/san-francisco-define-a-sus-campeones-en-el-torneo-de-futbol-8-dia-de-la-juventud\\\/#article\",\"isPartOf\":{\"@id\":\"https:\\\/\\\/deportesdigital.com.ve\\\/public\\\/san-francisco-define-a-sus-campeones-en-el-torneo-de-futbol-8-dia-de-la-juventud\\\/\"},\"author\":{\"name\":\"luisg15\",\"@id\":\"https:\\\/\\\/deportesdigital.com.ve\\\/public\\\/#\\\/schema\\\/person\\\/57d2f23f17d761b1672066d1905e88a0\"},\"headline\":\"San Francisco define a sus campeones en el Torneo de F\u00fatbol 8 \u00abD\u00eda de la Juventud\u00bb\",\"datePublished\":\"2026-02-16T03:45:12+00:00\",\"mainEntityOfPage\":{\"@id\":\"https:\\\/\\\/deportesdigital.com.ve\\\/public\\\/san-francisco-define-a-sus-campeones-en-el-torneo-de-futbol-8-dia-de-la-juventud\\\/\"},\"wordCount\":244,\"commentCount\":0,\"publisher\":{\"@id\":\"https:\\\/\\\/deportesdigital.com.ve\\\/public\\\/#organization\"},\"image\":{\"@id\":\"https:\\\/\\\/deportesdigital.com.ve\\\/public\\\/san-francisco-define-a-sus-campeones-en-el-torneo-de-futbol-8-dia-de-la-juventud\\\/#primaryimage\"},\"thumbnailUrl\":\"https:\\\/\\\/deportesdigital.com.ve\\\/public\\\/wp-content\\\/uploads\\\/2026\\\/02\\\/c3-1.jpg\",\"articleSection\":[\"F\u00fatbol\"],\"inLanguage\":\"es\",\"potentialAction\":[{\"@type\":\"CommentAction\",\"name\":\"Comment\",\"target\":[\"https:\\\/\\\/deportesdigital.com.ve\\\/public\\\/san-francisco-define-a-sus-campeones-en-el-torneo-de-futbol-8-dia-de-la-juventud\\\/#respond\"]}]},{\"@type\":\"WebPage\",\"@id\":\"https:\\\/\\\/deportesdigital.com.ve\\\/public\\\/san-francisco-define-a-sus-campeones-en-el-torneo-de-futbol-8-dia-de-la-juventud\\\/\",\"url\":\"https:\\\/\\\/deportesdigital.com.ve\\\/public\\\/san-francisco-define-a-sus-campeones-en-el-torneo-de-futbol-8-dia-de-la-juventud\\\/\",\"name\":\"San Francisco define a sus campeones en el Torneo de F\u00fatbol 8 \\\"D\u00eda de la Juventud\\\" - Deportes Digital\",\"isPartOf\":{\"@id\":\"https:\\\/\\\/deportesdigital.com.ve\\\/public\\\/#website\"},\"primaryImageOfPage\":{\"@id\":\"https:\\\/\\\/deportesdigital.com.ve\\\/public\\\/san-francisco-define-a-sus-campeones-en-el-torneo-de-futbol-8-dia-de-la-juventud\\\/#primaryimage\"},\"image\":{\"@id\":\"https:\\\/\\\/deportesdigital.com.ve\\\/public\\\/san-francisco-define-a-sus-campeones-en-el-torneo-de-futbol-8-dia-de-la-juventud\\\/#primaryimage\"},\"thumbnailUrl\":\"https:\\\/\\\/deportesdigital.com.ve\\\/public\\\/wp-content\\\/uploads\\\/2026\\\/02\\\/c3-1.jpg\",\"datePublished\":\"2026-02-16T03:45:12+00:00\",\"breadcrumb\":{\"@id\":\"https:\\\/\\\/deportesdigital.com.ve\\\/public\\\/san-francisco-define-a-sus-campeones-en-el-torneo-de-futbol-8-dia-de-la-juventud\\\/#breadcrumb\"},\"inLanguage\":\"es\",\"potentialAction\":[{\"@type\":\"ReadAction\",\"target\":[\"https:\\\/\\\/deportesdigital.com.ve\\\/public\\\/san-francisco-define-a-sus-campeones-en-el-torneo-de-futbol-8-dia-de-la-juventud\\\/\"]}]},{\"@type\":\"ImageObject\",\"inLanguage\":\"es\",\"@id\":\"https:\\\/\\\/deportesdigital.com.ve\\\/public\\\/san-francisco-define-a-sus-campeones-en-el-torneo-de-futbol-8-dia-de-la-juventud\\\/#primaryimage\",\"url\":\"https:\\\/\\\/deportesdigital.com.ve\\\/public\\\/wp-content\\\/uploads\\\/2026\\\/02\\\/c3-1.jpg\",\"contentUrl\":\"https:\\\/\\\/deportesdigital.com.ve\\\/public\\\/wp-content\\\/uploads\\\/2026\\\/02\\\/c3-1.jpg\",\"width\":800,\"height\":942},{\"@type\":\"BreadcrumbList\",\"@id\":\"https:\\\/\\\/deportesdigital.com.ve\\\/public\\\/san-francisco-define-a-sus-campeones-en-el-torneo-de-futbol-8-dia-de-la-juventud\\\/#breadcrumb\",\"itemListElement\":[{\"@type\":\"ListItem\",\"position\":1,\"name\":\"Portada\",\"item\":\"https:\\\/\\\/deportesdigital.com.ve\\\/public\\\/\"},{\"@type\":\"ListItem\",\"position\":2,\"name\":\"San Francisco define a sus campeones en el Torneo de F\u00fatbol 8 \u00abD\u00eda de la Juventud\u00bb\"}]},{\"@type\":\"WebSite\",\"@id\":\"https:\\\/\\\/deportesdigital.com.ve\\\/public\\\/#website\",\"url\":\"https:\\\/\\\/deportesdigital.com.ve\\\/public\\\/\",\"name\":\"Deportes Digital\",\"description\":\"Solo Deportes\",\"publisher\":{\"@id\":\"https:\\\/\\\/deportesdigital.com.ve\\\/public\\\/#organization\"},\"potentialAction\":[{\"@type\":\"SearchAction\",\"target\":{\"@type\":\"EntryPoint\",\"urlTemplate\":\"https:\\\/\\\/deportesdigital.com.ve\\\/public\\\/?s={search_term_string}\"},\"query-input\":{\"@type\":\"PropertyValueSpecification\",\"valueRequired\":true,\"valueName\":\"search_term_string\"}}],\"inLanguage\":\"es\"},{\"@type\":\"Organization\",\"@id\":\"https:\\\/\\\/deportesdigital.com.ve\\\/public\\\/#organization\",\"name\":\"Deportes Digital\",\"url\":\"https:\\\/\\\/deportesdigital.com.ve\\\/public\\\/\",\"logo\":{\"@type\":\"ImageObject\",\"inLanguage\":\"es\",\"@id\":\"https:\\\/\\\/deportesdigital.com.ve\\\/public\\\/#\\\/schema\\\/logo\\\/image\\\/\",\"url\":\"https:\\\/\\\/i0.wp.com\\\/deportesdigital.com.ve\\\/public\\\/wp-content\\\/uploads\\\/2023\\\/09\\\/1677066431475.png?fit=1032%2C624&ssl=1\",\"contentUrl\":\"https:\\\/\\\/i0.wp.com\\\/deportesdigital.com.ve\\\/public\\\/wp-content\\\/uploads\\\/2023\\\/09\\\/1677066431475.png?fit=1032%2C624&ssl=1\",\"width\":1032,\"height\":624,\"caption\":\"Deportes Digital\"},\"image\":{\"@id\":\"https:\\\/\\\/deportesdigital.com.ve\\\/public\\\/#\\\/schema\\\/logo\\\/image\\\/\"},\"sameAs\":[\"https:\\\/\\\/www.facebook.com\\\/DeportesDigitalZulia25\",\"https:\\\/\\\/x.com\\\/deporteszulia\",\"https:\\\/\\\/www.instagram.com\\\/deportesdigitalzulia\\\/\"]},{\"@type\":\"Person\",\"@id\":\"https:\\\/\\\/deportesdigital.com.ve\\\/public\\\/#\\\/schema\\\/person\\\/57d2f23f17d761b1672066d1905e88a0\",\"name\":\"luisg15\",\"image\":{\"@type\":\"ImageObject\",\"inLanguage\":\"es\",\"@id\":\"https:\\\/\\\/secure.gravatar.com\\\/avatar\\\/4d424b63ebd2800d281b824141af3d97c1332dfdda83d70b2057085925af58a3?s=96&d=mm&r=g\",\"url\":\"https:\\\/\\\/secure.gravatar.com\\\/avatar\\\/4d424b63ebd2800d281b824141af3d97c1332dfdda83d70b2057085925af58a3?s=96&d=mm&r=g\",\"contentUrl\":\"https:\\\/\\\/secure.gravatar.com\\\/avatar\\\/4d424b63ebd2800d281b824141af3d97c1332dfdda83d70b2057085925af58a3?s=96&d=mm&r=g\",\"caption\":\"luisg15\"},\"description\":\"Medio de Comunicaci\u00f3n digital dedicado al deporte menor\",\"sameAs\":[\"https:\\\/\\\/deportesdigital.com.ve\\\/public\"],\"url\":\"https:\\\/\\\/deportesdigital.com.ve\\\/public\\\/author\\\/luisg15\\\/\"}]}<\/script>\n<!-- \/ Yoast SEO plugin. -->","yoast_head_json":{"title":"San Francisco define a sus campeones en el Torneo de F\u00fatbol 8 \"D\u00eda de la Juventud\" - Deportes Digital","robots":{"index":"index","follow":"follow","max-snippet":"max-snippet:-1","max-image-preview":"max-image-preview:large","max-video-preview":"max-video-preview:-1"},"canonical":"https:\/\/deportesdigital.com.ve\/public\/san-francisco-define-a-sus-campeones-en-el-torneo-de-futbol-8-dia-de-la-juventud\/","og_locale":"es_ES","og_type":"article","og_title":"San Francisco define a sus campeones en el Torneo de F\u00fatbol 8 \"D\u00eda de la Juventud\" - Deportes Digital","og_description":"Este lunes se estar\u00e1n jugando las semifinales y finales del torneo de f\u00fatbol menor. Jose Gil Deportes Digital\/Maracaibo:\u00a0 La emoci\u00f3n del balompi\u00e9 menor llega a su punto m\u00e1ximo. Tras una [&hellip;]","og_url":"https:\/\/deportesdigital.com.ve\/public\/san-francisco-define-a-sus-campeones-en-el-torneo-de-futbol-8-dia-de-la-juventud\/","og_site_name":"Deportes Digital","article_publisher":"https:\/\/www.facebook.com\/DeportesDigitalZulia25","article_published_time":"2026-02-16T03:45:12+00:00","og_image":[{"width":800,"height":942,"url":"https:\/\/deportesdigital.com.ve\/public\/wp-content\/uploads\/2026\/02\/c3-1.jpg","type":"image\/jpeg"}],"author":"luisg15","twitter_card":"summary_large_image","twitter_creator":"@deporteszulia","twitter_site":"@deporteszulia","twitter_misc":{"Escrito por":"luisg15","Tiempo de lectura":"1 minuto"},"schema":{"@context":"https:\/\/schema.org","@graph":[{"@type":"Article","@id":"https:\/\/deportesdigital.com.ve\/public\/san-francisco-define-a-sus-campeones-en-el-torneo-de-futbol-8-dia-de-la-juventud\/#article","isPartOf":{"@id":"https:\/\/deportesdigital.com.ve\/public\/san-francisco-define-a-sus-campeones-en-el-torneo-de-futbol-8-dia-de-la-juventud\/"},"author":{"name":"luisg15","@id":"https:\/\/deportesdigital.com.ve\/public\/#\/schema\/person\/57d2f23f17d761b1672066d1905e88a0"},"headline":"San Francisco define a sus campeones en el Torneo de F\u00fatbol 8 \u00abD\u00eda de la Juventud\u00bb","datePublished":"2026-02-16T03:45:12+00:00","mainEntityOfPage":{"@id":"https:\/\/deportesdigital.com.ve\/public\/san-francisco-define-a-sus-campeones-en-el-torneo-de-futbol-8-dia-de-la-juventud\/"},"wordCount":244,"commentCount":0,"publisher":{"@id":"https:\/\/deportesdigital.com.ve\/public\/#organization"},"image":{"@id":"https:\/\/deportesdigital.com.ve\/public\/san-francisco-define-a-sus-campeones-en-el-torneo-de-futbol-8-dia-de-la-juventud\/#primaryimage"},"thumbnailUrl":"https:\/\/deportesdigital.com.ve\/public\/wp-content\/uploads\/2026\/02\/c3-1.jpg","articleSection":["F\u00fatbol"],"inLanguage":"es","potentialAction":[{"@type":"CommentAction","name":"Comment","target":["https:\/\/deportesdigital.com.ve\/public\/san-francisco-define-a-sus-campeones-en-el-torneo-de-futbol-8-dia-de-la-juventud\/#respond"]}]},{"@type":"WebPage","@id":"https:\/\/deportesdigital.com.ve\/public\/san-francisco-define-a-sus-campeones-en-el-torneo-de-futbol-8-dia-de-la-juventud\/","url":"https:\/\/deportesdigital.com.ve\/public\/san-francisco-define-a-sus-campeones-en-el-torneo-de-futbol-8-dia-de-la-juventud\/","name":"San Francisco define a sus campeones en el Torneo de F\u00fatbol 8 \"D\u00eda de la Juventud\" - Deportes Digital","isPartOf":{"@id":"https:\/\/deportesdigital.com.ve\/public\/#website"},"primaryImageOfPage":{"@id":"https:\/\/deportesdigital.com.ve\/public\/san-francisco-define-a-sus-campeones-en-el-torneo-de-futbol-8-dia-de-la-juventud\/#primaryimage"},"image":{"@id":"https:\/\/deportesdigital.com.ve\/public\/san-francisco-define-a-sus-campeones-en-el-torneo-de-futbol-8-dia-de-la-juventud\/#primaryimage"},"thumbnailUrl":"https:\/\/deportesdigital.com.ve\/public\/wp-content\/uploads\/2026\/02\/c3-1.jpg","datePublished":"2026-02-16T03:45:12+00:00","breadcrumb":{"@id":"https:\/\/deportesdigital.com.ve\/public\/san-francisco-define-a-sus-campeones-en-el-torneo-de-futbol-8-dia-de-la-juventud\/#breadcrumb"},"inLanguage":"es","potentialAction":[{"@type":"ReadAction","target":["https:\/\/deportesdigital.com.ve\/public\/san-francisco-define-a-sus-campeones-en-el-torneo-de-futbol-8-dia-de-la-juventud\/"]}]},{"@type":"ImageObject","inLanguage":"es","@id":"https:\/\/deportesdigital.com.ve\/public\/san-francisco-define-a-sus-campeones-en-el-torneo-de-futbol-8-dia-de-la-juventud\/#primaryimage","url":"https:\/\/deportesdigital.com.ve\/public\/wp-content\/uploads\/2026\/02\/c3-1.jpg","contentUrl":"https:\/\/deportesdigital.com.ve\/public\/wp-content\/uploads\/2026\/02\/c3-1.jpg","width":800,"height":942},{"@type":"BreadcrumbList","@id":"https:\/\/deportesdigital.com.ve\/public\/san-francisco-define-a-sus-campeones-en-el-torneo-de-futbol-8-dia-de-la-juventud\/#breadcrumb","itemListElement":[{"@type":"ListItem","position":1,"name":"Portada","item":"https:\/\/deportesdigital.com.ve\/public\/"},{"@type":"ListItem","position":2,"name":"San Francisco define a sus campeones en el Torneo de F\u00fatbol 8 \u00abD\u00eda de la Juventud\u00bb"}]},{"@type":"WebSite","@id":"https:\/\/deportesdigital.com.ve\/public\/#website","url":"https:\/\/deportesdigital.com.ve\/public\/","name":"Deportes Digital","description":"Solo Deportes","publisher":{"@id":"https:\/\/deportesdigital.com.ve\/public\/#organization"},"potentialAction":[{"@type":"SearchAction","target":{"@type":"EntryPoint","urlTemplate":"https:\/\/deportesdigital.com.ve\/public\/?s={search_term_string}"},"query-input":{"@type":"PropertyValueSpecification","valueRequired":true,"valueName":"search_term_string"}}],"inLanguage":"es"},{"@type":"Organization","@id":"https:\/\/deportesdigital.com.ve\/public\/#organization","name":"Deportes Digital","url":"https:\/\/deportesdigital.com.ve\/public\/","logo":{"@type":"ImageObject","inLanguage":"es","@id":"https:\/\/deportesdigital.com.ve\/public\/#\/schema\/logo\/image\/","url":"https:\/\/i0.wp.com\/deportesdigital.com.ve\/public\/wp-content\/uploads\/2023\/09\/1677066431475.png?fit=1032%2C624&ssl=1","contentUrl":"https:\/\/i0.wp.com\/deportesdigital.com.ve\/public\/wp-content\/uploads\/2023\/09\/1677066431475.png?fit=1032%2C624&ssl=1","width":1032,"height":624,"caption":"Deportes Digital"},"image":{"@id":"https:\/\/deportesdigital.com.ve\/public\/#\/schema\/logo\/image\/"},"sameAs":["https:\/\/www.facebook.com\/DeportesDigitalZulia25","https:\/\/x.com\/deporteszulia","https:\/\/www.instagram.com\/deportesdigitalzulia\/"]},{"@type":"Person","@id":"https:\/\/deportesdigital.com.ve\/public\/#\/schema\/person\/57d2f23f17d761b1672066d1905e88a0","name":"luisg15","image":{"@type":"ImageObject","inLanguage":"es","@id":"https:\/\/secure.gravatar.com\/avatar\/4d424b63ebd2800d281b824141af3d97c1332dfdda83d70b2057085925af58a3?s=96&d=mm&r=g","url":"https:\/\/secure.gravatar.com\/avatar\/4d424b63ebd2800d281b824141af3d97c1332dfdda83d70b2057085925af58a3?s=96&d=mm&r=g","contentUrl":"https:\/\/secure.gravatar.com\/avatar\/4d424b63ebd2800d281b824141af3d97c1332dfdda83d70b2057085925af58a3?s=96&d=mm&r=g","caption":"luisg15"},"description":"Medio de Comunicaci\u00f3n digital dedicado al deporte menor","sameAs":["https:\/\/deportesdigital.com.ve\/public"],"url":"https:\/\/deportesdigital.com.ve\/public\/author\/luisg15\/"}]}},"_links":{"self":[{"href":"https:\/\/deportesdigital.com.ve\/public\/wp-json\/wp\/v2\/posts\/113204","targetHints":{"allow":["GET"]}}],"collection":[{"href":"https:\/\/deportesdigital.com.ve\/public\/wp-json\/wp\/v2\/posts"}],"about":[{"href":"https:\/\/deportesdigital.com.ve\/public\/wp-json\/wp\/v2\/types\/post"}],"author":[{"embeddable":true,"href":"https:\/\/deportesdigital.com.ve\/public\/wp-json\/wp\/v2\/users\/1"}],"replies":[{"embeddable":true,"href":"https:\/\/deportesdigital.com.ve\/public\/wp-json\/wp\/v2\/comments?post=113204"}],"version-history":[{"count":1,"href":"https:\/\/deportesdigital.com.ve\/public\/wp-json\/wp\/v2\/posts\/113204\/revisions"}],"predecessor-version":[{"id":113225,"href":"https:\/\/deportesdigital.com.ve\/public\/wp-json\/wp\/v2\/posts\/113204\/revisions\/113225"}],"wp:featuredmedia":[{"embeddable":true,"href":"https:\/\/deportesdigital.com.ve\/public\/wp-json\/wp\/v2\/media\/113212"}],"wp:attachment":[{"href":"https:\/\/deportesdigital.com.ve\/public\/wp-json\/wp\/v2\/media?parent=113204"}],"wp:term":[{"taxonomy":"category","embeddable":true,"href":"https:\/\/deportesdigital.com.ve\/public\/wp-json\/wp\/v2\/categories?post=113204"},{"taxonomy":"post_tag","embeddable":true,"href":"https:\/\/deportesdigital.com.ve\/public\/wp-json\/wp\/v2\/tags?post=113204"}],"curies":[{"name":"wp","href":"https:\/\/api.w.org\/{rel}","templated":true}]}}