{"id":113146,"date":"2026-02-14T02:36:26","date_gmt":"2026-02-14T06:36:26","guid":{"rendered":"https:\/\/deportesdigital.com.ve\/public\/?p=113146"},"modified":"2026-02-14T02:36:26","modified_gmt":"2026-02-14T06:36:26","slug":"coquivacoa-vuela-alto-primer-clasificado-a-la-semifinal-zulia-infantil-de-pequenas-ligas","status":"publish","type":"post","link":"https:\/\/deportesdigital.com.ve\/public\/coquivacoa-vuela-alto-primer-clasificado-a-la-semifinal-zulia-infantil-de-pequenas-ligas\/","title":{"rendered":"Coquivacoa vuela alto: Primer clasificado a la Semifinal Zulia Infantil de Peque\u00f1as Ligas"},"content":{"rendered":"<p><strong><em>Este s\u00e1bado contin\u00faa la acci\u00f3n del grupo en el estadio Reinaldo Salas de La Vereda del Lago.<\/em><\/strong><\/p>\n<hr \/>\n<p><strong><em>Jos\u00e9 Gil Deportes Digital\/Maracaibo: <\/em><\/strong>El semillero del b\u00e9isbol zuliano sigue ardiendo. La novena de <strong data-path-to-node=\"3\" data-index-in-node=\"62\">Coquivacoa<\/strong> sell\u00f3 su pasaporte a la <strong data-path-to-node=\"3\" data-index-in-node=\"97\">Semifinal Interligas del Zulia<\/strong> (categor\u00eda Infantil) tras demostrar un dominio absoluto frente a su similar de La Victoria, en un encuentro disputado este viernes en el m\u00edtico estadio Ram\u00f3n Dar\u00edo Urdaneta.<\/p>\n<p data-path-to-node=\"4\"><strong>Ofensiva implacable y pitcheo s\u00f3lido<\/strong><\/p>\n<p data-path-to-node=\"5\">Coquivacoa no dio tregua y despach\u00f3 a La Victoria con una contundente pizarra de <strong data-path-to-node=\"5\" data-index-in-node=\"81\">11-1<\/strong>, resolviendo el compromiso en apenas cuatro episodios por la v\u00eda del \u00abnocaut\u00bb.<\/p>\n<p data-path-to-node=\"5\"><img loading=\"lazy\" decoding=\"async\" class=\"alignnone size-full wp-image-113077\" src=\"https:\/\/deportesdigital.com.ve\/public\/wp-content\/uploads\/2026\/02\/c2.jpg\" alt=\"\" width=\"800\" height=\"635\" srcset=\"https:\/\/deportesdigital.com.ve\/public\/wp-content\/uploads\/2026\/02\/c2.jpg 800w, https:\/\/deportesdigital.com.ve\/public\/wp-content\/uploads\/2026\/02\/c2-300x238.jpg 300w, https:\/\/deportesdigital.com.ve\/public\/wp-content\/uploads\/2026\/02\/c2-768x610.jpg 768w, https:\/\/deportesdigital.com.ve\/public\/wp-content\/uploads\/2026\/02\/c2-730x579.jpg 730w, https:\/\/deportesdigital.com.ve\/public\/wp-content\/uploads\/2026\/02\/c2-435x345.jpg 435w\" sizes=\"auto, (max-width: 800px) 100vw, 800px\" \/><\/p>\n<p data-path-to-node=\"6\">El gran protagonista de la jornada fue <strong data-path-to-node=\"6\" data-index-in-node=\"39\">Jos\u00e9 Zambrano<\/strong>, quien brill\u00f3 en las dos facetas del juego: se acredit\u00f3 la <strong data-path-to-node=\"6\" data-index-in-node=\"112\">victoria desde la lomita<\/strong> y adem\u00e1s lider\u00f3 el ataque al irse de 2-2 con una carrera anotada. En el costado ofensivo tambi\u00e9n destac\u00f3 <strong data-path-to-node=\"6\" data-index-in-node=\"242\">Jes\u00fas Paz<\/strong>, quien lig\u00f3 de 2-2 con una remolcada. Por La Victoria, el rev\u00e9s fue para Jean Carlos D\u00edaz.<\/p>\n<p data-path-to-node=\"7\">Con este triunfo, los peloteritos de Coquivacoa ya tienen su nombre inscrito en la fase semifinal que se llevar\u00e1 a cabo en el estadio <strong data-path-to-node=\"7\" data-index-in-node=\"134\">Jos\u00e9 \u201cPapuche\u201d D\u00edaz<\/strong> de Sierra Maestra.<\/p>\n<p><strong>Cacique Mara impone su ley ante el anfitri\u00f3n<\/strong><\/p>\n<p><img loading=\"lazy\" decoding=\"async\" class=\" wp-image-113150 aligncenter\" src=\"https:\/\/deportesdigital.com.ve\/public\/wp-content\/uploads\/2026\/02\/WhatsApp-Image-2026-02-13-at-5.51.02-PM-1.jpeg\" alt=\"\" width=\"572\" height=\"376\" srcset=\"https:\/\/deportesdigital.com.ve\/public\/wp-content\/uploads\/2026\/02\/WhatsApp-Image-2026-02-13-at-5.51.02-PM-1.jpeg 540w, https:\/\/deportesdigital.com.ve\/public\/wp-content\/uploads\/2026\/02\/WhatsApp-Image-2026-02-13-at-5.51.02-PM-1-300x197.jpeg 300w, https:\/\/deportesdigital.com.ve\/public\/wp-content\/uploads\/2026\/02\/WhatsApp-Image-2026-02-13-at-5.51.02-PM-1-435x286.jpeg 435w\" sizes=\"auto, (max-width: 572px) 100vw, 572px\" \/><\/p>\n<p data-path-to-node=\"10\">En la acci\u00f3n del Grupo 2, la Tribu de <strong data-path-to-node=\"10\" data-index-in-node=\"38\">Cacique Mara<\/strong> debut\u00f3 con el pie derecho en el Interligas al blanquear <strong data-path-to-node=\"10\" data-index-in-node=\"107\">9-0<\/strong> a la novena de Santa Luc\u00eda.<\/p>\n<p data-path-to-node=\"11\">La joya de la tarde fue para el lanzador <strong data-path-to-node=\"11\" data-index-in-node=\"41\">Dereck Bravo<\/strong>, quien roz\u00f3 la perfecci\u00f3n en un trabajo monticular de 6.0 episodios completos, donde apenas permiti\u00f3 un imparable, otorg\u00f3 un boleto y no concedi\u00f3 anotaciones.<\/p>\n<p data-path-to-node=\"12\"><strong data-path-to-node=\"12\" data-index-in-node=\"0\">Destacados al bate por Cacique Mara:<\/strong><\/p>\n<ul>\n<li data-path-to-node=\"13,0,0\"><strong data-path-to-node=\"13,0,0\" data-index-in-node=\"0\">Sebasti\u00e1n Guilarte:<\/strong> 2-1, con 1 impulsada y 2 anotadas.<\/li>\n<li data-path-to-node=\"13,1,0\"><strong data-path-to-node=\"13,1,0\" data-index-in-node=\"0\">Jes\u00fas Paredes:<\/strong> 2-1, con 1 anotada.<\/li>\n<li data-path-to-node=\"13,2,0\"><strong data-path-to-node=\"13,2,0\" data-index-in-node=\"0\">Dereck Bravo:<\/strong> 2-1, con 1 anotada.<\/li>\n<\/ul>\n<p><strong>Cartelera para este s\u00e1bado en La Vereda<\/strong><\/p>\n<p><img loading=\"lazy\" decoding=\"async\" class=\"alignnone size-full wp-image-113148\" src=\"https:\/\/deportesdigital.com.ve\/public\/wp-content\/uploads\/2026\/02\/in43.jpg\" alt=\"\" width=\"800\" height=\"444\" srcset=\"https:\/\/deportesdigital.com.ve\/public\/wp-content\/uploads\/2026\/02\/in43.jpg 800w, https:\/\/deportesdigital.com.ve\/public\/wp-content\/uploads\/2026\/02\/in43-300x167.jpg 300w, https:\/\/deportesdigital.com.ve\/public\/wp-content\/uploads\/2026\/02\/in43-768x426.jpg 768w, https:\/\/deportesdigital.com.ve\/public\/wp-content\/uploads\/2026\/02\/in43-730x405.jpg 730w, https:\/\/deportesdigital.com.ve\/public\/wp-content\/uploads\/2026\/02\/in43-435x241.jpg 435w\" sizes=\"auto, (max-width: 800px) 100vw, 800px\" \/><\/p>\n<p data-path-to-node=\"16\">La emoci\u00f3n contin\u00faa este s\u00e1bado 14 de febrero en el estadio <strong data-path-to-node=\"16\" data-index-in-node=\"60\">Reinaldo Salas de La Vereda del Lago<\/strong>. La jornada promete ser decisiva para las aspiraciones de los equipos restantes:<\/p>\n<ul>\n<li data-path-to-node=\"17,0,0\"><strong data-path-to-node=\"17,0,0\" data-index-in-node=\"0\">10:00 AM (Duelo de eliminaci\u00f3n):<\/strong> Team Negrette vs. Santa Luc\u00eda. Ambos equipos buscan su primera victoria para mantenerse con vida en el torneo.<\/li>\n<li data-path-to-node=\"17,1,0\"><strong data-path-to-node=\"17,1,0\" data-index-in-node=\"0\">A segunda hora (Duelo de invictos):<\/strong> La Limpia se medir\u00e1 ante Cacique Mara en un choque de titanes que definir\u00e1 al l\u00edder del grupo.<\/li>\n<\/ul>\n<p><img loading=\"lazy\" decoding=\"async\" class=\"alignnone size-full wp-image-113147\" src=\"https:\/\/deportesdigital.com.ve\/public\/wp-content\/uploads\/2026\/02\/in10-1.jpg\" alt=\"\" width=\"800\" height=\"513\" srcset=\"https:\/\/deportesdigital.com.ve\/public\/wp-content\/uploads\/2026\/02\/in10-1.jpg 800w, https:\/\/deportesdigital.com.ve\/public\/wp-content\/uploads\/2026\/02\/in10-1-300x192.jpg 300w, https:\/\/deportesdigital.com.ve\/public\/wp-content\/uploads\/2026\/02\/in10-1-768x492.jpg 768w, https:\/\/deportesdigital.com.ve\/public\/wp-content\/uploads\/2026\/02\/in10-1-730x468.jpg 730w, https:\/\/deportesdigital.com.ve\/public\/wp-content\/uploads\/2026\/02\/in10-1-435x279.jpg 435w\" sizes=\"auto, (max-width: 800px) 100vw, 800px\" \/><\/p>\n<p><strong><em>Sigue esta y otras #Noticias ingresando a nuestras plataformas digitales Deportes Digital, en Instagram, Facebook, Twitter, y en nuestros grupos de Whatsapp y Telegram<\/em><\/strong><\/p>\n<p>&nbsp;<\/p>\n","protected":false},"excerpt":{"rendered":"<p>Este s\u00e1bado contin\u00faa la acci\u00f3n del grupo en el estadio Reinaldo Salas de La Vereda del Lago. Jos\u00e9 Gil Deportes Digital\/Maracaibo: El semillero del b\u00e9isbol zuliano sigue ardiendo. La novena [&hellip;]<\/p>\n","protected":false},"author":1,"featured_media":113078,"comment_status":"open","ping_status":"closed","sticky":false,"template":"","format":"standard","meta":{"footnotes":""},"categories":[2],"tags":[],"class_list":["post-113146","post","type-post","status-publish","format-standard","has-post-thumbnail","hentry","category-beisbol","clearfix"],"yoast_head":"<!-- This site is optimized with the Yoast SEO plugin v27.8 - https:\/\/yoast.com\/product\/yoast-seo-wordpress\/ -->\n<title>Coquivacoa vuela alto: Primer clasificado a la Semifinal Zulia Infantil de Peque\u00f1as Ligas - Deportes Digital<\/title>\n<meta name=\"robots\" content=\"index, follow, max-snippet:-1, max-image-preview:large, max-video-preview:-1\" \/>\n<link rel=\"canonical\" href=\"https:\/\/deportesdigital.com.ve\/public\/coquivacoa-vuela-alto-primer-clasificado-a-la-semifinal-zulia-infantil-de-pequenas-ligas\/\" \/>\n<meta property=\"og:locale\" content=\"es_ES\" \/>\n<meta property=\"og:type\" content=\"article\" \/>\n<meta property=\"og:title\" content=\"Coquivacoa vuela alto: Primer clasificado a la Semifinal Zulia Infantil de Peque\u00f1as Ligas - Deportes Digital\" \/>\n<meta property=\"og:description\" content=\"Este s\u00e1bado contin\u00faa la acci\u00f3n del grupo en el estadio Reinaldo Salas de La Vereda del Lago. Jos\u00e9 Gil Deportes Digital\/Maracaibo: El semillero del b\u00e9isbol zuliano sigue ardiendo. La novena [&hellip;]\" \/>\n<meta property=\"og:url\" content=\"https:\/\/deportesdigital.com.ve\/public\/coquivacoa-vuela-alto-primer-clasificado-a-la-semifinal-zulia-infantil-de-pequenas-ligas\/\" \/>\n<meta property=\"og:site_name\" content=\"Deportes Digital\" \/>\n<meta property=\"article:publisher\" content=\"https:\/\/www.facebook.com\/DeportesDigitalZulia25\" \/>\n<meta property=\"article:published_time\" content=\"2026-02-14T06:36:26+00:00\" \/>\n<meta property=\"og:image\" content=\"https:\/\/deportesdigital.com.ve\/public\/wp-content\/uploads\/2026\/02\/c3.jpg\" \/>\n\t<meta property=\"og:image:width\" content=\"800\" \/>\n\t<meta property=\"og:image:height\" content=\"413\" \/>\n\t<meta property=\"og:image:type\" content=\"image\/jpeg\" \/>\n<meta name=\"author\" content=\"luisg15\" \/>\n<meta name=\"twitter:card\" content=\"summary_large_image\" \/>\n<meta name=\"twitter:creator\" content=\"@deporteszulia\" \/>\n<meta name=\"twitter:site\" content=\"@deporteszulia\" \/>\n<meta name=\"twitter:label1\" content=\"Escrito por\" \/>\n\t<meta name=\"twitter:data1\" content=\"luisg15\" \/>\n\t<meta name=\"twitter:label2\" content=\"Tiempo de lectura\" \/>\n\t<meta name=\"twitter:data2\" content=\"2 minutos\" \/>\n<script type=\"application\/ld+json\" class=\"yoast-schema-graph\">{\"@context\":\"https:\\\/\\\/schema.org\",\"@graph\":[{\"@type\":\"Article\",\"@id\":\"https:\\\/\\\/deportesdigital.com.ve\\\/public\\\/coquivacoa-vuela-alto-primer-clasificado-a-la-semifinal-zulia-infantil-de-pequenas-ligas\\\/#article\",\"isPartOf\":{\"@id\":\"https:\\\/\\\/deportesdigital.com.ve\\\/public\\\/coquivacoa-vuela-alto-primer-clasificado-a-la-semifinal-zulia-infantil-de-pequenas-ligas\\\/\"},\"author\":{\"name\":\"luisg15\",\"@id\":\"https:\\\/\\\/deportesdigital.com.ve\\\/public\\\/#\\\/schema\\\/person\\\/57d2f23f17d761b1672066d1905e88a0\"},\"headline\":\"Coquivacoa vuela alto: Primer clasificado a la Semifinal Zulia Infantil de Peque\u00f1as Ligas\",\"datePublished\":\"2026-02-14T06:36:26+00:00\",\"mainEntityOfPage\":{\"@id\":\"https:\\\/\\\/deportesdigital.com.ve\\\/public\\\/coquivacoa-vuela-alto-primer-clasificado-a-la-semifinal-zulia-infantil-de-pequenas-ligas\\\/\"},\"wordCount\":435,\"commentCount\":0,\"publisher\":{\"@id\":\"https:\\\/\\\/deportesdigital.com.ve\\\/public\\\/#organization\"},\"image\":{\"@id\":\"https:\\\/\\\/deportesdigital.com.ve\\\/public\\\/coquivacoa-vuela-alto-primer-clasificado-a-la-semifinal-zulia-infantil-de-pequenas-ligas\\\/#primaryimage\"},\"thumbnailUrl\":\"https:\\\/\\\/deportesdigital.com.ve\\\/public\\\/wp-content\\\/uploads\\\/2026\\\/02\\\/c3.jpg\",\"articleSection\":[\"B\u00e9isbol\"],\"inLanguage\":\"es\",\"potentialAction\":[{\"@type\":\"CommentAction\",\"name\":\"Comment\",\"target\":[\"https:\\\/\\\/deportesdigital.com.ve\\\/public\\\/coquivacoa-vuela-alto-primer-clasificado-a-la-semifinal-zulia-infantil-de-pequenas-ligas\\\/#respond\"]}]},{\"@type\":\"WebPage\",\"@id\":\"https:\\\/\\\/deportesdigital.com.ve\\\/public\\\/coquivacoa-vuela-alto-primer-clasificado-a-la-semifinal-zulia-infantil-de-pequenas-ligas\\\/\",\"url\":\"https:\\\/\\\/deportesdigital.com.ve\\\/public\\\/coquivacoa-vuela-alto-primer-clasificado-a-la-semifinal-zulia-infantil-de-pequenas-ligas\\\/\",\"name\":\"Coquivacoa vuela alto: Primer clasificado a la Semifinal Zulia Infantil de Peque\u00f1as Ligas - Deportes Digital\",\"isPartOf\":{\"@id\":\"https:\\\/\\\/deportesdigital.com.ve\\\/public\\\/#website\"},\"primaryImageOfPage\":{\"@id\":\"https:\\\/\\\/deportesdigital.com.ve\\\/public\\\/coquivacoa-vuela-alto-primer-clasificado-a-la-semifinal-zulia-infantil-de-pequenas-ligas\\\/#primaryimage\"},\"image\":{\"@id\":\"https:\\\/\\\/deportesdigital.com.ve\\\/public\\\/coquivacoa-vuela-alto-primer-clasificado-a-la-semifinal-zulia-infantil-de-pequenas-ligas\\\/#primaryimage\"},\"thumbnailUrl\":\"https:\\\/\\\/deportesdigital.com.ve\\\/public\\\/wp-content\\\/uploads\\\/2026\\\/02\\\/c3.jpg\",\"datePublished\":\"2026-02-14T06:36:26+00:00\",\"breadcrumb\":{\"@id\":\"https:\\\/\\\/deportesdigital.com.ve\\\/public\\\/coquivacoa-vuela-alto-primer-clasificado-a-la-semifinal-zulia-infantil-de-pequenas-ligas\\\/#breadcrumb\"},\"inLanguage\":\"es\",\"potentialAction\":[{\"@type\":\"ReadAction\",\"target\":[\"https:\\\/\\\/deportesdigital.com.ve\\\/public\\\/coquivacoa-vuela-alto-primer-clasificado-a-la-semifinal-zulia-infantil-de-pequenas-ligas\\\/\"]}]},{\"@type\":\"ImageObject\",\"inLanguage\":\"es\",\"@id\":\"https:\\\/\\\/deportesdigital.com.ve\\\/public\\\/coquivacoa-vuela-alto-primer-clasificado-a-la-semifinal-zulia-infantil-de-pequenas-ligas\\\/#primaryimage\",\"url\":\"https:\\\/\\\/deportesdigital.com.ve\\\/public\\\/wp-content\\\/uploads\\\/2026\\\/02\\\/c3.jpg\",\"contentUrl\":\"https:\\\/\\\/deportesdigital.com.ve\\\/public\\\/wp-content\\\/uploads\\\/2026\\\/02\\\/c3.jpg\",\"width\":800,\"height\":413},{\"@type\":\"BreadcrumbList\",\"@id\":\"https:\\\/\\\/deportesdigital.com.ve\\\/public\\\/coquivacoa-vuela-alto-primer-clasificado-a-la-semifinal-zulia-infantil-de-pequenas-ligas\\\/#breadcrumb\",\"itemListElement\":[{\"@type\":\"ListItem\",\"position\":1,\"name\":\"Portada\",\"item\":\"https:\\\/\\\/deportesdigital.com.ve\\\/public\\\/\"},{\"@type\":\"ListItem\",\"position\":2,\"name\":\"Coquivacoa vuela alto: Primer clasificado a la Semifinal Zulia Infantil de Peque\u00f1as Ligas\"}]},{\"@type\":\"WebSite\",\"@id\":\"https:\\\/\\\/deportesdigital.com.ve\\\/public\\\/#website\",\"url\":\"https:\\\/\\\/deportesdigital.com.ve\\\/public\\\/\",\"name\":\"Deportes Digital\",\"description\":\"Solo Deportes\",\"publisher\":{\"@id\":\"https:\\\/\\\/deportesdigital.com.ve\\\/public\\\/#organization\"},\"potentialAction\":[{\"@type\":\"SearchAction\",\"target\":{\"@type\":\"EntryPoint\",\"urlTemplate\":\"https:\\\/\\\/deportesdigital.com.ve\\\/public\\\/?s={search_term_string}\"},\"query-input\":{\"@type\":\"PropertyValueSpecification\",\"valueRequired\":true,\"valueName\":\"search_term_string\"}}],\"inLanguage\":\"es\"},{\"@type\":\"Organization\",\"@id\":\"https:\\\/\\\/deportesdigital.com.ve\\\/public\\\/#organization\",\"name\":\"Deportes Digital\",\"url\":\"https:\\\/\\\/deportesdigital.com.ve\\\/public\\\/\",\"logo\":{\"@type\":\"ImageObject\",\"inLanguage\":\"es\",\"@id\":\"https:\\\/\\\/deportesdigital.com.ve\\\/public\\\/#\\\/schema\\\/logo\\\/image\\\/\",\"url\":\"https:\\\/\\\/i0.wp.com\\\/deportesdigital.com.ve\\\/public\\\/wp-content\\\/uploads\\\/2023\\\/09\\\/1677066431475.png?fit=1032%2C624&ssl=1\",\"contentUrl\":\"https:\\\/\\\/i0.wp.com\\\/deportesdigital.com.ve\\\/public\\\/wp-content\\\/uploads\\\/2023\\\/09\\\/1677066431475.png?fit=1032%2C624&ssl=1\",\"width\":1032,\"height\":624,\"caption\":\"Deportes Digital\"},\"image\":{\"@id\":\"https:\\\/\\\/deportesdigital.com.ve\\\/public\\\/#\\\/schema\\\/logo\\\/image\\\/\"},\"sameAs\":[\"https:\\\/\\\/www.facebook.com\\\/DeportesDigitalZulia25\",\"https:\\\/\\\/x.com\\\/deporteszulia\",\"https:\\\/\\\/www.instagram.com\\\/deportesdigitalzulia\\\/\"]},{\"@type\":\"Person\",\"@id\":\"https:\\\/\\\/deportesdigital.com.ve\\\/public\\\/#\\\/schema\\\/person\\\/57d2f23f17d761b1672066d1905e88a0\",\"name\":\"luisg15\",\"image\":{\"@type\":\"ImageObject\",\"inLanguage\":\"es\",\"@id\":\"https:\\\/\\\/secure.gravatar.com\\\/avatar\\\/4d424b63ebd2800d281b824141af3d97c1332dfdda83d70b2057085925af58a3?s=96&d=mm&r=g\",\"url\":\"https:\\\/\\\/secure.gravatar.com\\\/avatar\\\/4d424b63ebd2800d281b824141af3d97c1332dfdda83d70b2057085925af58a3?s=96&d=mm&r=g\",\"contentUrl\":\"https:\\\/\\\/secure.gravatar.com\\\/avatar\\\/4d424b63ebd2800d281b824141af3d97c1332dfdda83d70b2057085925af58a3?s=96&d=mm&r=g\",\"caption\":\"luisg15\"},\"description\":\"Medio de Comunicaci\u00f3n digital dedicado al deporte menor\",\"sameAs\":[\"https:\\\/\\\/deportesdigital.com.ve\\\/public\"],\"url\":\"https:\\\/\\\/deportesdigital.com.ve\\\/public\\\/author\\\/luisg15\\\/\"}]}<\/script>\n<!-- \/ Yoast SEO plugin. -->","yoast_head_json":{"title":"Coquivacoa vuela alto: Primer clasificado a la Semifinal Zulia Infantil de Peque\u00f1as Ligas - Deportes Digital","robots":{"index":"index","follow":"follow","max-snippet":"max-snippet:-1","max-image-preview":"max-image-preview:large","max-video-preview":"max-video-preview:-1"},"canonical":"https:\/\/deportesdigital.com.ve\/public\/coquivacoa-vuela-alto-primer-clasificado-a-la-semifinal-zulia-infantil-de-pequenas-ligas\/","og_locale":"es_ES","og_type":"article","og_title":"Coquivacoa vuela alto: Primer clasificado a la Semifinal Zulia Infantil de Peque\u00f1as Ligas - Deportes Digital","og_description":"Este s\u00e1bado contin\u00faa la acci\u00f3n del grupo en el estadio Reinaldo Salas de La Vereda del Lago. Jos\u00e9 Gil Deportes Digital\/Maracaibo: El semillero del b\u00e9isbol zuliano sigue ardiendo. La novena [&hellip;]","og_url":"https:\/\/deportesdigital.com.ve\/public\/coquivacoa-vuela-alto-primer-clasificado-a-la-semifinal-zulia-infantil-de-pequenas-ligas\/","og_site_name":"Deportes Digital","article_publisher":"https:\/\/www.facebook.com\/DeportesDigitalZulia25","article_published_time":"2026-02-14T06:36:26+00:00","og_image":[{"width":800,"height":413,"url":"https:\/\/deportesdigital.com.ve\/public\/wp-content\/uploads\/2026\/02\/c3.jpg","type":"image\/jpeg"}],"author":"luisg15","twitter_card":"summary_large_image","twitter_creator":"@deporteszulia","twitter_site":"@deporteszulia","twitter_misc":{"Escrito por":"luisg15","Tiempo de lectura":"2 minutos"},"schema":{"@context":"https:\/\/schema.org","@graph":[{"@type":"Article","@id":"https:\/\/deportesdigital.com.ve\/public\/coquivacoa-vuela-alto-primer-clasificado-a-la-semifinal-zulia-infantil-de-pequenas-ligas\/#article","isPartOf":{"@id":"https:\/\/deportesdigital.com.ve\/public\/coquivacoa-vuela-alto-primer-clasificado-a-la-semifinal-zulia-infantil-de-pequenas-ligas\/"},"author":{"name":"luisg15","@id":"https:\/\/deportesdigital.com.ve\/public\/#\/schema\/person\/57d2f23f17d761b1672066d1905e88a0"},"headline":"Coquivacoa vuela alto: Primer clasificado a la Semifinal Zulia Infantil de Peque\u00f1as Ligas","datePublished":"2026-02-14T06:36:26+00:00","mainEntityOfPage":{"@id":"https:\/\/deportesdigital.com.ve\/public\/coquivacoa-vuela-alto-primer-clasificado-a-la-semifinal-zulia-infantil-de-pequenas-ligas\/"},"wordCount":435,"commentCount":0,"publisher":{"@id":"https:\/\/deportesdigital.com.ve\/public\/#organization"},"image":{"@id":"https:\/\/deportesdigital.com.ve\/public\/coquivacoa-vuela-alto-primer-clasificado-a-la-semifinal-zulia-infantil-de-pequenas-ligas\/#primaryimage"},"thumbnailUrl":"https:\/\/deportesdigital.com.ve\/public\/wp-content\/uploads\/2026\/02\/c3.jpg","articleSection":["B\u00e9isbol"],"inLanguage":"es","potentialAction":[{"@type":"CommentAction","name":"Comment","target":["https:\/\/deportesdigital.com.ve\/public\/coquivacoa-vuela-alto-primer-clasificado-a-la-semifinal-zulia-infantil-de-pequenas-ligas\/#respond"]}]},{"@type":"WebPage","@id":"https:\/\/deportesdigital.com.ve\/public\/coquivacoa-vuela-alto-primer-clasificado-a-la-semifinal-zulia-infantil-de-pequenas-ligas\/","url":"https:\/\/deportesdigital.com.ve\/public\/coquivacoa-vuela-alto-primer-clasificado-a-la-semifinal-zulia-infantil-de-pequenas-ligas\/","name":"Coquivacoa vuela alto: Primer clasificado a la Semifinal Zulia Infantil de Peque\u00f1as Ligas - Deportes Digital","isPartOf":{"@id":"https:\/\/deportesdigital.com.ve\/public\/#website"},"primaryImageOfPage":{"@id":"https:\/\/deportesdigital.com.ve\/public\/coquivacoa-vuela-alto-primer-clasificado-a-la-semifinal-zulia-infantil-de-pequenas-ligas\/#primaryimage"},"image":{"@id":"https:\/\/deportesdigital.com.ve\/public\/coquivacoa-vuela-alto-primer-clasificado-a-la-semifinal-zulia-infantil-de-pequenas-ligas\/#primaryimage"},"thumbnailUrl":"https:\/\/deportesdigital.com.ve\/public\/wp-content\/uploads\/2026\/02\/c3.jpg","datePublished":"2026-02-14T06:36:26+00:00","breadcrumb":{"@id":"https:\/\/deportesdigital.com.ve\/public\/coquivacoa-vuela-alto-primer-clasificado-a-la-semifinal-zulia-infantil-de-pequenas-ligas\/#breadcrumb"},"inLanguage":"es","potentialAction":[{"@type":"ReadAction","target":["https:\/\/deportesdigital.com.ve\/public\/coquivacoa-vuela-alto-primer-clasificado-a-la-semifinal-zulia-infantil-de-pequenas-ligas\/"]}]},{"@type":"ImageObject","inLanguage":"es","@id":"https:\/\/deportesdigital.com.ve\/public\/coquivacoa-vuela-alto-primer-clasificado-a-la-semifinal-zulia-infantil-de-pequenas-ligas\/#primaryimage","url":"https:\/\/deportesdigital.com.ve\/public\/wp-content\/uploads\/2026\/02\/c3.jpg","contentUrl":"https:\/\/deportesdigital.com.ve\/public\/wp-content\/uploads\/2026\/02\/c3.jpg","width":800,"height":413},{"@type":"BreadcrumbList","@id":"https:\/\/deportesdigital.com.ve\/public\/coquivacoa-vuela-alto-primer-clasificado-a-la-semifinal-zulia-infantil-de-pequenas-ligas\/#breadcrumb","itemListElement":[{"@type":"ListItem","position":1,"name":"Portada","item":"https:\/\/deportesdigital.com.ve\/public\/"},{"@type":"ListItem","position":2,"name":"Coquivacoa vuela alto: Primer clasificado a la Semifinal Zulia Infantil de Peque\u00f1as Ligas"}]},{"@type":"WebSite","@id":"https:\/\/deportesdigital.com.ve\/public\/#website","url":"https:\/\/deportesdigital.com.ve\/public\/","name":"Deportes Digital","description":"Solo Deportes","publisher":{"@id":"https:\/\/deportesdigital.com.ve\/public\/#organization"},"potentialAction":[{"@type":"SearchAction","target":{"@type":"EntryPoint","urlTemplate":"https:\/\/deportesdigital.com.ve\/public\/?s={search_term_string}"},"query-input":{"@type":"PropertyValueSpecification","valueRequired":true,"valueName":"search_term_string"}}],"inLanguage":"es"},{"@type":"Organization","@id":"https:\/\/deportesdigital.com.ve\/public\/#organization","name":"Deportes Digital","url":"https:\/\/deportesdigital.com.ve\/public\/","logo":{"@type":"ImageObject","inLanguage":"es","@id":"https:\/\/deportesdigital.com.ve\/public\/#\/schema\/logo\/image\/","url":"https:\/\/i0.wp.com\/deportesdigital.com.ve\/public\/wp-content\/uploads\/2023\/09\/1677066431475.png?fit=1032%2C624&ssl=1","contentUrl":"https:\/\/i0.wp.com\/deportesdigital.com.ve\/public\/wp-content\/uploads\/2023\/09\/1677066431475.png?fit=1032%2C624&ssl=1","width":1032,"height":624,"caption":"Deportes Digital"},"image":{"@id":"https:\/\/deportesdigital.com.ve\/public\/#\/schema\/logo\/image\/"},"sameAs":["https:\/\/www.facebook.com\/DeportesDigitalZulia25","https:\/\/x.com\/deporteszulia","https:\/\/www.instagram.com\/deportesdigitalzulia\/"]},{"@type":"Person","@id":"https:\/\/deportesdigital.com.ve\/public\/#\/schema\/person\/57d2f23f17d761b1672066d1905e88a0","name":"luisg15","image":{"@type":"ImageObject","inLanguage":"es","@id":"https:\/\/secure.gravatar.com\/avatar\/4d424b63ebd2800d281b824141af3d97c1332dfdda83d70b2057085925af58a3?s=96&d=mm&r=g","url":"https:\/\/secure.gravatar.com\/avatar\/4d424b63ebd2800d281b824141af3d97c1332dfdda83d70b2057085925af58a3?s=96&d=mm&r=g","contentUrl":"https:\/\/secure.gravatar.com\/avatar\/4d424b63ebd2800d281b824141af3d97c1332dfdda83d70b2057085925af58a3?s=96&d=mm&r=g","caption":"luisg15"},"description":"Medio de Comunicaci\u00f3n digital dedicado al deporte menor","sameAs":["https:\/\/deportesdigital.com.ve\/public"],"url":"https:\/\/deportesdigital.com.ve\/public\/author\/luisg15\/"}]}},"_links":{"self":[{"href":"https:\/\/deportesdigital.com.ve\/public\/wp-json\/wp\/v2\/posts\/113146","targetHints":{"allow":["GET"]}}],"collection":[{"href":"https:\/\/deportesdigital.com.ve\/public\/wp-json\/wp\/v2\/posts"}],"about":[{"href":"https:\/\/deportesdigital.com.ve\/public\/wp-json\/wp\/v2\/types\/post"}],"author":[{"embeddable":true,"href":"https:\/\/deportesdigital.com.ve\/public\/wp-json\/wp\/v2\/users\/1"}],"replies":[{"embeddable":true,"href":"https:\/\/deportesdigital.com.ve\/public\/wp-json\/wp\/v2\/comments?post=113146"}],"version-history":[{"count":1,"href":"https:\/\/deportesdigital.com.ve\/public\/wp-json\/wp\/v2\/posts\/113146\/revisions"}],"predecessor-version":[{"id":113151,"href":"https:\/\/deportesdigital.com.ve\/public\/wp-json\/wp\/v2\/posts\/113146\/revisions\/113151"}],"wp:featuredmedia":[{"embeddable":true,"href":"https:\/\/deportesdigital.com.ve\/public\/wp-json\/wp\/v2\/media\/113078"}],"wp:attachment":[{"href":"https:\/\/deportesdigital.com.ve\/public\/wp-json\/wp\/v2\/media?parent=113146"}],"wp:term":[{"taxonomy":"category","embeddable":true,"href":"https:\/\/deportesdigital.com.ve\/public\/wp-json\/wp\/v2\/categories?post=113146"},{"taxonomy":"post_tag","embeddable":true,"href":"https:\/\/deportesdigital.com.ve\/public\/wp-json\/wp\/v2\/tags?post=113146"}],"curies":[{"name":"wp","href":"https:\/\/api.w.org\/{rel}","templated":true}]}}