{"id":113131,"date":"2026-02-13T20:57:29","date_gmt":"2026-02-14T00:57:29","guid":{"rendered":"https:\/\/deportesdigital.com.ve\/public\/?p=113131"},"modified":"2026-02-13T20:57:29","modified_gmt":"2026-02-14T00:57:29","slug":"zulia-exalta-su-historia-el-legado-de-gloria-reunio-a-los-inmortales-del-deporte","status":"publish","type":"post","link":"https:\/\/deportesdigital.com.ve\/public\/zulia-exalta-su-historia-el-legado-de-gloria-reunio-a-los-inmortales-del-deporte\/","title":{"rendered":"Zulia exalta su historia: El \u00abLegado de Gloria\u00bb reuni\u00f3 a los inmortales del deporte"},"content":{"rendered":"<p><strong><em>El acto subray\u00f3 que estos atletas son el espejo de las nuevas generaciones, destacando que su mayor r\u00e9cord no solo fueron sus marcas, sino el ejemplo de disciplina y humildad que mantienen vigente.<\/em><\/strong><\/p>\n<hr \/>\n<p><strong><em>Nota de Prensa:<\/em><\/strong> El deporte zuliano se visti\u00f3 de gala este jueves 12 de febrero para celebrar el evento <strong data-path-to-node=\"3\" data-index-in-node=\"87\">\u00abLegado de Gloria\u00bb<\/strong>, una cita que congreg\u00f3 a una constelaci\u00f3n de figuras que han elevado el nombre de la regi\u00f3n a lo m\u00e1s alto de los podios nacionales e internacionales.<\/p>\n<p data-path-to-node=\"4\">La jornada, celebrada en los salones de <em data-path-to-node=\"4\" data-index-in-node=\"40\">Pollos Deivis, El Original<\/em>, en el municipio San Francisco, no solo fue un acto de reconocimiento, sino un emotivo reencuentro de leyendas que, entre risas y an\u00e9cdotas, recordaron las haza\u00f1as de oro, plata y bronce que forjaron la identidad deportiva del estado.<\/p>\n<p data-path-to-node=\"5\"><strong>Un homenaje al alma del deporte<\/strong><\/p>\n<p data-path-to-node=\"5\"><img loading=\"lazy\" decoding=\"async\" class=\"size-full wp-image-113141 aligncenter\" src=\"https:\/\/deportesdigital.com.ve\/public\/wp-content\/uploads\/2026\/02\/2-8.jpg\" alt=\"\" width=\"800\" height=\"535\" srcset=\"https:\/\/deportesdigital.com.ve\/public\/wp-content\/uploads\/2026\/02\/2-8.jpg 800w, https:\/\/deportesdigital.com.ve\/public\/wp-content\/uploads\/2026\/02\/2-8-300x201.jpg 300w, https:\/\/deportesdigital.com.ve\/public\/wp-content\/uploads\/2026\/02\/2-8-768x514.jpg 768w, https:\/\/deportesdigital.com.ve\/public\/wp-content\/uploads\/2026\/02\/2-8-730x488.jpg 730w, https:\/\/deportesdigital.com.ve\/public\/wp-content\/uploads\/2026\/02\/2-8-435x291.jpg 435w\" sizes=\"auto, (max-width: 800px) 100vw, 800px\" \/><\/p>\n<p data-path-to-node=\"6\">Organizado por la <strong data-path-to-node=\"6\" data-index-in-node=\"18\">Fundaci\u00f3n Glorias Deportivas-Zulia<\/strong> y el <strong data-path-to-node=\"6\" data-index-in-node=\"58\">Proyecto Deporte Soy, Siglo 21<\/strong>, el evento tuvo un punto de alta sensibilidad con el homenaje <em data-path-to-node=\"6\" data-index-in-node=\"151\">In Memoriam<\/em> al futbolista <strong data-path-to-node=\"6\" data-index-in-node=\"177\">Adelis Fusil<\/strong>, cuya trayectoria sigue siendo un referente de entrega en las canchas. Hobaldo Caldera Wushu, Lenio Garc\u00eda, Gilberto Ocando Peque\u00f1as Ligas<\/p>\n<p data-path-to-node=\"6\"><img loading=\"lazy\" decoding=\"async\" class=\"size-full wp-image-113140 aligncenter\" src=\"https:\/\/deportesdigital.com.ve\/public\/wp-content\/uploads\/2026\/02\/3-8.jpg\" alt=\"\" width=\"800\" height=\"468\" srcset=\"https:\/\/deportesdigital.com.ve\/public\/wp-content\/uploads\/2026\/02\/3-8.jpg 800w, https:\/\/deportesdigital.com.ve\/public\/wp-content\/uploads\/2026\/02\/3-8-300x176.jpg 300w, https:\/\/deportesdigital.com.ve\/public\/wp-content\/uploads\/2026\/02\/3-8-768x449.jpg 768w, https:\/\/deportesdigital.com.ve\/public\/wp-content\/uploads\/2026\/02\/3-8-730x427.jpg 730w, https:\/\/deportesdigital.com.ve\/public\/wp-content\/uploads\/2026\/02\/3-8-435x254.jpg 435w\" sizes=\"auto, (max-width: 800px) 100vw, 800px\" \/><\/p>\n<p>El acto subray\u00f3 que estos atletas son el espejo de las nuevas generaciones, destacando que su mayor r\u00e9cord no solo fueron sus marcas, sino el ejemplo de <strong data-path-to-node=\"7\" data-index-in-node=\"153\">disciplina y humildad<\/strong> que mantienen vigente.<\/p>\n<p><strong>Constelaci\u00f3n de figuras presentes<\/strong><\/p>\n<p><img loading=\"lazy\" decoding=\"async\" class=\"size-full wp-image-113139 aligncenter\" src=\"https:\/\/deportesdigital.com.ve\/public\/wp-content\/uploads\/2026\/02\/4-8.jpg\" alt=\"\" width=\"609\" height=\"551\" srcset=\"https:\/\/deportesdigital.com.ve\/public\/wp-content\/uploads\/2026\/02\/4-8.jpg 609w, https:\/\/deportesdigital.com.ve\/public\/wp-content\/uploads\/2026\/02\/4-8-300x271.jpg 300w, https:\/\/deportesdigital.com.ve\/public\/wp-content\/uploads\/2026\/02\/4-8-435x394.jpg 435w\" sizes=\"auto, (max-width: 609px) 100vw, 609px\" \/><\/p>\n<p data-path-to-node=\"10\">La lista de homenajeados incluy\u00f3 a baluartes de diversas disciplinas que han marcado \u00e9pocas:<\/p>\n<p data-path-to-node=\"10\"><img loading=\"lazy\" decoding=\"async\" class=\"size-full wp-image-113138 aligncenter\" src=\"https:\/\/deportesdigital.com.ve\/public\/wp-content\/uploads\/2026\/02\/5-9.jpg\" alt=\"\" width=\"526\" height=\"506\" srcset=\"https:\/\/deportesdigital.com.ve\/public\/wp-content\/uploads\/2026\/02\/5-9.jpg 526w, https:\/\/deportesdigital.com.ve\/public\/wp-content\/uploads\/2026\/02\/5-9-300x289.jpg 300w, https:\/\/deportesdigital.com.ve\/public\/wp-content\/uploads\/2026\/02\/5-9-435x418.jpg 435w\" sizes=\"auto, (max-width: 526px) 100vw, 526px\" \/><\/p>\n<ul>\n<li data-path-to-node=\"11,0,0\"><strong data-path-to-node=\"11,0,0\" data-index-in-node=\"0\">Boxeo:<\/strong> El tricampe\u00f3n mundial <strong data-path-to-node=\"11,0,0\" data-index-in-node=\"29\">Betulio Gonz\u00e1lez<\/strong>.<\/li>\n<li data-path-to-node=\"11,1,0\"><strong data-path-to-node=\"11,1,0\" data-index-in-node=\"0\">Atletismo:<\/strong> Los ol\u00edmpicos <strong data-path-to-node=\"11,1,0\" data-index-in-node=\"25\">Yojer Medina<\/strong> y las hermanas <strong data-path-to-node=\"11,1,0\" data-index-in-node=\"53\">Marieta y Mariela Riera<\/strong>.<\/li>\n<li data-path-to-node=\"11,2,0\"><strong data-path-to-node=\"11,2,0\" data-index-in-node=\"0\">Esgrima:<\/strong> La ol\u00edmpica <strong data-path-to-node=\"11,2,0\" data-index-in-node=\"21\">Johana Fuenmayor<\/strong>.<\/li>\n<li data-path-to-node=\"11,3,0\"><strong data-path-to-node=\"11,3,0\" data-index-in-node=\"0\">B\u00e9isbol y Softbol:<\/strong> El referente del b\u00e9isbol doble A, <strong data-path-to-node=\"11,3,0\" data-index-in-node=\"53\">Guillermo Larreal<\/strong>, junto a figuras que dieron brillo al softbol regional.<\/li>\n<li data-path-to-node=\"11,4,0\"><strong data-path-to-node=\"11,4,0\" data-index-in-node=\"0\">Voleibol:<\/strong> <strong data-path-to-node=\"11,4,0\" data-index-in-node=\"10\">Jairo Mav\u00e1rez<\/strong> y <strong data-path-to-node=\"11,4,0\" data-index-in-node=\"26\">Larry Sulbar\u00e1n<\/strong>.<\/li>\n<li data-path-to-node=\"11,5,0\"><strong data-path-to-node=\"11,5,0\" data-index-in-node=\"0\">Otras leyendas:<\/strong> Gerardo Chac\u00f3n, Marina Matheus, Lino Nava, Milagros Flores, Oscar Fereira, \u00c1lvaro C\u00f3rdova, Alexander Esis, Anabella Sarmiento y Noris Arteaga.<\/li>\n<\/ul>\n<p><img loading=\"lazy\" decoding=\"async\" class=\"alignnone size-full wp-image-113137\" src=\"https:\/\/deportesdigital.com.ve\/public\/wp-content\/uploads\/2026\/02\/6-9.jpg\" alt=\"\" width=\"800\" height=\"504\" srcset=\"https:\/\/deportesdigital.com.ve\/public\/wp-content\/uploads\/2026\/02\/6-9.jpg 800w, https:\/\/deportesdigital.com.ve\/public\/wp-content\/uploads\/2026\/02\/6-9-300x189.jpg 300w, https:\/\/deportesdigital.com.ve\/public\/wp-content\/uploads\/2026\/02\/6-9-768x484.jpg 768w, https:\/\/deportesdigital.com.ve\/public\/wp-content\/uploads\/2026\/02\/6-9-730x460.jpg 730w, https:\/\/deportesdigital.com.ve\/public\/wp-content\/uploads\/2026\/02\/6-9-435x274.jpg 435w\" sizes=\"auto, (max-width: 800px) 100vw, 800px\" \/><\/p>\n<p data-path-to-node=\"12\"><strong>Respaldo de la dirigencia y relevo generacional<\/strong><\/p>\n<p data-path-to-node=\"12\"><img loading=\"lazy\" decoding=\"async\" class=\"size-full wp-image-113136 aligncenter\" src=\"https:\/\/deportesdigital.com.ve\/public\/wp-content\/uploads\/2026\/02\/7-9.jpg\" alt=\"\" width=\"729\" height=\"567\" srcset=\"https:\/\/deportesdigital.com.ve\/public\/wp-content\/uploads\/2026\/02\/7-9.jpg 729w, https:\/\/deportesdigital.com.ve\/public\/wp-content\/uploads\/2026\/02\/7-9-300x233.jpg 300w, https:\/\/deportesdigital.com.ve\/public\/wp-content\/uploads\/2026\/02\/7-9-435x338.jpg 435w\" sizes=\"auto, (max-width: 729px) 100vw, 729px\" \/><\/p>\n<p data-path-to-node=\"13\">La gala cont\u00f3 con la presencia de las m\u00e1ximas autoridades y dirigentes del gremio, tales como <strong data-path-to-node=\"13\" data-index-in-node=\"94\">Luis Rodolfo Machado<\/strong> (\u00c1guilas del Zulia), <strong data-path-to-node=\"13\" data-index-in-node=\"136\">Enrry Rosales<\/strong> (FVB), <strong data-path-to-node=\"13\" data-index-in-node=\"157\">Guillermo Rojas<\/strong> (Villa Deportiva), y presidentes de asociaciones como <strong data-path-to-node=\"13\" data-index-in-node=\"227\">Macoli McGregor<\/strong> (Atletismo), <strong data-path-to-node=\"13\" data-index-in-node=\"256\">Carlos D\u00edaz<\/strong> (Judo) y <strong data-path-to-node=\"13\" data-index-in-node=\"277\">Jos\u00e9 Pulido<\/strong> (Ciclismo). Hugo G\u00f3mez, Richard Mena, Emil Alfonzo.<\/p>\n<p data-path-to-node=\"13\"><img loading=\"lazy\" decoding=\"async\" class=\"alignnone size-full wp-image-113135\" src=\"https:\/\/deportesdigital.com.ve\/public\/wp-content\/uploads\/2026\/02\/8-9.jpg\" alt=\"\" width=\"893\" height=\"740\" srcset=\"https:\/\/deportesdigital.com.ve\/public\/wp-content\/uploads\/2026\/02\/8-9.jpg 893w, https:\/\/deportesdigital.com.ve\/public\/wp-content\/uploads\/2026\/02\/8-9-300x249.jpg 300w, https:\/\/deportesdigital.com.ve\/public\/wp-content\/uploads\/2026\/02\/8-9-768x636.jpg 768w, https:\/\/deportesdigital.com.ve\/public\/wp-content\/uploads\/2026\/02\/8-9-730x605.jpg 730w, https:\/\/deportesdigital.com.ve\/public\/wp-content\/uploads\/2026\/02\/8-9-435x360.jpg 435w\" sizes=\"auto, (max-width: 893px) 100vw, 893px\" \/><\/p>\n<p data-path-to-node=\"14,0\"><strong data-path-to-node=\"14,0\" data-index-in-node=\"0\">El futuro es ahora:<\/strong> El evento proyect\u00f3 el relevo generacional al otorgar un reconocimiento especial a <strong data-path-to-node=\"14,0\" data-index-in-node=\"102\">Axel G\u00f3mez<\/strong>, monarca de los Juegos Bolivarianos 2024 y poseedor del r\u00e9cord nacional juvenil en los 400 metros planos, quien se perfila como la gran promesa de cara al <strong data-path-to-node=\"14,0\" data-index-in-node=\"268\">Mundial de Atletismo 2026<\/strong>.<\/p>\n<p data-path-to-node=\"14,0\"><img loading=\"lazy\" decoding=\"async\" class=\"alignnone size-full wp-image-113134\" src=\"https:\/\/deportesdigital.com.ve\/public\/wp-content\/uploads\/2026\/02\/9-10.jpg\" alt=\"\" width=\"800\" height=\"507\" srcset=\"https:\/\/deportesdigital.com.ve\/public\/wp-content\/uploads\/2026\/02\/9-10.jpg 800w, https:\/\/deportesdigital.com.ve\/public\/wp-content\/uploads\/2026\/02\/9-10-300x190.jpg 300w, https:\/\/deportesdigital.com.ve\/public\/wp-content\/uploads\/2026\/02\/9-10-768x487.jpg 768w, https:\/\/deportesdigital.com.ve\/public\/wp-content\/uploads\/2026\/02\/9-10-730x463.jpg 730w, https:\/\/deportesdigital.com.ve\/public\/wp-content\/uploads\/2026\/02\/9-10-410x260.jpg 410w, https:\/\/deportesdigital.com.ve\/public\/wp-content\/uploads\/2026\/02\/9-10-435x276.jpg 435w\" sizes=\"auto, (max-width: 800px) 100vw, 800px\" \/><\/p>\n<p><strong>Un ciclo que contin\u00faa<\/strong><\/p>\n<p><img loading=\"lazy\" decoding=\"async\" class=\"alignnone size-full wp-image-113133\" src=\"https:\/\/deportesdigital.com.ve\/public\/wp-content\/uploads\/2026\/02\/10-9.jpg\" alt=\"\" width=\"800\" height=\"670\" srcset=\"https:\/\/deportesdigital.com.ve\/public\/wp-content\/uploads\/2026\/02\/10-9.jpg 800w, https:\/\/deportesdigital.com.ve\/public\/wp-content\/uploads\/2026\/02\/10-9-300x251.jpg 300w, https:\/\/deportesdigital.com.ve\/public\/wp-content\/uploads\/2026\/02\/10-9-768x643.jpg 768w, https:\/\/deportesdigital.com.ve\/public\/wp-content\/uploads\/2026\/02\/10-9-730x611.jpg 730w, https:\/\/deportesdigital.com.ve\/public\/wp-content\/uploads\/2026\/02\/10-9-435x364.jpg 435w\" sizes=\"auto, (max-width: 800px) 100vw, 800px\" \/><\/p>\n<p data-path-to-node=\"17\">Con el respaldo de la empresa privada y una asistencia que super\u00f3 las 100 personas, esta iniciativa da continuidad a un ciclo de homenajes iniciado el a\u00f1o pasado. El prop\u00f3sito es claro: <strong data-path-to-node=\"17\" data-index-in-node=\"186\">reivindicar y motivar<\/strong> a los atletas que, tras d\u00e9cadas de entrega, merecen el aplauso p\u00fablico y el sitial de honor en la historia del Zulia.<\/p>\n<p data-path-to-node=\"18\">La organizaci\u00f3n confirm\u00f3 que este programa de reconocimientos se extender\u00e1 durante todo el <strong data-path-to-node=\"18\" data-index-in-node=\"91\">2026<\/strong>, asegurando que ninguna gloria deportiva quede en el olvido.<\/p>\n<p data-path-to-node=\"18\"><img loading=\"lazy\" decoding=\"async\" class=\"alignnone size-full wp-image-113132\" src=\"https:\/\/deportesdigital.com.ve\/public\/wp-content\/uploads\/2026\/02\/11-7.jpg\" alt=\"\" width=\"800\" height=\"489\" srcset=\"https:\/\/deportesdigital.com.ve\/public\/wp-content\/uploads\/2026\/02\/11-7.jpg 800w, https:\/\/deportesdigital.com.ve\/public\/wp-content\/uploads\/2026\/02\/11-7-300x183.jpg 300w, https:\/\/deportesdigital.com.ve\/public\/wp-content\/uploads\/2026\/02\/11-7-768x469.jpg 768w, https:\/\/deportesdigital.com.ve\/public\/wp-content\/uploads\/2026\/02\/11-7-730x446.jpg 730w, https:\/\/deportesdigital.com.ve\/public\/wp-content\/uploads\/2026\/02\/11-7-435x266.jpg 435w\" sizes=\"auto, (max-width: 800px) 100vw, 800px\" \/><\/p>\n<p><strong><em>Sigue esta y otras #Noticias ingresando a nuestras plataformas digitales Deportes Digital, en Instagram, Facebook, Twitter, y en nuestros grupos de Whatsapp y Telegram<\/em><\/strong><\/p>\n<p>&nbsp;<\/p>\n","protected":false},"excerpt":{"rendered":"<p>El acto subray\u00f3 que estos atletas son el espejo de las nuevas generaciones, destacando que su mayor r\u00e9cord no solo fueron sus marcas, sino el ejemplo de disciplina y humildad [&hellip;]<\/p>\n","protected":false},"author":1,"featured_media":113142,"comment_status":"open","ping_status":"closed","sticky":false,"template":"","format":"standard","meta":{"footnotes":""},"categories":[5],"tags":[],"class_list":["post-113131","post","type-post","status-publish","format-standard","has-post-thumbnail","hentry","category-otrosdeportes","clearfix"],"yoast_head":"<!-- This site is optimized with the Yoast SEO plugin v27.8 - https:\/\/yoast.com\/product\/yoast-seo-wordpress\/ -->\n<title>Zulia exalta su historia: El &quot;Legado de Gloria&quot; reuni\u00f3 a los inmortales del deporte - Deportes Digital<\/title>\n<meta name=\"robots\" content=\"index, follow, max-snippet:-1, max-image-preview:large, max-video-preview:-1\" \/>\n<link rel=\"canonical\" href=\"https:\/\/deportesdigital.com.ve\/public\/zulia-exalta-su-historia-el-legado-de-gloria-reunio-a-los-inmortales-del-deporte\/\" \/>\n<meta property=\"og:locale\" content=\"es_ES\" \/>\n<meta property=\"og:type\" content=\"article\" \/>\n<meta property=\"og:title\" content=\"Zulia exalta su historia: El &quot;Legado de Gloria&quot; reuni\u00f3 a los inmortales del deporte - Deportes Digital\" \/>\n<meta property=\"og:description\" content=\"El acto subray\u00f3 que estos atletas son el espejo de las nuevas generaciones, destacando que su mayor r\u00e9cord no solo fueron sus marcas, sino el ejemplo de disciplina y humildad [&hellip;]\" \/>\n<meta property=\"og:url\" content=\"https:\/\/deportesdigital.com.ve\/public\/zulia-exalta-su-historia-el-legado-de-gloria-reunio-a-los-inmortales-del-deporte\/\" \/>\n<meta property=\"og:site_name\" content=\"Deportes Digital\" \/>\n<meta property=\"article:publisher\" content=\"https:\/\/www.facebook.com\/DeportesDigitalZulia25\" \/>\n<meta property=\"article:published_time\" content=\"2026-02-14T00:57:29+00:00\" \/>\n<meta property=\"og:image\" content=\"https:\/\/deportesdigital.com.ve\/public\/wp-content\/uploads\/2026\/02\/1-8.jpg\" \/>\n\t<meta property=\"og:image:width\" content=\"800\" \/>\n\t<meta property=\"og:image:height\" content=\"399\" \/>\n\t<meta property=\"og:image:type\" content=\"image\/jpeg\" \/>\n<meta name=\"author\" content=\"luisg15\" \/>\n<meta name=\"twitter:card\" content=\"summary_large_image\" \/>\n<meta name=\"twitter:creator\" content=\"@deporteszulia\" \/>\n<meta name=\"twitter:site\" content=\"@deporteszulia\" \/>\n<meta name=\"twitter:label1\" content=\"Escrito por\" \/>\n\t<meta name=\"twitter:data1\" content=\"luisg15\" \/>\n\t<meta name=\"twitter:label2\" content=\"Tiempo de lectura\" \/>\n\t<meta name=\"twitter:data2\" content=\"3 minutos\" \/>\n<script type=\"application\/ld+json\" class=\"yoast-schema-graph\">{\"@context\":\"https:\\\/\\\/schema.org\",\"@graph\":[{\"@type\":\"Article\",\"@id\":\"https:\\\/\\\/deportesdigital.com.ve\\\/public\\\/zulia-exalta-su-historia-el-legado-de-gloria-reunio-a-los-inmortales-del-deporte\\\/#article\",\"isPartOf\":{\"@id\":\"https:\\\/\\\/deportesdigital.com.ve\\\/public\\\/zulia-exalta-su-historia-el-legado-de-gloria-reunio-a-los-inmortales-del-deporte\\\/\"},\"author\":{\"name\":\"luisg15\",\"@id\":\"https:\\\/\\\/deportesdigital.com.ve\\\/public\\\/#\\\/schema\\\/person\\\/57d2f23f17d761b1672066d1905e88a0\"},\"headline\":\"Zulia exalta su historia: El \u00abLegado de Gloria\u00bb reuni\u00f3 a los inmortales del deporte\",\"datePublished\":\"2026-02-14T00:57:29+00:00\",\"mainEntityOfPage\":{\"@id\":\"https:\\\/\\\/deportesdigital.com.ve\\\/public\\\/zulia-exalta-su-historia-el-legado-de-gloria-reunio-a-los-inmortales-del-deporte\\\/\"},\"wordCount\":562,\"commentCount\":0,\"publisher\":{\"@id\":\"https:\\\/\\\/deportesdigital.com.ve\\\/public\\\/#organization\"},\"image\":{\"@id\":\"https:\\\/\\\/deportesdigital.com.ve\\\/public\\\/zulia-exalta-su-historia-el-legado-de-gloria-reunio-a-los-inmortales-del-deporte\\\/#primaryimage\"},\"thumbnailUrl\":\"https:\\\/\\\/deportesdigital.com.ve\\\/public\\\/wp-content\\\/uploads\\\/2026\\\/02\\\/1-8.jpg\",\"articleSection\":[\"Otros Deportes\"],\"inLanguage\":\"es\",\"potentialAction\":[{\"@type\":\"CommentAction\",\"name\":\"Comment\",\"target\":[\"https:\\\/\\\/deportesdigital.com.ve\\\/public\\\/zulia-exalta-su-historia-el-legado-de-gloria-reunio-a-los-inmortales-del-deporte\\\/#respond\"]}]},{\"@type\":\"WebPage\",\"@id\":\"https:\\\/\\\/deportesdigital.com.ve\\\/public\\\/zulia-exalta-su-historia-el-legado-de-gloria-reunio-a-los-inmortales-del-deporte\\\/\",\"url\":\"https:\\\/\\\/deportesdigital.com.ve\\\/public\\\/zulia-exalta-su-historia-el-legado-de-gloria-reunio-a-los-inmortales-del-deporte\\\/\",\"name\":\"Zulia exalta su historia: El \\\"Legado de Gloria\\\" reuni\u00f3 a los inmortales del deporte - Deportes Digital\",\"isPartOf\":{\"@id\":\"https:\\\/\\\/deportesdigital.com.ve\\\/public\\\/#website\"},\"primaryImageOfPage\":{\"@id\":\"https:\\\/\\\/deportesdigital.com.ve\\\/public\\\/zulia-exalta-su-historia-el-legado-de-gloria-reunio-a-los-inmortales-del-deporte\\\/#primaryimage\"},\"image\":{\"@id\":\"https:\\\/\\\/deportesdigital.com.ve\\\/public\\\/zulia-exalta-su-historia-el-legado-de-gloria-reunio-a-los-inmortales-del-deporte\\\/#primaryimage\"},\"thumbnailUrl\":\"https:\\\/\\\/deportesdigital.com.ve\\\/public\\\/wp-content\\\/uploads\\\/2026\\\/02\\\/1-8.jpg\",\"datePublished\":\"2026-02-14T00:57:29+00:00\",\"breadcrumb\":{\"@id\":\"https:\\\/\\\/deportesdigital.com.ve\\\/public\\\/zulia-exalta-su-historia-el-legado-de-gloria-reunio-a-los-inmortales-del-deporte\\\/#breadcrumb\"},\"inLanguage\":\"es\",\"potentialAction\":[{\"@type\":\"ReadAction\",\"target\":[\"https:\\\/\\\/deportesdigital.com.ve\\\/public\\\/zulia-exalta-su-historia-el-legado-de-gloria-reunio-a-los-inmortales-del-deporte\\\/\"]}]},{\"@type\":\"ImageObject\",\"inLanguage\":\"es\",\"@id\":\"https:\\\/\\\/deportesdigital.com.ve\\\/public\\\/zulia-exalta-su-historia-el-legado-de-gloria-reunio-a-los-inmortales-del-deporte\\\/#primaryimage\",\"url\":\"https:\\\/\\\/deportesdigital.com.ve\\\/public\\\/wp-content\\\/uploads\\\/2026\\\/02\\\/1-8.jpg\",\"contentUrl\":\"https:\\\/\\\/deportesdigital.com.ve\\\/public\\\/wp-content\\\/uploads\\\/2026\\\/02\\\/1-8.jpg\",\"width\":800,\"height\":399},{\"@type\":\"BreadcrumbList\",\"@id\":\"https:\\\/\\\/deportesdigital.com.ve\\\/public\\\/zulia-exalta-su-historia-el-legado-de-gloria-reunio-a-los-inmortales-del-deporte\\\/#breadcrumb\",\"itemListElement\":[{\"@type\":\"ListItem\",\"position\":1,\"name\":\"Portada\",\"item\":\"https:\\\/\\\/deportesdigital.com.ve\\\/public\\\/\"},{\"@type\":\"ListItem\",\"position\":2,\"name\":\"Zulia exalta su historia: El \u00abLegado de Gloria\u00bb reuni\u00f3 a los inmortales del deporte\"}]},{\"@type\":\"WebSite\",\"@id\":\"https:\\\/\\\/deportesdigital.com.ve\\\/public\\\/#website\",\"url\":\"https:\\\/\\\/deportesdigital.com.ve\\\/public\\\/\",\"name\":\"Deportes Digital\",\"description\":\"Solo Deportes\",\"publisher\":{\"@id\":\"https:\\\/\\\/deportesdigital.com.ve\\\/public\\\/#organization\"},\"potentialAction\":[{\"@type\":\"SearchAction\",\"target\":{\"@type\":\"EntryPoint\",\"urlTemplate\":\"https:\\\/\\\/deportesdigital.com.ve\\\/public\\\/?s={search_term_string}\"},\"query-input\":{\"@type\":\"PropertyValueSpecification\",\"valueRequired\":true,\"valueName\":\"search_term_string\"}}],\"inLanguage\":\"es\"},{\"@type\":\"Organization\",\"@id\":\"https:\\\/\\\/deportesdigital.com.ve\\\/public\\\/#organization\",\"name\":\"Deportes Digital\",\"url\":\"https:\\\/\\\/deportesdigital.com.ve\\\/public\\\/\",\"logo\":{\"@type\":\"ImageObject\",\"inLanguage\":\"es\",\"@id\":\"https:\\\/\\\/deportesdigital.com.ve\\\/public\\\/#\\\/schema\\\/logo\\\/image\\\/\",\"url\":\"https:\\\/\\\/i0.wp.com\\\/deportesdigital.com.ve\\\/public\\\/wp-content\\\/uploads\\\/2023\\\/09\\\/1677066431475.png?fit=1032%2C624&ssl=1\",\"contentUrl\":\"https:\\\/\\\/i0.wp.com\\\/deportesdigital.com.ve\\\/public\\\/wp-content\\\/uploads\\\/2023\\\/09\\\/1677066431475.png?fit=1032%2C624&ssl=1\",\"width\":1032,\"height\":624,\"caption\":\"Deportes Digital\"},\"image\":{\"@id\":\"https:\\\/\\\/deportesdigital.com.ve\\\/public\\\/#\\\/schema\\\/logo\\\/image\\\/\"},\"sameAs\":[\"https:\\\/\\\/www.facebook.com\\\/DeportesDigitalZulia25\",\"https:\\\/\\\/x.com\\\/deporteszulia\",\"https:\\\/\\\/www.instagram.com\\\/deportesdigitalzulia\\\/\"]},{\"@type\":\"Person\",\"@id\":\"https:\\\/\\\/deportesdigital.com.ve\\\/public\\\/#\\\/schema\\\/person\\\/57d2f23f17d761b1672066d1905e88a0\",\"name\":\"luisg15\",\"image\":{\"@type\":\"ImageObject\",\"inLanguage\":\"es\",\"@id\":\"https:\\\/\\\/secure.gravatar.com\\\/avatar\\\/4d424b63ebd2800d281b824141af3d97c1332dfdda83d70b2057085925af58a3?s=96&d=mm&r=g\",\"url\":\"https:\\\/\\\/secure.gravatar.com\\\/avatar\\\/4d424b63ebd2800d281b824141af3d97c1332dfdda83d70b2057085925af58a3?s=96&d=mm&r=g\",\"contentUrl\":\"https:\\\/\\\/secure.gravatar.com\\\/avatar\\\/4d424b63ebd2800d281b824141af3d97c1332dfdda83d70b2057085925af58a3?s=96&d=mm&r=g\",\"caption\":\"luisg15\"},\"description\":\"Medio de Comunicaci\u00f3n digital dedicado al deporte menor\",\"sameAs\":[\"https:\\\/\\\/deportesdigital.com.ve\\\/public\"],\"url\":\"https:\\\/\\\/deportesdigital.com.ve\\\/public\\\/author\\\/luisg15\\\/\"}]}<\/script>\n<!-- \/ Yoast SEO plugin. -->","yoast_head_json":{"title":"Zulia exalta su historia: El \"Legado de Gloria\" reuni\u00f3 a los inmortales del deporte - Deportes Digital","robots":{"index":"index","follow":"follow","max-snippet":"max-snippet:-1","max-image-preview":"max-image-preview:large","max-video-preview":"max-video-preview:-1"},"canonical":"https:\/\/deportesdigital.com.ve\/public\/zulia-exalta-su-historia-el-legado-de-gloria-reunio-a-los-inmortales-del-deporte\/","og_locale":"es_ES","og_type":"article","og_title":"Zulia exalta su historia: El \"Legado de Gloria\" reuni\u00f3 a los inmortales del deporte - Deportes Digital","og_description":"El acto subray\u00f3 que estos atletas son el espejo de las nuevas generaciones, destacando que su mayor r\u00e9cord no solo fueron sus marcas, sino el ejemplo de disciplina y humildad [&hellip;]","og_url":"https:\/\/deportesdigital.com.ve\/public\/zulia-exalta-su-historia-el-legado-de-gloria-reunio-a-los-inmortales-del-deporte\/","og_site_name":"Deportes Digital","article_publisher":"https:\/\/www.facebook.com\/DeportesDigitalZulia25","article_published_time":"2026-02-14T00:57:29+00:00","og_image":[{"width":800,"height":399,"url":"https:\/\/deportesdigital.com.ve\/public\/wp-content\/uploads\/2026\/02\/1-8.jpg","type":"image\/jpeg"}],"author":"luisg15","twitter_card":"summary_large_image","twitter_creator":"@deporteszulia","twitter_site":"@deporteszulia","twitter_misc":{"Escrito por":"luisg15","Tiempo de lectura":"3 minutos"},"schema":{"@context":"https:\/\/schema.org","@graph":[{"@type":"Article","@id":"https:\/\/deportesdigital.com.ve\/public\/zulia-exalta-su-historia-el-legado-de-gloria-reunio-a-los-inmortales-del-deporte\/#article","isPartOf":{"@id":"https:\/\/deportesdigital.com.ve\/public\/zulia-exalta-su-historia-el-legado-de-gloria-reunio-a-los-inmortales-del-deporte\/"},"author":{"name":"luisg15","@id":"https:\/\/deportesdigital.com.ve\/public\/#\/schema\/person\/57d2f23f17d761b1672066d1905e88a0"},"headline":"Zulia exalta su historia: El \u00abLegado de Gloria\u00bb reuni\u00f3 a los inmortales del deporte","datePublished":"2026-02-14T00:57:29+00:00","mainEntityOfPage":{"@id":"https:\/\/deportesdigital.com.ve\/public\/zulia-exalta-su-historia-el-legado-de-gloria-reunio-a-los-inmortales-del-deporte\/"},"wordCount":562,"commentCount":0,"publisher":{"@id":"https:\/\/deportesdigital.com.ve\/public\/#organization"},"image":{"@id":"https:\/\/deportesdigital.com.ve\/public\/zulia-exalta-su-historia-el-legado-de-gloria-reunio-a-los-inmortales-del-deporte\/#primaryimage"},"thumbnailUrl":"https:\/\/deportesdigital.com.ve\/public\/wp-content\/uploads\/2026\/02\/1-8.jpg","articleSection":["Otros Deportes"],"inLanguage":"es","potentialAction":[{"@type":"CommentAction","name":"Comment","target":["https:\/\/deportesdigital.com.ve\/public\/zulia-exalta-su-historia-el-legado-de-gloria-reunio-a-los-inmortales-del-deporte\/#respond"]}]},{"@type":"WebPage","@id":"https:\/\/deportesdigital.com.ve\/public\/zulia-exalta-su-historia-el-legado-de-gloria-reunio-a-los-inmortales-del-deporte\/","url":"https:\/\/deportesdigital.com.ve\/public\/zulia-exalta-su-historia-el-legado-de-gloria-reunio-a-los-inmortales-del-deporte\/","name":"Zulia exalta su historia: El \"Legado de Gloria\" reuni\u00f3 a los inmortales del deporte - Deportes Digital","isPartOf":{"@id":"https:\/\/deportesdigital.com.ve\/public\/#website"},"primaryImageOfPage":{"@id":"https:\/\/deportesdigital.com.ve\/public\/zulia-exalta-su-historia-el-legado-de-gloria-reunio-a-los-inmortales-del-deporte\/#primaryimage"},"image":{"@id":"https:\/\/deportesdigital.com.ve\/public\/zulia-exalta-su-historia-el-legado-de-gloria-reunio-a-los-inmortales-del-deporte\/#primaryimage"},"thumbnailUrl":"https:\/\/deportesdigital.com.ve\/public\/wp-content\/uploads\/2026\/02\/1-8.jpg","datePublished":"2026-02-14T00:57:29+00:00","breadcrumb":{"@id":"https:\/\/deportesdigital.com.ve\/public\/zulia-exalta-su-historia-el-legado-de-gloria-reunio-a-los-inmortales-del-deporte\/#breadcrumb"},"inLanguage":"es","potentialAction":[{"@type":"ReadAction","target":["https:\/\/deportesdigital.com.ve\/public\/zulia-exalta-su-historia-el-legado-de-gloria-reunio-a-los-inmortales-del-deporte\/"]}]},{"@type":"ImageObject","inLanguage":"es","@id":"https:\/\/deportesdigital.com.ve\/public\/zulia-exalta-su-historia-el-legado-de-gloria-reunio-a-los-inmortales-del-deporte\/#primaryimage","url":"https:\/\/deportesdigital.com.ve\/public\/wp-content\/uploads\/2026\/02\/1-8.jpg","contentUrl":"https:\/\/deportesdigital.com.ve\/public\/wp-content\/uploads\/2026\/02\/1-8.jpg","width":800,"height":399},{"@type":"BreadcrumbList","@id":"https:\/\/deportesdigital.com.ve\/public\/zulia-exalta-su-historia-el-legado-de-gloria-reunio-a-los-inmortales-del-deporte\/#breadcrumb","itemListElement":[{"@type":"ListItem","position":1,"name":"Portada","item":"https:\/\/deportesdigital.com.ve\/public\/"},{"@type":"ListItem","position":2,"name":"Zulia exalta su historia: El \u00abLegado de Gloria\u00bb reuni\u00f3 a los inmortales del deporte"}]},{"@type":"WebSite","@id":"https:\/\/deportesdigital.com.ve\/public\/#website","url":"https:\/\/deportesdigital.com.ve\/public\/","name":"Deportes Digital","description":"Solo Deportes","publisher":{"@id":"https:\/\/deportesdigital.com.ve\/public\/#organization"},"potentialAction":[{"@type":"SearchAction","target":{"@type":"EntryPoint","urlTemplate":"https:\/\/deportesdigital.com.ve\/public\/?s={search_term_string}"},"query-input":{"@type":"PropertyValueSpecification","valueRequired":true,"valueName":"search_term_string"}}],"inLanguage":"es"},{"@type":"Organization","@id":"https:\/\/deportesdigital.com.ve\/public\/#organization","name":"Deportes Digital","url":"https:\/\/deportesdigital.com.ve\/public\/","logo":{"@type":"ImageObject","inLanguage":"es","@id":"https:\/\/deportesdigital.com.ve\/public\/#\/schema\/logo\/image\/","url":"https:\/\/i0.wp.com\/deportesdigital.com.ve\/public\/wp-content\/uploads\/2023\/09\/1677066431475.png?fit=1032%2C624&ssl=1","contentUrl":"https:\/\/i0.wp.com\/deportesdigital.com.ve\/public\/wp-content\/uploads\/2023\/09\/1677066431475.png?fit=1032%2C624&ssl=1","width":1032,"height":624,"caption":"Deportes Digital"},"image":{"@id":"https:\/\/deportesdigital.com.ve\/public\/#\/schema\/logo\/image\/"},"sameAs":["https:\/\/www.facebook.com\/DeportesDigitalZulia25","https:\/\/x.com\/deporteszulia","https:\/\/www.instagram.com\/deportesdigitalzulia\/"]},{"@type":"Person","@id":"https:\/\/deportesdigital.com.ve\/public\/#\/schema\/person\/57d2f23f17d761b1672066d1905e88a0","name":"luisg15","image":{"@type":"ImageObject","inLanguage":"es","@id":"https:\/\/secure.gravatar.com\/avatar\/4d424b63ebd2800d281b824141af3d97c1332dfdda83d70b2057085925af58a3?s=96&d=mm&r=g","url":"https:\/\/secure.gravatar.com\/avatar\/4d424b63ebd2800d281b824141af3d97c1332dfdda83d70b2057085925af58a3?s=96&d=mm&r=g","contentUrl":"https:\/\/secure.gravatar.com\/avatar\/4d424b63ebd2800d281b824141af3d97c1332dfdda83d70b2057085925af58a3?s=96&d=mm&r=g","caption":"luisg15"},"description":"Medio de Comunicaci\u00f3n digital dedicado al deporte menor","sameAs":["https:\/\/deportesdigital.com.ve\/public"],"url":"https:\/\/deportesdigital.com.ve\/public\/author\/luisg15\/"}]}},"_links":{"self":[{"href":"https:\/\/deportesdigital.com.ve\/public\/wp-json\/wp\/v2\/posts\/113131","targetHints":{"allow":["GET"]}}],"collection":[{"href":"https:\/\/deportesdigital.com.ve\/public\/wp-json\/wp\/v2\/posts"}],"about":[{"href":"https:\/\/deportesdigital.com.ve\/public\/wp-json\/wp\/v2\/types\/post"}],"author":[{"embeddable":true,"href":"https:\/\/deportesdigital.com.ve\/public\/wp-json\/wp\/v2\/users\/1"}],"replies":[{"embeddable":true,"href":"https:\/\/deportesdigital.com.ve\/public\/wp-json\/wp\/v2\/comments?post=113131"}],"version-history":[{"count":1,"href":"https:\/\/deportesdigital.com.ve\/public\/wp-json\/wp\/v2\/posts\/113131\/revisions"}],"predecessor-version":[{"id":113143,"href":"https:\/\/deportesdigital.com.ve\/public\/wp-json\/wp\/v2\/posts\/113131\/revisions\/113143"}],"wp:featuredmedia":[{"embeddable":true,"href":"https:\/\/deportesdigital.com.ve\/public\/wp-json\/wp\/v2\/media\/113142"}],"wp:attachment":[{"href":"https:\/\/deportesdigital.com.ve\/public\/wp-json\/wp\/v2\/media?parent=113131"}],"wp:term":[{"taxonomy":"category","embeddable":true,"href":"https:\/\/deportesdigital.com.ve\/public\/wp-json\/wp\/v2\/categories?post=113131"},{"taxonomy":"post_tag","embeddable":true,"href":"https:\/\/deportesdigital.com.ve\/public\/wp-json\/wp\/v2\/tags?post=113131"}],"curies":[{"name":"wp","href":"https:\/\/api.w.org\/{rel}","templated":true}]}}