{"id":113045,"date":"2026-02-12T06:53:36","date_gmt":"2026-02-12T10:53:36","guid":{"rendered":"https:\/\/deportesdigital.com.ve\/public\/?p=113045"},"modified":"2026-02-12T07:57:54","modified_gmt":"2026-02-12T11:57:54","slug":"criollitos-maracaibo-toma-el-mando-en-el-interligas-formacion","status":"publish","type":"post","link":"https:\/\/deportesdigital.com.ve\/public\/criollitos-maracaibo-toma-el-mando-en-el-interligas-formacion\/","title":{"rendered":"Criollitos Maracaibo toma el mando en el Interligas Formaci\u00f3n"},"content":{"rendered":"<p><em><strong>\u00a0Esta fase Interligas es el filtro definitivo para clasificar al Campeonato Estatal de la categor\u00eda Formaci\u00f3n, el cual est\u00e1 programado para realizarse en el mes de marzo.<\/strong><\/em><\/p>\n<hr \/>\n<p><strong><em>Jos\u00e9 Gil Deportes Digital\/Maracaibo:<\/em><\/strong> La emoci\u00f3n del b\u00e9isbol menor contin\u00faa encendida en el estado Zulia. El equipo naranja de <strong>Criollitos Maracaibo<\/strong> logr\u00f3 su segundo triunfo consecutivo, posicion\u00e1ndose como el l\u00edder solitario de la zona Maracaibo en el torneo Interligas de la categor\u00eda Formaci\u00f3n, organizado por la Asociaci\u00f3n de B\u00e9isbol del Zulia.<\/p>\n<p><strong>Criollitos domina en el \u00abHermanos Alvarado\u00bb<\/strong><\/p>\n<p><img loading=\"lazy\" decoding=\"async\" class=\"size-full wp-image-113064 aligncenter\" src=\"https:\/\/deportesdigital.com.ve\/public\/wp-content\/uploads\/2026\/02\/19-4.jpg\" alt=\"\" width=\"800\" height=\"400\" srcset=\"https:\/\/deportesdigital.com.ve\/public\/wp-content\/uploads\/2026\/02\/19-4.jpg 800w, https:\/\/deportesdigital.com.ve\/public\/wp-content\/uploads\/2026\/02\/19-4-300x150.jpg 300w, https:\/\/deportesdigital.com.ve\/public\/wp-content\/uploads\/2026\/02\/19-4-768x384.jpg 768w, https:\/\/deportesdigital.com.ve\/public\/wp-content\/uploads\/2026\/02\/19-4-730x365.jpg 730w, https:\/\/deportesdigital.com.ve\/public\/wp-content\/uploads\/2026\/02\/19-4-435x218.jpg 435w\" sizes=\"auto, (max-width: 800px) 100vw, 800px\" \/><\/p>\n<p>En un emocionante encuentro disputado en el estadio de las Peque\u00f1as Ligas Coquivacoa, la novena de <strong>Criollitos Maracaibo super\u00f3 8-5 a Coquivacoa<\/strong>. Con este resultado, Criollitos se afianza en la cima con r\u00e9cord invicto de 2-0.<\/p>\n<p><img loading=\"lazy\" decoding=\"async\" class=\"size-full wp-image-113047 aligncenter\" src=\"https:\/\/deportesdigital.com.ve\/public\/wp-content\/uploads\/2026\/02\/2-6.jpg\" alt=\"\" width=\"800\" height=\"469\" srcset=\"https:\/\/deportesdigital.com.ve\/public\/wp-content\/uploads\/2026\/02\/2-6.jpg 800w, https:\/\/deportesdigital.com.ve\/public\/wp-content\/uploads\/2026\/02\/2-6-300x176.jpg 300w, https:\/\/deportesdigital.com.ve\/public\/wp-content\/uploads\/2026\/02\/2-6-768x450.jpg 768w, https:\/\/deportesdigital.com.ve\/public\/wp-content\/uploads\/2026\/02\/2-6-730x428.jpg 730w, https:\/\/deportesdigital.com.ve\/public\/wp-content\/uploads\/2026\/02\/2-6-435x255.jpg 435w\" sizes=\"auto, (max-width: 800px) 100vw, 800px\" \/><\/p>\n<p><strong>P\u00edtcher ganador:<\/strong> Emmanuel Manga.<\/p>\n<p><strong>P\u00edtcher derrotado:<\/strong> Fabi\u00e1n Romero.<\/p>\n<p><img loading=\"lazy\" decoding=\"async\" class=\" wp-image-113052 aligncenter\" src=\"https:\/\/deportesdigital.com.ve\/public\/wp-content\/uploads\/2026\/02\/7-6.jpg\" alt=\"\" width=\"671\" height=\"480\" srcset=\"https:\/\/deportesdigital.com.ve\/public\/wp-content\/uploads\/2026\/02\/7-6.jpg 800w, https:\/\/deportesdigital.com.ve\/public\/wp-content\/uploads\/2026\/02\/7-6-300x215.jpg 300w, https:\/\/deportesdigital.com.ve\/public\/wp-content\/uploads\/2026\/02\/7-6-768x549.jpg 768w, https:\/\/deportesdigital.com.ve\/public\/wp-content\/uploads\/2026\/02\/7-6-730x522.jpg 730w, https:\/\/deportesdigital.com.ve\/public\/wp-content\/uploads\/2026\/02\/7-6-435x311.jpg 435w\" sizes=\"auto, (max-width: 671px) 100vw, 671px\" \/><\/p>\n<p>&nbsp;<\/p>\n<p><strong>Destacados:<\/strong> Por Coquivacoa, Mateo Monta\u00f1o (3-2) y Samuel Ortega (2-2) intentaron la remontada, pero no fue suficiente.<\/p>\n<p>&nbsp;<\/p>\n<p><img loading=\"lazy\" decoding=\"async\" class=\"size-full wp-image-113055 aligncenter\" src=\"https:\/\/deportesdigital.com.ve\/public\/wp-content\/uploads\/2026\/02\/10-7.jpg\" alt=\"\" width=\"800\" height=\"574\" srcset=\"https:\/\/deportesdigital.com.ve\/public\/wp-content\/uploads\/2026\/02\/10-7.jpg 800w, https:\/\/deportesdigital.com.ve\/public\/wp-content\/uploads\/2026\/02\/10-7-300x215.jpg 300w, https:\/\/deportesdigital.com.ve\/public\/wp-content\/uploads\/2026\/02\/10-7-768x551.jpg 768w, https:\/\/deportesdigital.com.ve\/public\/wp-content\/uploads\/2026\/02\/10-7-730x524.jpg 730w, https:\/\/deportesdigital.com.ve\/public\/wp-content\/uploads\/2026\/02\/10-7-435x312.jpg 435w\" sizes=\"auto, (max-width: 800px) 100vw, 800px\" \/>En la misma sede, el equipo de <strong>Cacique Mara propin\u00f3 una contundente paliza de 20-8 a la novena de Federado<\/strong>.<\/p>\n<p><img loading=\"lazy\" decoding=\"async\" class=\"size-full wp-image-113061 aligncenter\" src=\"https:\/\/deportesdigital.com.ve\/public\/wp-content\/uploads\/2026\/02\/16-2.jpg\" alt=\"\" width=\"800\" height=\"747\" srcset=\"https:\/\/deportesdigital.com.ve\/public\/wp-content\/uploads\/2026\/02\/16-2.jpg 800w, https:\/\/deportesdigital.com.ve\/public\/wp-content\/uploads\/2026\/02\/16-2-300x280.jpg 300w, https:\/\/deportesdigital.com.ve\/public\/wp-content\/uploads\/2026\/02\/16-2-768x717.jpg 768w, https:\/\/deportesdigital.com.ve\/public\/wp-content\/uploads\/2026\/02\/16-2-730x682.jpg 730w, https:\/\/deportesdigital.com.ve\/public\/wp-content\/uploads\/2026\/02\/16-2-435x406.jpg 435w\" sizes=\"auto, (max-width: 800px) 100vw, 800px\" \/><\/p>\n<p><strong>Brillaron al bate:<\/strong> Jerem\u00edas Ariendi se luci\u00f3 al irse de 2-2 con un jonr\u00f3n, 3 impulsadas y 5 anotadas; seguido por \u00c1ngel Hern\u00e1ndez con 2-2 y 2 remolcadas.<\/p>\n<p><img loading=\"lazy\" decoding=\"async\" class=\" wp-image-113060 aligncenter\" src=\"https:\/\/deportesdigital.com.ve\/public\/wp-content\/uploads\/2026\/02\/15-3.jpg\" alt=\"\" width=\"690\" height=\"531\" srcset=\"https:\/\/deportesdigital.com.ve\/public\/wp-content\/uploads\/2026\/02\/15-3.jpg 800w, https:\/\/deportesdigital.com.ve\/public\/wp-content\/uploads\/2026\/02\/15-3-300x231.jpg 300w, https:\/\/deportesdigital.com.ve\/public\/wp-content\/uploads\/2026\/02\/15-3-768x591.jpg 768w, https:\/\/deportesdigital.com.ve\/public\/wp-content\/uploads\/2026\/02\/15-3-730x562.jpg 730w, https:\/\/deportesdigital.com.ve\/public\/wp-content\/uploads\/2026\/02\/15-3-435x335.jpg 435w\" sizes=\"auto, (max-width: 690px) 100vw, 690px\" \/><\/p>\n<p><strong>Lanzadores:<\/strong> Teilor Ant\u00fanez se acredit\u00f3 el triunfo, mientras que Miguel Espina carg\u00f3 con el rev\u00e9s.<\/p>\n<p><img loading=\"lazy\" decoding=\"async\" class=\" wp-image-113056 aligncenter\" src=\"https:\/\/deportesdigital.com.ve\/public\/wp-content\/uploads\/2026\/02\/11-6.jpg\" alt=\"\" width=\"616\" height=\"533\" srcset=\"https:\/\/deportesdigital.com.ve\/public\/wp-content\/uploads\/2026\/02\/11-6.jpg 800w, https:\/\/deportesdigital.com.ve\/public\/wp-content\/uploads\/2026\/02\/11-6-300x260.jpg 300w, https:\/\/deportesdigital.com.ve\/public\/wp-content\/uploads\/2026\/02\/11-6-768x664.jpg 768w, https:\/\/deportesdigital.com.ve\/public\/wp-content\/uploads\/2026\/02\/11-6-730x631.jpg 730w, https:\/\/deportesdigital.com.ve\/public\/wp-content\/uploads\/2026\/02\/11-6-435x376.jpg 435w\" sizes=\"auto, (max-width: 616px) 100vw, 616px\" \/><\/p>\n<p><strong>Posiciones: Zona Maracaibo<\/strong><\/p>\n<table>\n<thead>\n<tr>\n<td><strong>Equipo<\/strong><\/td>\n<td><strong>R\u00e9cord (V-D)<\/strong><\/td>\n<td><strong>Estatus<\/strong><\/td>\n<\/tr>\n<\/thead>\n<tbody>\n<tr>\n<td><strong>Criollitos Maracaibo<\/strong><\/td>\n<td>2 &#8211; 0<\/td>\n<td>L\u00edder<\/td>\n<\/tr>\n<tr>\n<td><strong>Coquivacoa<\/strong><\/td>\n<td>1 &#8211; 1<\/td>\n<td>Escolta<\/td>\n<\/tr>\n<tr>\n<td><strong>Cacique Mara<\/strong><\/td>\n<td>1 &#8211; 1<\/td>\n<td>Escolta<\/td>\n<\/tr>\n<tr>\n<td><strong>Federado<\/strong><\/td>\n<td>0 &#8211; 2<\/td>\n<td>\u00daltimo lugar<\/td>\n<\/tr>\n<\/tbody>\n<\/table>\n<p><img loading=\"lazy\" decoding=\"async\" class=\" wp-image-113054 aligncenter\" src=\"https:\/\/deportesdigital.com.ve\/public\/wp-content\/uploads\/2026\/02\/9-8.jpg\" alt=\"\" width=\"649\" height=\"568\" srcset=\"https:\/\/deportesdigital.com.ve\/public\/wp-content\/uploads\/2026\/02\/9-8.jpg 800w, https:\/\/deportesdigital.com.ve\/public\/wp-content\/uploads\/2026\/02\/9-8-300x263.jpg 300w, https:\/\/deportesdigital.com.ve\/public\/wp-content\/uploads\/2026\/02\/9-8-768x672.jpg 768w, https:\/\/deportesdigital.com.ve\/public\/wp-content\/uploads\/2026\/02\/9-8-730x639.jpg 730w, https:\/\/deportesdigital.com.ve\/public\/wp-content\/uploads\/2026\/02\/9-8-435x381.jpg 435w\" sizes=\"auto, (max-width: 649px) 100vw, 649px\" \/><\/p>\n<p><strong>San Francisco golpea primero en la Zona Sur<\/strong><\/p>\n<p><img loading=\"lazy\" decoding=\"async\" class=\"wp-image-113070  aligncenter\" src=\"https:\/\/deportesdigital.com.ve\/public\/wp-content\/uploads\/2026\/02\/WhatsApp-Image-2026-02-11-at-5.01.46-PM-1-e1770897340133.jpeg\" alt=\"\" width=\"733\" height=\"460\" srcset=\"https:\/\/deportesdigital.com.ve\/public\/wp-content\/uploads\/2026\/02\/WhatsApp-Image-2026-02-11-at-5.01.46-PM-1-e1770897340133.jpeg 1004w, https:\/\/deportesdigital.com.ve\/public\/wp-content\/uploads\/2026\/02\/WhatsApp-Image-2026-02-11-at-5.01.46-PM-1-e1770897340133-300x188.jpeg 300w, https:\/\/deportesdigital.com.ve\/public\/wp-content\/uploads\/2026\/02\/WhatsApp-Image-2026-02-11-at-5.01.46-PM-1-e1770897340133-768x482.jpeg 768w, https:\/\/deportesdigital.com.ve\/public\/wp-content\/uploads\/2026\/02\/WhatsApp-Image-2026-02-11-at-5.01.46-PM-1-e1770897340133-730x458.jpeg 730w, https:\/\/deportesdigital.com.ve\/public\/wp-content\/uploads\/2026\/02\/WhatsApp-Image-2026-02-11-at-5.01.46-PM-1-e1770897340133-435x273.jpeg 435w\" sizes=\"auto, (max-width: 733px) 100vw, 733px\" \/><\/p>\n<p>En el inicio de la serie (al mejor de 3-2), el estadio Jos\u00e9 Luis Salas fue testigo del dominio de <strong>San Francisco, que venci\u00f3 por nocaut de 15-1 a Sierra Maestra<\/strong>. El lanzador Ariangel Chourio se llev\u00f3 los honores, mientras que Eudio Camargo sufri\u00f3 la derrota.<\/p>\n<p><img loading=\"lazy\" decoding=\"async\" class=\"alignnone wp-image-113071 size-full\" src=\"https:\/\/deportesdigital.com.ve\/public\/wp-content\/uploads\/2026\/02\/WhatsApp-Image-2026-02-11-at-5.01.46-PM-e1770897434489.jpeg\" alt=\"\" width=\"863\" height=\"540\" srcset=\"https:\/\/deportesdigital.com.ve\/public\/wp-content\/uploads\/2026\/02\/WhatsApp-Image-2026-02-11-at-5.01.46-PM-e1770897434489.jpeg 863w, https:\/\/deportesdigital.com.ve\/public\/wp-content\/uploads\/2026\/02\/WhatsApp-Image-2026-02-11-at-5.01.46-PM-e1770897434489-300x188.jpeg 300w, https:\/\/deportesdigital.com.ve\/public\/wp-content\/uploads\/2026\/02\/WhatsApp-Image-2026-02-11-at-5.01.46-PM-e1770897434489-768x481.jpeg 768w, https:\/\/deportesdigital.com.ve\/public\/wp-content\/uploads\/2026\/02\/WhatsApp-Image-2026-02-11-at-5.01.46-PM-e1770897434489-730x457.jpeg 730w, https:\/\/deportesdigital.com.ve\/public\/wp-content\/uploads\/2026\/02\/WhatsApp-Image-2026-02-11-at-5.01.46-PM-e1770897434489-435x272.jpeg 435w\" sizes=\"auto, (max-width: 863px) 100vw, 863px\" \/><\/p>\n<p>F\u00e9lix Troncoso fue el baluarte ofensivo por los ganadores al irse de 2-2. El segundo duelo de esta serie se disputar\u00e1 este jueves a las 2:00 PM en el estadio \u00abPapuche\u00bb D\u00edaz.<\/p>\n<p><strong>Acci\u00f3n en la Costa Oriental del Lago<\/strong><\/p>\n<p>La disputa por el cupo estatal en la COL se mantiene re\u00f1ida:<\/p>\n<p><strong>Luz Cabimas<\/strong> demostr\u00f3 su poder\u00edo inicial al blanquear <strong>10-0 a Altagracia<\/strong> en el estadio Venoil.<\/p>\n<p><img loading=\"lazy\" decoding=\"async\" class=\"wp-image-113072 size-full aligncenter\" src=\"https:\/\/deportesdigital.com.ve\/public\/wp-content\/uploads\/2026\/02\/WhatsApp-Image-2026-02-11-at-8.21.25-PM-2-e1770897467667.jpeg\" alt=\"\" width=\"720\" height=\"520\" srcset=\"https:\/\/deportesdigital.com.ve\/public\/wp-content\/uploads\/2026\/02\/WhatsApp-Image-2026-02-11-at-8.21.25-PM-2-e1770897467667.jpeg 720w, https:\/\/deportesdigital.com.ve\/public\/wp-content\/uploads\/2026\/02\/WhatsApp-Image-2026-02-11-at-8.21.25-PM-2-e1770897467667-300x217.jpeg 300w, https:\/\/deportesdigital.com.ve\/public\/wp-content\/uploads\/2026\/02\/WhatsApp-Image-2026-02-11-at-8.21.25-PM-2-e1770897467667-435x314.jpeg 435w\" sizes=\"auto, (max-width: 720px) 100vw, 720px\" \/><\/p>\n<p>Sin embargo, <strong>Altagracia se recuper\u00f3<\/strong> en la segunda jornada, derrotando contundentemente a <strong>Tamare 13-3<\/strong> en el estadio Juan Ferrer.<\/p>\n<p>Este jueves, la acci\u00f3n se traslada al estadio L5 a las 2:00 PM, donde se ver\u00e1n las caras Luz Cabimas y Tamare.<\/p>\n<p><strong>Camino al Estatal<\/strong><\/p>\n<p>Esta fase Interligas es el filtro definitivo para clasificar al <strong>Campeonato Estatal de la categor\u00eda Formaci\u00f3n<\/strong>, el cual est\u00e1 programado para realizarse en el mes de marzo bajo la organizaci\u00f3n de la Asociaci\u00f3n de B\u00e9isbol del Zulia.<\/p>\n<p><strong><em>Sigue esta y otras #Noticias ingresando a nuestras plataformas digitales Deportes Digital, en Instagram, Facebook, Twitter, y en nuestros grupos de Whatsapp y Telegram.<\/em><\/strong><\/p>\n<p><img loading=\"lazy\" decoding=\"async\" class=\"alignnone size-full wp-image-113063\" src=\"https:\/\/deportesdigital.com.ve\/public\/wp-content\/uploads\/2026\/02\/18-2.jpg\" alt=\"\" width=\"800\" height=\"567\" srcset=\"https:\/\/deportesdigital.com.ve\/public\/wp-content\/uploads\/2026\/02\/18-2.jpg 800w, https:\/\/deportesdigital.com.ve\/public\/wp-content\/uploads\/2026\/02\/18-2-300x213.jpg 300w, https:\/\/deportesdigital.com.ve\/public\/wp-content\/uploads\/2026\/02\/18-2-768x544.jpg 768w, https:\/\/deportesdigital.com.ve\/public\/wp-content\/uploads\/2026\/02\/18-2-730x517.jpg 730w, https:\/\/deportesdigital.com.ve\/public\/wp-content\/uploads\/2026\/02\/18-2-435x308.jpg 435w\" sizes=\"auto, (max-width: 800px) 100vw, 800px\" \/> <img loading=\"lazy\" decoding=\"async\" class=\"alignnone size-full wp-image-113062\" src=\"https:\/\/deportesdigital.com.ve\/public\/wp-content\/uploads\/2026\/02\/17-3.jpg\" alt=\"\" width=\"800\" height=\"632\" srcset=\"https:\/\/deportesdigital.com.ve\/public\/wp-content\/uploads\/2026\/02\/17-3.jpg 800w, https:\/\/deportesdigital.com.ve\/public\/wp-content\/uploads\/2026\/02\/17-3-300x237.jpg 300w, https:\/\/deportesdigital.com.ve\/public\/wp-content\/uploads\/2026\/02\/17-3-768x607.jpg 768w, https:\/\/deportesdigital.com.ve\/public\/wp-content\/uploads\/2026\/02\/17-3-730x577.jpg 730w, https:\/\/deportesdigital.com.ve\/public\/wp-content\/uploads\/2026\/02\/17-3-435x344.jpg 435w\" sizes=\"auto, (max-width: 800px) 100vw, 800px\" \/> <img loading=\"lazy\" decoding=\"async\" class=\"alignnone size-full wp-image-113059\" src=\"https:\/\/deportesdigital.com.ve\/public\/wp-content\/uploads\/2026\/02\/14-5.jpg\" alt=\"\" width=\"800\" height=\"667\" srcset=\"https:\/\/deportesdigital.com.ve\/public\/wp-content\/uploads\/2026\/02\/14-5.jpg 800w, https:\/\/deportesdigital.com.ve\/public\/wp-content\/uploads\/2026\/02\/14-5-300x250.jpg 300w, https:\/\/deportesdigital.com.ve\/public\/wp-content\/uploads\/2026\/02\/14-5-768x640.jpg 768w, https:\/\/deportesdigital.com.ve\/public\/wp-content\/uploads\/2026\/02\/14-5-730x609.jpg 730w, https:\/\/deportesdigital.com.ve\/public\/wp-content\/uploads\/2026\/02\/14-5-435x363.jpg 435w\" sizes=\"auto, (max-width: 800px) 100vw, 800px\" \/> <img loading=\"lazy\" decoding=\"async\" class=\"alignnone size-full wp-image-113058\" src=\"https:\/\/deportesdigital.com.ve\/public\/wp-content\/uploads\/2026\/02\/13-6.jpg\" alt=\"\" width=\"800\" height=\"675\" srcset=\"https:\/\/deportesdigital.com.ve\/public\/wp-content\/uploads\/2026\/02\/13-6.jpg 800w, https:\/\/deportesdigital.com.ve\/public\/wp-content\/uploads\/2026\/02\/13-6-300x253.jpg 300w, https:\/\/deportesdigital.com.ve\/public\/wp-content\/uploads\/2026\/02\/13-6-768x648.jpg 768w, https:\/\/deportesdigital.com.ve\/public\/wp-content\/uploads\/2026\/02\/13-6-730x616.jpg 730w, https:\/\/deportesdigital.com.ve\/public\/wp-content\/uploads\/2026\/02\/13-6-435x367.jpg 435w\" sizes=\"auto, (max-width: 800px) 100vw, 800px\" \/> <img loading=\"lazy\" decoding=\"async\" class=\"alignnone size-full wp-image-113057\" src=\"https:\/\/deportesdigital.com.ve\/public\/wp-content\/uploads\/2026\/02\/12-8.jpg\" alt=\"\" width=\"800\" height=\"678\" srcset=\"https:\/\/deportesdigital.com.ve\/public\/wp-content\/uploads\/2026\/02\/12-8.jpg 800w, https:\/\/deportesdigital.com.ve\/public\/wp-content\/uploads\/2026\/02\/12-8-300x254.jpg 300w, https:\/\/deportesdigital.com.ve\/public\/wp-content\/uploads\/2026\/02\/12-8-768x651.jpg 768w, https:\/\/deportesdigital.com.ve\/public\/wp-content\/uploads\/2026\/02\/12-8-730x619.jpg 730w, https:\/\/deportesdigital.com.ve\/public\/wp-content\/uploads\/2026\/02\/12-8-435x369.jpg 435w\" sizes=\"auto, (max-width: 800px) 100vw, 800px\" \/> <img loading=\"lazy\" decoding=\"async\" class=\"alignnone size-full wp-image-113053\" src=\"https:\/\/deportesdigital.com.ve\/public\/wp-content\/uploads\/2026\/02\/8-7.jpg\" alt=\"\" width=\"800\" height=\"657\" srcset=\"https:\/\/deportesdigital.com.ve\/public\/wp-content\/uploads\/2026\/02\/8-7.jpg 800w, https:\/\/deportesdigital.com.ve\/public\/wp-content\/uploads\/2026\/02\/8-7-300x246.jpg 300w, https:\/\/deportesdigital.com.ve\/public\/wp-content\/uploads\/2026\/02\/8-7-768x631.jpg 768w, https:\/\/deportesdigital.com.ve\/public\/wp-content\/uploads\/2026\/02\/8-7-730x600.jpg 730w, https:\/\/deportesdigital.com.ve\/public\/wp-content\/uploads\/2026\/02\/8-7-435x357.jpg 435w\" sizes=\"auto, (max-width: 800px) 100vw, 800px\" \/> <img loading=\"lazy\" decoding=\"async\" class=\"alignnone size-full wp-image-113051\" src=\"https:\/\/deportesdigital.com.ve\/public\/wp-content\/uploads\/2026\/02\/6-7.jpg\" alt=\"\" width=\"800\" height=\"852\" srcset=\"https:\/\/deportesdigital.com.ve\/public\/wp-content\/uploads\/2026\/02\/6-7.jpg 800w, https:\/\/deportesdigital.com.ve\/public\/wp-content\/uploads\/2026\/02\/6-7-282x300.jpg 282w, https:\/\/deportesdigital.com.ve\/public\/wp-content\/uploads\/2026\/02\/6-7-768x818.jpg 768w, https:\/\/deportesdigital.com.ve\/public\/wp-content\/uploads\/2026\/02\/6-7-730x777.jpg 730w, https:\/\/deportesdigital.com.ve\/public\/wp-content\/uploads\/2026\/02\/6-7-435x463.jpg 435w\" sizes=\"auto, (max-width: 800px) 100vw, 800px\" \/> <img loading=\"lazy\" decoding=\"async\" class=\"alignnone size-full wp-image-113050\" src=\"https:\/\/deportesdigital.com.ve\/public\/wp-content\/uploads\/2026\/02\/5-7.jpg\" alt=\"\" width=\"800\" height=\"618\" srcset=\"https:\/\/deportesdigital.com.ve\/public\/wp-content\/uploads\/2026\/02\/5-7.jpg 800w, https:\/\/deportesdigital.com.ve\/public\/wp-content\/uploads\/2026\/02\/5-7-300x232.jpg 300w, https:\/\/deportesdigital.com.ve\/public\/wp-content\/uploads\/2026\/02\/5-7-768x593.jpg 768w, https:\/\/deportesdigital.com.ve\/public\/wp-content\/uploads\/2026\/02\/5-7-730x564.jpg 730w, https:\/\/deportesdigital.com.ve\/public\/wp-content\/uploads\/2026\/02\/5-7-435x336.jpg 435w\" sizes=\"auto, (max-width: 800px) 100vw, 800px\" \/> <img loading=\"lazy\" decoding=\"async\" class=\"alignnone size-full wp-image-113049\" src=\"https:\/\/deportesdigital.com.ve\/public\/wp-content\/uploads\/2026\/02\/4-6.jpg\" alt=\"\" width=\"800\" height=\"570\" srcset=\"https:\/\/deportesdigital.com.ve\/public\/wp-content\/uploads\/2026\/02\/4-6.jpg 800w, https:\/\/deportesdigital.com.ve\/public\/wp-content\/uploads\/2026\/02\/4-6-300x214.jpg 300w, https:\/\/deportesdigital.com.ve\/public\/wp-content\/uploads\/2026\/02\/4-6-768x547.jpg 768w, https:\/\/deportesdigital.com.ve\/public\/wp-content\/uploads\/2026\/02\/4-6-730x520.jpg 730w, https:\/\/deportesdigital.com.ve\/public\/wp-content\/uploads\/2026\/02\/4-6-435x310.jpg 435w\" sizes=\"auto, (max-width: 800px) 100vw, 800px\" \/> <img loading=\"lazy\" decoding=\"async\" class=\"alignnone size-full wp-image-113046\" src=\"https:\/\/deportesdigital.com.ve\/public\/wp-content\/uploads\/2026\/02\/1-6.jpg\" alt=\"\" width=\"800\" height=\"666\" srcset=\"https:\/\/deportesdigital.com.ve\/public\/wp-content\/uploads\/2026\/02\/1-6.jpg 800w, https:\/\/deportesdigital.com.ve\/public\/wp-content\/uploads\/2026\/02\/1-6-300x250.jpg 300w, https:\/\/deportesdigital.com.ve\/public\/wp-content\/uploads\/2026\/02\/1-6-768x639.jpg 768w, https:\/\/deportesdigital.com.ve\/public\/wp-content\/uploads\/2026\/02\/1-6-730x608.jpg 730w, https:\/\/deportesdigital.com.ve\/public\/wp-content\/uploads\/2026\/02\/1-6-435x362.jpg 435w\" sizes=\"auto, (max-width: 800px) 100vw, 800px\" \/><\/p>\n<p>&nbsp;<\/p>\n<p>&nbsp;<\/p>\n<p>&nbsp;<\/p>\n","protected":false},"excerpt":{"rendered":"<p>\u00a0Esta fase Interligas es el filtro definitivo para clasificar al Campeonato Estatal de la categor\u00eda Formaci\u00f3n, el cual est\u00e1 programado para realizarse en el mes de marzo. Jos\u00e9 Gil Deportes [&hellip;]<\/p>\n","protected":false},"author":1,"featured_media":113048,"comment_status":"open","ping_status":"closed","sticky":false,"template":"","format":"standard","meta":{"footnotes":""},"categories":[2],"tags":[],"class_list":["post-113045","post","type-post","status-publish","format-standard","has-post-thumbnail","hentry","category-beisbol","clearfix"],"yoast_head":"<!-- This site is optimized with the Yoast SEO plugin v27.8 - https:\/\/yoast.com\/product\/yoast-seo-wordpress\/ -->\n<title>Criollitos Maracaibo toma el mando en el Interligas Formaci\u00f3n - Deportes Digital<\/title>\n<meta name=\"robots\" content=\"index, follow, max-snippet:-1, max-image-preview:large, max-video-preview:-1\" \/>\n<link rel=\"canonical\" href=\"https:\/\/deportesdigital.com.ve\/public\/criollitos-maracaibo-toma-el-mando-en-el-interligas-formacion\/\" \/>\n<meta property=\"og:locale\" content=\"es_ES\" \/>\n<meta property=\"og:type\" content=\"article\" \/>\n<meta property=\"og:title\" content=\"Criollitos Maracaibo toma el mando en el Interligas Formaci\u00f3n - Deportes Digital\" \/>\n<meta property=\"og:description\" content=\"\u00a0Esta fase Interligas es el filtro definitivo para clasificar al Campeonato Estatal de la categor\u00eda Formaci\u00f3n, el cual est\u00e1 programado para realizarse en el mes de marzo. Jos\u00e9 Gil Deportes [&hellip;]\" \/>\n<meta property=\"og:url\" content=\"https:\/\/deportesdigital.com.ve\/public\/criollitos-maracaibo-toma-el-mando-en-el-interligas-formacion\/\" \/>\n<meta property=\"og:site_name\" content=\"Deportes Digital\" \/>\n<meta property=\"article:publisher\" content=\"https:\/\/www.facebook.com\/DeportesDigitalZulia25\" \/>\n<meta property=\"article:published_time\" content=\"2026-02-12T10:53:36+00:00\" \/>\n<meta property=\"article:modified_time\" content=\"2026-02-12T11:57:54+00:00\" \/>\n<meta property=\"og:image\" content=\"https:\/\/deportesdigital.com.ve\/public\/wp-content\/uploads\/2026\/02\/3-6.jpg\" \/>\n\t<meta property=\"og:image:width\" content=\"800\" \/>\n\t<meta property=\"og:image:height\" content=\"946\" \/>\n\t<meta property=\"og:image:type\" content=\"image\/jpeg\" \/>\n<meta name=\"author\" content=\"luisg15\" \/>\n<meta name=\"twitter:card\" content=\"summary_large_image\" \/>\n<meta name=\"twitter:creator\" content=\"@deporteszulia\" \/>\n<meta name=\"twitter:site\" content=\"@deporteszulia\" \/>\n<meta name=\"twitter:label1\" content=\"Escrito por\" \/>\n\t<meta name=\"twitter:data1\" content=\"luisg15\" \/>\n\t<meta name=\"twitter:label2\" content=\"Tiempo de lectura\" \/>\n\t<meta name=\"twitter:data2\" content=\"2 minutos\" \/>\n<script type=\"application\/ld+json\" class=\"yoast-schema-graph\">{\"@context\":\"https:\\\/\\\/schema.org\",\"@graph\":[{\"@type\":\"Article\",\"@id\":\"https:\\\/\\\/deportesdigital.com.ve\\\/public\\\/criollitos-maracaibo-toma-el-mando-en-el-interligas-formacion\\\/#article\",\"isPartOf\":{\"@id\":\"https:\\\/\\\/deportesdigital.com.ve\\\/public\\\/criollitos-maracaibo-toma-el-mando-en-el-interligas-formacion\\\/\"},\"author\":{\"name\":\"luisg15\",\"@id\":\"https:\\\/\\\/deportesdigital.com.ve\\\/public\\\/#\\\/schema\\\/person\\\/57d2f23f17d761b1672066d1905e88a0\"},\"headline\":\"Criollitos Maracaibo toma el mando en el Interligas Formaci\u00f3n\",\"datePublished\":\"2026-02-12T10:53:36+00:00\",\"dateModified\":\"2026-02-12T11:57:54+00:00\",\"mainEntityOfPage\":{\"@id\":\"https:\\\/\\\/deportesdigital.com.ve\\\/public\\\/criollitos-maracaibo-toma-el-mando-en-el-interligas-formacion\\\/\"},\"wordCount\":502,\"commentCount\":0,\"publisher\":{\"@id\":\"https:\\\/\\\/deportesdigital.com.ve\\\/public\\\/#organization\"},\"image\":{\"@id\":\"https:\\\/\\\/deportesdigital.com.ve\\\/public\\\/criollitos-maracaibo-toma-el-mando-en-el-interligas-formacion\\\/#primaryimage\"},\"thumbnailUrl\":\"https:\\\/\\\/deportesdigital.com.ve\\\/public\\\/wp-content\\\/uploads\\\/2026\\\/02\\\/3-6.jpg\",\"articleSection\":[\"B\u00e9isbol\"],\"inLanguage\":\"es\",\"potentialAction\":[{\"@type\":\"CommentAction\",\"name\":\"Comment\",\"target\":[\"https:\\\/\\\/deportesdigital.com.ve\\\/public\\\/criollitos-maracaibo-toma-el-mando-en-el-interligas-formacion\\\/#respond\"]}]},{\"@type\":\"WebPage\",\"@id\":\"https:\\\/\\\/deportesdigital.com.ve\\\/public\\\/criollitos-maracaibo-toma-el-mando-en-el-interligas-formacion\\\/\",\"url\":\"https:\\\/\\\/deportesdigital.com.ve\\\/public\\\/criollitos-maracaibo-toma-el-mando-en-el-interligas-formacion\\\/\",\"name\":\"Criollitos Maracaibo toma el mando en el Interligas Formaci\u00f3n - Deportes Digital\",\"isPartOf\":{\"@id\":\"https:\\\/\\\/deportesdigital.com.ve\\\/public\\\/#website\"},\"primaryImageOfPage\":{\"@id\":\"https:\\\/\\\/deportesdigital.com.ve\\\/public\\\/criollitos-maracaibo-toma-el-mando-en-el-interligas-formacion\\\/#primaryimage\"},\"image\":{\"@id\":\"https:\\\/\\\/deportesdigital.com.ve\\\/public\\\/criollitos-maracaibo-toma-el-mando-en-el-interligas-formacion\\\/#primaryimage\"},\"thumbnailUrl\":\"https:\\\/\\\/deportesdigital.com.ve\\\/public\\\/wp-content\\\/uploads\\\/2026\\\/02\\\/3-6.jpg\",\"datePublished\":\"2026-02-12T10:53:36+00:00\",\"dateModified\":\"2026-02-12T11:57:54+00:00\",\"breadcrumb\":{\"@id\":\"https:\\\/\\\/deportesdigital.com.ve\\\/public\\\/criollitos-maracaibo-toma-el-mando-en-el-interligas-formacion\\\/#breadcrumb\"},\"inLanguage\":\"es\",\"potentialAction\":[{\"@type\":\"ReadAction\",\"target\":[\"https:\\\/\\\/deportesdigital.com.ve\\\/public\\\/criollitos-maracaibo-toma-el-mando-en-el-interligas-formacion\\\/\"]}]},{\"@type\":\"ImageObject\",\"inLanguage\":\"es\",\"@id\":\"https:\\\/\\\/deportesdigital.com.ve\\\/public\\\/criollitos-maracaibo-toma-el-mando-en-el-interligas-formacion\\\/#primaryimage\",\"url\":\"https:\\\/\\\/deportesdigital.com.ve\\\/public\\\/wp-content\\\/uploads\\\/2026\\\/02\\\/3-6.jpg\",\"contentUrl\":\"https:\\\/\\\/deportesdigital.com.ve\\\/public\\\/wp-content\\\/uploads\\\/2026\\\/02\\\/3-6.jpg\",\"width\":800,\"height\":946},{\"@type\":\"BreadcrumbList\",\"@id\":\"https:\\\/\\\/deportesdigital.com.ve\\\/public\\\/criollitos-maracaibo-toma-el-mando-en-el-interligas-formacion\\\/#breadcrumb\",\"itemListElement\":[{\"@type\":\"ListItem\",\"position\":1,\"name\":\"Portada\",\"item\":\"https:\\\/\\\/deportesdigital.com.ve\\\/public\\\/\"},{\"@type\":\"ListItem\",\"position\":2,\"name\":\"Criollitos Maracaibo toma el mando en el Interligas Formaci\u00f3n\"}]},{\"@type\":\"WebSite\",\"@id\":\"https:\\\/\\\/deportesdigital.com.ve\\\/public\\\/#website\",\"url\":\"https:\\\/\\\/deportesdigital.com.ve\\\/public\\\/\",\"name\":\"Deportes Digital\",\"description\":\"Solo Deportes\",\"publisher\":{\"@id\":\"https:\\\/\\\/deportesdigital.com.ve\\\/public\\\/#organization\"},\"potentialAction\":[{\"@type\":\"SearchAction\",\"target\":{\"@type\":\"EntryPoint\",\"urlTemplate\":\"https:\\\/\\\/deportesdigital.com.ve\\\/public\\\/?s={search_term_string}\"},\"query-input\":{\"@type\":\"PropertyValueSpecification\",\"valueRequired\":true,\"valueName\":\"search_term_string\"}}],\"inLanguage\":\"es\"},{\"@type\":\"Organization\",\"@id\":\"https:\\\/\\\/deportesdigital.com.ve\\\/public\\\/#organization\",\"name\":\"Deportes Digital\",\"url\":\"https:\\\/\\\/deportesdigital.com.ve\\\/public\\\/\",\"logo\":{\"@type\":\"ImageObject\",\"inLanguage\":\"es\",\"@id\":\"https:\\\/\\\/deportesdigital.com.ve\\\/public\\\/#\\\/schema\\\/logo\\\/image\\\/\",\"url\":\"https:\\\/\\\/i0.wp.com\\\/deportesdigital.com.ve\\\/public\\\/wp-content\\\/uploads\\\/2023\\\/09\\\/1677066431475.png?fit=1032%2C624&ssl=1\",\"contentUrl\":\"https:\\\/\\\/i0.wp.com\\\/deportesdigital.com.ve\\\/public\\\/wp-content\\\/uploads\\\/2023\\\/09\\\/1677066431475.png?fit=1032%2C624&ssl=1\",\"width\":1032,\"height\":624,\"caption\":\"Deportes Digital\"},\"image\":{\"@id\":\"https:\\\/\\\/deportesdigital.com.ve\\\/public\\\/#\\\/schema\\\/logo\\\/image\\\/\"},\"sameAs\":[\"https:\\\/\\\/www.facebook.com\\\/DeportesDigitalZulia25\",\"https:\\\/\\\/x.com\\\/deporteszulia\",\"https:\\\/\\\/www.instagram.com\\\/deportesdigitalzulia\\\/\"]},{\"@type\":\"Person\",\"@id\":\"https:\\\/\\\/deportesdigital.com.ve\\\/public\\\/#\\\/schema\\\/person\\\/57d2f23f17d761b1672066d1905e88a0\",\"name\":\"luisg15\",\"image\":{\"@type\":\"ImageObject\",\"inLanguage\":\"es\",\"@id\":\"https:\\\/\\\/secure.gravatar.com\\\/avatar\\\/4d424b63ebd2800d281b824141af3d97c1332dfdda83d70b2057085925af58a3?s=96&d=mm&r=g\",\"url\":\"https:\\\/\\\/secure.gravatar.com\\\/avatar\\\/4d424b63ebd2800d281b824141af3d97c1332dfdda83d70b2057085925af58a3?s=96&d=mm&r=g\",\"contentUrl\":\"https:\\\/\\\/secure.gravatar.com\\\/avatar\\\/4d424b63ebd2800d281b824141af3d97c1332dfdda83d70b2057085925af58a3?s=96&d=mm&r=g\",\"caption\":\"luisg15\"},\"description\":\"Medio de Comunicaci\u00f3n digital dedicado al deporte menor\",\"sameAs\":[\"https:\\\/\\\/deportesdigital.com.ve\\\/public\"],\"url\":\"https:\\\/\\\/deportesdigital.com.ve\\\/public\\\/author\\\/luisg15\\\/\"}]}<\/script>\n<!-- \/ Yoast SEO plugin. -->","yoast_head_json":{"title":"Criollitos Maracaibo toma el mando en el Interligas Formaci\u00f3n - Deportes Digital","robots":{"index":"index","follow":"follow","max-snippet":"max-snippet:-1","max-image-preview":"max-image-preview:large","max-video-preview":"max-video-preview:-1"},"canonical":"https:\/\/deportesdigital.com.ve\/public\/criollitos-maracaibo-toma-el-mando-en-el-interligas-formacion\/","og_locale":"es_ES","og_type":"article","og_title":"Criollitos Maracaibo toma el mando en el Interligas Formaci\u00f3n - Deportes Digital","og_description":"\u00a0Esta fase Interligas es el filtro definitivo para clasificar al Campeonato Estatal de la categor\u00eda Formaci\u00f3n, el cual est\u00e1 programado para realizarse en el mes de marzo. Jos\u00e9 Gil Deportes [&hellip;]","og_url":"https:\/\/deportesdigital.com.ve\/public\/criollitos-maracaibo-toma-el-mando-en-el-interligas-formacion\/","og_site_name":"Deportes Digital","article_publisher":"https:\/\/www.facebook.com\/DeportesDigitalZulia25","article_published_time":"2026-02-12T10:53:36+00:00","article_modified_time":"2026-02-12T11:57:54+00:00","og_image":[{"width":800,"height":946,"url":"https:\/\/deportesdigital.com.ve\/public\/wp-content\/uploads\/2026\/02\/3-6.jpg","type":"image\/jpeg"}],"author":"luisg15","twitter_card":"summary_large_image","twitter_creator":"@deporteszulia","twitter_site":"@deporteszulia","twitter_misc":{"Escrito por":"luisg15","Tiempo de lectura":"2 minutos"},"schema":{"@context":"https:\/\/schema.org","@graph":[{"@type":"Article","@id":"https:\/\/deportesdigital.com.ve\/public\/criollitos-maracaibo-toma-el-mando-en-el-interligas-formacion\/#article","isPartOf":{"@id":"https:\/\/deportesdigital.com.ve\/public\/criollitos-maracaibo-toma-el-mando-en-el-interligas-formacion\/"},"author":{"name":"luisg15","@id":"https:\/\/deportesdigital.com.ve\/public\/#\/schema\/person\/57d2f23f17d761b1672066d1905e88a0"},"headline":"Criollitos Maracaibo toma el mando en el Interligas Formaci\u00f3n","datePublished":"2026-02-12T10:53:36+00:00","dateModified":"2026-02-12T11:57:54+00:00","mainEntityOfPage":{"@id":"https:\/\/deportesdigital.com.ve\/public\/criollitos-maracaibo-toma-el-mando-en-el-interligas-formacion\/"},"wordCount":502,"commentCount":0,"publisher":{"@id":"https:\/\/deportesdigital.com.ve\/public\/#organization"},"image":{"@id":"https:\/\/deportesdigital.com.ve\/public\/criollitos-maracaibo-toma-el-mando-en-el-interligas-formacion\/#primaryimage"},"thumbnailUrl":"https:\/\/deportesdigital.com.ve\/public\/wp-content\/uploads\/2026\/02\/3-6.jpg","articleSection":["B\u00e9isbol"],"inLanguage":"es","potentialAction":[{"@type":"CommentAction","name":"Comment","target":["https:\/\/deportesdigital.com.ve\/public\/criollitos-maracaibo-toma-el-mando-en-el-interligas-formacion\/#respond"]}]},{"@type":"WebPage","@id":"https:\/\/deportesdigital.com.ve\/public\/criollitos-maracaibo-toma-el-mando-en-el-interligas-formacion\/","url":"https:\/\/deportesdigital.com.ve\/public\/criollitos-maracaibo-toma-el-mando-en-el-interligas-formacion\/","name":"Criollitos Maracaibo toma el mando en el Interligas Formaci\u00f3n - Deportes Digital","isPartOf":{"@id":"https:\/\/deportesdigital.com.ve\/public\/#website"},"primaryImageOfPage":{"@id":"https:\/\/deportesdigital.com.ve\/public\/criollitos-maracaibo-toma-el-mando-en-el-interligas-formacion\/#primaryimage"},"image":{"@id":"https:\/\/deportesdigital.com.ve\/public\/criollitos-maracaibo-toma-el-mando-en-el-interligas-formacion\/#primaryimage"},"thumbnailUrl":"https:\/\/deportesdigital.com.ve\/public\/wp-content\/uploads\/2026\/02\/3-6.jpg","datePublished":"2026-02-12T10:53:36+00:00","dateModified":"2026-02-12T11:57:54+00:00","breadcrumb":{"@id":"https:\/\/deportesdigital.com.ve\/public\/criollitos-maracaibo-toma-el-mando-en-el-interligas-formacion\/#breadcrumb"},"inLanguage":"es","potentialAction":[{"@type":"ReadAction","target":["https:\/\/deportesdigital.com.ve\/public\/criollitos-maracaibo-toma-el-mando-en-el-interligas-formacion\/"]}]},{"@type":"ImageObject","inLanguage":"es","@id":"https:\/\/deportesdigital.com.ve\/public\/criollitos-maracaibo-toma-el-mando-en-el-interligas-formacion\/#primaryimage","url":"https:\/\/deportesdigital.com.ve\/public\/wp-content\/uploads\/2026\/02\/3-6.jpg","contentUrl":"https:\/\/deportesdigital.com.ve\/public\/wp-content\/uploads\/2026\/02\/3-6.jpg","width":800,"height":946},{"@type":"BreadcrumbList","@id":"https:\/\/deportesdigital.com.ve\/public\/criollitos-maracaibo-toma-el-mando-en-el-interligas-formacion\/#breadcrumb","itemListElement":[{"@type":"ListItem","position":1,"name":"Portada","item":"https:\/\/deportesdigital.com.ve\/public\/"},{"@type":"ListItem","position":2,"name":"Criollitos Maracaibo toma el mando en el Interligas Formaci\u00f3n"}]},{"@type":"WebSite","@id":"https:\/\/deportesdigital.com.ve\/public\/#website","url":"https:\/\/deportesdigital.com.ve\/public\/","name":"Deportes Digital","description":"Solo Deportes","publisher":{"@id":"https:\/\/deportesdigital.com.ve\/public\/#organization"},"potentialAction":[{"@type":"SearchAction","target":{"@type":"EntryPoint","urlTemplate":"https:\/\/deportesdigital.com.ve\/public\/?s={search_term_string}"},"query-input":{"@type":"PropertyValueSpecification","valueRequired":true,"valueName":"search_term_string"}}],"inLanguage":"es"},{"@type":"Organization","@id":"https:\/\/deportesdigital.com.ve\/public\/#organization","name":"Deportes Digital","url":"https:\/\/deportesdigital.com.ve\/public\/","logo":{"@type":"ImageObject","inLanguage":"es","@id":"https:\/\/deportesdigital.com.ve\/public\/#\/schema\/logo\/image\/","url":"https:\/\/i0.wp.com\/deportesdigital.com.ve\/public\/wp-content\/uploads\/2023\/09\/1677066431475.png?fit=1032%2C624&ssl=1","contentUrl":"https:\/\/i0.wp.com\/deportesdigital.com.ve\/public\/wp-content\/uploads\/2023\/09\/1677066431475.png?fit=1032%2C624&ssl=1","width":1032,"height":624,"caption":"Deportes Digital"},"image":{"@id":"https:\/\/deportesdigital.com.ve\/public\/#\/schema\/logo\/image\/"},"sameAs":["https:\/\/www.facebook.com\/DeportesDigitalZulia25","https:\/\/x.com\/deporteszulia","https:\/\/www.instagram.com\/deportesdigitalzulia\/"]},{"@type":"Person","@id":"https:\/\/deportesdigital.com.ve\/public\/#\/schema\/person\/57d2f23f17d761b1672066d1905e88a0","name":"luisg15","image":{"@type":"ImageObject","inLanguage":"es","@id":"https:\/\/secure.gravatar.com\/avatar\/4d424b63ebd2800d281b824141af3d97c1332dfdda83d70b2057085925af58a3?s=96&d=mm&r=g","url":"https:\/\/secure.gravatar.com\/avatar\/4d424b63ebd2800d281b824141af3d97c1332dfdda83d70b2057085925af58a3?s=96&d=mm&r=g","contentUrl":"https:\/\/secure.gravatar.com\/avatar\/4d424b63ebd2800d281b824141af3d97c1332dfdda83d70b2057085925af58a3?s=96&d=mm&r=g","caption":"luisg15"},"description":"Medio de Comunicaci\u00f3n digital dedicado al deporte menor","sameAs":["https:\/\/deportesdigital.com.ve\/public"],"url":"https:\/\/deportesdigital.com.ve\/public\/author\/luisg15\/"}]}},"_links":{"self":[{"href":"https:\/\/deportesdigital.com.ve\/public\/wp-json\/wp\/v2\/posts\/113045","targetHints":{"allow":["GET"]}}],"collection":[{"href":"https:\/\/deportesdigital.com.ve\/public\/wp-json\/wp\/v2\/posts"}],"about":[{"href":"https:\/\/deportesdigital.com.ve\/public\/wp-json\/wp\/v2\/types\/post"}],"author":[{"embeddable":true,"href":"https:\/\/deportesdigital.com.ve\/public\/wp-json\/wp\/v2\/users\/1"}],"replies":[{"embeddable":true,"href":"https:\/\/deportesdigital.com.ve\/public\/wp-json\/wp\/v2\/comments?post=113045"}],"version-history":[{"count":4,"href":"https:\/\/deportesdigital.com.ve\/public\/wp-json\/wp\/v2\/posts\/113045\/revisions"}],"predecessor-version":[{"id":113074,"href":"https:\/\/deportesdigital.com.ve\/public\/wp-json\/wp\/v2\/posts\/113045\/revisions\/113074"}],"wp:featuredmedia":[{"embeddable":true,"href":"https:\/\/deportesdigital.com.ve\/public\/wp-json\/wp\/v2\/media\/113048"}],"wp:attachment":[{"href":"https:\/\/deportesdigital.com.ve\/public\/wp-json\/wp\/v2\/media?parent=113045"}],"wp:term":[{"taxonomy":"category","embeddable":true,"href":"https:\/\/deportesdigital.com.ve\/public\/wp-json\/wp\/v2\/categories?post=113045"},{"taxonomy":"post_tag","embeddable":true,"href":"https:\/\/deportesdigital.com.ve\/public\/wp-json\/wp\/v2\/tags?post=113045"}],"curies":[{"name":"wp","href":"https:\/\/api.w.org\/{rel}","templated":true}]}}