{"id":113039,"date":"2026-02-11T09:37:35","date_gmt":"2026-02-11T13:37:35","guid":{"rendered":"https:\/\/deportesdigital.com.ve\/public\/?p=113039"},"modified":"2026-02-11T09:37:35","modified_gmt":"2026-02-11T13:37:35","slug":"zulia-se-lanza-al-agua-celebran-la-21a-edicion-de-un-millon-de-metros-por-rafael-vidal","status":"publish","type":"post","link":"https:\/\/deportesdigital.com.ve\/public\/zulia-se-lanza-al-agua-celebran-la-21a-edicion-de-un-millon-de-metros-por-rafael-vidal\/","title":{"rendered":"Zulia se lanza al agua: Celebran la 21\u00aa edici\u00f3n de \u00abUn Mill\u00f3n de Metros por Rafael Vidal\u00bb"},"content":{"rendered":"<p><strong><em>Esta actividad es m\u00e1s que una competencia; es un acto de respeto hacia el \u00abS\u00edmbolo del D\u00eda del Nadador\u00bb, cuya disciplina sigue siendo el faro para las nuevas generaciones de atletas.<\/em><\/strong><\/p>\n<hr \/>\n<p><strong><em>Jos\u00e9 Gil | Deportes Digital<\/em><\/strong><strong><em> Maracaibo \u2013<\/em><\/strong> En el marco del <strong>D\u00eda Nacional de la Nataci\u00f3n<\/strong>, el estado Zulia se une al tributo nacional para honrar el legado de la m\u00e1xima leyenda de las piletas en Venezuela: <strong>Rafael Vidal<\/strong>. Desde este 12 de febrero, diversos clubes y escuelas de la regi\u00f3n participar\u00e1n en la emblem\u00e1tica jornada <strong>\u00abUn Mill\u00f3n de Metros por Rafael Vidal\u00bb<\/strong>, que este a\u00f1o cumple dos d\u00e9cadas de tradici\u00f3n.<\/p>\n<p><strong>Daniel Rosas<\/strong>, presidente de la Asociaci\u00f3n Zuliana de Deportes Acu\u00e1ticos (AZUDA), destac\u00f3 que esta actividad es m\u00e1s que una competencia; es un acto de respeto hacia el \u00abS\u00edmbolo del D\u00eda del Nadador\u00bb, cuya disciplina sigue siendo el faro para las nuevas generaciones de atletas.<\/p>\n<p><strong>Cronograma de la brazada zuliana<\/strong><\/p>\n<p>La actividad ya tuvo sus primeros recorridos el pasado fin de semana en el <strong>Centro Gallego<\/strong> y la <strong>Casa D\u2019Italia<\/strong>, pero el grueso de la programaci\u00f3n se desarrollar\u00e1 de la siguiente manera:<\/p>\n<ul>\n<li><strong>12 de febrero (D\u00eda de la Nataci\u00f3n):<\/strong> El <strong>Club Ranfi<\/strong> llevar\u00e1 a cabo su jornada en la sede del Colegio de Veterinarios.<\/li>\n<li><strong>14 de febrero:<\/strong> A partir de las 9:00 a.m., la acci\u00f3n se trasladar\u00e1 a los clubes <strong>Bella Vista<\/strong>, <strong>Cabimas<\/strong> y la <strong>Fundaci\u00f3n Mar\u00eda Elena<\/strong>, donde nadadores de todas las edades sumar\u00e1n metros a la causa nacional.<\/li>\n<\/ul>\n<p><strong>Rafael Vidal: Un bronce que brilla como oro<\/strong><\/p>\n<p>La fecha, instituida para conmemorar tanto sus logros como su partida f\u00edsica en 2005, recuerda la haza\u00f1a del <strong>3 de agosto de 1984<\/strong> en los Juegos Ol\u00edmpicos de Los \u00c1ngeles.<\/p>\n<p>Con apenas 20 a\u00f1os, Vidal detuvo el cron\u00f3metro en <strong>$1:57.51$<\/strong>, conquistando la medalla de <strong>bronce en los 200 metros mariposa<\/strong>. Fue el primer venezolano en subir a un podio ol\u00edmpico de nataci\u00f3n, superando en una llegada de infarto a potencias mundiales.<\/p>\n<p><em>\u00abRafael Vidal es un s\u00edmbolo de perseverancia y pasi\u00f3n. Su legado sigue inspirando a los ni\u00f1os que hoy se inician en la disciplina para que vean en el agua un camino al \u00e9xito\u00bb<\/em>, se\u00f1al\u00f3 la directiva de AZUDA.<\/p>\n<p><strong>Hitos de una leyenda<\/strong><\/p>\n<p><strong>Inicios:<\/strong> Comenz\u00f3 a los 7 a\u00f1os y lleg\u00f3 a la selecci\u00f3n nacional a los 14.<\/p>\n<p><strong>Dominio Regional:<\/strong> Cosech\u00f3 <strong>12 medallas de oro<\/strong> entre los Juegos Bolivarianos de 1981 y Centroamericanos de 1982.<\/p>\n<p><strong>Legado:<\/strong> El \u00abReto del Mill\u00f3n de Metros\u00bb es hoy la mayor movilizaci\u00f3n deportiva de la nataci\u00f3n venezolana.<\/p>\n<p><strong>\u00bfSab\u00edas qu\u00e9?<\/strong><\/p>\n<p>El <strong>12 de febrero<\/strong> se celebra el D\u00eda Nacional del Nadador no solo como un recordatorio de la excelencia t\u00e9cnica de Vidal, sino como un reconocimiento a todos los hombres y mujeres que, con cada brazada, elevan el deporte venezolano a niveles internacionales.<\/p>\n<p><strong><em>Sigue esta y otras #Noticias ingresando a nuestras plataformas digitales Deportes Digital, en Instagram, Facebook, Twitter, y en nuestros grupos de Whatsapp y Telegram<\/em><\/strong><\/p>\n","protected":false},"excerpt":{"rendered":"<p>Esta actividad es m\u00e1s que una competencia; es un acto de respeto hacia el \u00abS\u00edmbolo del D\u00eda del Nadador\u00bb, cuya disciplina sigue siendo el faro para las nuevas generaciones de [&hellip;]<\/p>\n","protected":false},"author":1,"featured_media":113040,"comment_status":"open","ping_status":"closed","sticky":false,"template":"","format":"standard","meta":{"footnotes":""},"categories":[5],"tags":[],"class_list":["post-113039","post","type-post","status-publish","format-standard","has-post-thumbnail","hentry","category-otrosdeportes","clearfix"],"yoast_head":"<!-- This site is optimized with the Yoast SEO plugin v27.8 - https:\/\/yoast.com\/product\/yoast-seo-wordpress\/ -->\n<title>Zulia se lanza al agua: Celebran la 21\u00aa edici\u00f3n de \u00abUn Mill\u00f3n de Metros por Rafael Vidal\u00bb - Deportes Digital<\/title>\n<meta name=\"robots\" content=\"index, follow, max-snippet:-1, max-image-preview:large, max-video-preview:-1\" \/>\n<link rel=\"canonical\" href=\"https:\/\/deportesdigital.com.ve\/public\/zulia-se-lanza-al-agua-celebran-la-21a-edicion-de-un-millon-de-metros-por-rafael-vidal\/\" \/>\n<meta property=\"og:locale\" content=\"es_ES\" \/>\n<meta property=\"og:type\" content=\"article\" \/>\n<meta property=\"og:title\" content=\"Zulia se lanza al agua: Celebran la 21\u00aa edici\u00f3n de \u00abUn Mill\u00f3n de Metros por Rafael Vidal\u00bb - Deportes Digital\" \/>\n<meta property=\"og:description\" content=\"Esta actividad es m\u00e1s que una competencia; es un acto de respeto hacia el \u00abS\u00edmbolo del D\u00eda del Nadador\u00bb, cuya disciplina sigue siendo el faro para las nuevas generaciones de [&hellip;]\" \/>\n<meta property=\"og:url\" content=\"https:\/\/deportesdigital.com.ve\/public\/zulia-se-lanza-al-agua-celebran-la-21a-edicion-de-un-millon-de-metros-por-rafael-vidal\/\" \/>\n<meta property=\"og:site_name\" content=\"Deportes Digital\" \/>\n<meta property=\"article:publisher\" content=\"https:\/\/www.facebook.com\/DeportesDigitalZulia25\" \/>\n<meta property=\"article:published_time\" content=\"2026-02-11T13:37:35+00:00\" \/>\n<meta property=\"og:image\" content=\"https:\/\/deportesdigital.com.ve\/public\/wp-content\/uploads\/2026\/02\/9-7.jpg\" \/>\n\t<meta property=\"og:image:width\" content=\"800\" \/>\n\t<meta property=\"og:image:height\" content=\"495\" \/>\n\t<meta property=\"og:image:type\" content=\"image\/jpeg\" \/>\n<meta name=\"author\" content=\"luisg15\" \/>\n<meta name=\"twitter:card\" content=\"summary_large_image\" \/>\n<meta name=\"twitter:creator\" content=\"@deporteszulia\" \/>\n<meta name=\"twitter:site\" content=\"@deporteszulia\" \/>\n<meta name=\"twitter:label1\" content=\"Escrito por\" \/>\n\t<meta name=\"twitter:data1\" content=\"luisg15\" \/>\n\t<meta name=\"twitter:label2\" content=\"Tiempo de lectura\" \/>\n\t<meta name=\"twitter:data2\" content=\"3 minutos\" \/>\n<script type=\"application\/ld+json\" class=\"yoast-schema-graph\">{\"@context\":\"https:\\\/\\\/schema.org\",\"@graph\":[{\"@type\":\"Article\",\"@id\":\"https:\\\/\\\/deportesdigital.com.ve\\\/public\\\/zulia-se-lanza-al-agua-celebran-la-21a-edicion-de-un-millon-de-metros-por-rafael-vidal\\\/#article\",\"isPartOf\":{\"@id\":\"https:\\\/\\\/deportesdigital.com.ve\\\/public\\\/zulia-se-lanza-al-agua-celebran-la-21a-edicion-de-un-millon-de-metros-por-rafael-vidal\\\/\"},\"author\":{\"name\":\"luisg15\",\"@id\":\"https:\\\/\\\/deportesdigital.com.ve\\\/public\\\/#\\\/schema\\\/person\\\/57d2f23f17d761b1672066d1905e88a0\"},\"headline\":\"Zulia se lanza al agua: Celebran la 21\u00aa edici\u00f3n de \u00abUn Mill\u00f3n de Metros por Rafael Vidal\u00bb\",\"datePublished\":\"2026-02-11T13:37:35+00:00\",\"mainEntityOfPage\":{\"@id\":\"https:\\\/\\\/deportesdigital.com.ve\\\/public\\\/zulia-se-lanza-al-agua-celebran-la-21a-edicion-de-un-millon-de-metros-por-rafael-vidal\\\/\"},\"wordCount\":526,\"commentCount\":0,\"publisher\":{\"@id\":\"https:\\\/\\\/deportesdigital.com.ve\\\/public\\\/#organization\"},\"image\":{\"@id\":\"https:\\\/\\\/deportesdigital.com.ve\\\/public\\\/zulia-se-lanza-al-agua-celebran-la-21a-edicion-de-un-millon-de-metros-por-rafael-vidal\\\/#primaryimage\"},\"thumbnailUrl\":\"https:\\\/\\\/deportesdigital.com.ve\\\/public\\\/wp-content\\\/uploads\\\/2026\\\/02\\\/9-7.jpg\",\"articleSection\":[\"Otros Deportes\"],\"inLanguage\":\"es\",\"potentialAction\":[{\"@type\":\"CommentAction\",\"name\":\"Comment\",\"target\":[\"https:\\\/\\\/deportesdigital.com.ve\\\/public\\\/zulia-se-lanza-al-agua-celebran-la-21a-edicion-de-un-millon-de-metros-por-rafael-vidal\\\/#respond\"]}]},{\"@type\":\"WebPage\",\"@id\":\"https:\\\/\\\/deportesdigital.com.ve\\\/public\\\/zulia-se-lanza-al-agua-celebran-la-21a-edicion-de-un-millon-de-metros-por-rafael-vidal\\\/\",\"url\":\"https:\\\/\\\/deportesdigital.com.ve\\\/public\\\/zulia-se-lanza-al-agua-celebran-la-21a-edicion-de-un-millon-de-metros-por-rafael-vidal\\\/\",\"name\":\"Zulia se lanza al agua: Celebran la 21\u00aa edici\u00f3n de \u00abUn Mill\u00f3n de Metros por Rafael Vidal\u00bb - Deportes Digital\",\"isPartOf\":{\"@id\":\"https:\\\/\\\/deportesdigital.com.ve\\\/public\\\/#website\"},\"primaryImageOfPage\":{\"@id\":\"https:\\\/\\\/deportesdigital.com.ve\\\/public\\\/zulia-se-lanza-al-agua-celebran-la-21a-edicion-de-un-millon-de-metros-por-rafael-vidal\\\/#primaryimage\"},\"image\":{\"@id\":\"https:\\\/\\\/deportesdigital.com.ve\\\/public\\\/zulia-se-lanza-al-agua-celebran-la-21a-edicion-de-un-millon-de-metros-por-rafael-vidal\\\/#primaryimage\"},\"thumbnailUrl\":\"https:\\\/\\\/deportesdigital.com.ve\\\/public\\\/wp-content\\\/uploads\\\/2026\\\/02\\\/9-7.jpg\",\"datePublished\":\"2026-02-11T13:37:35+00:00\",\"breadcrumb\":{\"@id\":\"https:\\\/\\\/deportesdigital.com.ve\\\/public\\\/zulia-se-lanza-al-agua-celebran-la-21a-edicion-de-un-millon-de-metros-por-rafael-vidal\\\/#breadcrumb\"},\"inLanguage\":\"es\",\"potentialAction\":[{\"@type\":\"ReadAction\",\"target\":[\"https:\\\/\\\/deportesdigital.com.ve\\\/public\\\/zulia-se-lanza-al-agua-celebran-la-21a-edicion-de-un-millon-de-metros-por-rafael-vidal\\\/\"]}]},{\"@type\":\"ImageObject\",\"inLanguage\":\"es\",\"@id\":\"https:\\\/\\\/deportesdigital.com.ve\\\/public\\\/zulia-se-lanza-al-agua-celebran-la-21a-edicion-de-un-millon-de-metros-por-rafael-vidal\\\/#primaryimage\",\"url\":\"https:\\\/\\\/deportesdigital.com.ve\\\/public\\\/wp-content\\\/uploads\\\/2026\\\/02\\\/9-7.jpg\",\"contentUrl\":\"https:\\\/\\\/deportesdigital.com.ve\\\/public\\\/wp-content\\\/uploads\\\/2026\\\/02\\\/9-7.jpg\",\"width\":800,\"height\":495},{\"@type\":\"BreadcrumbList\",\"@id\":\"https:\\\/\\\/deportesdigital.com.ve\\\/public\\\/zulia-se-lanza-al-agua-celebran-la-21a-edicion-de-un-millon-de-metros-por-rafael-vidal\\\/#breadcrumb\",\"itemListElement\":[{\"@type\":\"ListItem\",\"position\":1,\"name\":\"Portada\",\"item\":\"https:\\\/\\\/deportesdigital.com.ve\\\/public\\\/\"},{\"@type\":\"ListItem\",\"position\":2,\"name\":\"Zulia se lanza al agua: Celebran la 21\u00aa edici\u00f3n de \u00abUn Mill\u00f3n de Metros por Rafael Vidal\u00bb\"}]},{\"@type\":\"WebSite\",\"@id\":\"https:\\\/\\\/deportesdigital.com.ve\\\/public\\\/#website\",\"url\":\"https:\\\/\\\/deportesdigital.com.ve\\\/public\\\/\",\"name\":\"Deportes Digital\",\"description\":\"Solo Deportes\",\"publisher\":{\"@id\":\"https:\\\/\\\/deportesdigital.com.ve\\\/public\\\/#organization\"},\"potentialAction\":[{\"@type\":\"SearchAction\",\"target\":{\"@type\":\"EntryPoint\",\"urlTemplate\":\"https:\\\/\\\/deportesdigital.com.ve\\\/public\\\/?s={search_term_string}\"},\"query-input\":{\"@type\":\"PropertyValueSpecification\",\"valueRequired\":true,\"valueName\":\"search_term_string\"}}],\"inLanguage\":\"es\"},{\"@type\":\"Organization\",\"@id\":\"https:\\\/\\\/deportesdigital.com.ve\\\/public\\\/#organization\",\"name\":\"Deportes Digital\",\"url\":\"https:\\\/\\\/deportesdigital.com.ve\\\/public\\\/\",\"logo\":{\"@type\":\"ImageObject\",\"inLanguage\":\"es\",\"@id\":\"https:\\\/\\\/deportesdigital.com.ve\\\/public\\\/#\\\/schema\\\/logo\\\/image\\\/\",\"url\":\"https:\\\/\\\/i0.wp.com\\\/deportesdigital.com.ve\\\/public\\\/wp-content\\\/uploads\\\/2023\\\/09\\\/1677066431475.png?fit=1032%2C624&ssl=1\",\"contentUrl\":\"https:\\\/\\\/i0.wp.com\\\/deportesdigital.com.ve\\\/public\\\/wp-content\\\/uploads\\\/2023\\\/09\\\/1677066431475.png?fit=1032%2C624&ssl=1\",\"width\":1032,\"height\":624,\"caption\":\"Deportes Digital\"},\"image\":{\"@id\":\"https:\\\/\\\/deportesdigital.com.ve\\\/public\\\/#\\\/schema\\\/logo\\\/image\\\/\"},\"sameAs\":[\"https:\\\/\\\/www.facebook.com\\\/DeportesDigitalZulia25\",\"https:\\\/\\\/x.com\\\/deporteszulia\",\"https:\\\/\\\/www.instagram.com\\\/deportesdigitalzulia\\\/\"]},{\"@type\":\"Person\",\"@id\":\"https:\\\/\\\/deportesdigital.com.ve\\\/public\\\/#\\\/schema\\\/person\\\/57d2f23f17d761b1672066d1905e88a0\",\"name\":\"luisg15\",\"image\":{\"@type\":\"ImageObject\",\"inLanguage\":\"es\",\"@id\":\"https:\\\/\\\/secure.gravatar.com\\\/avatar\\\/4d424b63ebd2800d281b824141af3d97c1332dfdda83d70b2057085925af58a3?s=96&d=mm&r=g\",\"url\":\"https:\\\/\\\/secure.gravatar.com\\\/avatar\\\/4d424b63ebd2800d281b824141af3d97c1332dfdda83d70b2057085925af58a3?s=96&d=mm&r=g\",\"contentUrl\":\"https:\\\/\\\/secure.gravatar.com\\\/avatar\\\/4d424b63ebd2800d281b824141af3d97c1332dfdda83d70b2057085925af58a3?s=96&d=mm&r=g\",\"caption\":\"luisg15\"},\"description\":\"Medio de Comunicaci\u00f3n digital dedicado al deporte menor\",\"sameAs\":[\"https:\\\/\\\/deportesdigital.com.ve\\\/public\"],\"url\":\"https:\\\/\\\/deportesdigital.com.ve\\\/public\\\/author\\\/luisg15\\\/\"}]}<\/script>\n<!-- \/ Yoast SEO plugin. -->","yoast_head_json":{"title":"Zulia se lanza al agua: Celebran la 21\u00aa edici\u00f3n de \u00abUn Mill\u00f3n de Metros por Rafael Vidal\u00bb - Deportes Digital","robots":{"index":"index","follow":"follow","max-snippet":"max-snippet:-1","max-image-preview":"max-image-preview:large","max-video-preview":"max-video-preview:-1"},"canonical":"https:\/\/deportesdigital.com.ve\/public\/zulia-se-lanza-al-agua-celebran-la-21a-edicion-de-un-millon-de-metros-por-rafael-vidal\/","og_locale":"es_ES","og_type":"article","og_title":"Zulia se lanza al agua: Celebran la 21\u00aa edici\u00f3n de \u00abUn Mill\u00f3n de Metros por Rafael Vidal\u00bb - Deportes Digital","og_description":"Esta actividad es m\u00e1s que una competencia; es un acto de respeto hacia el \u00abS\u00edmbolo del D\u00eda del Nadador\u00bb, cuya disciplina sigue siendo el faro para las nuevas generaciones de [&hellip;]","og_url":"https:\/\/deportesdigital.com.ve\/public\/zulia-se-lanza-al-agua-celebran-la-21a-edicion-de-un-millon-de-metros-por-rafael-vidal\/","og_site_name":"Deportes Digital","article_publisher":"https:\/\/www.facebook.com\/DeportesDigitalZulia25","article_published_time":"2026-02-11T13:37:35+00:00","og_image":[{"width":800,"height":495,"url":"https:\/\/deportesdigital.com.ve\/public\/wp-content\/uploads\/2026\/02\/9-7.jpg","type":"image\/jpeg"}],"author":"luisg15","twitter_card":"summary_large_image","twitter_creator":"@deporteszulia","twitter_site":"@deporteszulia","twitter_misc":{"Escrito por":"luisg15","Tiempo de lectura":"3 minutos"},"schema":{"@context":"https:\/\/schema.org","@graph":[{"@type":"Article","@id":"https:\/\/deportesdigital.com.ve\/public\/zulia-se-lanza-al-agua-celebran-la-21a-edicion-de-un-millon-de-metros-por-rafael-vidal\/#article","isPartOf":{"@id":"https:\/\/deportesdigital.com.ve\/public\/zulia-se-lanza-al-agua-celebran-la-21a-edicion-de-un-millon-de-metros-por-rafael-vidal\/"},"author":{"name":"luisg15","@id":"https:\/\/deportesdigital.com.ve\/public\/#\/schema\/person\/57d2f23f17d761b1672066d1905e88a0"},"headline":"Zulia se lanza al agua: Celebran la 21\u00aa edici\u00f3n de \u00abUn Mill\u00f3n de Metros por Rafael Vidal\u00bb","datePublished":"2026-02-11T13:37:35+00:00","mainEntityOfPage":{"@id":"https:\/\/deportesdigital.com.ve\/public\/zulia-se-lanza-al-agua-celebran-la-21a-edicion-de-un-millon-de-metros-por-rafael-vidal\/"},"wordCount":526,"commentCount":0,"publisher":{"@id":"https:\/\/deportesdigital.com.ve\/public\/#organization"},"image":{"@id":"https:\/\/deportesdigital.com.ve\/public\/zulia-se-lanza-al-agua-celebran-la-21a-edicion-de-un-millon-de-metros-por-rafael-vidal\/#primaryimage"},"thumbnailUrl":"https:\/\/deportesdigital.com.ve\/public\/wp-content\/uploads\/2026\/02\/9-7.jpg","articleSection":["Otros Deportes"],"inLanguage":"es","potentialAction":[{"@type":"CommentAction","name":"Comment","target":["https:\/\/deportesdigital.com.ve\/public\/zulia-se-lanza-al-agua-celebran-la-21a-edicion-de-un-millon-de-metros-por-rafael-vidal\/#respond"]}]},{"@type":"WebPage","@id":"https:\/\/deportesdigital.com.ve\/public\/zulia-se-lanza-al-agua-celebran-la-21a-edicion-de-un-millon-de-metros-por-rafael-vidal\/","url":"https:\/\/deportesdigital.com.ve\/public\/zulia-se-lanza-al-agua-celebran-la-21a-edicion-de-un-millon-de-metros-por-rafael-vidal\/","name":"Zulia se lanza al agua: Celebran la 21\u00aa edici\u00f3n de \u00abUn Mill\u00f3n de Metros por Rafael Vidal\u00bb - Deportes Digital","isPartOf":{"@id":"https:\/\/deportesdigital.com.ve\/public\/#website"},"primaryImageOfPage":{"@id":"https:\/\/deportesdigital.com.ve\/public\/zulia-se-lanza-al-agua-celebran-la-21a-edicion-de-un-millon-de-metros-por-rafael-vidal\/#primaryimage"},"image":{"@id":"https:\/\/deportesdigital.com.ve\/public\/zulia-se-lanza-al-agua-celebran-la-21a-edicion-de-un-millon-de-metros-por-rafael-vidal\/#primaryimage"},"thumbnailUrl":"https:\/\/deportesdigital.com.ve\/public\/wp-content\/uploads\/2026\/02\/9-7.jpg","datePublished":"2026-02-11T13:37:35+00:00","breadcrumb":{"@id":"https:\/\/deportesdigital.com.ve\/public\/zulia-se-lanza-al-agua-celebran-la-21a-edicion-de-un-millon-de-metros-por-rafael-vidal\/#breadcrumb"},"inLanguage":"es","potentialAction":[{"@type":"ReadAction","target":["https:\/\/deportesdigital.com.ve\/public\/zulia-se-lanza-al-agua-celebran-la-21a-edicion-de-un-millon-de-metros-por-rafael-vidal\/"]}]},{"@type":"ImageObject","inLanguage":"es","@id":"https:\/\/deportesdigital.com.ve\/public\/zulia-se-lanza-al-agua-celebran-la-21a-edicion-de-un-millon-de-metros-por-rafael-vidal\/#primaryimage","url":"https:\/\/deportesdigital.com.ve\/public\/wp-content\/uploads\/2026\/02\/9-7.jpg","contentUrl":"https:\/\/deportesdigital.com.ve\/public\/wp-content\/uploads\/2026\/02\/9-7.jpg","width":800,"height":495},{"@type":"BreadcrumbList","@id":"https:\/\/deportesdigital.com.ve\/public\/zulia-se-lanza-al-agua-celebran-la-21a-edicion-de-un-millon-de-metros-por-rafael-vidal\/#breadcrumb","itemListElement":[{"@type":"ListItem","position":1,"name":"Portada","item":"https:\/\/deportesdigital.com.ve\/public\/"},{"@type":"ListItem","position":2,"name":"Zulia se lanza al agua: Celebran la 21\u00aa edici\u00f3n de \u00abUn Mill\u00f3n de Metros por Rafael Vidal\u00bb"}]},{"@type":"WebSite","@id":"https:\/\/deportesdigital.com.ve\/public\/#website","url":"https:\/\/deportesdigital.com.ve\/public\/","name":"Deportes Digital","description":"Solo Deportes","publisher":{"@id":"https:\/\/deportesdigital.com.ve\/public\/#organization"},"potentialAction":[{"@type":"SearchAction","target":{"@type":"EntryPoint","urlTemplate":"https:\/\/deportesdigital.com.ve\/public\/?s={search_term_string}"},"query-input":{"@type":"PropertyValueSpecification","valueRequired":true,"valueName":"search_term_string"}}],"inLanguage":"es"},{"@type":"Organization","@id":"https:\/\/deportesdigital.com.ve\/public\/#organization","name":"Deportes Digital","url":"https:\/\/deportesdigital.com.ve\/public\/","logo":{"@type":"ImageObject","inLanguage":"es","@id":"https:\/\/deportesdigital.com.ve\/public\/#\/schema\/logo\/image\/","url":"https:\/\/i0.wp.com\/deportesdigital.com.ve\/public\/wp-content\/uploads\/2023\/09\/1677066431475.png?fit=1032%2C624&ssl=1","contentUrl":"https:\/\/i0.wp.com\/deportesdigital.com.ve\/public\/wp-content\/uploads\/2023\/09\/1677066431475.png?fit=1032%2C624&ssl=1","width":1032,"height":624,"caption":"Deportes Digital"},"image":{"@id":"https:\/\/deportesdigital.com.ve\/public\/#\/schema\/logo\/image\/"},"sameAs":["https:\/\/www.facebook.com\/DeportesDigitalZulia25","https:\/\/x.com\/deporteszulia","https:\/\/www.instagram.com\/deportesdigitalzulia\/"]},{"@type":"Person","@id":"https:\/\/deportesdigital.com.ve\/public\/#\/schema\/person\/57d2f23f17d761b1672066d1905e88a0","name":"luisg15","image":{"@type":"ImageObject","inLanguage":"es","@id":"https:\/\/secure.gravatar.com\/avatar\/4d424b63ebd2800d281b824141af3d97c1332dfdda83d70b2057085925af58a3?s=96&d=mm&r=g","url":"https:\/\/secure.gravatar.com\/avatar\/4d424b63ebd2800d281b824141af3d97c1332dfdda83d70b2057085925af58a3?s=96&d=mm&r=g","contentUrl":"https:\/\/secure.gravatar.com\/avatar\/4d424b63ebd2800d281b824141af3d97c1332dfdda83d70b2057085925af58a3?s=96&d=mm&r=g","caption":"luisg15"},"description":"Medio de Comunicaci\u00f3n digital dedicado al deporte menor","sameAs":["https:\/\/deportesdigital.com.ve\/public"],"url":"https:\/\/deportesdigital.com.ve\/public\/author\/luisg15\/"}]}},"_links":{"self":[{"href":"https:\/\/deportesdigital.com.ve\/public\/wp-json\/wp\/v2\/posts\/113039","targetHints":{"allow":["GET"]}}],"collection":[{"href":"https:\/\/deportesdigital.com.ve\/public\/wp-json\/wp\/v2\/posts"}],"about":[{"href":"https:\/\/deportesdigital.com.ve\/public\/wp-json\/wp\/v2\/types\/post"}],"author":[{"embeddable":true,"href":"https:\/\/deportesdigital.com.ve\/public\/wp-json\/wp\/v2\/users\/1"}],"replies":[{"embeddable":true,"href":"https:\/\/deportesdigital.com.ve\/public\/wp-json\/wp\/v2\/comments?post=113039"}],"version-history":[{"count":1,"href":"https:\/\/deportesdigital.com.ve\/public\/wp-json\/wp\/v2\/posts\/113039\/revisions"}],"predecessor-version":[{"id":113041,"href":"https:\/\/deportesdigital.com.ve\/public\/wp-json\/wp\/v2\/posts\/113039\/revisions\/113041"}],"wp:featuredmedia":[{"embeddable":true,"href":"https:\/\/deportesdigital.com.ve\/public\/wp-json\/wp\/v2\/media\/113040"}],"wp:attachment":[{"href":"https:\/\/deportesdigital.com.ve\/public\/wp-json\/wp\/v2\/media?parent=113039"}],"wp:term":[{"taxonomy":"category","embeddable":true,"href":"https:\/\/deportesdigital.com.ve\/public\/wp-json\/wp\/v2\/categories?post=113039"},{"taxonomy":"post_tag","embeddable":true,"href":"https:\/\/deportesdigital.com.ve\/public\/wp-json\/wp\/v2\/tags?post=113039"}],"curies":[{"name":"wp","href":"https:\/\/api.w.org\/{rel}","templated":true}]}}