{"id":113014,"date":"2026-02-11T06:55:03","date_gmt":"2026-02-11T10:55:03","guid":{"rendered":"https:\/\/deportesdigital.com.ve\/public\/?p=113014"},"modified":"2026-02-11T06:55:03","modified_gmt":"2026-02-11T10:55:03","slug":"la-victoria-pega-primero-en-el-inicio-de-la-interligas-infantil-en-el-zulia","status":"publish","type":"post","link":"https:\/\/deportesdigital.com.ve\/public\/la-victoria-pega-primero-en-el-inicio-de-la-interligas-infantil-en-el-zulia\/","title":{"rendered":"La Victoria pega primero en el inicio de la Interligas Infantil en el Zulia"},"content":{"rendered":"<p data-path-to-node=\"3\"><strong data-path-to-node=\"3\" data-index-in-node=\"0\"><em>El triangular del Grupo 1 no da tregua. Para este mi\u00e9rcoles, el diamante del \u00abCamarita\u00bb Flores volver\u00e1 a encender sus luces para el segundo compromiso.<\/em><\/strong><\/p>\n<hr \/>\n<p><strong><em>Jos\u00e9 Gil Deportes Digital\/Maracaibo:<\/em> <\/strong>La emoci\u00f3n de las <strong data-path-to-node=\"3\" data-index-in-node=\"30\">Peque\u00f1as Ligas<\/strong> regres\u00f3 al diamante. Este martes se subi\u00f3 el tel\u00f3n del Grupo 1 de la fase <strong data-path-to-node=\"3\" data-index-in-node=\"119\">Interligas del Zulia<\/strong> (categor\u00eda Infantil), donde la novena de <strong data-path-to-node=\"3\" data-index-in-node=\"181\">La Victoria<\/strong> dio el primer paso firme hacia la semifinal al derrotar 3-1 al equipo de <strong data-path-to-node=\"3\" data-index-in-node=\"266\">El Moj\u00e1n<\/strong>.<\/p>\n<p data-path-to-node=\"4\">El escenario fue el emblem\u00e1tico <strong data-path-to-node=\"4\" data-index-in-node=\"32\">Complejo Deportivo Nerio \u201cCamarita\u201d Flores<\/strong>, sede de la PL Coquivacoa, donde los peloteritos demostraron un alto nivel competitivo en este arranque del triangular.<\/p>\n<p data-path-to-node=\"5\"><strong>Duelo de pitcheo y bates oportunos<\/strong><\/p>\n<p data-path-to-node=\"6\">En un encuentro marcado por el control desde la lomita, el lanzador <strong data-path-to-node=\"6\" data-index-in-node=\"68\">Elithon Blanco<\/strong> se acredit\u00f3 la victoria con una actuaci\u00f3n s\u00f3lida que maniat\u00f3 a la ofensiva rival. Por su parte, Dilan Palmar carg\u00f3 con el rev\u00e9s pese a su esfuerzo en el mont\u00edculo.<\/p>\n<p data-path-to-node=\"7\">La ofensiva de La Victoria supo capitalizar en los momentos clave gracias a:<\/p>\n<ul>\n<li data-path-to-node=\"8,0,0\"><strong data-path-to-node=\"8,0,0\" data-index-in-node=\"0\">Kevin Berrio:<\/strong> Se fue de 2-2 con un doblete y una carrera impulsada.<\/li>\n<li data-path-to-node=\"8,1,0\"><strong data-path-to-node=\"8,1,0\" data-index-in-node=\"0\">Sebasti\u00e1n Romero:<\/strong> Lig\u00f3 de 3-1 con una remolcada y una anotada.<\/li>\n<\/ul>\n<p data-path-to-node=\"9\">Por la representaci\u00f3n de El Moj\u00e1n, el jugador m\u00e1s destacado fue <strong data-path-to-node=\"9\" data-index-in-node=\"64\">Jes\u00fas Escalante<\/strong>, quien termin\u00f3 la jornada de 2-2 con un doble y la \u00fanica carrera anotada de su equipo.<\/p>\n<p data-path-to-node=\"10\"><strong>La acci\u00f3n contin\u00faa este mi\u00e9rcoles<\/strong><\/p>\n<p data-path-to-node=\"11\">El triangular del Grupo 1 no da tregua. Para este mi\u00e9rcoles, el diamante del \u00abCamarita\u00bb Flores volver\u00e1 a encender sus luces para el segundo compromiso de la serie:<\/p>\n<ul>\n<li data-path-to-node=\"12,0,0\"><strong data-path-to-node=\"12,0,0\" data-index-in-node=\"0\">Encuentro:<\/strong> Coquivacoa vs. La Victoria<\/li>\n<li data-path-to-node=\"12,1,0\"><strong data-path-to-node=\"12,1,0\" data-index-in-node=\"0\">Hora:<\/strong> 02:00 PM<\/li>\n<li data-path-to-node=\"12,2,0\"><strong data-path-to-node=\"12,2,0\" data-index-in-node=\"0\">Sede:<\/strong> Complejo Nerio \u00abCamarita\u00bb Flores<\/li>\n<\/ul>\n<p data-path-to-node=\"13\">Un triunfo de La Victoria este mi\u00e9rcoles los pondr\u00eda en una posici\u00f3n inmejorable de cara a la clasificaci\u00f3n, mientras que los anfitriones de Coquivacoa buscar\u00e1n hacer valer su casa en su debut.<\/p>\n<p><strong><em>Sigue esta y otras #Noticias ingresando a nuestras plataformas digitales Deportes Digital, en Instagram, Facebook, Twitter, y en nuestros grupos de Whatsapp y Telegram<\/em><\/strong><\/p>\n<p>&nbsp;<\/p>\n","protected":false},"excerpt":{"rendered":"<p>El triangular del Grupo 1 no da tregua. Para este mi\u00e9rcoles, el diamante del \u00abCamarita\u00bb Flores volver\u00e1 a encender sus luces para el segundo compromiso. Jos\u00e9 Gil Deportes Digital\/Maracaibo: La [&hellip;]<\/p>\n","protected":false},"author":1,"featured_media":113015,"comment_status":"open","ping_status":"closed","sticky":false,"template":"","format":"standard","meta":{"footnotes":""},"categories":[2],"tags":[],"class_list":["post-113014","post","type-post","status-publish","format-standard","has-post-thumbnail","hentry","category-beisbol","clearfix"],"yoast_head":"<!-- This site is optimized with the Yoast SEO plugin v27.8 - https:\/\/yoast.com\/product\/yoast-seo-wordpress\/ -->\n<title>La Victoria pega primero en el inicio de la Interligas Infantil en el Zulia - Deportes Digital<\/title>\n<meta name=\"robots\" content=\"index, follow, max-snippet:-1, max-image-preview:large, max-video-preview:-1\" \/>\n<link rel=\"canonical\" href=\"https:\/\/deportesdigital.com.ve\/public\/la-victoria-pega-primero-en-el-inicio-de-la-interligas-infantil-en-el-zulia\/\" \/>\n<meta property=\"og:locale\" content=\"es_ES\" \/>\n<meta property=\"og:type\" content=\"article\" \/>\n<meta property=\"og:title\" content=\"La Victoria pega primero en el inicio de la Interligas Infantil en el Zulia - Deportes Digital\" \/>\n<meta property=\"og:description\" content=\"El triangular del Grupo 1 no da tregua. Para este mi\u00e9rcoles, el diamante del \u00abCamarita\u00bb Flores volver\u00e1 a encender sus luces para el segundo compromiso. Jos\u00e9 Gil Deportes Digital\/Maracaibo: La [&hellip;]\" \/>\n<meta property=\"og:url\" content=\"https:\/\/deportesdigital.com.ve\/public\/la-victoria-pega-primero-en-el-inicio-de-la-interligas-infantil-en-el-zulia\/\" \/>\n<meta property=\"og:site_name\" content=\"Deportes Digital\" \/>\n<meta property=\"article:publisher\" content=\"https:\/\/www.facebook.com\/DeportesDigitalZulia25\" \/>\n<meta property=\"article:published_time\" content=\"2026-02-11T10:55:03+00:00\" \/>\n<meta property=\"og:image\" content=\"https:\/\/deportesdigital.com.ve\/public\/wp-content\/uploads\/2026\/02\/WhatsApp-Image-2026-02-10-at-7.24.13-PM.jpeg\" \/>\n\t<meta property=\"og:image:width\" content=\"728\" \/>\n\t<meta property=\"og:image:height\" content=\"564\" \/>\n\t<meta property=\"og:image:type\" content=\"image\/jpeg\" \/>\n<meta name=\"author\" content=\"luisg15\" \/>\n<meta name=\"twitter:card\" content=\"summary_large_image\" \/>\n<meta name=\"twitter:creator\" content=\"@deporteszulia\" \/>\n<meta name=\"twitter:site\" content=\"@deporteszulia\" \/>\n<meta name=\"twitter:label1\" content=\"Escrito por\" \/>\n\t<meta name=\"twitter:data1\" content=\"luisg15\" \/>\n\t<meta name=\"twitter:label2\" content=\"Tiempo de lectura\" \/>\n\t<meta name=\"twitter:data2\" content=\"2 minutos\" \/>\n<script type=\"application\/ld+json\" class=\"yoast-schema-graph\">{\"@context\":\"https:\\\/\\\/schema.org\",\"@graph\":[{\"@type\":\"Article\",\"@id\":\"https:\\\/\\\/deportesdigital.com.ve\\\/public\\\/la-victoria-pega-primero-en-el-inicio-de-la-interligas-infantil-en-el-zulia\\\/#article\",\"isPartOf\":{\"@id\":\"https:\\\/\\\/deportesdigital.com.ve\\\/public\\\/la-victoria-pega-primero-en-el-inicio-de-la-interligas-infantil-en-el-zulia\\\/\"},\"author\":{\"name\":\"luisg15\",\"@id\":\"https:\\\/\\\/deportesdigital.com.ve\\\/public\\\/#\\\/schema\\\/person\\\/57d2f23f17d761b1672066d1905e88a0\"},\"headline\":\"La Victoria pega primero en el inicio de la Interligas Infantil en el Zulia\",\"datePublished\":\"2026-02-11T10:55:03+00:00\",\"mainEntityOfPage\":{\"@id\":\"https:\\\/\\\/deportesdigital.com.ve\\\/public\\\/la-victoria-pega-primero-en-el-inicio-de-la-interligas-infantil-en-el-zulia\\\/\"},\"wordCount\":361,\"commentCount\":0,\"publisher\":{\"@id\":\"https:\\\/\\\/deportesdigital.com.ve\\\/public\\\/#organization\"},\"image\":{\"@id\":\"https:\\\/\\\/deportesdigital.com.ve\\\/public\\\/la-victoria-pega-primero-en-el-inicio-de-la-interligas-infantil-en-el-zulia\\\/#primaryimage\"},\"thumbnailUrl\":\"https:\\\/\\\/deportesdigital.com.ve\\\/public\\\/wp-content\\\/uploads\\\/2026\\\/02\\\/WhatsApp-Image-2026-02-10-at-7.24.13-PM.jpeg\",\"articleSection\":[\"B\u00e9isbol\"],\"inLanguage\":\"es\",\"potentialAction\":[{\"@type\":\"CommentAction\",\"name\":\"Comment\",\"target\":[\"https:\\\/\\\/deportesdigital.com.ve\\\/public\\\/la-victoria-pega-primero-en-el-inicio-de-la-interligas-infantil-en-el-zulia\\\/#respond\"]}]},{\"@type\":\"WebPage\",\"@id\":\"https:\\\/\\\/deportesdigital.com.ve\\\/public\\\/la-victoria-pega-primero-en-el-inicio-de-la-interligas-infantil-en-el-zulia\\\/\",\"url\":\"https:\\\/\\\/deportesdigital.com.ve\\\/public\\\/la-victoria-pega-primero-en-el-inicio-de-la-interligas-infantil-en-el-zulia\\\/\",\"name\":\"La Victoria pega primero en el inicio de la Interligas Infantil en el Zulia - Deportes Digital\",\"isPartOf\":{\"@id\":\"https:\\\/\\\/deportesdigital.com.ve\\\/public\\\/#website\"},\"primaryImageOfPage\":{\"@id\":\"https:\\\/\\\/deportesdigital.com.ve\\\/public\\\/la-victoria-pega-primero-en-el-inicio-de-la-interligas-infantil-en-el-zulia\\\/#primaryimage\"},\"image\":{\"@id\":\"https:\\\/\\\/deportesdigital.com.ve\\\/public\\\/la-victoria-pega-primero-en-el-inicio-de-la-interligas-infantil-en-el-zulia\\\/#primaryimage\"},\"thumbnailUrl\":\"https:\\\/\\\/deportesdigital.com.ve\\\/public\\\/wp-content\\\/uploads\\\/2026\\\/02\\\/WhatsApp-Image-2026-02-10-at-7.24.13-PM.jpeg\",\"datePublished\":\"2026-02-11T10:55:03+00:00\",\"breadcrumb\":{\"@id\":\"https:\\\/\\\/deportesdigital.com.ve\\\/public\\\/la-victoria-pega-primero-en-el-inicio-de-la-interligas-infantil-en-el-zulia\\\/#breadcrumb\"},\"inLanguage\":\"es\",\"potentialAction\":[{\"@type\":\"ReadAction\",\"target\":[\"https:\\\/\\\/deportesdigital.com.ve\\\/public\\\/la-victoria-pega-primero-en-el-inicio-de-la-interligas-infantil-en-el-zulia\\\/\"]}]},{\"@type\":\"ImageObject\",\"inLanguage\":\"es\",\"@id\":\"https:\\\/\\\/deportesdigital.com.ve\\\/public\\\/la-victoria-pega-primero-en-el-inicio-de-la-interligas-infantil-en-el-zulia\\\/#primaryimage\",\"url\":\"https:\\\/\\\/deportesdigital.com.ve\\\/public\\\/wp-content\\\/uploads\\\/2026\\\/02\\\/WhatsApp-Image-2026-02-10-at-7.24.13-PM.jpeg\",\"contentUrl\":\"https:\\\/\\\/deportesdigital.com.ve\\\/public\\\/wp-content\\\/uploads\\\/2026\\\/02\\\/WhatsApp-Image-2026-02-10-at-7.24.13-PM.jpeg\",\"width\":728,\"height\":564},{\"@type\":\"BreadcrumbList\",\"@id\":\"https:\\\/\\\/deportesdigital.com.ve\\\/public\\\/la-victoria-pega-primero-en-el-inicio-de-la-interligas-infantil-en-el-zulia\\\/#breadcrumb\",\"itemListElement\":[{\"@type\":\"ListItem\",\"position\":1,\"name\":\"Portada\",\"item\":\"https:\\\/\\\/deportesdigital.com.ve\\\/public\\\/\"},{\"@type\":\"ListItem\",\"position\":2,\"name\":\"La Victoria pega primero en el inicio de la Interligas Infantil en el Zulia\"}]},{\"@type\":\"WebSite\",\"@id\":\"https:\\\/\\\/deportesdigital.com.ve\\\/public\\\/#website\",\"url\":\"https:\\\/\\\/deportesdigital.com.ve\\\/public\\\/\",\"name\":\"Deportes Digital\",\"description\":\"Solo Deportes\",\"publisher\":{\"@id\":\"https:\\\/\\\/deportesdigital.com.ve\\\/public\\\/#organization\"},\"potentialAction\":[{\"@type\":\"SearchAction\",\"target\":{\"@type\":\"EntryPoint\",\"urlTemplate\":\"https:\\\/\\\/deportesdigital.com.ve\\\/public\\\/?s={search_term_string}\"},\"query-input\":{\"@type\":\"PropertyValueSpecification\",\"valueRequired\":true,\"valueName\":\"search_term_string\"}}],\"inLanguage\":\"es\"},{\"@type\":\"Organization\",\"@id\":\"https:\\\/\\\/deportesdigital.com.ve\\\/public\\\/#organization\",\"name\":\"Deportes Digital\",\"url\":\"https:\\\/\\\/deportesdigital.com.ve\\\/public\\\/\",\"logo\":{\"@type\":\"ImageObject\",\"inLanguage\":\"es\",\"@id\":\"https:\\\/\\\/deportesdigital.com.ve\\\/public\\\/#\\\/schema\\\/logo\\\/image\\\/\",\"url\":\"https:\\\/\\\/i0.wp.com\\\/deportesdigital.com.ve\\\/public\\\/wp-content\\\/uploads\\\/2023\\\/09\\\/1677066431475.png?fit=1032%2C624&ssl=1\",\"contentUrl\":\"https:\\\/\\\/i0.wp.com\\\/deportesdigital.com.ve\\\/public\\\/wp-content\\\/uploads\\\/2023\\\/09\\\/1677066431475.png?fit=1032%2C624&ssl=1\",\"width\":1032,\"height\":624,\"caption\":\"Deportes Digital\"},\"image\":{\"@id\":\"https:\\\/\\\/deportesdigital.com.ve\\\/public\\\/#\\\/schema\\\/logo\\\/image\\\/\"},\"sameAs\":[\"https:\\\/\\\/www.facebook.com\\\/DeportesDigitalZulia25\",\"https:\\\/\\\/x.com\\\/deporteszulia\",\"https:\\\/\\\/www.instagram.com\\\/deportesdigitalzulia\\\/\"]},{\"@type\":\"Person\",\"@id\":\"https:\\\/\\\/deportesdigital.com.ve\\\/public\\\/#\\\/schema\\\/person\\\/57d2f23f17d761b1672066d1905e88a0\",\"name\":\"luisg15\",\"image\":{\"@type\":\"ImageObject\",\"inLanguage\":\"es\",\"@id\":\"https:\\\/\\\/secure.gravatar.com\\\/avatar\\\/4d424b63ebd2800d281b824141af3d97c1332dfdda83d70b2057085925af58a3?s=96&d=mm&r=g\",\"url\":\"https:\\\/\\\/secure.gravatar.com\\\/avatar\\\/4d424b63ebd2800d281b824141af3d97c1332dfdda83d70b2057085925af58a3?s=96&d=mm&r=g\",\"contentUrl\":\"https:\\\/\\\/secure.gravatar.com\\\/avatar\\\/4d424b63ebd2800d281b824141af3d97c1332dfdda83d70b2057085925af58a3?s=96&d=mm&r=g\",\"caption\":\"luisg15\"},\"description\":\"Medio de Comunicaci\u00f3n digital dedicado al deporte menor\",\"sameAs\":[\"https:\\\/\\\/deportesdigital.com.ve\\\/public\"],\"url\":\"https:\\\/\\\/deportesdigital.com.ve\\\/public\\\/author\\\/luisg15\\\/\"}]}<\/script>\n<!-- \/ Yoast SEO plugin. -->","yoast_head_json":{"title":"La Victoria pega primero en el inicio de la Interligas Infantil en el Zulia - Deportes Digital","robots":{"index":"index","follow":"follow","max-snippet":"max-snippet:-1","max-image-preview":"max-image-preview:large","max-video-preview":"max-video-preview:-1"},"canonical":"https:\/\/deportesdigital.com.ve\/public\/la-victoria-pega-primero-en-el-inicio-de-la-interligas-infantil-en-el-zulia\/","og_locale":"es_ES","og_type":"article","og_title":"La Victoria pega primero en el inicio de la Interligas Infantil en el Zulia - Deportes Digital","og_description":"El triangular del Grupo 1 no da tregua. Para este mi\u00e9rcoles, el diamante del \u00abCamarita\u00bb Flores volver\u00e1 a encender sus luces para el segundo compromiso. Jos\u00e9 Gil Deportes Digital\/Maracaibo: La [&hellip;]","og_url":"https:\/\/deportesdigital.com.ve\/public\/la-victoria-pega-primero-en-el-inicio-de-la-interligas-infantil-en-el-zulia\/","og_site_name":"Deportes Digital","article_publisher":"https:\/\/www.facebook.com\/DeportesDigitalZulia25","article_published_time":"2026-02-11T10:55:03+00:00","og_image":[{"width":728,"height":564,"url":"https:\/\/deportesdigital.com.ve\/public\/wp-content\/uploads\/2026\/02\/WhatsApp-Image-2026-02-10-at-7.24.13-PM.jpeg","type":"image\/jpeg"}],"author":"luisg15","twitter_card":"summary_large_image","twitter_creator":"@deporteszulia","twitter_site":"@deporteszulia","twitter_misc":{"Escrito por":"luisg15","Tiempo de lectura":"2 minutos"},"schema":{"@context":"https:\/\/schema.org","@graph":[{"@type":"Article","@id":"https:\/\/deportesdigital.com.ve\/public\/la-victoria-pega-primero-en-el-inicio-de-la-interligas-infantil-en-el-zulia\/#article","isPartOf":{"@id":"https:\/\/deportesdigital.com.ve\/public\/la-victoria-pega-primero-en-el-inicio-de-la-interligas-infantil-en-el-zulia\/"},"author":{"name":"luisg15","@id":"https:\/\/deportesdigital.com.ve\/public\/#\/schema\/person\/57d2f23f17d761b1672066d1905e88a0"},"headline":"La Victoria pega primero en el inicio de la Interligas Infantil en el Zulia","datePublished":"2026-02-11T10:55:03+00:00","mainEntityOfPage":{"@id":"https:\/\/deportesdigital.com.ve\/public\/la-victoria-pega-primero-en-el-inicio-de-la-interligas-infantil-en-el-zulia\/"},"wordCount":361,"commentCount":0,"publisher":{"@id":"https:\/\/deportesdigital.com.ve\/public\/#organization"},"image":{"@id":"https:\/\/deportesdigital.com.ve\/public\/la-victoria-pega-primero-en-el-inicio-de-la-interligas-infantil-en-el-zulia\/#primaryimage"},"thumbnailUrl":"https:\/\/deportesdigital.com.ve\/public\/wp-content\/uploads\/2026\/02\/WhatsApp-Image-2026-02-10-at-7.24.13-PM.jpeg","articleSection":["B\u00e9isbol"],"inLanguage":"es","potentialAction":[{"@type":"CommentAction","name":"Comment","target":["https:\/\/deportesdigital.com.ve\/public\/la-victoria-pega-primero-en-el-inicio-de-la-interligas-infantil-en-el-zulia\/#respond"]}]},{"@type":"WebPage","@id":"https:\/\/deportesdigital.com.ve\/public\/la-victoria-pega-primero-en-el-inicio-de-la-interligas-infantil-en-el-zulia\/","url":"https:\/\/deportesdigital.com.ve\/public\/la-victoria-pega-primero-en-el-inicio-de-la-interligas-infantil-en-el-zulia\/","name":"La Victoria pega primero en el inicio de la Interligas Infantil en el Zulia - Deportes Digital","isPartOf":{"@id":"https:\/\/deportesdigital.com.ve\/public\/#website"},"primaryImageOfPage":{"@id":"https:\/\/deportesdigital.com.ve\/public\/la-victoria-pega-primero-en-el-inicio-de-la-interligas-infantil-en-el-zulia\/#primaryimage"},"image":{"@id":"https:\/\/deportesdigital.com.ve\/public\/la-victoria-pega-primero-en-el-inicio-de-la-interligas-infantil-en-el-zulia\/#primaryimage"},"thumbnailUrl":"https:\/\/deportesdigital.com.ve\/public\/wp-content\/uploads\/2026\/02\/WhatsApp-Image-2026-02-10-at-7.24.13-PM.jpeg","datePublished":"2026-02-11T10:55:03+00:00","breadcrumb":{"@id":"https:\/\/deportesdigital.com.ve\/public\/la-victoria-pega-primero-en-el-inicio-de-la-interligas-infantil-en-el-zulia\/#breadcrumb"},"inLanguage":"es","potentialAction":[{"@type":"ReadAction","target":["https:\/\/deportesdigital.com.ve\/public\/la-victoria-pega-primero-en-el-inicio-de-la-interligas-infantil-en-el-zulia\/"]}]},{"@type":"ImageObject","inLanguage":"es","@id":"https:\/\/deportesdigital.com.ve\/public\/la-victoria-pega-primero-en-el-inicio-de-la-interligas-infantil-en-el-zulia\/#primaryimage","url":"https:\/\/deportesdigital.com.ve\/public\/wp-content\/uploads\/2026\/02\/WhatsApp-Image-2026-02-10-at-7.24.13-PM.jpeg","contentUrl":"https:\/\/deportesdigital.com.ve\/public\/wp-content\/uploads\/2026\/02\/WhatsApp-Image-2026-02-10-at-7.24.13-PM.jpeg","width":728,"height":564},{"@type":"BreadcrumbList","@id":"https:\/\/deportesdigital.com.ve\/public\/la-victoria-pega-primero-en-el-inicio-de-la-interligas-infantil-en-el-zulia\/#breadcrumb","itemListElement":[{"@type":"ListItem","position":1,"name":"Portada","item":"https:\/\/deportesdigital.com.ve\/public\/"},{"@type":"ListItem","position":2,"name":"La Victoria pega primero en el inicio de la Interligas Infantil en el Zulia"}]},{"@type":"WebSite","@id":"https:\/\/deportesdigital.com.ve\/public\/#website","url":"https:\/\/deportesdigital.com.ve\/public\/","name":"Deportes Digital","description":"Solo Deportes","publisher":{"@id":"https:\/\/deportesdigital.com.ve\/public\/#organization"},"potentialAction":[{"@type":"SearchAction","target":{"@type":"EntryPoint","urlTemplate":"https:\/\/deportesdigital.com.ve\/public\/?s={search_term_string}"},"query-input":{"@type":"PropertyValueSpecification","valueRequired":true,"valueName":"search_term_string"}}],"inLanguage":"es"},{"@type":"Organization","@id":"https:\/\/deportesdigital.com.ve\/public\/#organization","name":"Deportes Digital","url":"https:\/\/deportesdigital.com.ve\/public\/","logo":{"@type":"ImageObject","inLanguage":"es","@id":"https:\/\/deportesdigital.com.ve\/public\/#\/schema\/logo\/image\/","url":"https:\/\/i0.wp.com\/deportesdigital.com.ve\/public\/wp-content\/uploads\/2023\/09\/1677066431475.png?fit=1032%2C624&ssl=1","contentUrl":"https:\/\/i0.wp.com\/deportesdigital.com.ve\/public\/wp-content\/uploads\/2023\/09\/1677066431475.png?fit=1032%2C624&ssl=1","width":1032,"height":624,"caption":"Deportes Digital"},"image":{"@id":"https:\/\/deportesdigital.com.ve\/public\/#\/schema\/logo\/image\/"},"sameAs":["https:\/\/www.facebook.com\/DeportesDigitalZulia25","https:\/\/x.com\/deporteszulia","https:\/\/www.instagram.com\/deportesdigitalzulia\/"]},{"@type":"Person","@id":"https:\/\/deportesdigital.com.ve\/public\/#\/schema\/person\/57d2f23f17d761b1672066d1905e88a0","name":"luisg15","image":{"@type":"ImageObject","inLanguage":"es","@id":"https:\/\/secure.gravatar.com\/avatar\/4d424b63ebd2800d281b824141af3d97c1332dfdda83d70b2057085925af58a3?s=96&d=mm&r=g","url":"https:\/\/secure.gravatar.com\/avatar\/4d424b63ebd2800d281b824141af3d97c1332dfdda83d70b2057085925af58a3?s=96&d=mm&r=g","contentUrl":"https:\/\/secure.gravatar.com\/avatar\/4d424b63ebd2800d281b824141af3d97c1332dfdda83d70b2057085925af58a3?s=96&d=mm&r=g","caption":"luisg15"},"description":"Medio de Comunicaci\u00f3n digital dedicado al deporte menor","sameAs":["https:\/\/deportesdigital.com.ve\/public"],"url":"https:\/\/deportesdigital.com.ve\/public\/author\/luisg15\/"}]}},"_links":{"self":[{"href":"https:\/\/deportesdigital.com.ve\/public\/wp-json\/wp\/v2\/posts\/113014","targetHints":{"allow":["GET"]}}],"collection":[{"href":"https:\/\/deportesdigital.com.ve\/public\/wp-json\/wp\/v2\/posts"}],"about":[{"href":"https:\/\/deportesdigital.com.ve\/public\/wp-json\/wp\/v2\/types\/post"}],"author":[{"embeddable":true,"href":"https:\/\/deportesdigital.com.ve\/public\/wp-json\/wp\/v2\/users\/1"}],"replies":[{"embeddable":true,"href":"https:\/\/deportesdigital.com.ve\/public\/wp-json\/wp\/v2\/comments?post=113014"}],"version-history":[{"count":1,"href":"https:\/\/deportesdigital.com.ve\/public\/wp-json\/wp\/v2\/posts\/113014\/revisions"}],"predecessor-version":[{"id":113016,"href":"https:\/\/deportesdigital.com.ve\/public\/wp-json\/wp\/v2\/posts\/113014\/revisions\/113016"}],"wp:featuredmedia":[{"embeddable":true,"href":"https:\/\/deportesdigital.com.ve\/public\/wp-json\/wp\/v2\/media\/113015"}],"wp:attachment":[{"href":"https:\/\/deportesdigital.com.ve\/public\/wp-json\/wp\/v2\/media?parent=113014"}],"wp:term":[{"taxonomy":"category","embeddable":true,"href":"https:\/\/deportesdigital.com.ve\/public\/wp-json\/wp\/v2\/categories?post=113014"},{"taxonomy":"post_tag","embeddable":true,"href":"https:\/\/deportesdigital.com.ve\/public\/wp-json\/wp\/v2\/tags?post=113014"}],"curies":[{"name":"wp","href":"https:\/\/api.w.org\/{rel}","templated":true}]}}