{"id":113011,"date":"2026-02-10T21:31:43","date_gmt":"2026-02-11T01:31:43","guid":{"rendered":"https:\/\/deportesdigital.com.ve\/public\/?p=113011"},"modified":"2026-02-10T21:31:43","modified_gmt":"2026-02-11T01:31:43","slug":"poder-zuliano-jose-ignacio-gonzalez-se-une-a-la-seleccion-nacional-de-para-powerlifting","status":"publish","type":"post","link":"https:\/\/deportesdigital.com.ve\/public\/poder-zuliano-jose-ignacio-gonzalez-se-une-a-la-seleccion-nacional-de-para-powerlifting\/","title":{"rendered":"Poder Zuliano: Jos\u00e9 Ignacio Gonz\u00e1lez se une a la Selecci\u00f3n Nacional de Para-Powerlifting"},"content":{"rendered":"<p><strong><em>Bajo la direcci\u00f3n t\u00e9cnica de los entrenadores Oscar Ferreira y Anabella Sarmiento, el atleta maracaibero ha pulido una t\u00e9cnica que hoy lo sit\u00faa en la \u00e9lite nacional.<\/em><\/strong><\/p>\n<hr \/>\n<p><strong><em>Jos\u00e9 Gil Deportes Digital\/Maracaibo:<\/em><\/strong> El deporte adaptado del estado Zulia celebra un nuevo hito. El destacado paratleta <strong>Jos\u00e9 Ignacio Gonz\u00e1lez<\/strong>, referente de la disciplina de <strong>Para-Powerlifting<\/strong>, ha recibido el llamado oficial para integrarse a la concentraci\u00f3n de la <strong>Selecci\u00f3n Nacional de Venezuela<\/strong>, con la mirada puesta en el ciclo de competencias internacionales de 2026.<\/p>\n<p>Gonz\u00e1lez, quien compite en la divisi\u00f3n de peso pesado (<strong>+107 kg<\/strong>), ha consolidado su posici\u00f3n como uno de los levantadores m\u00e1s fuertes del pa\u00eds tras una trayectoria de ascenso constante. Su evoluci\u00f3n, que lo llev\u00f3 desde el rango de los 100-107 kg hasta la categor\u00eda m\u00e1xima, es el resultado de un arduo trabajo realizado en su \u00abcasa\u00bb: el <strong>Polideportivo de Maracaibo<\/strong>.<\/p>\n<p><strong>Forjado en el Polideportivo<\/strong><\/p>\n<p>Bajo la direcci\u00f3n t\u00e9cnica de los entrenadores <strong>Oscar Ferreira<\/strong> y <strong>Anabella Sarmiento<\/strong>, el atleta maracaibero ha pulido una t\u00e9cnica que hoy lo sit\u00faa en la \u00e9lite nacional. Su preparaci\u00f3n no solo se ha basado en la fuerza bruta, sino en la disciplina estrat\u00e9gica que sus mentores han implementado en cada sesi\u00f3n de entrenamiento en la capital zuliana.<\/p>\n<p><strong>Un historial de \u00e9xitos (2025-2026)<\/strong><\/p>\n<p>El llamado al equipo nacional no es casualidad; los resultados recientes avalan su convocatoria:<\/p>\n<p><strong>Oro Regional (Mayo 2025):<\/strong> Se coron\u00f3 campe\u00f3n representando al Zulia en la categor\u00eda +107 kg, demostrando una superioridad absoluta en la plataforma.<\/p>\n<p><strong>Bronce en Paranacionales:<\/strong> Logr\u00f3 subir al podio en los <strong>III Juegos Deportivos Paranacionales<\/strong>, colg\u00e1ndose la medalla de bronce en la modalidad de press de banca.<\/p>\n<p><strong>Rumbo al Ciclo Internacional 2026<\/strong><\/p>\n<p>Actualmente, Jos\u00e9 Ignacio se encuentra enfocado al 100% en la concentraci\u00f3n nacional. El objetivo para este 2026 es claro: <strong>mejorar sus marcas personales y asegurar podios internacionales<\/strong> para Venezuela. Gonz\u00e1lez no solo lleva consigo sus discos y barras, sino el orgullo de una regi\u00f3n que lo ve como un ejemplo de superaci\u00f3n y fuerza.<\/p>\n<p>\u00abEl atleta zuliano se prepara para enfrentar los desaf\u00edos globales, buscando dejar el nombre de Maracaibo y de toda Venezuela en lo m\u00e1s alto del podio\u00bb.<\/p>\n<p><strong><em>Sigue esta y otras #Noticias ingresando a nuestras plataformas digitales Deportes Digital, en Instagram, Facebook, Twitter, y en nuestros grupos de Whatsapp y Telegram<\/em><\/strong><\/p>\n<p>&nbsp;<\/p>\n","protected":false},"excerpt":{"rendered":"<p>Bajo la direcci\u00f3n t\u00e9cnica de los entrenadores Oscar Ferreira y Anabella Sarmiento, el atleta maracaibero ha pulido una t\u00e9cnica que hoy lo sit\u00faa en la \u00e9lite nacional. Jos\u00e9 Gil Deportes [&hellip;]<\/p>\n","protected":false},"author":1,"featured_media":113012,"comment_status":"open","ping_status":"closed","sticky":false,"template":"","format":"standard","meta":{"footnotes":""},"categories":[5],"tags":[],"class_list":["post-113011","post","type-post","status-publish","format-standard","has-post-thumbnail","hentry","category-otrosdeportes","clearfix"],"yoast_head":"<!-- This site is optimized with the Yoast SEO plugin v27.8 - https:\/\/yoast.com\/product\/yoast-seo-wordpress\/ -->\n<title>Poder Zuliano: Jos\u00e9 Ignacio Gonz\u00e1lez se une a la Selecci\u00f3n Nacional de Para-Powerlifting - Deportes Digital<\/title>\n<meta name=\"robots\" content=\"index, follow, max-snippet:-1, max-image-preview:large, max-video-preview:-1\" \/>\n<link rel=\"canonical\" href=\"https:\/\/deportesdigital.com.ve\/public\/poder-zuliano-jose-ignacio-gonzalez-se-une-a-la-seleccion-nacional-de-para-powerlifting\/\" \/>\n<meta property=\"og:locale\" content=\"es_ES\" \/>\n<meta property=\"og:type\" content=\"article\" \/>\n<meta property=\"og:title\" content=\"Poder Zuliano: Jos\u00e9 Ignacio Gonz\u00e1lez se une a la Selecci\u00f3n Nacional de Para-Powerlifting - Deportes Digital\" \/>\n<meta property=\"og:description\" content=\"Bajo la direcci\u00f3n t\u00e9cnica de los entrenadores Oscar Ferreira y Anabella Sarmiento, el atleta maracaibero ha pulido una t\u00e9cnica que hoy lo sit\u00faa en la \u00e9lite nacional. Jos\u00e9 Gil Deportes [&hellip;]\" \/>\n<meta property=\"og:url\" content=\"https:\/\/deportesdigital.com.ve\/public\/poder-zuliano-jose-ignacio-gonzalez-se-une-a-la-seleccion-nacional-de-para-powerlifting\/\" \/>\n<meta property=\"og:site_name\" content=\"Deportes Digital\" \/>\n<meta property=\"article:publisher\" content=\"https:\/\/www.facebook.com\/DeportesDigitalZulia25\" \/>\n<meta property=\"article:published_time\" content=\"2026-02-11T01:31:43+00:00\" \/>\n<meta property=\"og:image\" content=\"https:\/\/deportesdigital.com.ve\/public\/wp-content\/uploads\/2026\/02\/6e25f9ad-45ad-4e7a-ab4a-ef200c36ad58.jpg\" \/>\n\t<meta property=\"og:image:width\" content=\"615\" \/>\n\t<meta property=\"og:image:height\" content=\"654\" \/>\n\t<meta property=\"og:image:type\" content=\"image\/jpeg\" \/>\n<meta name=\"author\" content=\"luisg15\" \/>\n<meta name=\"twitter:card\" content=\"summary_large_image\" \/>\n<meta name=\"twitter:creator\" content=\"@deporteszulia\" \/>\n<meta name=\"twitter:site\" content=\"@deporteszulia\" \/>\n<meta name=\"twitter:label1\" content=\"Escrito por\" \/>\n\t<meta name=\"twitter:data1\" content=\"luisg15\" \/>\n\t<meta name=\"twitter:label2\" content=\"Tiempo de lectura\" \/>\n\t<meta name=\"twitter:data2\" content=\"2 minutos\" \/>\n<script type=\"application\/ld+json\" class=\"yoast-schema-graph\">{\"@context\":\"https:\\\/\\\/schema.org\",\"@graph\":[{\"@type\":\"Article\",\"@id\":\"https:\\\/\\\/deportesdigital.com.ve\\\/public\\\/poder-zuliano-jose-ignacio-gonzalez-se-une-a-la-seleccion-nacional-de-para-powerlifting\\\/#article\",\"isPartOf\":{\"@id\":\"https:\\\/\\\/deportesdigital.com.ve\\\/public\\\/poder-zuliano-jose-ignacio-gonzalez-se-une-a-la-seleccion-nacional-de-para-powerlifting\\\/\"},\"author\":{\"name\":\"luisg15\",\"@id\":\"https:\\\/\\\/deportesdigital.com.ve\\\/public\\\/#\\\/schema\\\/person\\\/57d2f23f17d761b1672066d1905e88a0\"},\"headline\":\"Poder Zuliano: Jos\u00e9 Ignacio Gonz\u00e1lez se une a la Selecci\u00f3n Nacional de Para-Powerlifting\",\"datePublished\":\"2026-02-11T01:31:43+00:00\",\"mainEntityOfPage\":{\"@id\":\"https:\\\/\\\/deportesdigital.com.ve\\\/public\\\/poder-zuliano-jose-ignacio-gonzalez-se-une-a-la-seleccion-nacional-de-para-powerlifting\\\/\"},\"wordCount\":419,\"commentCount\":0,\"publisher\":{\"@id\":\"https:\\\/\\\/deportesdigital.com.ve\\\/public\\\/#organization\"},\"image\":{\"@id\":\"https:\\\/\\\/deportesdigital.com.ve\\\/public\\\/poder-zuliano-jose-ignacio-gonzalez-se-une-a-la-seleccion-nacional-de-para-powerlifting\\\/#primaryimage\"},\"thumbnailUrl\":\"https:\\\/\\\/deportesdigital.com.ve\\\/public\\\/wp-content\\\/uploads\\\/2026\\\/02\\\/6e25f9ad-45ad-4e7a-ab4a-ef200c36ad58.jpg\",\"articleSection\":[\"Otros Deportes\"],\"inLanguage\":\"es\",\"potentialAction\":[{\"@type\":\"CommentAction\",\"name\":\"Comment\",\"target\":[\"https:\\\/\\\/deportesdigital.com.ve\\\/public\\\/poder-zuliano-jose-ignacio-gonzalez-se-une-a-la-seleccion-nacional-de-para-powerlifting\\\/#respond\"]}]},{\"@type\":\"WebPage\",\"@id\":\"https:\\\/\\\/deportesdigital.com.ve\\\/public\\\/poder-zuliano-jose-ignacio-gonzalez-se-une-a-la-seleccion-nacional-de-para-powerlifting\\\/\",\"url\":\"https:\\\/\\\/deportesdigital.com.ve\\\/public\\\/poder-zuliano-jose-ignacio-gonzalez-se-une-a-la-seleccion-nacional-de-para-powerlifting\\\/\",\"name\":\"Poder Zuliano: Jos\u00e9 Ignacio Gonz\u00e1lez se une a la Selecci\u00f3n Nacional de Para-Powerlifting - Deportes Digital\",\"isPartOf\":{\"@id\":\"https:\\\/\\\/deportesdigital.com.ve\\\/public\\\/#website\"},\"primaryImageOfPage\":{\"@id\":\"https:\\\/\\\/deportesdigital.com.ve\\\/public\\\/poder-zuliano-jose-ignacio-gonzalez-se-une-a-la-seleccion-nacional-de-para-powerlifting\\\/#primaryimage\"},\"image\":{\"@id\":\"https:\\\/\\\/deportesdigital.com.ve\\\/public\\\/poder-zuliano-jose-ignacio-gonzalez-se-une-a-la-seleccion-nacional-de-para-powerlifting\\\/#primaryimage\"},\"thumbnailUrl\":\"https:\\\/\\\/deportesdigital.com.ve\\\/public\\\/wp-content\\\/uploads\\\/2026\\\/02\\\/6e25f9ad-45ad-4e7a-ab4a-ef200c36ad58.jpg\",\"datePublished\":\"2026-02-11T01:31:43+00:00\",\"breadcrumb\":{\"@id\":\"https:\\\/\\\/deportesdigital.com.ve\\\/public\\\/poder-zuliano-jose-ignacio-gonzalez-se-une-a-la-seleccion-nacional-de-para-powerlifting\\\/#breadcrumb\"},\"inLanguage\":\"es\",\"potentialAction\":[{\"@type\":\"ReadAction\",\"target\":[\"https:\\\/\\\/deportesdigital.com.ve\\\/public\\\/poder-zuliano-jose-ignacio-gonzalez-se-une-a-la-seleccion-nacional-de-para-powerlifting\\\/\"]}]},{\"@type\":\"ImageObject\",\"inLanguage\":\"es\",\"@id\":\"https:\\\/\\\/deportesdigital.com.ve\\\/public\\\/poder-zuliano-jose-ignacio-gonzalez-se-une-a-la-seleccion-nacional-de-para-powerlifting\\\/#primaryimage\",\"url\":\"https:\\\/\\\/deportesdigital.com.ve\\\/public\\\/wp-content\\\/uploads\\\/2026\\\/02\\\/6e25f9ad-45ad-4e7a-ab4a-ef200c36ad58.jpg\",\"contentUrl\":\"https:\\\/\\\/deportesdigital.com.ve\\\/public\\\/wp-content\\\/uploads\\\/2026\\\/02\\\/6e25f9ad-45ad-4e7a-ab4a-ef200c36ad58.jpg\",\"width\":615,\"height\":654},{\"@type\":\"BreadcrumbList\",\"@id\":\"https:\\\/\\\/deportesdigital.com.ve\\\/public\\\/poder-zuliano-jose-ignacio-gonzalez-se-une-a-la-seleccion-nacional-de-para-powerlifting\\\/#breadcrumb\",\"itemListElement\":[{\"@type\":\"ListItem\",\"position\":1,\"name\":\"Portada\",\"item\":\"https:\\\/\\\/deportesdigital.com.ve\\\/public\\\/\"},{\"@type\":\"ListItem\",\"position\":2,\"name\":\"Poder Zuliano: Jos\u00e9 Ignacio Gonz\u00e1lez se une a la Selecci\u00f3n Nacional de Para-Powerlifting\"}]},{\"@type\":\"WebSite\",\"@id\":\"https:\\\/\\\/deportesdigital.com.ve\\\/public\\\/#website\",\"url\":\"https:\\\/\\\/deportesdigital.com.ve\\\/public\\\/\",\"name\":\"Deportes Digital\",\"description\":\"Solo Deportes\",\"publisher\":{\"@id\":\"https:\\\/\\\/deportesdigital.com.ve\\\/public\\\/#organization\"},\"potentialAction\":[{\"@type\":\"SearchAction\",\"target\":{\"@type\":\"EntryPoint\",\"urlTemplate\":\"https:\\\/\\\/deportesdigital.com.ve\\\/public\\\/?s={search_term_string}\"},\"query-input\":{\"@type\":\"PropertyValueSpecification\",\"valueRequired\":true,\"valueName\":\"search_term_string\"}}],\"inLanguage\":\"es\"},{\"@type\":\"Organization\",\"@id\":\"https:\\\/\\\/deportesdigital.com.ve\\\/public\\\/#organization\",\"name\":\"Deportes Digital\",\"url\":\"https:\\\/\\\/deportesdigital.com.ve\\\/public\\\/\",\"logo\":{\"@type\":\"ImageObject\",\"inLanguage\":\"es\",\"@id\":\"https:\\\/\\\/deportesdigital.com.ve\\\/public\\\/#\\\/schema\\\/logo\\\/image\\\/\",\"url\":\"https:\\\/\\\/i0.wp.com\\\/deportesdigital.com.ve\\\/public\\\/wp-content\\\/uploads\\\/2023\\\/09\\\/1677066431475.png?fit=1032%2C624&ssl=1\",\"contentUrl\":\"https:\\\/\\\/i0.wp.com\\\/deportesdigital.com.ve\\\/public\\\/wp-content\\\/uploads\\\/2023\\\/09\\\/1677066431475.png?fit=1032%2C624&ssl=1\",\"width\":1032,\"height\":624,\"caption\":\"Deportes Digital\"},\"image\":{\"@id\":\"https:\\\/\\\/deportesdigital.com.ve\\\/public\\\/#\\\/schema\\\/logo\\\/image\\\/\"},\"sameAs\":[\"https:\\\/\\\/www.facebook.com\\\/DeportesDigitalZulia25\",\"https:\\\/\\\/x.com\\\/deporteszulia\",\"https:\\\/\\\/www.instagram.com\\\/deportesdigitalzulia\\\/\"]},{\"@type\":\"Person\",\"@id\":\"https:\\\/\\\/deportesdigital.com.ve\\\/public\\\/#\\\/schema\\\/person\\\/57d2f23f17d761b1672066d1905e88a0\",\"name\":\"luisg15\",\"image\":{\"@type\":\"ImageObject\",\"inLanguage\":\"es\",\"@id\":\"https:\\\/\\\/secure.gravatar.com\\\/avatar\\\/4d424b63ebd2800d281b824141af3d97c1332dfdda83d70b2057085925af58a3?s=96&d=mm&r=g\",\"url\":\"https:\\\/\\\/secure.gravatar.com\\\/avatar\\\/4d424b63ebd2800d281b824141af3d97c1332dfdda83d70b2057085925af58a3?s=96&d=mm&r=g\",\"contentUrl\":\"https:\\\/\\\/secure.gravatar.com\\\/avatar\\\/4d424b63ebd2800d281b824141af3d97c1332dfdda83d70b2057085925af58a3?s=96&d=mm&r=g\",\"caption\":\"luisg15\"},\"description\":\"Medio de Comunicaci\u00f3n digital dedicado al deporte menor\",\"sameAs\":[\"https:\\\/\\\/deportesdigital.com.ve\\\/public\"],\"url\":\"https:\\\/\\\/deportesdigital.com.ve\\\/public\\\/author\\\/luisg15\\\/\"}]}<\/script>\n<!-- \/ Yoast SEO plugin. -->","yoast_head_json":{"title":"Poder Zuliano: Jos\u00e9 Ignacio Gonz\u00e1lez se une a la Selecci\u00f3n Nacional de Para-Powerlifting - Deportes Digital","robots":{"index":"index","follow":"follow","max-snippet":"max-snippet:-1","max-image-preview":"max-image-preview:large","max-video-preview":"max-video-preview:-1"},"canonical":"https:\/\/deportesdigital.com.ve\/public\/poder-zuliano-jose-ignacio-gonzalez-se-une-a-la-seleccion-nacional-de-para-powerlifting\/","og_locale":"es_ES","og_type":"article","og_title":"Poder Zuliano: Jos\u00e9 Ignacio Gonz\u00e1lez se une a la Selecci\u00f3n Nacional de Para-Powerlifting - Deportes Digital","og_description":"Bajo la direcci\u00f3n t\u00e9cnica de los entrenadores Oscar Ferreira y Anabella Sarmiento, el atleta maracaibero ha pulido una t\u00e9cnica que hoy lo sit\u00faa en la \u00e9lite nacional. Jos\u00e9 Gil Deportes [&hellip;]","og_url":"https:\/\/deportesdigital.com.ve\/public\/poder-zuliano-jose-ignacio-gonzalez-se-une-a-la-seleccion-nacional-de-para-powerlifting\/","og_site_name":"Deportes Digital","article_publisher":"https:\/\/www.facebook.com\/DeportesDigitalZulia25","article_published_time":"2026-02-11T01:31:43+00:00","og_image":[{"width":615,"height":654,"url":"https:\/\/deportesdigital.com.ve\/public\/wp-content\/uploads\/2026\/02\/6e25f9ad-45ad-4e7a-ab4a-ef200c36ad58.jpg","type":"image\/jpeg"}],"author":"luisg15","twitter_card":"summary_large_image","twitter_creator":"@deporteszulia","twitter_site":"@deporteszulia","twitter_misc":{"Escrito por":"luisg15","Tiempo de lectura":"2 minutos"},"schema":{"@context":"https:\/\/schema.org","@graph":[{"@type":"Article","@id":"https:\/\/deportesdigital.com.ve\/public\/poder-zuliano-jose-ignacio-gonzalez-se-une-a-la-seleccion-nacional-de-para-powerlifting\/#article","isPartOf":{"@id":"https:\/\/deportesdigital.com.ve\/public\/poder-zuliano-jose-ignacio-gonzalez-se-une-a-la-seleccion-nacional-de-para-powerlifting\/"},"author":{"name":"luisg15","@id":"https:\/\/deportesdigital.com.ve\/public\/#\/schema\/person\/57d2f23f17d761b1672066d1905e88a0"},"headline":"Poder Zuliano: Jos\u00e9 Ignacio Gonz\u00e1lez se une a la Selecci\u00f3n Nacional de Para-Powerlifting","datePublished":"2026-02-11T01:31:43+00:00","mainEntityOfPage":{"@id":"https:\/\/deportesdigital.com.ve\/public\/poder-zuliano-jose-ignacio-gonzalez-se-une-a-la-seleccion-nacional-de-para-powerlifting\/"},"wordCount":419,"commentCount":0,"publisher":{"@id":"https:\/\/deportesdigital.com.ve\/public\/#organization"},"image":{"@id":"https:\/\/deportesdigital.com.ve\/public\/poder-zuliano-jose-ignacio-gonzalez-se-une-a-la-seleccion-nacional-de-para-powerlifting\/#primaryimage"},"thumbnailUrl":"https:\/\/deportesdigital.com.ve\/public\/wp-content\/uploads\/2026\/02\/6e25f9ad-45ad-4e7a-ab4a-ef200c36ad58.jpg","articleSection":["Otros Deportes"],"inLanguage":"es","potentialAction":[{"@type":"CommentAction","name":"Comment","target":["https:\/\/deportesdigital.com.ve\/public\/poder-zuliano-jose-ignacio-gonzalez-se-une-a-la-seleccion-nacional-de-para-powerlifting\/#respond"]}]},{"@type":"WebPage","@id":"https:\/\/deportesdigital.com.ve\/public\/poder-zuliano-jose-ignacio-gonzalez-se-une-a-la-seleccion-nacional-de-para-powerlifting\/","url":"https:\/\/deportesdigital.com.ve\/public\/poder-zuliano-jose-ignacio-gonzalez-se-une-a-la-seleccion-nacional-de-para-powerlifting\/","name":"Poder Zuliano: Jos\u00e9 Ignacio Gonz\u00e1lez se une a la Selecci\u00f3n Nacional de Para-Powerlifting - Deportes Digital","isPartOf":{"@id":"https:\/\/deportesdigital.com.ve\/public\/#website"},"primaryImageOfPage":{"@id":"https:\/\/deportesdigital.com.ve\/public\/poder-zuliano-jose-ignacio-gonzalez-se-une-a-la-seleccion-nacional-de-para-powerlifting\/#primaryimage"},"image":{"@id":"https:\/\/deportesdigital.com.ve\/public\/poder-zuliano-jose-ignacio-gonzalez-se-une-a-la-seleccion-nacional-de-para-powerlifting\/#primaryimage"},"thumbnailUrl":"https:\/\/deportesdigital.com.ve\/public\/wp-content\/uploads\/2026\/02\/6e25f9ad-45ad-4e7a-ab4a-ef200c36ad58.jpg","datePublished":"2026-02-11T01:31:43+00:00","breadcrumb":{"@id":"https:\/\/deportesdigital.com.ve\/public\/poder-zuliano-jose-ignacio-gonzalez-se-une-a-la-seleccion-nacional-de-para-powerlifting\/#breadcrumb"},"inLanguage":"es","potentialAction":[{"@type":"ReadAction","target":["https:\/\/deportesdigital.com.ve\/public\/poder-zuliano-jose-ignacio-gonzalez-se-une-a-la-seleccion-nacional-de-para-powerlifting\/"]}]},{"@type":"ImageObject","inLanguage":"es","@id":"https:\/\/deportesdigital.com.ve\/public\/poder-zuliano-jose-ignacio-gonzalez-se-une-a-la-seleccion-nacional-de-para-powerlifting\/#primaryimage","url":"https:\/\/deportesdigital.com.ve\/public\/wp-content\/uploads\/2026\/02\/6e25f9ad-45ad-4e7a-ab4a-ef200c36ad58.jpg","contentUrl":"https:\/\/deportesdigital.com.ve\/public\/wp-content\/uploads\/2026\/02\/6e25f9ad-45ad-4e7a-ab4a-ef200c36ad58.jpg","width":615,"height":654},{"@type":"BreadcrumbList","@id":"https:\/\/deportesdigital.com.ve\/public\/poder-zuliano-jose-ignacio-gonzalez-se-une-a-la-seleccion-nacional-de-para-powerlifting\/#breadcrumb","itemListElement":[{"@type":"ListItem","position":1,"name":"Portada","item":"https:\/\/deportesdigital.com.ve\/public\/"},{"@type":"ListItem","position":2,"name":"Poder Zuliano: Jos\u00e9 Ignacio Gonz\u00e1lez se une a la Selecci\u00f3n Nacional de Para-Powerlifting"}]},{"@type":"WebSite","@id":"https:\/\/deportesdigital.com.ve\/public\/#website","url":"https:\/\/deportesdigital.com.ve\/public\/","name":"Deportes Digital","description":"Solo Deportes","publisher":{"@id":"https:\/\/deportesdigital.com.ve\/public\/#organization"},"potentialAction":[{"@type":"SearchAction","target":{"@type":"EntryPoint","urlTemplate":"https:\/\/deportesdigital.com.ve\/public\/?s={search_term_string}"},"query-input":{"@type":"PropertyValueSpecification","valueRequired":true,"valueName":"search_term_string"}}],"inLanguage":"es"},{"@type":"Organization","@id":"https:\/\/deportesdigital.com.ve\/public\/#organization","name":"Deportes Digital","url":"https:\/\/deportesdigital.com.ve\/public\/","logo":{"@type":"ImageObject","inLanguage":"es","@id":"https:\/\/deportesdigital.com.ve\/public\/#\/schema\/logo\/image\/","url":"https:\/\/i0.wp.com\/deportesdigital.com.ve\/public\/wp-content\/uploads\/2023\/09\/1677066431475.png?fit=1032%2C624&ssl=1","contentUrl":"https:\/\/i0.wp.com\/deportesdigital.com.ve\/public\/wp-content\/uploads\/2023\/09\/1677066431475.png?fit=1032%2C624&ssl=1","width":1032,"height":624,"caption":"Deportes Digital"},"image":{"@id":"https:\/\/deportesdigital.com.ve\/public\/#\/schema\/logo\/image\/"},"sameAs":["https:\/\/www.facebook.com\/DeportesDigitalZulia25","https:\/\/x.com\/deporteszulia","https:\/\/www.instagram.com\/deportesdigitalzulia\/"]},{"@type":"Person","@id":"https:\/\/deportesdigital.com.ve\/public\/#\/schema\/person\/57d2f23f17d761b1672066d1905e88a0","name":"luisg15","image":{"@type":"ImageObject","inLanguage":"es","@id":"https:\/\/secure.gravatar.com\/avatar\/4d424b63ebd2800d281b824141af3d97c1332dfdda83d70b2057085925af58a3?s=96&d=mm&r=g","url":"https:\/\/secure.gravatar.com\/avatar\/4d424b63ebd2800d281b824141af3d97c1332dfdda83d70b2057085925af58a3?s=96&d=mm&r=g","contentUrl":"https:\/\/secure.gravatar.com\/avatar\/4d424b63ebd2800d281b824141af3d97c1332dfdda83d70b2057085925af58a3?s=96&d=mm&r=g","caption":"luisg15"},"description":"Medio de Comunicaci\u00f3n digital dedicado al deporte menor","sameAs":["https:\/\/deportesdigital.com.ve\/public"],"url":"https:\/\/deportesdigital.com.ve\/public\/author\/luisg15\/"}]}},"_links":{"self":[{"href":"https:\/\/deportesdigital.com.ve\/public\/wp-json\/wp\/v2\/posts\/113011","targetHints":{"allow":["GET"]}}],"collection":[{"href":"https:\/\/deportesdigital.com.ve\/public\/wp-json\/wp\/v2\/posts"}],"about":[{"href":"https:\/\/deportesdigital.com.ve\/public\/wp-json\/wp\/v2\/types\/post"}],"author":[{"embeddable":true,"href":"https:\/\/deportesdigital.com.ve\/public\/wp-json\/wp\/v2\/users\/1"}],"replies":[{"embeddable":true,"href":"https:\/\/deportesdigital.com.ve\/public\/wp-json\/wp\/v2\/comments?post=113011"}],"version-history":[{"count":1,"href":"https:\/\/deportesdigital.com.ve\/public\/wp-json\/wp\/v2\/posts\/113011\/revisions"}],"predecessor-version":[{"id":113013,"href":"https:\/\/deportesdigital.com.ve\/public\/wp-json\/wp\/v2\/posts\/113011\/revisions\/113013"}],"wp:featuredmedia":[{"embeddable":true,"href":"https:\/\/deportesdigital.com.ve\/public\/wp-json\/wp\/v2\/media\/113012"}],"wp:attachment":[{"href":"https:\/\/deportesdigital.com.ve\/public\/wp-json\/wp\/v2\/media?parent=113011"}],"wp:term":[{"taxonomy":"category","embeddable":true,"href":"https:\/\/deportesdigital.com.ve\/public\/wp-json\/wp\/v2\/categories?post=113011"},{"taxonomy":"post_tag","embeddable":true,"href":"https:\/\/deportesdigital.com.ve\/public\/wp-json\/wp\/v2\/tags?post=113011"}],"curies":[{"name":"wp","href":"https:\/\/api.w.org\/{rel}","templated":true}]}}