{"id":112990,"date":"2026-02-09T21:57:41","date_gmt":"2026-02-10T01:57:41","guid":{"rendered":"https:\/\/deportesdigital.com.ve\/public\/?p=112990"},"modified":"2026-02-09T21:57:41","modified_gmt":"2026-02-10T01:57:41","slug":"el-taekwondo-zuliano-enciende-los-motores-inicia-el-camino-hacia-los-juegos-nacionales-2026","status":"publish","type":"post","link":"https:\/\/deportesdigital.com.ve\/public\/el-taekwondo-zuliano-enciende-los-motores-inicia-el-camino-hacia-los-juegos-nacionales-2026\/","title":{"rendered":"El Taekwondo zuliano enciende los motores: Inicia el camino hacia los Juegos Nacionales 2026"},"content":{"rendered":"<p><strong><em>En trabajo fuerte y en conjunto con los dem\u00e1s municipios para blindarnos. Nuestra meta es conformar una selecci\u00f3n s\u00f3lida que garantice el \u00e9xito en la competencia nacional\u00bb, afirm\u00f3 el directivo.<\/em><\/strong><\/p>\n<hr \/>\n<p><strong><em>Jos\u00e9 Gil Deportes Digital\/Maracaibo:<\/em><\/strong> \u00a0Con la disciplina y el esp\u00edritu de combate que caracteriza a este arte marcial, la <strong>Asociaci\u00f3n Zuliana de Taekwondo<\/strong> dio inicio oficial a los entrenamientos de la preselecci\u00f3n regional. El objetivo es claro: llegar en condiciones \u00f3ptimas al clasificatorio de los <strong>XXII Juegos Deportivos Nacionales 2026<\/strong>.<\/p>\n<p><img loading=\"lazy\" decoding=\"async\" class=\"alignnone size-full wp-image-112989\" src=\"https:\/\/deportesdigital.com.ve\/public\/wp-content\/uploads\/2026\/02\/WhatsApp-Image-2026-02-09-at-6.38.47-PM.jpg\" alt=\"\" width=\"1256\" height=\"553\" srcset=\"https:\/\/deportesdigital.com.ve\/public\/wp-content\/uploads\/2026\/02\/WhatsApp-Image-2026-02-09-at-6.38.47-PM.jpg 1256w, https:\/\/deportesdigital.com.ve\/public\/wp-content\/uploads\/2026\/02\/WhatsApp-Image-2026-02-09-at-6.38.47-PM-300x132.jpg 300w, https:\/\/deportesdigital.com.ve\/public\/wp-content\/uploads\/2026\/02\/WhatsApp-Image-2026-02-09-at-6.38.47-PM-1024x451.jpg 1024w, https:\/\/deportesdigital.com.ve\/public\/wp-content\/uploads\/2026\/02\/WhatsApp-Image-2026-02-09-at-6.38.47-PM-768x338.jpg 768w, https:\/\/deportesdigital.com.ve\/public\/wp-content\/uploads\/2026\/02\/WhatsApp-Image-2026-02-09-at-6.38.47-PM-730x321.jpg 730w, https:\/\/deportesdigital.com.ve\/public\/wp-content\/uploads\/2026\/02\/WhatsApp-Image-2026-02-09-at-6.38.47-PM-435x192.jpg 435w\" sizes=\"auto, (max-width: 1256px) 100vw, 1256px\" \/><\/p>\n<p>El Gimnasio de Taekwondo del Polideportivo de Maracaibo se convirti\u00f3 en el epicentro de esta preparaci\u00f3n, recibiendo a un nutrido grupo de atletas que buscan un lugar en la selecci\u00f3n definitiva.<\/p>\n<p><strong>Unidad y compromiso institucional<\/strong><\/p>\n<p>La jornada arranc\u00f3 con las palabras de <strong>Jos\u00e9 Manuel G\u00e9lvez<\/strong>, presidente de la asociaci\u00f3n, quien junto a su junta directiva y cuerpo de entrenadores, dio la bienvenida a los deportistas. G\u00e9lvez enfatiz\u00f3 la importancia de la integraci\u00f3n regional:<\/p>\n<p><img loading=\"lazy\" decoding=\"async\" class=\"size-full wp-image-112987 aligncenter\" src=\"https:\/\/deportesdigital.com.ve\/public\/wp-content\/uploads\/2026\/02\/t4.jpg\" alt=\"\" width=\"800\" height=\"445\" srcset=\"https:\/\/deportesdigital.com.ve\/public\/wp-content\/uploads\/2026\/02\/t4.jpg 800w, https:\/\/deportesdigital.com.ve\/public\/wp-content\/uploads\/2026\/02\/t4-300x167.jpg 300w, https:\/\/deportesdigital.com.ve\/public\/wp-content\/uploads\/2026\/02\/t4-768x427.jpg 768w, https:\/\/deportesdigital.com.ve\/public\/wp-content\/uploads\/2026\/02\/t4-730x406.jpg 730w, https:\/\/deportesdigital.com.ve\/public\/wp-content\/uploads\/2026\/02\/t4-435x242.jpg 435w\" sizes=\"auto, (max-width: 800px) 100vw, 800px\" \/><\/p>\n<p>\u00abEstamos realizando un trabajo fuerte y en conjunto con los dem\u00e1s municipios para blindarnos. Nuestra meta es conformar una selecci\u00f3n s\u00f3lida que garantice el \u00e9xito en la competencia nacional\u00bb, afirm\u00f3 el directivo.<\/p>\n<p><strong>Preparaci\u00f3n integral: Poomsae y Kyorugui<\/strong><\/p>\n<p>El plan de trabajo dise\u00f1ado por el cuerpo t\u00e9cnico es riguroso y abarca las dos modalidades principales:<\/p>\n<p><img loading=\"lazy\" decoding=\"async\" class=\"alignnone size-full wp-image-112986\" src=\"https:\/\/deportesdigital.com.ve\/public\/wp-content\/uploads\/2026\/02\/t3.jpg\" alt=\"\" width=\"800\" height=\"413\" srcset=\"https:\/\/deportesdigital.com.ve\/public\/wp-content\/uploads\/2026\/02\/t3.jpg 800w, https:\/\/deportesdigital.com.ve\/public\/wp-content\/uploads\/2026\/02\/t3-300x155.jpg 300w, https:\/\/deportesdigital.com.ve\/public\/wp-content\/uploads\/2026\/02\/t3-768x396.jpg 768w, https:\/\/deportesdigital.com.ve\/public\/wp-content\/uploads\/2026\/02\/t3-730x377.jpg 730w, https:\/\/deportesdigital.com.ve\/public\/wp-content\/uploads\/2026\/02\/t3-435x225.jpg 435w\" sizes=\"auto, (max-width: 800px) 100vw, 800px\" \/><\/p>\n<ul>\n<li><strong>Kyorugui (Combate):<\/strong> Sesiones de alta intensidad, simulaciones de escenarios reales y t\u00e1ctica de combate.<\/li>\n<li><strong>Poomsae (Formas):<\/strong> Enfoque en la t\u00e9cnica, precisi\u00f3n de movimientos y flexibilidad.<\/li>\n<\/ul>\n<p>M\u00e1s all\u00e1 de lo f\u00edsico, el ambiente en el gimnasio refleja un <strong>compromiso absoluto<\/strong>. Cada correcci\u00f3n de los entrenadores busca no solo pulir la t\u00e9cnica, sino fortalecer la mentalidad de equipo y la resiliencia de los atletas frente a las exigencias del calendario competitivo.<\/p>\n<p><img loading=\"lazy\" decoding=\"async\" class=\"size-full wp-image-112985 aligncenter\" src=\"https:\/\/deportesdigital.com.ve\/public\/wp-content\/uploads\/2026\/02\/t2.jpg\" alt=\"\" width=\"800\" height=\"505\" srcset=\"https:\/\/deportesdigital.com.ve\/public\/wp-content\/uploads\/2026\/02\/t2.jpg 800w, https:\/\/deportesdigital.com.ve\/public\/wp-content\/uploads\/2026\/02\/t2-300x189.jpg 300w, https:\/\/deportesdigital.com.ve\/public\/wp-content\/uploads\/2026\/02\/t2-768x485.jpg 768w, https:\/\/deportesdigital.com.ve\/public\/wp-content\/uploads\/2026\/02\/t2-730x461.jpg 730w, https:\/\/deportesdigital.com.ve\/public\/wp-content\/uploads\/2026\/02\/t2-410x260.jpg 410w, https:\/\/deportesdigital.com.ve\/public\/wp-content\/uploads\/2026\/02\/t2-435x275.jpg 435w\" sizes=\"auto, (max-width: 800px) 100vw, 800px\" \/><\/p>\n<p><strong>Rumbo a la Ciudad de los Crep\u00fasculos<\/strong><\/p>\n<p>El estado <strong>Lara<\/strong> ser\u00e1 la sede que reciba a los guerreros zulianos del <strong>17 al 19 de abril<\/strong>, fecha en la que se llevar\u00e1 a cabo el Clasificatorio Nacional.<\/p>\n<p><img loading=\"lazy\" decoding=\"async\" class=\"size-full wp-image-112988 aligncenter\" src=\"https:\/\/deportesdigital.com.ve\/public\/wp-content\/uploads\/2026\/02\/t5.jpg\" alt=\"\" width=\"800\" height=\"371\" srcset=\"https:\/\/deportesdigital.com.ve\/public\/wp-content\/uploads\/2026\/02\/t5.jpg 800w, https:\/\/deportesdigital.com.ve\/public\/wp-content\/uploads\/2026\/02\/t5-300x139.jpg 300w, https:\/\/deportesdigital.com.ve\/public\/wp-content\/uploads\/2026\/02\/t5-768x356.jpg 768w, https:\/\/deportesdigital.com.ve\/public\/wp-content\/uploads\/2026\/02\/t5-730x339.jpg 730w, https:\/\/deportesdigital.com.ve\/public\/wp-content\/uploads\/2026\/02\/t5-435x202.jpg 435w\" sizes=\"auto, (max-width: 800px) 100vw, 800px\" \/><\/p>\n<p>Gracias al respaldo institucional de las autoridades deportivas locales, quienes han garantizado apoyo log\u00edstico y moral, el Taekwondo se posiciona hoy como una de las disciplinas estrat\u00e9gicas del Zulia para sumar \u00e9xitos en el medallero nacional.<\/p>\n<p><strong><em>Sigue esta y otras #Noticias ingresando a nuestras plataformas digitales Deportes Digital, en Instagram, Facebook, Twitter, y en nuestros grupos de Whatsapp y Telegram.<\/em><\/strong><\/p>\n<p>&nbsp;<\/p>\n","protected":false},"excerpt":{"rendered":"<p>En trabajo fuerte y en conjunto con los dem\u00e1s municipios para blindarnos. Nuestra meta es conformar una selecci\u00f3n s\u00f3lida que garantice el \u00e9xito en la competencia nacional\u00bb, afirm\u00f3 el directivo. [&hellip;]<\/p>\n","protected":false},"author":1,"featured_media":112984,"comment_status":"open","ping_status":"closed","sticky":false,"template":"","format":"standard","meta":{"footnotes":""},"categories":[5],"tags":[],"class_list":["post-112990","post","type-post","status-publish","format-standard","has-post-thumbnail","hentry","category-otrosdeportes","clearfix"],"yoast_head":"<!-- This site is optimized with the Yoast SEO plugin v27.8 - https:\/\/yoast.com\/product\/yoast-seo-wordpress\/ -->\n<title>El Taekwondo zuliano enciende los motores: Inicia el camino hacia los Juegos Nacionales 2026 - Deportes Digital<\/title>\n<meta name=\"robots\" content=\"index, follow, max-snippet:-1, max-image-preview:large, max-video-preview:-1\" \/>\n<link rel=\"canonical\" href=\"https:\/\/deportesdigital.com.ve\/public\/el-taekwondo-zuliano-enciende-los-motores-inicia-el-camino-hacia-los-juegos-nacionales-2026\/\" \/>\n<meta property=\"og:locale\" content=\"es_ES\" \/>\n<meta property=\"og:type\" content=\"article\" \/>\n<meta property=\"og:title\" content=\"El Taekwondo zuliano enciende los motores: Inicia el camino hacia los Juegos Nacionales 2026 - Deportes Digital\" \/>\n<meta property=\"og:description\" content=\"En trabajo fuerte y en conjunto con los dem\u00e1s municipios para blindarnos. Nuestra meta es conformar una selecci\u00f3n s\u00f3lida que garantice el \u00e9xito en la competencia nacional\u00bb, afirm\u00f3 el directivo. [&hellip;]\" \/>\n<meta property=\"og:url\" content=\"https:\/\/deportesdigital.com.ve\/public\/el-taekwondo-zuliano-enciende-los-motores-inicia-el-camino-hacia-los-juegos-nacionales-2026\/\" \/>\n<meta property=\"og:site_name\" content=\"Deportes Digital\" \/>\n<meta property=\"article:publisher\" content=\"https:\/\/www.facebook.com\/DeportesDigitalZulia25\" \/>\n<meta property=\"article:published_time\" content=\"2026-02-10T01:57:41+00:00\" \/>\n<meta property=\"og:image\" content=\"https:\/\/deportesdigital.com.ve\/public\/wp-content\/uploads\/2026\/02\/t1.jpg\" \/>\n\t<meta property=\"og:image:width\" content=\"800\" \/>\n\t<meta property=\"og:image:height\" content=\"359\" \/>\n\t<meta property=\"og:image:type\" content=\"image\/jpeg\" \/>\n<meta name=\"author\" content=\"luisg15\" \/>\n<meta name=\"twitter:card\" content=\"summary_large_image\" \/>\n<meta name=\"twitter:creator\" content=\"@deporteszulia\" \/>\n<meta name=\"twitter:site\" content=\"@deporteszulia\" \/>\n<meta name=\"twitter:label1\" content=\"Escrito por\" \/>\n\t<meta name=\"twitter:data1\" content=\"luisg15\" \/>\n\t<meta name=\"twitter:label2\" content=\"Tiempo de lectura\" \/>\n\t<meta name=\"twitter:data2\" content=\"2 minutos\" \/>\n<script type=\"application\/ld+json\" class=\"yoast-schema-graph\">{\"@context\":\"https:\\\/\\\/schema.org\",\"@graph\":[{\"@type\":\"Article\",\"@id\":\"https:\\\/\\\/deportesdigital.com.ve\\\/public\\\/el-taekwondo-zuliano-enciende-los-motores-inicia-el-camino-hacia-los-juegos-nacionales-2026\\\/#article\",\"isPartOf\":{\"@id\":\"https:\\\/\\\/deportesdigital.com.ve\\\/public\\\/el-taekwondo-zuliano-enciende-los-motores-inicia-el-camino-hacia-los-juegos-nacionales-2026\\\/\"},\"author\":{\"name\":\"luisg15\",\"@id\":\"https:\\\/\\\/deportesdigital.com.ve\\\/public\\\/#\\\/schema\\\/person\\\/57d2f23f17d761b1672066d1905e88a0\"},\"headline\":\"El Taekwondo zuliano enciende los motores: Inicia el camino hacia los Juegos Nacionales 2026\",\"datePublished\":\"2026-02-10T01:57:41+00:00\",\"mainEntityOfPage\":{\"@id\":\"https:\\\/\\\/deportesdigital.com.ve\\\/public\\\/el-taekwondo-zuliano-enciende-los-motores-inicia-el-camino-hacia-los-juegos-nacionales-2026\\\/\"},\"wordCount\":412,\"commentCount\":0,\"publisher\":{\"@id\":\"https:\\\/\\\/deportesdigital.com.ve\\\/public\\\/#organization\"},\"image\":{\"@id\":\"https:\\\/\\\/deportesdigital.com.ve\\\/public\\\/el-taekwondo-zuliano-enciende-los-motores-inicia-el-camino-hacia-los-juegos-nacionales-2026\\\/#primaryimage\"},\"thumbnailUrl\":\"https:\\\/\\\/deportesdigital.com.ve\\\/public\\\/wp-content\\\/uploads\\\/2026\\\/02\\\/t1.jpg\",\"articleSection\":[\"Otros Deportes\"],\"inLanguage\":\"es\",\"potentialAction\":[{\"@type\":\"CommentAction\",\"name\":\"Comment\",\"target\":[\"https:\\\/\\\/deportesdigital.com.ve\\\/public\\\/el-taekwondo-zuliano-enciende-los-motores-inicia-el-camino-hacia-los-juegos-nacionales-2026\\\/#respond\"]}]},{\"@type\":\"WebPage\",\"@id\":\"https:\\\/\\\/deportesdigital.com.ve\\\/public\\\/el-taekwondo-zuliano-enciende-los-motores-inicia-el-camino-hacia-los-juegos-nacionales-2026\\\/\",\"url\":\"https:\\\/\\\/deportesdigital.com.ve\\\/public\\\/el-taekwondo-zuliano-enciende-los-motores-inicia-el-camino-hacia-los-juegos-nacionales-2026\\\/\",\"name\":\"El Taekwondo zuliano enciende los motores: Inicia el camino hacia los Juegos Nacionales 2026 - Deportes Digital\",\"isPartOf\":{\"@id\":\"https:\\\/\\\/deportesdigital.com.ve\\\/public\\\/#website\"},\"primaryImageOfPage\":{\"@id\":\"https:\\\/\\\/deportesdigital.com.ve\\\/public\\\/el-taekwondo-zuliano-enciende-los-motores-inicia-el-camino-hacia-los-juegos-nacionales-2026\\\/#primaryimage\"},\"image\":{\"@id\":\"https:\\\/\\\/deportesdigital.com.ve\\\/public\\\/el-taekwondo-zuliano-enciende-los-motores-inicia-el-camino-hacia-los-juegos-nacionales-2026\\\/#primaryimage\"},\"thumbnailUrl\":\"https:\\\/\\\/deportesdigital.com.ve\\\/public\\\/wp-content\\\/uploads\\\/2026\\\/02\\\/t1.jpg\",\"datePublished\":\"2026-02-10T01:57:41+00:00\",\"breadcrumb\":{\"@id\":\"https:\\\/\\\/deportesdigital.com.ve\\\/public\\\/el-taekwondo-zuliano-enciende-los-motores-inicia-el-camino-hacia-los-juegos-nacionales-2026\\\/#breadcrumb\"},\"inLanguage\":\"es\",\"potentialAction\":[{\"@type\":\"ReadAction\",\"target\":[\"https:\\\/\\\/deportesdigital.com.ve\\\/public\\\/el-taekwondo-zuliano-enciende-los-motores-inicia-el-camino-hacia-los-juegos-nacionales-2026\\\/\"]}]},{\"@type\":\"ImageObject\",\"inLanguage\":\"es\",\"@id\":\"https:\\\/\\\/deportesdigital.com.ve\\\/public\\\/el-taekwondo-zuliano-enciende-los-motores-inicia-el-camino-hacia-los-juegos-nacionales-2026\\\/#primaryimage\",\"url\":\"https:\\\/\\\/deportesdigital.com.ve\\\/public\\\/wp-content\\\/uploads\\\/2026\\\/02\\\/t1.jpg\",\"contentUrl\":\"https:\\\/\\\/deportesdigital.com.ve\\\/public\\\/wp-content\\\/uploads\\\/2026\\\/02\\\/t1.jpg\",\"width\":800,\"height\":359},{\"@type\":\"BreadcrumbList\",\"@id\":\"https:\\\/\\\/deportesdigital.com.ve\\\/public\\\/el-taekwondo-zuliano-enciende-los-motores-inicia-el-camino-hacia-los-juegos-nacionales-2026\\\/#breadcrumb\",\"itemListElement\":[{\"@type\":\"ListItem\",\"position\":1,\"name\":\"Portada\",\"item\":\"https:\\\/\\\/deportesdigital.com.ve\\\/public\\\/\"},{\"@type\":\"ListItem\",\"position\":2,\"name\":\"El Taekwondo zuliano enciende los motores: Inicia el camino hacia los Juegos Nacionales 2026\"}]},{\"@type\":\"WebSite\",\"@id\":\"https:\\\/\\\/deportesdigital.com.ve\\\/public\\\/#website\",\"url\":\"https:\\\/\\\/deportesdigital.com.ve\\\/public\\\/\",\"name\":\"Deportes Digital\",\"description\":\"Solo Deportes\",\"publisher\":{\"@id\":\"https:\\\/\\\/deportesdigital.com.ve\\\/public\\\/#organization\"},\"potentialAction\":[{\"@type\":\"SearchAction\",\"target\":{\"@type\":\"EntryPoint\",\"urlTemplate\":\"https:\\\/\\\/deportesdigital.com.ve\\\/public\\\/?s={search_term_string}\"},\"query-input\":{\"@type\":\"PropertyValueSpecification\",\"valueRequired\":true,\"valueName\":\"search_term_string\"}}],\"inLanguage\":\"es\"},{\"@type\":\"Organization\",\"@id\":\"https:\\\/\\\/deportesdigital.com.ve\\\/public\\\/#organization\",\"name\":\"Deportes Digital\",\"url\":\"https:\\\/\\\/deportesdigital.com.ve\\\/public\\\/\",\"logo\":{\"@type\":\"ImageObject\",\"inLanguage\":\"es\",\"@id\":\"https:\\\/\\\/deportesdigital.com.ve\\\/public\\\/#\\\/schema\\\/logo\\\/image\\\/\",\"url\":\"https:\\\/\\\/i0.wp.com\\\/deportesdigital.com.ve\\\/public\\\/wp-content\\\/uploads\\\/2023\\\/09\\\/1677066431475.png?fit=1032%2C624&ssl=1\",\"contentUrl\":\"https:\\\/\\\/i0.wp.com\\\/deportesdigital.com.ve\\\/public\\\/wp-content\\\/uploads\\\/2023\\\/09\\\/1677066431475.png?fit=1032%2C624&ssl=1\",\"width\":1032,\"height\":624,\"caption\":\"Deportes Digital\"},\"image\":{\"@id\":\"https:\\\/\\\/deportesdigital.com.ve\\\/public\\\/#\\\/schema\\\/logo\\\/image\\\/\"},\"sameAs\":[\"https:\\\/\\\/www.facebook.com\\\/DeportesDigitalZulia25\",\"https:\\\/\\\/x.com\\\/deporteszulia\",\"https:\\\/\\\/www.instagram.com\\\/deportesdigitalzulia\\\/\"]},{\"@type\":\"Person\",\"@id\":\"https:\\\/\\\/deportesdigital.com.ve\\\/public\\\/#\\\/schema\\\/person\\\/57d2f23f17d761b1672066d1905e88a0\",\"name\":\"luisg15\",\"image\":{\"@type\":\"ImageObject\",\"inLanguage\":\"es\",\"@id\":\"https:\\\/\\\/secure.gravatar.com\\\/avatar\\\/4d424b63ebd2800d281b824141af3d97c1332dfdda83d70b2057085925af58a3?s=96&d=mm&r=g\",\"url\":\"https:\\\/\\\/secure.gravatar.com\\\/avatar\\\/4d424b63ebd2800d281b824141af3d97c1332dfdda83d70b2057085925af58a3?s=96&d=mm&r=g\",\"contentUrl\":\"https:\\\/\\\/secure.gravatar.com\\\/avatar\\\/4d424b63ebd2800d281b824141af3d97c1332dfdda83d70b2057085925af58a3?s=96&d=mm&r=g\",\"caption\":\"luisg15\"},\"description\":\"Medio de Comunicaci\u00f3n digital dedicado al deporte menor\",\"sameAs\":[\"https:\\\/\\\/deportesdigital.com.ve\\\/public\"],\"url\":\"https:\\\/\\\/deportesdigital.com.ve\\\/public\\\/author\\\/luisg15\\\/\"}]}<\/script>\n<!-- \/ Yoast SEO plugin. -->","yoast_head_json":{"title":"El Taekwondo zuliano enciende los motores: Inicia el camino hacia los Juegos Nacionales 2026 - Deportes Digital","robots":{"index":"index","follow":"follow","max-snippet":"max-snippet:-1","max-image-preview":"max-image-preview:large","max-video-preview":"max-video-preview:-1"},"canonical":"https:\/\/deportesdigital.com.ve\/public\/el-taekwondo-zuliano-enciende-los-motores-inicia-el-camino-hacia-los-juegos-nacionales-2026\/","og_locale":"es_ES","og_type":"article","og_title":"El Taekwondo zuliano enciende los motores: Inicia el camino hacia los Juegos Nacionales 2026 - Deportes Digital","og_description":"En trabajo fuerte y en conjunto con los dem\u00e1s municipios para blindarnos. Nuestra meta es conformar una selecci\u00f3n s\u00f3lida que garantice el \u00e9xito en la competencia nacional\u00bb, afirm\u00f3 el directivo. [&hellip;]","og_url":"https:\/\/deportesdigital.com.ve\/public\/el-taekwondo-zuliano-enciende-los-motores-inicia-el-camino-hacia-los-juegos-nacionales-2026\/","og_site_name":"Deportes Digital","article_publisher":"https:\/\/www.facebook.com\/DeportesDigitalZulia25","article_published_time":"2026-02-10T01:57:41+00:00","og_image":[{"width":800,"height":359,"url":"https:\/\/deportesdigital.com.ve\/public\/wp-content\/uploads\/2026\/02\/t1.jpg","type":"image\/jpeg"}],"author":"luisg15","twitter_card":"summary_large_image","twitter_creator":"@deporteszulia","twitter_site":"@deporteszulia","twitter_misc":{"Escrito por":"luisg15","Tiempo de lectura":"2 minutos"},"schema":{"@context":"https:\/\/schema.org","@graph":[{"@type":"Article","@id":"https:\/\/deportesdigital.com.ve\/public\/el-taekwondo-zuliano-enciende-los-motores-inicia-el-camino-hacia-los-juegos-nacionales-2026\/#article","isPartOf":{"@id":"https:\/\/deportesdigital.com.ve\/public\/el-taekwondo-zuliano-enciende-los-motores-inicia-el-camino-hacia-los-juegos-nacionales-2026\/"},"author":{"name":"luisg15","@id":"https:\/\/deportesdigital.com.ve\/public\/#\/schema\/person\/57d2f23f17d761b1672066d1905e88a0"},"headline":"El Taekwondo zuliano enciende los motores: Inicia el camino hacia los Juegos Nacionales 2026","datePublished":"2026-02-10T01:57:41+00:00","mainEntityOfPage":{"@id":"https:\/\/deportesdigital.com.ve\/public\/el-taekwondo-zuliano-enciende-los-motores-inicia-el-camino-hacia-los-juegos-nacionales-2026\/"},"wordCount":412,"commentCount":0,"publisher":{"@id":"https:\/\/deportesdigital.com.ve\/public\/#organization"},"image":{"@id":"https:\/\/deportesdigital.com.ve\/public\/el-taekwondo-zuliano-enciende-los-motores-inicia-el-camino-hacia-los-juegos-nacionales-2026\/#primaryimage"},"thumbnailUrl":"https:\/\/deportesdigital.com.ve\/public\/wp-content\/uploads\/2026\/02\/t1.jpg","articleSection":["Otros Deportes"],"inLanguage":"es","potentialAction":[{"@type":"CommentAction","name":"Comment","target":["https:\/\/deportesdigital.com.ve\/public\/el-taekwondo-zuliano-enciende-los-motores-inicia-el-camino-hacia-los-juegos-nacionales-2026\/#respond"]}]},{"@type":"WebPage","@id":"https:\/\/deportesdigital.com.ve\/public\/el-taekwondo-zuliano-enciende-los-motores-inicia-el-camino-hacia-los-juegos-nacionales-2026\/","url":"https:\/\/deportesdigital.com.ve\/public\/el-taekwondo-zuliano-enciende-los-motores-inicia-el-camino-hacia-los-juegos-nacionales-2026\/","name":"El Taekwondo zuliano enciende los motores: Inicia el camino hacia los Juegos Nacionales 2026 - Deportes Digital","isPartOf":{"@id":"https:\/\/deportesdigital.com.ve\/public\/#website"},"primaryImageOfPage":{"@id":"https:\/\/deportesdigital.com.ve\/public\/el-taekwondo-zuliano-enciende-los-motores-inicia-el-camino-hacia-los-juegos-nacionales-2026\/#primaryimage"},"image":{"@id":"https:\/\/deportesdigital.com.ve\/public\/el-taekwondo-zuliano-enciende-los-motores-inicia-el-camino-hacia-los-juegos-nacionales-2026\/#primaryimage"},"thumbnailUrl":"https:\/\/deportesdigital.com.ve\/public\/wp-content\/uploads\/2026\/02\/t1.jpg","datePublished":"2026-02-10T01:57:41+00:00","breadcrumb":{"@id":"https:\/\/deportesdigital.com.ve\/public\/el-taekwondo-zuliano-enciende-los-motores-inicia-el-camino-hacia-los-juegos-nacionales-2026\/#breadcrumb"},"inLanguage":"es","potentialAction":[{"@type":"ReadAction","target":["https:\/\/deportesdigital.com.ve\/public\/el-taekwondo-zuliano-enciende-los-motores-inicia-el-camino-hacia-los-juegos-nacionales-2026\/"]}]},{"@type":"ImageObject","inLanguage":"es","@id":"https:\/\/deportesdigital.com.ve\/public\/el-taekwondo-zuliano-enciende-los-motores-inicia-el-camino-hacia-los-juegos-nacionales-2026\/#primaryimage","url":"https:\/\/deportesdigital.com.ve\/public\/wp-content\/uploads\/2026\/02\/t1.jpg","contentUrl":"https:\/\/deportesdigital.com.ve\/public\/wp-content\/uploads\/2026\/02\/t1.jpg","width":800,"height":359},{"@type":"BreadcrumbList","@id":"https:\/\/deportesdigital.com.ve\/public\/el-taekwondo-zuliano-enciende-los-motores-inicia-el-camino-hacia-los-juegos-nacionales-2026\/#breadcrumb","itemListElement":[{"@type":"ListItem","position":1,"name":"Portada","item":"https:\/\/deportesdigital.com.ve\/public\/"},{"@type":"ListItem","position":2,"name":"El Taekwondo zuliano enciende los motores: Inicia el camino hacia los Juegos Nacionales 2026"}]},{"@type":"WebSite","@id":"https:\/\/deportesdigital.com.ve\/public\/#website","url":"https:\/\/deportesdigital.com.ve\/public\/","name":"Deportes Digital","description":"Solo Deportes","publisher":{"@id":"https:\/\/deportesdigital.com.ve\/public\/#organization"},"potentialAction":[{"@type":"SearchAction","target":{"@type":"EntryPoint","urlTemplate":"https:\/\/deportesdigital.com.ve\/public\/?s={search_term_string}"},"query-input":{"@type":"PropertyValueSpecification","valueRequired":true,"valueName":"search_term_string"}}],"inLanguage":"es"},{"@type":"Organization","@id":"https:\/\/deportesdigital.com.ve\/public\/#organization","name":"Deportes Digital","url":"https:\/\/deportesdigital.com.ve\/public\/","logo":{"@type":"ImageObject","inLanguage":"es","@id":"https:\/\/deportesdigital.com.ve\/public\/#\/schema\/logo\/image\/","url":"https:\/\/i0.wp.com\/deportesdigital.com.ve\/public\/wp-content\/uploads\/2023\/09\/1677066431475.png?fit=1032%2C624&ssl=1","contentUrl":"https:\/\/i0.wp.com\/deportesdigital.com.ve\/public\/wp-content\/uploads\/2023\/09\/1677066431475.png?fit=1032%2C624&ssl=1","width":1032,"height":624,"caption":"Deportes Digital"},"image":{"@id":"https:\/\/deportesdigital.com.ve\/public\/#\/schema\/logo\/image\/"},"sameAs":["https:\/\/www.facebook.com\/DeportesDigitalZulia25","https:\/\/x.com\/deporteszulia","https:\/\/www.instagram.com\/deportesdigitalzulia\/"]},{"@type":"Person","@id":"https:\/\/deportesdigital.com.ve\/public\/#\/schema\/person\/57d2f23f17d761b1672066d1905e88a0","name":"luisg15","image":{"@type":"ImageObject","inLanguage":"es","@id":"https:\/\/secure.gravatar.com\/avatar\/4d424b63ebd2800d281b824141af3d97c1332dfdda83d70b2057085925af58a3?s=96&d=mm&r=g","url":"https:\/\/secure.gravatar.com\/avatar\/4d424b63ebd2800d281b824141af3d97c1332dfdda83d70b2057085925af58a3?s=96&d=mm&r=g","contentUrl":"https:\/\/secure.gravatar.com\/avatar\/4d424b63ebd2800d281b824141af3d97c1332dfdda83d70b2057085925af58a3?s=96&d=mm&r=g","caption":"luisg15"},"description":"Medio de Comunicaci\u00f3n digital dedicado al deporte menor","sameAs":["https:\/\/deportesdigital.com.ve\/public"],"url":"https:\/\/deportesdigital.com.ve\/public\/author\/luisg15\/"}]}},"_links":{"self":[{"href":"https:\/\/deportesdigital.com.ve\/public\/wp-json\/wp\/v2\/posts\/112990","targetHints":{"allow":["GET"]}}],"collection":[{"href":"https:\/\/deportesdigital.com.ve\/public\/wp-json\/wp\/v2\/posts"}],"about":[{"href":"https:\/\/deportesdigital.com.ve\/public\/wp-json\/wp\/v2\/types\/post"}],"author":[{"embeddable":true,"href":"https:\/\/deportesdigital.com.ve\/public\/wp-json\/wp\/v2\/users\/1"}],"replies":[{"embeddable":true,"href":"https:\/\/deportesdigital.com.ve\/public\/wp-json\/wp\/v2\/comments?post=112990"}],"version-history":[{"count":2,"href":"https:\/\/deportesdigital.com.ve\/public\/wp-json\/wp\/v2\/posts\/112990\/revisions"}],"predecessor-version":[{"id":112992,"href":"https:\/\/deportesdigital.com.ve\/public\/wp-json\/wp\/v2\/posts\/112990\/revisions\/112992"}],"wp:featuredmedia":[{"embeddable":true,"href":"https:\/\/deportesdigital.com.ve\/public\/wp-json\/wp\/v2\/media\/112984"}],"wp:attachment":[{"href":"https:\/\/deportesdigital.com.ve\/public\/wp-json\/wp\/v2\/media?parent=112990"}],"wp:term":[{"taxonomy":"category","embeddable":true,"href":"https:\/\/deportesdigital.com.ve\/public\/wp-json\/wp\/v2\/categories?post=112990"},{"taxonomy":"post_tag","embeddable":true,"href":"https:\/\/deportesdigital.com.ve\/public\/wp-json\/wp\/v2\/tags?post=112990"}],"curies":[{"name":"wp","href":"https:\/\/api.w.org\/{rel}","templated":true}]}}