{"id":112638,"date":"2026-01-28T07:47:36","date_gmt":"2026-01-28T11:47:36","guid":{"rendered":"https:\/\/deportesdigital.com.ve\/public\/?p=112638"},"modified":"2026-01-28T07:47:36","modified_gmt":"2026-01-28T11:47:36","slug":"poder-turco-en-el-chico-magallanes-apalea-a-caribes-y-toma-el-mando-de-la-gran-final","status":"publish","type":"post","link":"https:\/\/deportesdigital.com.ve\/public\/poder-turco-en-el-chico-magallanes-apalea-a-caribes-y-toma-el-mando-de-la-gran-final\/","title":{"rendered":"\u00a1Poder Turco en el \u00abChico\u00bb! Magallanes apalea a Caribes y toma el mando de la Gran Final"},"content":{"rendered":"<p><strong><em>Con esta victoria, la \u00abNave Turca\u00bb no solo pica adelante en la serie, sino que asegura regresar a Valencia con la ventaja emocional y deportiva.<\/em><\/strong><\/p>\n<hr \/>\n<p><strong><em>Agencias:<\/em><\/strong> \u00a0Los <strong>Navegantes del Magallanes<\/strong> dieron un golpe de autoridad en el inicio de la Gran Final de la LVBP, al aplastar con pizarra de <strong>12-4<\/strong> a los Caribes de Anzo\u00e1tegui en su propio feudo, el estadio Alfonso \u00abChico\u00bb Carrasquel. Con esta victoria, la \u00abNave Turca\u00bb no solo pica adelante en la serie, sino que asegura regresar a Valencia con la ventaja emocional y deportiva.<\/p>\n<h3>Ataque implacable desde el \u00abPlay Ball\u00bb<\/h3>\n<p>La ofensiva el\u00e9ctrica no dio tregua al pitcheo aborigen. Desde el primer episodio, <strong>Leandro Cede\u00f1o<\/strong> silenci\u00f3 las tribunas de Puerto La Cruz con un estacazo de tres carreras. La dosis se repiti\u00f3 en el segundo acto, donde el mexicano <strong>Carlos Sep\u00falveda<\/strong> conect\u00f3 un doblete barre-bases para coronar un segundo rally de tres anotaciones.<\/p>\n<p>Para el cierre del segundo inning, la pizarra ya marcaba una diferencia que resultar\u00eda irremontable para la \u00abTribu\u00bb. <strong>\u00c1ngel Reyes<\/strong> tambi\u00e9n se uni\u00f3 a la fiesta de poder, combin\u00e1ndose con Cede\u00f1o para sumar dos cuadrangulares y cinco remolcadas entre ambos.<\/p>\n<h3>Jos\u00e9 Su\u00e1rez: Un muro en el relevo<\/h3>\n<p>A pesar de las intentonas de Balbino Fuenmayor, quien remolc\u00f3 tres de las cuatro carreras de Caribes, el bullpen magallanero estuvo intratable. La figura del encuentro fue el grandeliga <strong>Jos\u00e9 Su\u00e1rez<\/strong>, quien firm\u00f3 un relevo de leyenda:<\/p>\n<ul>\n<li><strong>Labor:<\/strong>0 innings.<\/li>\n<li><strong>Dominio:<\/strong> 8 ponches.<\/li>\n<li><strong>Control:<\/strong> 0 boletos y 0 carreras permitidas.<\/li>\n<\/ul>\n<p>Su actuaci\u00f3n permiti\u00f3 que el relevo global de los turcos trabajara por espacio de 9 episodios permitiendo apenas una anotaci\u00f3n, neutralizando por completo cualquier intento de rebeli\u00f3n oriental.<\/p>\n<h3>Caribes contra las cuerdas<\/h3>\n<p>Por el lado de Anzo\u00e1tegui, el dominicano <strong>Emilio Vargas<\/strong> volvi\u00f3 a fallar en la lomita, cargando con su segundo rev\u00e9s consecutivo desde su regreso a la liga. Ahora, los dirigidos por la \u00abTribu\u00bb est\u00e1n obligados a ganar en casa para no viajar al Jos\u00e9 Bernardo P\u00e9rez de Valencia en una situaci\u00f3n cr\u00edtica.<\/p>\n<h3>TABLA DE POSICIONES &#8211; GRAN FINAL<\/h3>\n<table>\n<thead>\n<tr>\n<td><strong>EQUIPOS<\/strong><\/td>\n<td><strong>JJ<\/strong><\/td>\n<td><strong>JG<\/strong><\/td>\n<td><strong>JP<\/strong><\/td>\n<td><strong>PROM<\/strong><\/td>\n<td><strong>RACHA<\/strong><\/td>\n<td><strong>DIF<\/strong><\/td>\n<\/tr>\n<\/thead>\n<tbody>\n<tr>\n<td><strong>Navegantes del Magallanes<\/strong><\/td>\n<td>1<\/td>\n<td>1<\/td>\n<td>0<\/td>\n<td>1.000<\/td>\n<td>G 1<\/td>\n<td>\u2014<\/td>\n<\/tr>\n<tr>\n<td><strong>Caribes de Anzo\u00e1tegui<\/strong><\/td>\n<td>1<\/td>\n<td>0<\/td>\n<td>1<\/td>\n<td>.000<\/td>\n<td>P 1<\/td>\n<td>1.0<\/td>\n<\/tr>\n<\/tbody>\n<\/table>\n<h3>PR\u00d3XIMA JORNADA: JUEGO 2<\/h3>\n<p>La batalla contin\u00faa hoy en Puerto La Cruz. Magallanes buscar\u00e1 poner la serie 2-0 antes de la mudanza a Valencia.<\/p>\n<ul>\n<li><strong>Fecha:<\/strong> Mi\u00e9rcoles 28 de enero de 2026.<\/li>\n<li><strong>Hora:<\/strong> 7:00 PM.<\/li>\n<li><strong>Duelo de lanzadores:<\/strong> Ricardo S\u00e1nchez (Magallanes) vs. Eduardo Salazar (Caribes).<\/li>\n<li><strong>TV:<\/strong> IVC, 1BASEBALL, ByM, TELEV\u00c9N, MERIDIANO, TVES.<\/li>\n<\/ul>\n<p><strong><em>Sigue esta y otras #Noticias ingresando a nuestras plataformas digitales Deportes Digital, en Instagram, Facebook, Twitter, y en nuestros grupos de Whatsapp y Telegram.<\/em><\/strong><\/p>\n<p>&nbsp;<\/p>\n","protected":false},"excerpt":{"rendered":"<p>Con esta victoria, la \u00abNave Turca\u00bb no solo pica adelante en la serie, sino que asegura regresar a Valencia con la ventaja emocional y deportiva. Agencias: \u00a0Los Navegantes del Magallanes [&hellip;]<\/p>\n","protected":false},"author":1,"featured_media":112639,"comment_status":"open","ping_status":"closed","sticky":false,"template":"","format":"standard","meta":{"footnotes":""},"categories":[2],"tags":[],"class_list":["post-112638","post","type-post","status-publish","format-standard","has-post-thumbnail","hentry","category-beisbol","clearfix"],"yoast_head":"<!-- This site is optimized with the Yoast SEO plugin v27.8 - https:\/\/yoast.com\/product\/yoast-seo-wordpress\/ -->\n<title>\u00a1Poder Turco en el &quot;Chico&quot;! Magallanes apalea a Caribes y toma el mando de la Gran Final - Deportes Digital<\/title>\n<meta name=\"robots\" content=\"index, follow, max-snippet:-1, max-image-preview:large, max-video-preview:-1\" \/>\n<link rel=\"canonical\" href=\"https:\/\/deportesdigital.com.ve\/public\/poder-turco-en-el-chico-magallanes-apalea-a-caribes-y-toma-el-mando-de-la-gran-final\/\" \/>\n<meta property=\"og:locale\" content=\"es_ES\" \/>\n<meta property=\"og:type\" content=\"article\" \/>\n<meta property=\"og:title\" content=\"\u00a1Poder Turco en el &quot;Chico&quot;! Magallanes apalea a Caribes y toma el mando de la Gran Final - Deportes Digital\" \/>\n<meta property=\"og:description\" content=\"Con esta victoria, la \u00abNave Turca\u00bb no solo pica adelante en la serie, sino que asegura regresar a Valencia con la ventaja emocional y deportiva. Agencias: \u00a0Los Navegantes del Magallanes [&hellip;]\" \/>\n<meta property=\"og:url\" content=\"https:\/\/deportesdigital.com.ve\/public\/poder-turco-en-el-chico-magallanes-apalea-a-caribes-y-toma-el-mando-de-la-gran-final\/\" \/>\n<meta property=\"og:site_name\" content=\"Deportes Digital\" \/>\n<meta property=\"article:publisher\" content=\"https:\/\/www.facebook.com\/DeportesDigitalZulia25\" \/>\n<meta property=\"article:published_time\" content=\"2026-01-28T11:47:36+00:00\" \/>\n<meta property=\"og:image\" content=\"https:\/\/deportesdigital.com.ve\/public\/wp-content\/uploads\/2026\/01\/Navegantes-del-Magallanes-1-768x576-1.webp\" \/>\n\t<meta property=\"og:image:width\" content=\"768\" \/>\n\t<meta property=\"og:image:height\" content=\"576\" \/>\n\t<meta property=\"og:image:type\" content=\"image\/webp\" \/>\n<meta name=\"author\" content=\"luisg15\" \/>\n<meta name=\"twitter:card\" content=\"summary_large_image\" \/>\n<meta name=\"twitter:creator\" content=\"@deporteszulia\" \/>\n<meta name=\"twitter:site\" content=\"@deporteszulia\" \/>\n<meta name=\"twitter:label1\" content=\"Escrito por\" \/>\n\t<meta name=\"twitter:data1\" content=\"luisg15\" \/>\n\t<meta name=\"twitter:label2\" content=\"Tiempo de lectura\" \/>\n\t<meta name=\"twitter:data2\" content=\"2 minutos\" \/>\n<script type=\"application\/ld+json\" class=\"yoast-schema-graph\">{\"@context\":\"https:\\\/\\\/schema.org\",\"@graph\":[{\"@type\":\"Article\",\"@id\":\"https:\\\/\\\/deportesdigital.com.ve\\\/public\\\/poder-turco-en-el-chico-magallanes-apalea-a-caribes-y-toma-el-mando-de-la-gran-final\\\/#article\",\"isPartOf\":{\"@id\":\"https:\\\/\\\/deportesdigital.com.ve\\\/public\\\/poder-turco-en-el-chico-magallanes-apalea-a-caribes-y-toma-el-mando-de-la-gran-final\\\/\"},\"author\":{\"name\":\"luisg15\",\"@id\":\"https:\\\/\\\/deportesdigital.com.ve\\\/public\\\/#\\\/schema\\\/person\\\/57d2f23f17d761b1672066d1905e88a0\"},\"headline\":\"\u00a1Poder Turco en el \u00abChico\u00bb! Magallanes apalea a Caribes y toma el mando de la Gran Final\",\"datePublished\":\"2026-01-28T11:47:36+00:00\",\"mainEntityOfPage\":{\"@id\":\"https:\\\/\\\/deportesdigital.com.ve\\\/public\\\/poder-turco-en-el-chico-magallanes-apalea-a-caribes-y-toma-el-mando-de-la-gran-final\\\/\"},\"wordCount\":460,\"commentCount\":0,\"publisher\":{\"@id\":\"https:\\\/\\\/deportesdigital.com.ve\\\/public\\\/#organization\"},\"image\":{\"@id\":\"https:\\\/\\\/deportesdigital.com.ve\\\/public\\\/poder-turco-en-el-chico-magallanes-apalea-a-caribes-y-toma-el-mando-de-la-gran-final\\\/#primaryimage\"},\"thumbnailUrl\":\"https:\\\/\\\/deportesdigital.com.ve\\\/public\\\/wp-content\\\/uploads\\\/2026\\\/01\\\/Navegantes-del-Magallanes-1-768x576-1.webp\",\"articleSection\":[\"B\u00e9isbol\"],\"inLanguage\":\"es\",\"potentialAction\":[{\"@type\":\"CommentAction\",\"name\":\"Comment\",\"target\":[\"https:\\\/\\\/deportesdigital.com.ve\\\/public\\\/poder-turco-en-el-chico-magallanes-apalea-a-caribes-y-toma-el-mando-de-la-gran-final\\\/#respond\"]}]},{\"@type\":\"WebPage\",\"@id\":\"https:\\\/\\\/deportesdigital.com.ve\\\/public\\\/poder-turco-en-el-chico-magallanes-apalea-a-caribes-y-toma-el-mando-de-la-gran-final\\\/\",\"url\":\"https:\\\/\\\/deportesdigital.com.ve\\\/public\\\/poder-turco-en-el-chico-magallanes-apalea-a-caribes-y-toma-el-mando-de-la-gran-final\\\/\",\"name\":\"\u00a1Poder Turco en el \\\"Chico\\\"! Magallanes apalea a Caribes y toma el mando de la Gran Final - Deportes Digital\",\"isPartOf\":{\"@id\":\"https:\\\/\\\/deportesdigital.com.ve\\\/public\\\/#website\"},\"primaryImageOfPage\":{\"@id\":\"https:\\\/\\\/deportesdigital.com.ve\\\/public\\\/poder-turco-en-el-chico-magallanes-apalea-a-caribes-y-toma-el-mando-de-la-gran-final\\\/#primaryimage\"},\"image\":{\"@id\":\"https:\\\/\\\/deportesdigital.com.ve\\\/public\\\/poder-turco-en-el-chico-magallanes-apalea-a-caribes-y-toma-el-mando-de-la-gran-final\\\/#primaryimage\"},\"thumbnailUrl\":\"https:\\\/\\\/deportesdigital.com.ve\\\/public\\\/wp-content\\\/uploads\\\/2026\\\/01\\\/Navegantes-del-Magallanes-1-768x576-1.webp\",\"datePublished\":\"2026-01-28T11:47:36+00:00\",\"breadcrumb\":{\"@id\":\"https:\\\/\\\/deportesdigital.com.ve\\\/public\\\/poder-turco-en-el-chico-magallanes-apalea-a-caribes-y-toma-el-mando-de-la-gran-final\\\/#breadcrumb\"},\"inLanguage\":\"es\",\"potentialAction\":[{\"@type\":\"ReadAction\",\"target\":[\"https:\\\/\\\/deportesdigital.com.ve\\\/public\\\/poder-turco-en-el-chico-magallanes-apalea-a-caribes-y-toma-el-mando-de-la-gran-final\\\/\"]}]},{\"@type\":\"ImageObject\",\"inLanguage\":\"es\",\"@id\":\"https:\\\/\\\/deportesdigital.com.ve\\\/public\\\/poder-turco-en-el-chico-magallanes-apalea-a-caribes-y-toma-el-mando-de-la-gran-final\\\/#primaryimage\",\"url\":\"https:\\\/\\\/deportesdigital.com.ve\\\/public\\\/wp-content\\\/uploads\\\/2026\\\/01\\\/Navegantes-del-Magallanes-1-768x576-1.webp\",\"contentUrl\":\"https:\\\/\\\/deportesdigital.com.ve\\\/public\\\/wp-content\\\/uploads\\\/2026\\\/01\\\/Navegantes-del-Magallanes-1-768x576-1.webp\",\"width\":768,\"height\":576},{\"@type\":\"BreadcrumbList\",\"@id\":\"https:\\\/\\\/deportesdigital.com.ve\\\/public\\\/poder-turco-en-el-chico-magallanes-apalea-a-caribes-y-toma-el-mando-de-la-gran-final\\\/#breadcrumb\",\"itemListElement\":[{\"@type\":\"ListItem\",\"position\":1,\"name\":\"Portada\",\"item\":\"https:\\\/\\\/deportesdigital.com.ve\\\/public\\\/\"},{\"@type\":\"ListItem\",\"position\":2,\"name\":\"\u00a1Poder Turco en el \u00abChico\u00bb! Magallanes apalea a Caribes y toma el mando de la Gran Final\"}]},{\"@type\":\"WebSite\",\"@id\":\"https:\\\/\\\/deportesdigital.com.ve\\\/public\\\/#website\",\"url\":\"https:\\\/\\\/deportesdigital.com.ve\\\/public\\\/\",\"name\":\"Deportes Digital\",\"description\":\"Solo Deportes\",\"publisher\":{\"@id\":\"https:\\\/\\\/deportesdigital.com.ve\\\/public\\\/#organization\"},\"potentialAction\":[{\"@type\":\"SearchAction\",\"target\":{\"@type\":\"EntryPoint\",\"urlTemplate\":\"https:\\\/\\\/deportesdigital.com.ve\\\/public\\\/?s={search_term_string}\"},\"query-input\":{\"@type\":\"PropertyValueSpecification\",\"valueRequired\":true,\"valueName\":\"search_term_string\"}}],\"inLanguage\":\"es\"},{\"@type\":\"Organization\",\"@id\":\"https:\\\/\\\/deportesdigital.com.ve\\\/public\\\/#organization\",\"name\":\"Deportes Digital\",\"url\":\"https:\\\/\\\/deportesdigital.com.ve\\\/public\\\/\",\"logo\":{\"@type\":\"ImageObject\",\"inLanguage\":\"es\",\"@id\":\"https:\\\/\\\/deportesdigital.com.ve\\\/public\\\/#\\\/schema\\\/logo\\\/image\\\/\",\"url\":\"https:\\\/\\\/i0.wp.com\\\/deportesdigital.com.ve\\\/public\\\/wp-content\\\/uploads\\\/2023\\\/09\\\/1677066431475.png?fit=1032%2C624&ssl=1\",\"contentUrl\":\"https:\\\/\\\/i0.wp.com\\\/deportesdigital.com.ve\\\/public\\\/wp-content\\\/uploads\\\/2023\\\/09\\\/1677066431475.png?fit=1032%2C624&ssl=1\",\"width\":1032,\"height\":624,\"caption\":\"Deportes Digital\"},\"image\":{\"@id\":\"https:\\\/\\\/deportesdigital.com.ve\\\/public\\\/#\\\/schema\\\/logo\\\/image\\\/\"},\"sameAs\":[\"https:\\\/\\\/www.facebook.com\\\/DeportesDigitalZulia25\",\"https:\\\/\\\/x.com\\\/deporteszulia\",\"https:\\\/\\\/www.instagram.com\\\/deportesdigitalzulia\\\/\"]},{\"@type\":\"Person\",\"@id\":\"https:\\\/\\\/deportesdigital.com.ve\\\/public\\\/#\\\/schema\\\/person\\\/57d2f23f17d761b1672066d1905e88a0\",\"name\":\"luisg15\",\"image\":{\"@type\":\"ImageObject\",\"inLanguage\":\"es\",\"@id\":\"https:\\\/\\\/secure.gravatar.com\\\/avatar\\\/4d424b63ebd2800d281b824141af3d97c1332dfdda83d70b2057085925af58a3?s=96&d=mm&r=g\",\"url\":\"https:\\\/\\\/secure.gravatar.com\\\/avatar\\\/4d424b63ebd2800d281b824141af3d97c1332dfdda83d70b2057085925af58a3?s=96&d=mm&r=g\",\"contentUrl\":\"https:\\\/\\\/secure.gravatar.com\\\/avatar\\\/4d424b63ebd2800d281b824141af3d97c1332dfdda83d70b2057085925af58a3?s=96&d=mm&r=g\",\"caption\":\"luisg15\"},\"description\":\"Medio de Comunicaci\u00f3n digital dedicado al deporte menor\",\"sameAs\":[\"https:\\\/\\\/deportesdigital.com.ve\\\/public\"],\"url\":\"https:\\\/\\\/deportesdigital.com.ve\\\/public\\\/author\\\/luisg15\\\/\"}]}<\/script>\n<!-- \/ Yoast SEO plugin. -->","yoast_head_json":{"title":"\u00a1Poder Turco en el \"Chico\"! Magallanes apalea a Caribes y toma el mando de la Gran Final - Deportes Digital","robots":{"index":"index","follow":"follow","max-snippet":"max-snippet:-1","max-image-preview":"max-image-preview:large","max-video-preview":"max-video-preview:-1"},"canonical":"https:\/\/deportesdigital.com.ve\/public\/poder-turco-en-el-chico-magallanes-apalea-a-caribes-y-toma-el-mando-de-la-gran-final\/","og_locale":"es_ES","og_type":"article","og_title":"\u00a1Poder Turco en el \"Chico\"! Magallanes apalea a Caribes y toma el mando de la Gran Final - Deportes Digital","og_description":"Con esta victoria, la \u00abNave Turca\u00bb no solo pica adelante en la serie, sino que asegura regresar a Valencia con la ventaja emocional y deportiva. Agencias: \u00a0Los Navegantes del Magallanes [&hellip;]","og_url":"https:\/\/deportesdigital.com.ve\/public\/poder-turco-en-el-chico-magallanes-apalea-a-caribes-y-toma-el-mando-de-la-gran-final\/","og_site_name":"Deportes Digital","article_publisher":"https:\/\/www.facebook.com\/DeportesDigitalZulia25","article_published_time":"2026-01-28T11:47:36+00:00","og_image":[{"width":768,"height":576,"url":"https:\/\/deportesdigital.com.ve\/public\/wp-content\/uploads\/2026\/01\/Navegantes-del-Magallanes-1-768x576-1.webp","type":"image\/webp"}],"author":"luisg15","twitter_card":"summary_large_image","twitter_creator":"@deporteszulia","twitter_site":"@deporteszulia","twitter_misc":{"Escrito por":"luisg15","Tiempo de lectura":"2 minutos"},"schema":{"@context":"https:\/\/schema.org","@graph":[{"@type":"Article","@id":"https:\/\/deportesdigital.com.ve\/public\/poder-turco-en-el-chico-magallanes-apalea-a-caribes-y-toma-el-mando-de-la-gran-final\/#article","isPartOf":{"@id":"https:\/\/deportesdigital.com.ve\/public\/poder-turco-en-el-chico-magallanes-apalea-a-caribes-y-toma-el-mando-de-la-gran-final\/"},"author":{"name":"luisg15","@id":"https:\/\/deportesdigital.com.ve\/public\/#\/schema\/person\/57d2f23f17d761b1672066d1905e88a0"},"headline":"\u00a1Poder Turco en el \u00abChico\u00bb! Magallanes apalea a Caribes y toma el mando de la Gran Final","datePublished":"2026-01-28T11:47:36+00:00","mainEntityOfPage":{"@id":"https:\/\/deportesdigital.com.ve\/public\/poder-turco-en-el-chico-magallanes-apalea-a-caribes-y-toma-el-mando-de-la-gran-final\/"},"wordCount":460,"commentCount":0,"publisher":{"@id":"https:\/\/deportesdigital.com.ve\/public\/#organization"},"image":{"@id":"https:\/\/deportesdigital.com.ve\/public\/poder-turco-en-el-chico-magallanes-apalea-a-caribes-y-toma-el-mando-de-la-gran-final\/#primaryimage"},"thumbnailUrl":"https:\/\/deportesdigital.com.ve\/public\/wp-content\/uploads\/2026\/01\/Navegantes-del-Magallanes-1-768x576-1.webp","articleSection":["B\u00e9isbol"],"inLanguage":"es","potentialAction":[{"@type":"CommentAction","name":"Comment","target":["https:\/\/deportesdigital.com.ve\/public\/poder-turco-en-el-chico-magallanes-apalea-a-caribes-y-toma-el-mando-de-la-gran-final\/#respond"]}]},{"@type":"WebPage","@id":"https:\/\/deportesdigital.com.ve\/public\/poder-turco-en-el-chico-magallanes-apalea-a-caribes-y-toma-el-mando-de-la-gran-final\/","url":"https:\/\/deportesdigital.com.ve\/public\/poder-turco-en-el-chico-magallanes-apalea-a-caribes-y-toma-el-mando-de-la-gran-final\/","name":"\u00a1Poder Turco en el \"Chico\"! Magallanes apalea a Caribes y toma el mando de la Gran Final - Deportes Digital","isPartOf":{"@id":"https:\/\/deportesdigital.com.ve\/public\/#website"},"primaryImageOfPage":{"@id":"https:\/\/deportesdigital.com.ve\/public\/poder-turco-en-el-chico-magallanes-apalea-a-caribes-y-toma-el-mando-de-la-gran-final\/#primaryimage"},"image":{"@id":"https:\/\/deportesdigital.com.ve\/public\/poder-turco-en-el-chico-magallanes-apalea-a-caribes-y-toma-el-mando-de-la-gran-final\/#primaryimage"},"thumbnailUrl":"https:\/\/deportesdigital.com.ve\/public\/wp-content\/uploads\/2026\/01\/Navegantes-del-Magallanes-1-768x576-1.webp","datePublished":"2026-01-28T11:47:36+00:00","breadcrumb":{"@id":"https:\/\/deportesdigital.com.ve\/public\/poder-turco-en-el-chico-magallanes-apalea-a-caribes-y-toma-el-mando-de-la-gran-final\/#breadcrumb"},"inLanguage":"es","potentialAction":[{"@type":"ReadAction","target":["https:\/\/deportesdigital.com.ve\/public\/poder-turco-en-el-chico-magallanes-apalea-a-caribes-y-toma-el-mando-de-la-gran-final\/"]}]},{"@type":"ImageObject","inLanguage":"es","@id":"https:\/\/deportesdigital.com.ve\/public\/poder-turco-en-el-chico-magallanes-apalea-a-caribes-y-toma-el-mando-de-la-gran-final\/#primaryimage","url":"https:\/\/deportesdigital.com.ve\/public\/wp-content\/uploads\/2026\/01\/Navegantes-del-Magallanes-1-768x576-1.webp","contentUrl":"https:\/\/deportesdigital.com.ve\/public\/wp-content\/uploads\/2026\/01\/Navegantes-del-Magallanes-1-768x576-1.webp","width":768,"height":576},{"@type":"BreadcrumbList","@id":"https:\/\/deportesdigital.com.ve\/public\/poder-turco-en-el-chico-magallanes-apalea-a-caribes-y-toma-el-mando-de-la-gran-final\/#breadcrumb","itemListElement":[{"@type":"ListItem","position":1,"name":"Portada","item":"https:\/\/deportesdigital.com.ve\/public\/"},{"@type":"ListItem","position":2,"name":"\u00a1Poder Turco en el \u00abChico\u00bb! Magallanes apalea a Caribes y toma el mando de la Gran Final"}]},{"@type":"WebSite","@id":"https:\/\/deportesdigital.com.ve\/public\/#website","url":"https:\/\/deportesdigital.com.ve\/public\/","name":"Deportes Digital","description":"Solo Deportes","publisher":{"@id":"https:\/\/deportesdigital.com.ve\/public\/#organization"},"potentialAction":[{"@type":"SearchAction","target":{"@type":"EntryPoint","urlTemplate":"https:\/\/deportesdigital.com.ve\/public\/?s={search_term_string}"},"query-input":{"@type":"PropertyValueSpecification","valueRequired":true,"valueName":"search_term_string"}}],"inLanguage":"es"},{"@type":"Organization","@id":"https:\/\/deportesdigital.com.ve\/public\/#organization","name":"Deportes Digital","url":"https:\/\/deportesdigital.com.ve\/public\/","logo":{"@type":"ImageObject","inLanguage":"es","@id":"https:\/\/deportesdigital.com.ve\/public\/#\/schema\/logo\/image\/","url":"https:\/\/i0.wp.com\/deportesdigital.com.ve\/public\/wp-content\/uploads\/2023\/09\/1677066431475.png?fit=1032%2C624&ssl=1","contentUrl":"https:\/\/i0.wp.com\/deportesdigital.com.ve\/public\/wp-content\/uploads\/2023\/09\/1677066431475.png?fit=1032%2C624&ssl=1","width":1032,"height":624,"caption":"Deportes Digital"},"image":{"@id":"https:\/\/deportesdigital.com.ve\/public\/#\/schema\/logo\/image\/"},"sameAs":["https:\/\/www.facebook.com\/DeportesDigitalZulia25","https:\/\/x.com\/deporteszulia","https:\/\/www.instagram.com\/deportesdigitalzulia\/"]},{"@type":"Person","@id":"https:\/\/deportesdigital.com.ve\/public\/#\/schema\/person\/57d2f23f17d761b1672066d1905e88a0","name":"luisg15","image":{"@type":"ImageObject","inLanguage":"es","@id":"https:\/\/secure.gravatar.com\/avatar\/4d424b63ebd2800d281b824141af3d97c1332dfdda83d70b2057085925af58a3?s=96&d=mm&r=g","url":"https:\/\/secure.gravatar.com\/avatar\/4d424b63ebd2800d281b824141af3d97c1332dfdda83d70b2057085925af58a3?s=96&d=mm&r=g","contentUrl":"https:\/\/secure.gravatar.com\/avatar\/4d424b63ebd2800d281b824141af3d97c1332dfdda83d70b2057085925af58a3?s=96&d=mm&r=g","caption":"luisg15"},"description":"Medio de Comunicaci\u00f3n digital dedicado al deporte menor","sameAs":["https:\/\/deportesdigital.com.ve\/public"],"url":"https:\/\/deportesdigital.com.ve\/public\/author\/luisg15\/"}]}},"_links":{"self":[{"href":"https:\/\/deportesdigital.com.ve\/public\/wp-json\/wp\/v2\/posts\/112638","targetHints":{"allow":["GET"]}}],"collection":[{"href":"https:\/\/deportesdigital.com.ve\/public\/wp-json\/wp\/v2\/posts"}],"about":[{"href":"https:\/\/deportesdigital.com.ve\/public\/wp-json\/wp\/v2\/types\/post"}],"author":[{"embeddable":true,"href":"https:\/\/deportesdigital.com.ve\/public\/wp-json\/wp\/v2\/users\/1"}],"replies":[{"embeddable":true,"href":"https:\/\/deportesdigital.com.ve\/public\/wp-json\/wp\/v2\/comments?post=112638"}],"version-history":[{"count":1,"href":"https:\/\/deportesdigital.com.ve\/public\/wp-json\/wp\/v2\/posts\/112638\/revisions"}],"predecessor-version":[{"id":112640,"href":"https:\/\/deportesdigital.com.ve\/public\/wp-json\/wp\/v2\/posts\/112638\/revisions\/112640"}],"wp:featuredmedia":[{"embeddable":true,"href":"https:\/\/deportesdigital.com.ve\/public\/wp-json\/wp\/v2\/media\/112639"}],"wp:attachment":[{"href":"https:\/\/deportesdigital.com.ve\/public\/wp-json\/wp\/v2\/media?parent=112638"}],"wp:term":[{"taxonomy":"category","embeddable":true,"href":"https:\/\/deportesdigital.com.ve\/public\/wp-json\/wp\/v2\/categories?post=112638"},{"taxonomy":"post_tag","embeddable":true,"href":"https:\/\/deportesdigital.com.ve\/public\/wp-json\/wp\/v2\/tags?post=112638"}],"curies":[{"name":"wp","href":"https:\/\/api.w.org\/{rel}","templated":true}]}}