{"id":112635,"date":"2026-01-28T07:14:27","date_gmt":"2026-01-28T11:14:27","guid":{"rendered":"https:\/\/deportesdigital.com.ve\/public\/?p=112635"},"modified":"2026-01-28T07:14:27","modified_gmt":"2026-01-28T11:14:27","slug":"el-atletismo-zuliano-enciende-motores-atletas-se-citan-en-la-pista-elsa-antunez","status":"publish","type":"post","link":"https:\/\/deportesdigital.com.ve\/public\/el-atletismo-zuliano-enciende-motores-atletas-se-citan-en-la-pista-elsa-antunez\/","title":{"rendered":"El Atletismo Zuliano enciende motores atletas se citan en la pista \u00abElsa Ant\u00fanez\u00bb"},"content":{"rendered":"<p><strong><em>El objetivo principal es realizar un chequeo t\u00e9cnico de las distintas categor\u00edas, permitiendo a los deportistas buscar los tiempos y marcas m\u00ednimas requeridas para clasificar a las pr\u00f3ximas citas nacionales.<\/em><\/strong><\/p>\n<hr \/>\n<p><strong><em>Jos\u00e9 Gil Deportes Digital\/Maracaibo:<\/em><\/strong><strong> \u00a0<\/strong>El atletismo regional retoma su protagonismo este <strong>s\u00e1bado 07 de febrero<\/strong> con la celebraci\u00f3n del <strong>Torneo Apertura<\/strong>, evento que marca el inicio oficial del calendario competitivo en el estado Zulia.<\/p>\n<p>Bajo la organizaci\u00f3n de la <strong>Asociaci\u00f3n Zuliana de Atletismo<\/strong>, la pista \u00abElsa Ant\u00fanez\u00bb de la Universidad del Zulia (LUZ) ser\u00e1 el epicentro de esta gran fiesta deportiva, que espera congregar a una nutrida participaci\u00f3n de <strong>350 atletas<\/strong> provenientes de <strong>17 municipios<\/strong> de la entidad.<\/p>\n<p><strong>En busca de marcas y nuevos talentos<\/strong><\/p>\n<p>Jhonny Almarza, secretario general de la asociaci\u00f3n, destac\u00f3 que esta primera actividad del a\u00f1o tiene un valor estrat\u00e9gico fundamental. El objetivo principal es realizar un <strong>chequeo t\u00e9cnico<\/strong> de las distintas categor\u00edas, permitiendo a los deportistas buscar los tiempos y marcas m\u00ednimas requeridas para clasificar a las pr\u00f3ximas citas nacionales.<\/p>\n<p>\u00abEl atletismo zuliano contin\u00faa con su trabajo incansable de formaci\u00f3n y desarrollo, siempre con la mira puesta en estructurar las selecciones que representar\u00e1n dignamente al estado\u00bb, apunt\u00f3 Almarza.<\/p>\n<p><strong>Rumbo a los Juegos Nacionales 2026<\/strong><\/p>\n<p>Tras un 2025 exitoso, donde los atletas regionales brillaron en escenarios nacionales e internacionales, la asociaci\u00f3n inicia este ciclo con una visi\u00f3n optimista. El Torneo Apertura sirve como el primer escal\u00f3n de preparaci\u00f3n de cara a los <strong>clasificatorios de los Juegos Deportivos Nacionales 2026<\/strong>, el evento cumbre del deporte juvenil en el pa\u00eds.<\/p>\n<p><strong>Detalles del Evento:<\/strong><\/p>\n<ul>\n<li><strong>Fecha:<\/strong> S\u00e1bado, 07 de febrero.<\/li>\n<li><strong>Lugar:<\/strong> Pista \u00abElsa Ant\u00fanez\u00bb (LUZ).<\/li>\n<li><strong>Participaci\u00f3n:<\/strong> 17 municipios representados.<\/li>\n<li><strong>Prop\u00f3sito:<\/strong> Evaluaci\u00f3n t\u00e9cnica y registro de marcas nacionales.<\/li>\n<\/ul>\n<p><strong><em>Sigue esta y otras #Noticias ingresando a nuestras plataformas digitales Deportes Digital, en Instagram, Facebook, Twitter, y en nuestros grupos de Whatsapp y Telegram.<\/em><\/strong><\/p>\n<ul>\n<li><\/li>\n<\/ul>\n","protected":false},"excerpt":{"rendered":"<p>El objetivo principal es realizar un chequeo t\u00e9cnico de las distintas categor\u00edas, permitiendo a los deportistas buscar los tiempos y marcas m\u00ednimas requeridas para clasificar a las pr\u00f3ximas citas nacionales. [&hellip;]<\/p>\n","protected":false},"author":1,"featured_media":112636,"comment_status":"open","ping_status":"closed","sticky":false,"template":"","format":"standard","meta":{"footnotes":""},"categories":[30],"tags":[],"class_list":["post-112635","post","type-post","status-publish","format-standard","has-post-thumbnail","hentry","category-atletismo","clearfix"],"yoast_head":"<!-- This site is optimized with the Yoast SEO plugin v27.8 - https:\/\/yoast.com\/product\/yoast-seo-wordpress\/ -->\n<title>El Atletismo Zuliano enciende motores atletas se citan en la pista &quot;Elsa Ant\u00fanez&quot; - Deportes Digital<\/title>\n<meta name=\"robots\" content=\"index, follow, max-snippet:-1, max-image-preview:large, max-video-preview:-1\" \/>\n<link rel=\"canonical\" href=\"https:\/\/deportesdigital.com.ve\/public\/el-atletismo-zuliano-enciende-motores-atletas-se-citan-en-la-pista-elsa-antunez\/\" \/>\n<meta property=\"og:locale\" content=\"es_ES\" \/>\n<meta property=\"og:type\" content=\"article\" \/>\n<meta property=\"og:title\" content=\"El Atletismo Zuliano enciende motores atletas se citan en la pista &quot;Elsa Ant\u00fanez&quot; - Deportes Digital\" \/>\n<meta property=\"og:description\" content=\"El objetivo principal es realizar un chequeo t\u00e9cnico de las distintas categor\u00edas, permitiendo a los deportistas buscar los tiempos y marcas m\u00ednimas requeridas para clasificar a las pr\u00f3ximas citas nacionales. [&hellip;]\" \/>\n<meta property=\"og:url\" content=\"https:\/\/deportesdigital.com.ve\/public\/el-atletismo-zuliano-enciende-motores-atletas-se-citan-en-la-pista-elsa-antunez\/\" \/>\n<meta property=\"og:site_name\" content=\"Deportes Digital\" \/>\n<meta property=\"article:publisher\" content=\"https:\/\/www.facebook.com\/DeportesDigitalZulia25\" \/>\n<meta property=\"article:published_time\" content=\"2026-01-28T11:14:27+00:00\" \/>\n<meta property=\"og:image\" content=\"https:\/\/deportesdigital.com.ve\/public\/wp-content\/uploads\/2026\/01\/3-2-730x387-1.jpg\" \/>\n\t<meta property=\"og:image:width\" content=\"730\" \/>\n\t<meta property=\"og:image:height\" content=\"387\" \/>\n\t<meta property=\"og:image:type\" content=\"image\/jpeg\" \/>\n<meta name=\"author\" content=\"luisg15\" \/>\n<meta name=\"twitter:card\" content=\"summary_large_image\" \/>\n<meta name=\"twitter:creator\" content=\"@deporteszulia\" \/>\n<meta name=\"twitter:site\" content=\"@deporteszulia\" \/>\n<meta name=\"twitter:label1\" content=\"Escrito por\" \/>\n\t<meta name=\"twitter:data1\" content=\"luisg15\" \/>\n\t<meta name=\"twitter:label2\" content=\"Tiempo de lectura\" \/>\n\t<meta name=\"twitter:data2\" content=\"2 minutos\" \/>\n<script type=\"application\/ld+json\" class=\"yoast-schema-graph\">{\"@context\":\"https:\\\/\\\/schema.org\",\"@graph\":[{\"@type\":\"Article\",\"@id\":\"https:\\\/\\\/deportesdigital.com.ve\\\/public\\\/el-atletismo-zuliano-enciende-motores-atletas-se-citan-en-la-pista-elsa-antunez\\\/#article\",\"isPartOf\":{\"@id\":\"https:\\\/\\\/deportesdigital.com.ve\\\/public\\\/el-atletismo-zuliano-enciende-motores-atletas-se-citan-en-la-pista-elsa-antunez\\\/\"},\"author\":{\"name\":\"luisg15\",\"@id\":\"https:\\\/\\\/deportesdigital.com.ve\\\/public\\\/#\\\/schema\\\/person\\\/57d2f23f17d761b1672066d1905e88a0\"},\"headline\":\"El Atletismo Zuliano enciende motores atletas se citan en la pista \u00abElsa Ant\u00fanez\u00bb\",\"datePublished\":\"2026-01-28T11:14:27+00:00\",\"mainEntityOfPage\":{\"@id\":\"https:\\\/\\\/deportesdigital.com.ve\\\/public\\\/el-atletismo-zuliano-enciende-motores-atletas-se-citan-en-la-pista-elsa-antunez\\\/\"},\"wordCount\":338,\"commentCount\":0,\"publisher\":{\"@id\":\"https:\\\/\\\/deportesdigital.com.ve\\\/public\\\/#organization\"},\"image\":{\"@id\":\"https:\\\/\\\/deportesdigital.com.ve\\\/public\\\/el-atletismo-zuliano-enciende-motores-atletas-se-citan-en-la-pista-elsa-antunez\\\/#primaryimage\"},\"thumbnailUrl\":\"https:\\\/\\\/deportesdigital.com.ve\\\/public\\\/wp-content\\\/uploads\\\/2026\\\/01\\\/3-2-730x387-1.jpg\",\"articleSection\":[\"atletismo\"],\"inLanguage\":\"es\",\"potentialAction\":[{\"@type\":\"CommentAction\",\"name\":\"Comment\",\"target\":[\"https:\\\/\\\/deportesdigital.com.ve\\\/public\\\/el-atletismo-zuliano-enciende-motores-atletas-se-citan-en-la-pista-elsa-antunez\\\/#respond\"]}]},{\"@type\":\"WebPage\",\"@id\":\"https:\\\/\\\/deportesdigital.com.ve\\\/public\\\/el-atletismo-zuliano-enciende-motores-atletas-se-citan-en-la-pista-elsa-antunez\\\/\",\"url\":\"https:\\\/\\\/deportesdigital.com.ve\\\/public\\\/el-atletismo-zuliano-enciende-motores-atletas-se-citan-en-la-pista-elsa-antunez\\\/\",\"name\":\"El Atletismo Zuliano enciende motores atletas se citan en la pista \\\"Elsa Ant\u00fanez\\\" - Deportes Digital\",\"isPartOf\":{\"@id\":\"https:\\\/\\\/deportesdigital.com.ve\\\/public\\\/#website\"},\"primaryImageOfPage\":{\"@id\":\"https:\\\/\\\/deportesdigital.com.ve\\\/public\\\/el-atletismo-zuliano-enciende-motores-atletas-se-citan-en-la-pista-elsa-antunez\\\/#primaryimage\"},\"image\":{\"@id\":\"https:\\\/\\\/deportesdigital.com.ve\\\/public\\\/el-atletismo-zuliano-enciende-motores-atletas-se-citan-en-la-pista-elsa-antunez\\\/#primaryimage\"},\"thumbnailUrl\":\"https:\\\/\\\/deportesdigital.com.ve\\\/public\\\/wp-content\\\/uploads\\\/2026\\\/01\\\/3-2-730x387-1.jpg\",\"datePublished\":\"2026-01-28T11:14:27+00:00\",\"breadcrumb\":{\"@id\":\"https:\\\/\\\/deportesdigital.com.ve\\\/public\\\/el-atletismo-zuliano-enciende-motores-atletas-se-citan-en-la-pista-elsa-antunez\\\/#breadcrumb\"},\"inLanguage\":\"es\",\"potentialAction\":[{\"@type\":\"ReadAction\",\"target\":[\"https:\\\/\\\/deportesdigital.com.ve\\\/public\\\/el-atletismo-zuliano-enciende-motores-atletas-se-citan-en-la-pista-elsa-antunez\\\/\"]}]},{\"@type\":\"ImageObject\",\"inLanguage\":\"es\",\"@id\":\"https:\\\/\\\/deportesdigital.com.ve\\\/public\\\/el-atletismo-zuliano-enciende-motores-atletas-se-citan-en-la-pista-elsa-antunez\\\/#primaryimage\",\"url\":\"https:\\\/\\\/deportesdigital.com.ve\\\/public\\\/wp-content\\\/uploads\\\/2026\\\/01\\\/3-2-730x387-1.jpg\",\"contentUrl\":\"https:\\\/\\\/deportesdigital.com.ve\\\/public\\\/wp-content\\\/uploads\\\/2026\\\/01\\\/3-2-730x387-1.jpg\",\"width\":730,\"height\":387},{\"@type\":\"BreadcrumbList\",\"@id\":\"https:\\\/\\\/deportesdigital.com.ve\\\/public\\\/el-atletismo-zuliano-enciende-motores-atletas-se-citan-en-la-pista-elsa-antunez\\\/#breadcrumb\",\"itemListElement\":[{\"@type\":\"ListItem\",\"position\":1,\"name\":\"Portada\",\"item\":\"https:\\\/\\\/deportesdigital.com.ve\\\/public\\\/\"},{\"@type\":\"ListItem\",\"position\":2,\"name\":\"El Atletismo Zuliano enciende motores atletas se citan en la pista \u00abElsa Ant\u00fanez\u00bb\"}]},{\"@type\":\"WebSite\",\"@id\":\"https:\\\/\\\/deportesdigital.com.ve\\\/public\\\/#website\",\"url\":\"https:\\\/\\\/deportesdigital.com.ve\\\/public\\\/\",\"name\":\"Deportes Digital\",\"description\":\"Solo Deportes\",\"publisher\":{\"@id\":\"https:\\\/\\\/deportesdigital.com.ve\\\/public\\\/#organization\"},\"potentialAction\":[{\"@type\":\"SearchAction\",\"target\":{\"@type\":\"EntryPoint\",\"urlTemplate\":\"https:\\\/\\\/deportesdigital.com.ve\\\/public\\\/?s={search_term_string}\"},\"query-input\":{\"@type\":\"PropertyValueSpecification\",\"valueRequired\":true,\"valueName\":\"search_term_string\"}}],\"inLanguage\":\"es\"},{\"@type\":\"Organization\",\"@id\":\"https:\\\/\\\/deportesdigital.com.ve\\\/public\\\/#organization\",\"name\":\"Deportes Digital\",\"url\":\"https:\\\/\\\/deportesdigital.com.ve\\\/public\\\/\",\"logo\":{\"@type\":\"ImageObject\",\"inLanguage\":\"es\",\"@id\":\"https:\\\/\\\/deportesdigital.com.ve\\\/public\\\/#\\\/schema\\\/logo\\\/image\\\/\",\"url\":\"https:\\\/\\\/i0.wp.com\\\/deportesdigital.com.ve\\\/public\\\/wp-content\\\/uploads\\\/2023\\\/09\\\/1677066431475.png?fit=1032%2C624&ssl=1\",\"contentUrl\":\"https:\\\/\\\/i0.wp.com\\\/deportesdigital.com.ve\\\/public\\\/wp-content\\\/uploads\\\/2023\\\/09\\\/1677066431475.png?fit=1032%2C624&ssl=1\",\"width\":1032,\"height\":624,\"caption\":\"Deportes Digital\"},\"image\":{\"@id\":\"https:\\\/\\\/deportesdigital.com.ve\\\/public\\\/#\\\/schema\\\/logo\\\/image\\\/\"},\"sameAs\":[\"https:\\\/\\\/www.facebook.com\\\/DeportesDigitalZulia25\",\"https:\\\/\\\/x.com\\\/deporteszulia\",\"https:\\\/\\\/www.instagram.com\\\/deportesdigitalzulia\\\/\"]},{\"@type\":\"Person\",\"@id\":\"https:\\\/\\\/deportesdigital.com.ve\\\/public\\\/#\\\/schema\\\/person\\\/57d2f23f17d761b1672066d1905e88a0\",\"name\":\"luisg15\",\"image\":{\"@type\":\"ImageObject\",\"inLanguage\":\"es\",\"@id\":\"https:\\\/\\\/secure.gravatar.com\\\/avatar\\\/4d424b63ebd2800d281b824141af3d97c1332dfdda83d70b2057085925af58a3?s=96&d=mm&r=g\",\"url\":\"https:\\\/\\\/secure.gravatar.com\\\/avatar\\\/4d424b63ebd2800d281b824141af3d97c1332dfdda83d70b2057085925af58a3?s=96&d=mm&r=g\",\"contentUrl\":\"https:\\\/\\\/secure.gravatar.com\\\/avatar\\\/4d424b63ebd2800d281b824141af3d97c1332dfdda83d70b2057085925af58a3?s=96&d=mm&r=g\",\"caption\":\"luisg15\"},\"description\":\"Medio de Comunicaci\u00f3n digital dedicado al deporte menor\",\"sameAs\":[\"https:\\\/\\\/deportesdigital.com.ve\\\/public\"],\"url\":\"https:\\\/\\\/deportesdigital.com.ve\\\/public\\\/author\\\/luisg15\\\/\"}]}<\/script>\n<!-- \/ Yoast SEO plugin. -->","yoast_head_json":{"title":"El Atletismo Zuliano enciende motores atletas se citan en la pista \"Elsa Ant\u00fanez\" - Deportes Digital","robots":{"index":"index","follow":"follow","max-snippet":"max-snippet:-1","max-image-preview":"max-image-preview:large","max-video-preview":"max-video-preview:-1"},"canonical":"https:\/\/deportesdigital.com.ve\/public\/el-atletismo-zuliano-enciende-motores-atletas-se-citan-en-la-pista-elsa-antunez\/","og_locale":"es_ES","og_type":"article","og_title":"El Atletismo Zuliano enciende motores atletas se citan en la pista \"Elsa Ant\u00fanez\" - Deportes Digital","og_description":"El objetivo principal es realizar un chequeo t\u00e9cnico de las distintas categor\u00edas, permitiendo a los deportistas buscar los tiempos y marcas m\u00ednimas requeridas para clasificar a las pr\u00f3ximas citas nacionales. [&hellip;]","og_url":"https:\/\/deportesdigital.com.ve\/public\/el-atletismo-zuliano-enciende-motores-atletas-se-citan-en-la-pista-elsa-antunez\/","og_site_name":"Deportes Digital","article_publisher":"https:\/\/www.facebook.com\/DeportesDigitalZulia25","article_published_time":"2026-01-28T11:14:27+00:00","og_image":[{"width":730,"height":387,"url":"https:\/\/deportesdigital.com.ve\/public\/wp-content\/uploads\/2026\/01\/3-2-730x387-1.jpg","type":"image\/jpeg"}],"author":"luisg15","twitter_card":"summary_large_image","twitter_creator":"@deporteszulia","twitter_site":"@deporteszulia","twitter_misc":{"Escrito por":"luisg15","Tiempo de lectura":"2 minutos"},"schema":{"@context":"https:\/\/schema.org","@graph":[{"@type":"Article","@id":"https:\/\/deportesdigital.com.ve\/public\/el-atletismo-zuliano-enciende-motores-atletas-se-citan-en-la-pista-elsa-antunez\/#article","isPartOf":{"@id":"https:\/\/deportesdigital.com.ve\/public\/el-atletismo-zuliano-enciende-motores-atletas-se-citan-en-la-pista-elsa-antunez\/"},"author":{"name":"luisg15","@id":"https:\/\/deportesdigital.com.ve\/public\/#\/schema\/person\/57d2f23f17d761b1672066d1905e88a0"},"headline":"El Atletismo Zuliano enciende motores atletas se citan en la pista \u00abElsa Ant\u00fanez\u00bb","datePublished":"2026-01-28T11:14:27+00:00","mainEntityOfPage":{"@id":"https:\/\/deportesdigital.com.ve\/public\/el-atletismo-zuliano-enciende-motores-atletas-se-citan-en-la-pista-elsa-antunez\/"},"wordCount":338,"commentCount":0,"publisher":{"@id":"https:\/\/deportesdigital.com.ve\/public\/#organization"},"image":{"@id":"https:\/\/deportesdigital.com.ve\/public\/el-atletismo-zuliano-enciende-motores-atletas-se-citan-en-la-pista-elsa-antunez\/#primaryimage"},"thumbnailUrl":"https:\/\/deportesdigital.com.ve\/public\/wp-content\/uploads\/2026\/01\/3-2-730x387-1.jpg","articleSection":["atletismo"],"inLanguage":"es","potentialAction":[{"@type":"CommentAction","name":"Comment","target":["https:\/\/deportesdigital.com.ve\/public\/el-atletismo-zuliano-enciende-motores-atletas-se-citan-en-la-pista-elsa-antunez\/#respond"]}]},{"@type":"WebPage","@id":"https:\/\/deportesdigital.com.ve\/public\/el-atletismo-zuliano-enciende-motores-atletas-se-citan-en-la-pista-elsa-antunez\/","url":"https:\/\/deportesdigital.com.ve\/public\/el-atletismo-zuliano-enciende-motores-atletas-se-citan-en-la-pista-elsa-antunez\/","name":"El Atletismo Zuliano enciende motores atletas se citan en la pista \"Elsa Ant\u00fanez\" - Deportes Digital","isPartOf":{"@id":"https:\/\/deportesdigital.com.ve\/public\/#website"},"primaryImageOfPage":{"@id":"https:\/\/deportesdigital.com.ve\/public\/el-atletismo-zuliano-enciende-motores-atletas-se-citan-en-la-pista-elsa-antunez\/#primaryimage"},"image":{"@id":"https:\/\/deportesdigital.com.ve\/public\/el-atletismo-zuliano-enciende-motores-atletas-se-citan-en-la-pista-elsa-antunez\/#primaryimage"},"thumbnailUrl":"https:\/\/deportesdigital.com.ve\/public\/wp-content\/uploads\/2026\/01\/3-2-730x387-1.jpg","datePublished":"2026-01-28T11:14:27+00:00","breadcrumb":{"@id":"https:\/\/deportesdigital.com.ve\/public\/el-atletismo-zuliano-enciende-motores-atletas-se-citan-en-la-pista-elsa-antunez\/#breadcrumb"},"inLanguage":"es","potentialAction":[{"@type":"ReadAction","target":["https:\/\/deportesdigital.com.ve\/public\/el-atletismo-zuliano-enciende-motores-atletas-se-citan-en-la-pista-elsa-antunez\/"]}]},{"@type":"ImageObject","inLanguage":"es","@id":"https:\/\/deportesdigital.com.ve\/public\/el-atletismo-zuliano-enciende-motores-atletas-se-citan-en-la-pista-elsa-antunez\/#primaryimage","url":"https:\/\/deportesdigital.com.ve\/public\/wp-content\/uploads\/2026\/01\/3-2-730x387-1.jpg","contentUrl":"https:\/\/deportesdigital.com.ve\/public\/wp-content\/uploads\/2026\/01\/3-2-730x387-1.jpg","width":730,"height":387},{"@type":"BreadcrumbList","@id":"https:\/\/deportesdigital.com.ve\/public\/el-atletismo-zuliano-enciende-motores-atletas-se-citan-en-la-pista-elsa-antunez\/#breadcrumb","itemListElement":[{"@type":"ListItem","position":1,"name":"Portada","item":"https:\/\/deportesdigital.com.ve\/public\/"},{"@type":"ListItem","position":2,"name":"El Atletismo Zuliano enciende motores atletas se citan en la pista \u00abElsa Ant\u00fanez\u00bb"}]},{"@type":"WebSite","@id":"https:\/\/deportesdigital.com.ve\/public\/#website","url":"https:\/\/deportesdigital.com.ve\/public\/","name":"Deportes Digital","description":"Solo Deportes","publisher":{"@id":"https:\/\/deportesdigital.com.ve\/public\/#organization"},"potentialAction":[{"@type":"SearchAction","target":{"@type":"EntryPoint","urlTemplate":"https:\/\/deportesdigital.com.ve\/public\/?s={search_term_string}"},"query-input":{"@type":"PropertyValueSpecification","valueRequired":true,"valueName":"search_term_string"}}],"inLanguage":"es"},{"@type":"Organization","@id":"https:\/\/deportesdigital.com.ve\/public\/#organization","name":"Deportes Digital","url":"https:\/\/deportesdigital.com.ve\/public\/","logo":{"@type":"ImageObject","inLanguage":"es","@id":"https:\/\/deportesdigital.com.ve\/public\/#\/schema\/logo\/image\/","url":"https:\/\/i0.wp.com\/deportesdigital.com.ve\/public\/wp-content\/uploads\/2023\/09\/1677066431475.png?fit=1032%2C624&ssl=1","contentUrl":"https:\/\/i0.wp.com\/deportesdigital.com.ve\/public\/wp-content\/uploads\/2023\/09\/1677066431475.png?fit=1032%2C624&ssl=1","width":1032,"height":624,"caption":"Deportes Digital"},"image":{"@id":"https:\/\/deportesdigital.com.ve\/public\/#\/schema\/logo\/image\/"},"sameAs":["https:\/\/www.facebook.com\/DeportesDigitalZulia25","https:\/\/x.com\/deporteszulia","https:\/\/www.instagram.com\/deportesdigitalzulia\/"]},{"@type":"Person","@id":"https:\/\/deportesdigital.com.ve\/public\/#\/schema\/person\/57d2f23f17d761b1672066d1905e88a0","name":"luisg15","image":{"@type":"ImageObject","inLanguage":"es","@id":"https:\/\/secure.gravatar.com\/avatar\/4d424b63ebd2800d281b824141af3d97c1332dfdda83d70b2057085925af58a3?s=96&d=mm&r=g","url":"https:\/\/secure.gravatar.com\/avatar\/4d424b63ebd2800d281b824141af3d97c1332dfdda83d70b2057085925af58a3?s=96&d=mm&r=g","contentUrl":"https:\/\/secure.gravatar.com\/avatar\/4d424b63ebd2800d281b824141af3d97c1332dfdda83d70b2057085925af58a3?s=96&d=mm&r=g","caption":"luisg15"},"description":"Medio de Comunicaci\u00f3n digital dedicado al deporte menor","sameAs":["https:\/\/deportesdigital.com.ve\/public"],"url":"https:\/\/deportesdigital.com.ve\/public\/author\/luisg15\/"}]}},"_links":{"self":[{"href":"https:\/\/deportesdigital.com.ve\/public\/wp-json\/wp\/v2\/posts\/112635","targetHints":{"allow":["GET"]}}],"collection":[{"href":"https:\/\/deportesdigital.com.ve\/public\/wp-json\/wp\/v2\/posts"}],"about":[{"href":"https:\/\/deportesdigital.com.ve\/public\/wp-json\/wp\/v2\/types\/post"}],"author":[{"embeddable":true,"href":"https:\/\/deportesdigital.com.ve\/public\/wp-json\/wp\/v2\/users\/1"}],"replies":[{"embeddable":true,"href":"https:\/\/deportesdigital.com.ve\/public\/wp-json\/wp\/v2\/comments?post=112635"}],"version-history":[{"count":1,"href":"https:\/\/deportesdigital.com.ve\/public\/wp-json\/wp\/v2\/posts\/112635\/revisions"}],"predecessor-version":[{"id":112637,"href":"https:\/\/deportesdigital.com.ve\/public\/wp-json\/wp\/v2\/posts\/112635\/revisions\/112637"}],"wp:featuredmedia":[{"embeddable":true,"href":"https:\/\/deportesdigital.com.ve\/public\/wp-json\/wp\/v2\/media\/112636"}],"wp:attachment":[{"href":"https:\/\/deportesdigital.com.ve\/public\/wp-json\/wp\/v2\/media?parent=112635"}],"wp:term":[{"taxonomy":"category","embeddable":true,"href":"https:\/\/deportesdigital.com.ve\/public\/wp-json\/wp\/v2\/categories?post=112635"},{"taxonomy":"post_tag","embeddable":true,"href":"https:\/\/deportesdigital.com.ve\/public\/wp-json\/wp\/v2\/tags?post=112635"}],"curies":[{"name":"wp","href":"https:\/\/api.w.org\/{rel}","templated":true}]}}