{"id":112412,"date":"2026-01-20T16:39:58","date_gmt":"2026-01-20T20:39:58","guid":{"rendered":"https:\/\/deportesdigital.com.ve\/public\/?p=112412"},"modified":"2026-01-20T16:42:56","modified_gmt":"2026-01-20T20:42:56","slug":"el-futbol-menor-se-viste-de-gala-san-francisco-recibira-la-v-edicion-de-la-copa-sur","status":"publish","type":"post","link":"https:\/\/deportesdigital.com.ve\/public\/el-futbol-menor-se-viste-de-gala-san-francisco-recibira-la-v-edicion-de-la-copa-sur\/","title":{"rendered":"El f\u00fatbol menor se viste de gala: San Francisco recibir\u00e1 la V Edici\u00f3n de la Copa Sur"},"content":{"rendered":"<p><em><strong>Con un terreno totalmente remozado y la participaci\u00f3n de siete categor\u00edas, la Fundaci\u00f3n Deportivo Coromoto dar\u00e1 el pitazo inicial el pr\u00f3ximo 7 de febrero.<\/strong><\/em><\/p>\n<hr \/>\n<p><em><strong>Jos\u00e9 Gil | Deportes Digital<\/strong> <strong>Maracaibo.<\/strong> \u2013<\/em> El municipio San Francisco se prepara para recibir una de las citas m\u00e1s esperadas del balompi\u00e9 formativo. Del <strong>7 al 17 de febrero<\/strong>, se llevar\u00e1 a cabo la <strong>V Edici\u00f3n de la Copa Sur<\/strong>, un evento que promete reunir el mejor talento joven de la regi\u00f3n y que cuenta con el aval de la <strong>Asociaci\u00f3n de F\u00fatbol del Zulia (AFZ)<\/strong>.<\/p>\n<p>La sede principal ser\u00e1 la emblem\u00e1tica <strong>Cancha La Coromoto<\/strong>, la cual se encuentra de estreno. Para esta quinta edici\u00f3n, los futbolistas jugar\u00e1n sobre un <strong>terreno completamente remozado<\/strong>, estrenando gramado para garantizar el m\u00e1ximo nivel competitivo y la integridad f\u00edsica de los atletas.<\/p>\n<p><strong>Estructura y Categor\u00edas<\/strong><\/p>\n<p><img loading=\"lazy\" decoding=\"async\" class=\"wp-image-112416 alignleft\" src=\"https:\/\/deportesdigital.com.ve\/public\/wp-content\/uploads\/2026\/01\/WhatsApp-Image-2026-01-20-at-3.21.52-PM.jpeg\" alt=\"\" width=\"246\" height=\"364\" srcset=\"https:\/\/deportesdigital.com.ve\/public\/wp-content\/uploads\/2026\/01\/WhatsApp-Image-2026-01-20-at-3.21.52-PM.jpeg 540w, https:\/\/deportesdigital.com.ve\/public\/wp-content\/uploads\/2026\/01\/WhatsApp-Image-2026-01-20-at-3.21.52-PM-203x300.jpeg 203w, https:\/\/deportesdigital.com.ve\/public\/wp-content\/uploads\/2026\/01\/WhatsApp-Image-2026-01-20-at-3.21.52-PM-435x643.jpeg 435w\" sizes=\"auto, (max-width: 246px) 100vw, 246px\" \/><\/p>\n<p>Jos\u00e9 Fern\u00e1ndez, presidente del comit\u00e9 organizador, inform\u00f3 que la log\u00edstica est\u00e1 a punto para recibir a los clubes en una estructura que abarca siete categor\u00edas:<\/p>\n<ul>\n<li><strong>Desde la Sub-8 hasta la Sub-18.<\/strong><\/li>\n<li><strong>Modalidad:<\/strong> Fase eliminatoria, semifinales y finales.<\/li>\n<\/ul>\n<p><em>\u00abEstamos seguros de que esta edici\u00f3n tendr\u00e1 un gran nivel competitivo. Los participantes dar\u00e1n lo mejor de s\u00ed para llegar a las finales en un escenario que ha sido recuperado para ellos\u00bb<\/em>, expres\u00f3 Fern\u00e1ndez.<\/p>\n<p><strong>Inclusi\u00f3n y Desarrollo<\/strong><\/p>\n<p>Una de las notas destacadas de este torneo es su apertura al <strong>f\u00fatbol femenino<\/strong>. Las inscripciones siguen abiertas para ambos g\u00e9neros. Seg\u00fan explic\u00f3 la organizaci\u00f3n, las ni\u00f1as podr\u00e1n participar en los equipos masculinos o como clubes femeninos, siempre respetando las estructuras federativas de categor\u00edas por edades.<\/p>\n<p>La Copa Sur se ha consolidado como el evento que abre el ciclo de competencias en la <strong>Zona Sur del estado Zulia<\/strong>, enfoc\u00e1ndose no solo en el trofeo, sino en el desarrollo integral de la disciplina.<\/p>\n<p>&nbsp;<\/p>\n<p><strong>Invitaci\u00f3n a la Comunidad<\/strong><\/p>\n<p>El comit\u00e9 organizador extendi\u00f3 una invitaci\u00f3n a todos los clubes del estado a formalizar su inscripci\u00f3n y a la comunidad de San Francisco a asistir y disfrutar de las sorpresas preparadas para los asistentes. La meta es clara: brindar una vitrina donde los j\u00f3venes demuestren su talento en un ambiente familiar y deportivo.<\/p>\n<p>&nbsp;<\/p>\n<p><strong>Resumen del Evento:<\/strong><\/p>\n<ul>\n<li><strong>Evento:<\/strong> V Copa Sur de F\u00fatbol Menor.<\/li>\n<li><strong>Fecha:<\/strong> Del 7 al 17 de febrero.<\/li>\n<li><strong>Lugar:<\/strong> Cancha La Coromoto (Terreno nuevo).<\/li>\n<li><strong>Organiza:<\/strong> Fundaci\u00f3n Deportivo Coromoto.<\/li>\n<li><strong>Categor\u00edas:<\/strong> Sub-8 a Sub-18 (Masculino y Femenino<\/li>\n<\/ul>\n<p><strong><em>Sigue esta y otras #Noticias ingresando a nuestras plataformas digitales Deportes Digital, en Instagram, Facebook, Twitter, y en nuestros grupos de Whatsapp y Telegram.<\/em><\/strong><\/p>\n","protected":false},"excerpt":{"rendered":"<p>Con un terreno totalmente remozado y la participaci\u00f3n de siete categor\u00edas, la Fundaci\u00f3n Deportivo Coromoto dar\u00e1 el pitazo inicial el pr\u00f3ximo 7 de febrero. Jos\u00e9 Gil | Deportes Digital Maracaibo. [&hellip;]<\/p>\n","protected":false},"author":1,"featured_media":112413,"comment_status":"open","ping_status":"closed","sticky":false,"template":"","format":"standard","meta":{"footnotes":""},"categories":[3],"tags":[],"class_list":["post-112412","post","type-post","status-publish","format-standard","has-post-thumbnail","hentry","category-futbol","clearfix"],"yoast_head":"<!-- This site is optimized with the Yoast SEO plugin v27.8 - https:\/\/yoast.com\/product\/yoast-seo-wordpress\/ -->\n<title>El f\u00fatbol menor se viste de gala: San Francisco recibir\u00e1 la V Edici\u00f3n de la Copa Sur - Deportes Digital<\/title>\n<meta name=\"robots\" content=\"index, follow, max-snippet:-1, max-image-preview:large, max-video-preview:-1\" \/>\n<link rel=\"canonical\" href=\"https:\/\/deportesdigital.com.ve\/public\/el-futbol-menor-se-viste-de-gala-san-francisco-recibira-la-v-edicion-de-la-copa-sur\/\" \/>\n<meta property=\"og:locale\" content=\"es_ES\" \/>\n<meta property=\"og:type\" content=\"article\" \/>\n<meta property=\"og:title\" content=\"El f\u00fatbol menor se viste de gala: San Francisco recibir\u00e1 la V Edici\u00f3n de la Copa Sur - Deportes Digital\" \/>\n<meta property=\"og:description\" content=\"Con un terreno totalmente remozado y la participaci\u00f3n de siete categor\u00edas, la Fundaci\u00f3n Deportivo Coromoto dar\u00e1 el pitazo inicial el pr\u00f3ximo 7 de febrero. Jos\u00e9 Gil | Deportes Digital Maracaibo. [&hellip;]\" \/>\n<meta property=\"og:url\" content=\"https:\/\/deportesdigital.com.ve\/public\/el-futbol-menor-se-viste-de-gala-san-francisco-recibira-la-v-edicion-de-la-copa-sur\/\" \/>\n<meta property=\"og:site_name\" content=\"Deportes Digital\" \/>\n<meta property=\"article:publisher\" content=\"https:\/\/www.facebook.com\/DeportesDigitalZulia25\" \/>\n<meta property=\"article:published_time\" content=\"2026-01-20T20:39:58+00:00\" \/>\n<meta property=\"article:modified_time\" content=\"2026-01-20T20:42:56+00:00\" \/>\n<meta property=\"og:image\" content=\"https:\/\/deportesdigital.com.ve\/public\/wp-content\/uploads\/2026\/01\/WhatsApp-Image-2026-01-08-at-5.57.07-PM.jpeg\" \/>\n\t<meta property=\"og:image:width\" content=\"1280\" \/>\n\t<meta property=\"og:image:height\" content=\"1073\" \/>\n\t<meta property=\"og:image:type\" content=\"image\/jpeg\" \/>\n<meta name=\"author\" content=\"luisg15\" \/>\n<meta name=\"twitter:card\" content=\"summary_large_image\" \/>\n<meta name=\"twitter:creator\" content=\"@deporteszulia\" \/>\n<meta name=\"twitter:site\" content=\"@deporteszulia\" \/>\n<meta name=\"twitter:label1\" content=\"Escrito por\" \/>\n\t<meta name=\"twitter:data1\" content=\"luisg15\" \/>\n\t<meta name=\"twitter:label2\" content=\"Tiempo de lectura\" \/>\n\t<meta name=\"twitter:data2\" content=\"2 minutos\" \/>\n<script type=\"application\/ld+json\" class=\"yoast-schema-graph\">{\"@context\":\"https:\\\/\\\/schema.org\",\"@graph\":[{\"@type\":\"Article\",\"@id\":\"https:\\\/\\\/deportesdigital.com.ve\\\/public\\\/el-futbol-menor-se-viste-de-gala-san-francisco-recibira-la-v-edicion-de-la-copa-sur\\\/#article\",\"isPartOf\":{\"@id\":\"https:\\\/\\\/deportesdigital.com.ve\\\/public\\\/el-futbol-menor-se-viste-de-gala-san-francisco-recibira-la-v-edicion-de-la-copa-sur\\\/\"},\"author\":{\"name\":\"luisg15\",\"@id\":\"https:\\\/\\\/deportesdigital.com.ve\\\/public\\\/#\\\/schema\\\/person\\\/57d2f23f17d761b1672066d1905e88a0\"},\"headline\":\"El f\u00fatbol menor se viste de gala: San Francisco recibir\u00e1 la V Edici\u00f3n de la Copa Sur\",\"datePublished\":\"2026-01-20T20:39:58+00:00\",\"dateModified\":\"2026-01-20T20:42:56+00:00\",\"mainEntityOfPage\":{\"@id\":\"https:\\\/\\\/deportesdigital.com.ve\\\/public\\\/el-futbol-menor-se-viste-de-gala-san-francisco-recibira-la-v-edicion-de-la-copa-sur\\\/\"},\"wordCount\":458,\"commentCount\":0,\"publisher\":{\"@id\":\"https:\\\/\\\/deportesdigital.com.ve\\\/public\\\/#organization\"},\"image\":{\"@id\":\"https:\\\/\\\/deportesdigital.com.ve\\\/public\\\/el-futbol-menor-se-viste-de-gala-san-francisco-recibira-la-v-edicion-de-la-copa-sur\\\/#primaryimage\"},\"thumbnailUrl\":\"https:\\\/\\\/deportesdigital.com.ve\\\/public\\\/wp-content\\\/uploads\\\/2026\\\/01\\\/WhatsApp-Image-2026-01-08-at-5.57.07-PM.jpeg\",\"articleSection\":[\"F\u00fatbol\"],\"inLanguage\":\"es\",\"potentialAction\":[{\"@type\":\"CommentAction\",\"name\":\"Comment\",\"target\":[\"https:\\\/\\\/deportesdigital.com.ve\\\/public\\\/el-futbol-menor-se-viste-de-gala-san-francisco-recibira-la-v-edicion-de-la-copa-sur\\\/#respond\"]}]},{\"@type\":\"WebPage\",\"@id\":\"https:\\\/\\\/deportesdigital.com.ve\\\/public\\\/el-futbol-menor-se-viste-de-gala-san-francisco-recibira-la-v-edicion-de-la-copa-sur\\\/\",\"url\":\"https:\\\/\\\/deportesdigital.com.ve\\\/public\\\/el-futbol-menor-se-viste-de-gala-san-francisco-recibira-la-v-edicion-de-la-copa-sur\\\/\",\"name\":\"El f\u00fatbol menor se viste de gala: San Francisco recibir\u00e1 la V Edici\u00f3n de la Copa Sur - Deportes Digital\",\"isPartOf\":{\"@id\":\"https:\\\/\\\/deportesdigital.com.ve\\\/public\\\/#website\"},\"primaryImageOfPage\":{\"@id\":\"https:\\\/\\\/deportesdigital.com.ve\\\/public\\\/el-futbol-menor-se-viste-de-gala-san-francisco-recibira-la-v-edicion-de-la-copa-sur\\\/#primaryimage\"},\"image\":{\"@id\":\"https:\\\/\\\/deportesdigital.com.ve\\\/public\\\/el-futbol-menor-se-viste-de-gala-san-francisco-recibira-la-v-edicion-de-la-copa-sur\\\/#primaryimage\"},\"thumbnailUrl\":\"https:\\\/\\\/deportesdigital.com.ve\\\/public\\\/wp-content\\\/uploads\\\/2026\\\/01\\\/WhatsApp-Image-2026-01-08-at-5.57.07-PM.jpeg\",\"datePublished\":\"2026-01-20T20:39:58+00:00\",\"dateModified\":\"2026-01-20T20:42:56+00:00\",\"breadcrumb\":{\"@id\":\"https:\\\/\\\/deportesdigital.com.ve\\\/public\\\/el-futbol-menor-se-viste-de-gala-san-francisco-recibira-la-v-edicion-de-la-copa-sur\\\/#breadcrumb\"},\"inLanguage\":\"es\",\"potentialAction\":[{\"@type\":\"ReadAction\",\"target\":[\"https:\\\/\\\/deportesdigital.com.ve\\\/public\\\/el-futbol-menor-se-viste-de-gala-san-francisco-recibira-la-v-edicion-de-la-copa-sur\\\/\"]}]},{\"@type\":\"ImageObject\",\"inLanguage\":\"es\",\"@id\":\"https:\\\/\\\/deportesdigital.com.ve\\\/public\\\/el-futbol-menor-se-viste-de-gala-san-francisco-recibira-la-v-edicion-de-la-copa-sur\\\/#primaryimage\",\"url\":\"https:\\\/\\\/deportesdigital.com.ve\\\/public\\\/wp-content\\\/uploads\\\/2026\\\/01\\\/WhatsApp-Image-2026-01-08-at-5.57.07-PM.jpeg\",\"contentUrl\":\"https:\\\/\\\/deportesdigital.com.ve\\\/public\\\/wp-content\\\/uploads\\\/2026\\\/01\\\/WhatsApp-Image-2026-01-08-at-5.57.07-PM.jpeg\",\"width\":1280,\"height\":1073},{\"@type\":\"BreadcrumbList\",\"@id\":\"https:\\\/\\\/deportesdigital.com.ve\\\/public\\\/el-futbol-menor-se-viste-de-gala-san-francisco-recibira-la-v-edicion-de-la-copa-sur\\\/#breadcrumb\",\"itemListElement\":[{\"@type\":\"ListItem\",\"position\":1,\"name\":\"Portada\",\"item\":\"https:\\\/\\\/deportesdigital.com.ve\\\/public\\\/\"},{\"@type\":\"ListItem\",\"position\":2,\"name\":\"El f\u00fatbol menor se viste de gala: San Francisco recibir\u00e1 la V Edici\u00f3n de la Copa Sur\"}]},{\"@type\":\"WebSite\",\"@id\":\"https:\\\/\\\/deportesdigital.com.ve\\\/public\\\/#website\",\"url\":\"https:\\\/\\\/deportesdigital.com.ve\\\/public\\\/\",\"name\":\"Deportes Digital\",\"description\":\"Solo Deportes\",\"publisher\":{\"@id\":\"https:\\\/\\\/deportesdigital.com.ve\\\/public\\\/#organization\"},\"potentialAction\":[{\"@type\":\"SearchAction\",\"target\":{\"@type\":\"EntryPoint\",\"urlTemplate\":\"https:\\\/\\\/deportesdigital.com.ve\\\/public\\\/?s={search_term_string}\"},\"query-input\":{\"@type\":\"PropertyValueSpecification\",\"valueRequired\":true,\"valueName\":\"search_term_string\"}}],\"inLanguage\":\"es\"},{\"@type\":\"Organization\",\"@id\":\"https:\\\/\\\/deportesdigital.com.ve\\\/public\\\/#organization\",\"name\":\"Deportes Digital\",\"url\":\"https:\\\/\\\/deportesdigital.com.ve\\\/public\\\/\",\"logo\":{\"@type\":\"ImageObject\",\"inLanguage\":\"es\",\"@id\":\"https:\\\/\\\/deportesdigital.com.ve\\\/public\\\/#\\\/schema\\\/logo\\\/image\\\/\",\"url\":\"https:\\\/\\\/i0.wp.com\\\/deportesdigital.com.ve\\\/public\\\/wp-content\\\/uploads\\\/2023\\\/09\\\/1677066431475.png?fit=1032%2C624&ssl=1\",\"contentUrl\":\"https:\\\/\\\/i0.wp.com\\\/deportesdigital.com.ve\\\/public\\\/wp-content\\\/uploads\\\/2023\\\/09\\\/1677066431475.png?fit=1032%2C624&ssl=1\",\"width\":1032,\"height\":624,\"caption\":\"Deportes Digital\"},\"image\":{\"@id\":\"https:\\\/\\\/deportesdigital.com.ve\\\/public\\\/#\\\/schema\\\/logo\\\/image\\\/\"},\"sameAs\":[\"https:\\\/\\\/www.facebook.com\\\/DeportesDigitalZulia25\",\"https:\\\/\\\/x.com\\\/deporteszulia\",\"https:\\\/\\\/www.instagram.com\\\/deportesdigitalzulia\\\/\"]},{\"@type\":\"Person\",\"@id\":\"https:\\\/\\\/deportesdigital.com.ve\\\/public\\\/#\\\/schema\\\/person\\\/57d2f23f17d761b1672066d1905e88a0\",\"name\":\"luisg15\",\"image\":{\"@type\":\"ImageObject\",\"inLanguage\":\"es\",\"@id\":\"https:\\\/\\\/secure.gravatar.com\\\/avatar\\\/4d424b63ebd2800d281b824141af3d97c1332dfdda83d70b2057085925af58a3?s=96&d=mm&r=g\",\"url\":\"https:\\\/\\\/secure.gravatar.com\\\/avatar\\\/4d424b63ebd2800d281b824141af3d97c1332dfdda83d70b2057085925af58a3?s=96&d=mm&r=g\",\"contentUrl\":\"https:\\\/\\\/secure.gravatar.com\\\/avatar\\\/4d424b63ebd2800d281b824141af3d97c1332dfdda83d70b2057085925af58a3?s=96&d=mm&r=g\",\"caption\":\"luisg15\"},\"description\":\"Medio de Comunicaci\u00f3n digital dedicado al deporte menor\",\"sameAs\":[\"https:\\\/\\\/deportesdigital.com.ve\\\/public\"],\"url\":\"https:\\\/\\\/deportesdigital.com.ve\\\/public\\\/author\\\/luisg15\\\/\"}]}<\/script>\n<!-- \/ Yoast SEO plugin. -->","yoast_head_json":{"title":"El f\u00fatbol menor se viste de gala: San Francisco recibir\u00e1 la V Edici\u00f3n de la Copa Sur - Deportes Digital","robots":{"index":"index","follow":"follow","max-snippet":"max-snippet:-1","max-image-preview":"max-image-preview:large","max-video-preview":"max-video-preview:-1"},"canonical":"https:\/\/deportesdigital.com.ve\/public\/el-futbol-menor-se-viste-de-gala-san-francisco-recibira-la-v-edicion-de-la-copa-sur\/","og_locale":"es_ES","og_type":"article","og_title":"El f\u00fatbol menor se viste de gala: San Francisco recibir\u00e1 la V Edici\u00f3n de la Copa Sur - Deportes Digital","og_description":"Con un terreno totalmente remozado y la participaci\u00f3n de siete categor\u00edas, la Fundaci\u00f3n Deportivo Coromoto dar\u00e1 el pitazo inicial el pr\u00f3ximo 7 de febrero. Jos\u00e9 Gil | Deportes Digital Maracaibo. [&hellip;]","og_url":"https:\/\/deportesdigital.com.ve\/public\/el-futbol-menor-se-viste-de-gala-san-francisco-recibira-la-v-edicion-de-la-copa-sur\/","og_site_name":"Deportes Digital","article_publisher":"https:\/\/www.facebook.com\/DeportesDigitalZulia25","article_published_time":"2026-01-20T20:39:58+00:00","article_modified_time":"2026-01-20T20:42:56+00:00","og_image":[{"width":1280,"height":1073,"url":"https:\/\/deportesdigital.com.ve\/public\/wp-content\/uploads\/2026\/01\/WhatsApp-Image-2026-01-08-at-5.57.07-PM.jpeg","type":"image\/jpeg"}],"author":"luisg15","twitter_card":"summary_large_image","twitter_creator":"@deporteszulia","twitter_site":"@deporteszulia","twitter_misc":{"Escrito por":"luisg15","Tiempo de lectura":"2 minutos"},"schema":{"@context":"https:\/\/schema.org","@graph":[{"@type":"Article","@id":"https:\/\/deportesdigital.com.ve\/public\/el-futbol-menor-se-viste-de-gala-san-francisco-recibira-la-v-edicion-de-la-copa-sur\/#article","isPartOf":{"@id":"https:\/\/deportesdigital.com.ve\/public\/el-futbol-menor-se-viste-de-gala-san-francisco-recibira-la-v-edicion-de-la-copa-sur\/"},"author":{"name":"luisg15","@id":"https:\/\/deportesdigital.com.ve\/public\/#\/schema\/person\/57d2f23f17d761b1672066d1905e88a0"},"headline":"El f\u00fatbol menor se viste de gala: San Francisco recibir\u00e1 la V Edici\u00f3n de la Copa Sur","datePublished":"2026-01-20T20:39:58+00:00","dateModified":"2026-01-20T20:42:56+00:00","mainEntityOfPage":{"@id":"https:\/\/deportesdigital.com.ve\/public\/el-futbol-menor-se-viste-de-gala-san-francisco-recibira-la-v-edicion-de-la-copa-sur\/"},"wordCount":458,"commentCount":0,"publisher":{"@id":"https:\/\/deportesdigital.com.ve\/public\/#organization"},"image":{"@id":"https:\/\/deportesdigital.com.ve\/public\/el-futbol-menor-se-viste-de-gala-san-francisco-recibira-la-v-edicion-de-la-copa-sur\/#primaryimage"},"thumbnailUrl":"https:\/\/deportesdigital.com.ve\/public\/wp-content\/uploads\/2026\/01\/WhatsApp-Image-2026-01-08-at-5.57.07-PM.jpeg","articleSection":["F\u00fatbol"],"inLanguage":"es","potentialAction":[{"@type":"CommentAction","name":"Comment","target":["https:\/\/deportesdigital.com.ve\/public\/el-futbol-menor-se-viste-de-gala-san-francisco-recibira-la-v-edicion-de-la-copa-sur\/#respond"]}]},{"@type":"WebPage","@id":"https:\/\/deportesdigital.com.ve\/public\/el-futbol-menor-se-viste-de-gala-san-francisco-recibira-la-v-edicion-de-la-copa-sur\/","url":"https:\/\/deportesdigital.com.ve\/public\/el-futbol-menor-se-viste-de-gala-san-francisco-recibira-la-v-edicion-de-la-copa-sur\/","name":"El f\u00fatbol menor se viste de gala: San Francisco recibir\u00e1 la V Edici\u00f3n de la Copa Sur - Deportes Digital","isPartOf":{"@id":"https:\/\/deportesdigital.com.ve\/public\/#website"},"primaryImageOfPage":{"@id":"https:\/\/deportesdigital.com.ve\/public\/el-futbol-menor-se-viste-de-gala-san-francisco-recibira-la-v-edicion-de-la-copa-sur\/#primaryimage"},"image":{"@id":"https:\/\/deportesdigital.com.ve\/public\/el-futbol-menor-se-viste-de-gala-san-francisco-recibira-la-v-edicion-de-la-copa-sur\/#primaryimage"},"thumbnailUrl":"https:\/\/deportesdigital.com.ve\/public\/wp-content\/uploads\/2026\/01\/WhatsApp-Image-2026-01-08-at-5.57.07-PM.jpeg","datePublished":"2026-01-20T20:39:58+00:00","dateModified":"2026-01-20T20:42:56+00:00","breadcrumb":{"@id":"https:\/\/deportesdigital.com.ve\/public\/el-futbol-menor-se-viste-de-gala-san-francisco-recibira-la-v-edicion-de-la-copa-sur\/#breadcrumb"},"inLanguage":"es","potentialAction":[{"@type":"ReadAction","target":["https:\/\/deportesdigital.com.ve\/public\/el-futbol-menor-se-viste-de-gala-san-francisco-recibira-la-v-edicion-de-la-copa-sur\/"]}]},{"@type":"ImageObject","inLanguage":"es","@id":"https:\/\/deportesdigital.com.ve\/public\/el-futbol-menor-se-viste-de-gala-san-francisco-recibira-la-v-edicion-de-la-copa-sur\/#primaryimage","url":"https:\/\/deportesdigital.com.ve\/public\/wp-content\/uploads\/2026\/01\/WhatsApp-Image-2026-01-08-at-5.57.07-PM.jpeg","contentUrl":"https:\/\/deportesdigital.com.ve\/public\/wp-content\/uploads\/2026\/01\/WhatsApp-Image-2026-01-08-at-5.57.07-PM.jpeg","width":1280,"height":1073},{"@type":"BreadcrumbList","@id":"https:\/\/deportesdigital.com.ve\/public\/el-futbol-menor-se-viste-de-gala-san-francisco-recibira-la-v-edicion-de-la-copa-sur\/#breadcrumb","itemListElement":[{"@type":"ListItem","position":1,"name":"Portada","item":"https:\/\/deportesdigital.com.ve\/public\/"},{"@type":"ListItem","position":2,"name":"El f\u00fatbol menor se viste de gala: San Francisco recibir\u00e1 la V Edici\u00f3n de la Copa Sur"}]},{"@type":"WebSite","@id":"https:\/\/deportesdigital.com.ve\/public\/#website","url":"https:\/\/deportesdigital.com.ve\/public\/","name":"Deportes Digital","description":"Solo Deportes","publisher":{"@id":"https:\/\/deportesdigital.com.ve\/public\/#organization"},"potentialAction":[{"@type":"SearchAction","target":{"@type":"EntryPoint","urlTemplate":"https:\/\/deportesdigital.com.ve\/public\/?s={search_term_string}"},"query-input":{"@type":"PropertyValueSpecification","valueRequired":true,"valueName":"search_term_string"}}],"inLanguage":"es"},{"@type":"Organization","@id":"https:\/\/deportesdigital.com.ve\/public\/#organization","name":"Deportes Digital","url":"https:\/\/deportesdigital.com.ve\/public\/","logo":{"@type":"ImageObject","inLanguage":"es","@id":"https:\/\/deportesdigital.com.ve\/public\/#\/schema\/logo\/image\/","url":"https:\/\/i0.wp.com\/deportesdigital.com.ve\/public\/wp-content\/uploads\/2023\/09\/1677066431475.png?fit=1032%2C624&ssl=1","contentUrl":"https:\/\/i0.wp.com\/deportesdigital.com.ve\/public\/wp-content\/uploads\/2023\/09\/1677066431475.png?fit=1032%2C624&ssl=1","width":1032,"height":624,"caption":"Deportes Digital"},"image":{"@id":"https:\/\/deportesdigital.com.ve\/public\/#\/schema\/logo\/image\/"},"sameAs":["https:\/\/www.facebook.com\/DeportesDigitalZulia25","https:\/\/x.com\/deporteszulia","https:\/\/www.instagram.com\/deportesdigitalzulia\/"]},{"@type":"Person","@id":"https:\/\/deportesdigital.com.ve\/public\/#\/schema\/person\/57d2f23f17d761b1672066d1905e88a0","name":"luisg15","image":{"@type":"ImageObject","inLanguage":"es","@id":"https:\/\/secure.gravatar.com\/avatar\/4d424b63ebd2800d281b824141af3d97c1332dfdda83d70b2057085925af58a3?s=96&d=mm&r=g","url":"https:\/\/secure.gravatar.com\/avatar\/4d424b63ebd2800d281b824141af3d97c1332dfdda83d70b2057085925af58a3?s=96&d=mm&r=g","contentUrl":"https:\/\/secure.gravatar.com\/avatar\/4d424b63ebd2800d281b824141af3d97c1332dfdda83d70b2057085925af58a3?s=96&d=mm&r=g","caption":"luisg15"},"description":"Medio de Comunicaci\u00f3n digital dedicado al deporte menor","sameAs":["https:\/\/deportesdigital.com.ve\/public"],"url":"https:\/\/deportesdigital.com.ve\/public\/author\/luisg15\/"}]}},"_links":{"self":[{"href":"https:\/\/deportesdigital.com.ve\/public\/wp-json\/wp\/v2\/posts\/112412","targetHints":{"allow":["GET"]}}],"collection":[{"href":"https:\/\/deportesdigital.com.ve\/public\/wp-json\/wp\/v2\/posts"}],"about":[{"href":"https:\/\/deportesdigital.com.ve\/public\/wp-json\/wp\/v2\/types\/post"}],"author":[{"embeddable":true,"href":"https:\/\/deportesdigital.com.ve\/public\/wp-json\/wp\/v2\/users\/1"}],"replies":[{"embeddable":true,"href":"https:\/\/deportesdigital.com.ve\/public\/wp-json\/wp\/v2\/comments?post=112412"}],"version-history":[{"count":3,"href":"https:\/\/deportesdigital.com.ve\/public\/wp-json\/wp\/v2\/posts\/112412\/revisions"}],"predecessor-version":[{"id":112417,"href":"https:\/\/deportesdigital.com.ve\/public\/wp-json\/wp\/v2\/posts\/112412\/revisions\/112417"}],"wp:featuredmedia":[{"embeddable":true,"href":"https:\/\/deportesdigital.com.ve\/public\/wp-json\/wp\/v2\/media\/112413"}],"wp:attachment":[{"href":"https:\/\/deportesdigital.com.ve\/public\/wp-json\/wp\/v2\/media?parent=112412"}],"wp:term":[{"taxonomy":"category","embeddable":true,"href":"https:\/\/deportesdigital.com.ve\/public\/wp-json\/wp\/v2\/categories?post=112412"},{"taxonomy":"post_tag","embeddable":true,"href":"https:\/\/deportesdigital.com.ve\/public\/wp-json\/wp\/v2\/tags?post=112412"}],"curies":[{"name":"wp","href":"https:\/\/api.w.org\/{rel}","templated":true}]}}