{"id":112383,"date":"2026-01-19T21:32:46","date_gmt":"2026-01-20T01:32:46","guid":{"rendered":"https:\/\/deportesdigital.com.ve\/public\/?p=112383"},"modified":"2026-01-19T21:32:46","modified_gmt":"2026-01-20T01:32:46","slug":"rumbo-a-los-nacionales-el-tae-kwon-do-zuliano-evaluo-su-arsenal-en-el-primer-chequeo-regional","status":"publish","type":"post","link":"https:\/\/deportesdigital.com.ve\/public\/rumbo-a-los-nacionales-el-tae-kwon-do-zuliano-evaluo-su-arsenal-en-el-primer-chequeo-regional\/","title":{"rendered":"\u00a1Rumbo a los Nacionales! El Tae Kwon Do zuliano evalu\u00f3 su arsenal en el primer Chequeo Regional"},"content":{"rendered":"<p data-path-to-node=\"3\"><strong data-path-to-node=\"3\" data-index-in-node=\"0\"><em>Bajo la supervisi\u00f3n de la dirigencia regional y entrenadores, los atletas se evaluaron en las modalidades de Kyorugui (combate) y Poomsae (formas), buscando un lugar en la selecci\u00f3n \u00e9lite del Zulia.<\/em><\/strong><\/p>\n<hr \/>\n<p><strong><em>Jos\u00e9 Gil Deportes Digital\/Maracaibo<\/em><\/strong>: La Asociaci\u00f3n Zuliana de Tae Kwon Do inici\u00f3 formalmente su ruta de preparaci\u00f3n hacia los <strong data-path-to-node=\"3\" data-index-in-node=\"101\">Juegos Deportivos Nacionales 2026<\/strong>. El pasado s\u00e1bado, las instalaciones de la Universidad Nacional Experimental de Seguridad (UNES) se convirtieron en el epicentro de combate y t\u00e9cnica para el primer <strong data-path-to-node=\"3\" data-index-in-node=\"300\">Chequeo Regional<\/strong> de la disciplina.<\/p>\n<p><img loading=\"lazy\" decoding=\"async\" class=\"alignnone size-full wp-image-112386\" src=\"https:\/\/deportesdigital.com.ve\/public\/wp-content\/uploads\/2026\/01\/WhatsApp-Image-2026-01-18-at-12.30.29-PM-1.jpeg\" alt=\"\" width=\"1040\" height=\"468\" srcset=\"https:\/\/deportesdigital.com.ve\/public\/wp-content\/uploads\/2026\/01\/WhatsApp-Image-2026-01-18-at-12.30.29-PM-1.jpeg 1040w, https:\/\/deportesdigital.com.ve\/public\/wp-content\/uploads\/2026\/01\/WhatsApp-Image-2026-01-18-at-12.30.29-PM-1-300x135.jpeg 300w, https:\/\/deportesdigital.com.ve\/public\/wp-content\/uploads\/2026\/01\/WhatsApp-Image-2026-01-18-at-12.30.29-PM-1-1024x461.jpeg 1024w, https:\/\/deportesdigital.com.ve\/public\/wp-content\/uploads\/2026\/01\/WhatsApp-Image-2026-01-18-at-12.30.29-PM-1-768x346.jpeg 768w, https:\/\/deportesdigital.com.ve\/public\/wp-content\/uploads\/2026\/01\/WhatsApp-Image-2026-01-18-at-12.30.29-PM-1-730x329.jpeg 730w, https:\/\/deportesdigital.com.ve\/public\/wp-content\/uploads\/2026\/01\/WhatsApp-Image-2026-01-18-at-12.30.29-PM-1-435x196.jpeg 435w\" sizes=\"auto, (max-width: 1040px) 100vw, 1040px\" \/><\/p>\n<p data-path-to-node=\"4\">Bajo la supervisi\u00f3n de la dirigencia regional y entrenadores, los atletas se evaluaron en las modalidades de <strong data-path-to-node=\"4\" data-index-in-node=\"109\">Kyorugui<\/strong> (combate) y <strong data-path-to-node=\"4\" data-index-in-node=\"130\">Poomsae<\/strong> (formas), buscando un lugar en la selecci\u00f3n \u00e9lite que representar\u00e1 al estado Zulia.<\/p>\n<p data-path-to-node=\"4\"><img loading=\"lazy\" decoding=\"async\" class=\"alignnone size-full wp-image-112390\" src=\"https:\/\/deportesdigital.com.ve\/public\/wp-content\/uploads\/2026\/01\/tae3.jpg\" alt=\"\" width=\"1010\" height=\"469\" srcset=\"https:\/\/deportesdigital.com.ve\/public\/wp-content\/uploads\/2026\/01\/tae3.jpg 1010w, https:\/\/deportesdigital.com.ve\/public\/wp-content\/uploads\/2026\/01\/tae3-300x139.jpg 300w, https:\/\/deportesdigital.com.ve\/public\/wp-content\/uploads\/2026\/01\/tae3-768x357.jpg 768w, https:\/\/deportesdigital.com.ve\/public\/wp-content\/uploads\/2026\/01\/tae3-730x339.jpg 730w, https:\/\/deportesdigital.com.ve\/public\/wp-content\/uploads\/2026\/01\/tae3-435x202.jpg 435w\" sizes=\"auto, (max-width: 1010px) 100vw, 1010px\" \/><\/p>\n<h3 data-path-to-node=\"5\">Evaluaci\u00f3n Integral: M\u00e1s all\u00e1 del combate<\/h3>\n<p><img loading=\"lazy\" decoding=\"async\" class=\"alignnone size-full wp-image-112385\" src=\"https:\/\/deportesdigital.com.ve\/public\/wp-content\/uploads\/2026\/01\/WhatsApp-Image-2026-01-18-at-12.29.40-PM.jpeg\" alt=\"\" width=\"1040\" height=\"468\" srcset=\"https:\/\/deportesdigital.com.ve\/public\/wp-content\/uploads\/2026\/01\/WhatsApp-Image-2026-01-18-at-12.29.40-PM.jpeg 1040w, https:\/\/deportesdigital.com.ve\/public\/wp-content\/uploads\/2026\/01\/WhatsApp-Image-2026-01-18-at-12.29.40-PM-300x135.jpeg 300w, https:\/\/deportesdigital.com.ve\/public\/wp-content\/uploads\/2026\/01\/WhatsApp-Image-2026-01-18-at-12.29.40-PM-1024x461.jpeg 1024w, https:\/\/deportesdigital.com.ve\/public\/wp-content\/uploads\/2026\/01\/WhatsApp-Image-2026-01-18-at-12.29.40-PM-768x346.jpeg 768w, https:\/\/deportesdigital.com.ve\/public\/wp-content\/uploads\/2026\/01\/WhatsApp-Image-2026-01-18-at-12.29.40-PM-730x329.jpeg 730w, https:\/\/deportesdigital.com.ve\/public\/wp-content\/uploads\/2026\/01\/WhatsApp-Image-2026-01-18-at-12.29.40-PM-435x196.jpeg 435w\" sizes=\"auto, (max-width: 1040px) 100vw, 1040px\" \/><\/p>\n<p data-path-to-node=\"6\"><strong data-path-to-node=\"6\" data-index-in-node=\"0\">Luis Mata<\/strong>, directivo de la Asociaci\u00f3n Zuliana de Tae Kwon Do, inform\u00f3 que en esta primera convocatoria participaron aproximadamente <strong data-path-to-node=\"6\" data-index-in-node=\"132\">60 atletas<\/strong> (femenino y masculino) nacidos entre los a\u00f1os <strong data-path-to-node=\"6\" data-index-in-node=\"189\">2006 y 2009<\/strong>, provenientes de los municipios:<\/p>\n<ul>\n<li data-path-to-node=\"7,0,0\">Maracaibo<\/li>\n<li data-path-to-node=\"7,1,0\">San Francisco<\/li>\n<li data-path-to-node=\"7,2,0\">Cabimas<\/li>\n<li data-path-to-node=\"7,3,0\">Col\u00f3n<\/li>\n<\/ul>\n<p data-path-to-node=\"8\">El chequeo no se limit\u00f3 a la t\u00e9cnica. Los j\u00f3venes fueron sometidos a rigurosas <strong data-path-to-node=\"8\" data-index-in-node=\"79\">pruebas de antropometr\u00eda<\/strong> para evaluar su composici\u00f3n corporal (masa muscular, grasa y densidad \u00f3sea), adem\u00e1s de test de resistencia y condici\u00f3n f\u00edsica. <em data-path-to-node=\"8\" data-index-in-node=\"231\">\u00abEste estudio es fundamental para optimizar el rendimiento deportivo y garantizar que nuestros atletas lleguen en su mejor estado nutricional y f\u00edsico\u00bb<\/em>, explic\u00f3 Mata.<\/p>\n<p data-path-to-node=\"8\"><img loading=\"lazy\" decoding=\"async\" class=\"size-full wp-image-112389 aligncenter\" src=\"https:\/\/deportesdigital.com.ve\/public\/wp-content\/uploads\/2026\/01\/tae2.jpg\" alt=\"\" width=\"752\" height=\"441\" srcset=\"https:\/\/deportesdigital.com.ve\/public\/wp-content\/uploads\/2026\/01\/tae2.jpg 752w, https:\/\/deportesdigital.com.ve\/public\/wp-content\/uploads\/2026\/01\/tae2-300x176.jpg 300w, https:\/\/deportesdigital.com.ve\/public\/wp-content\/uploads\/2026\/01\/tae2-730x428.jpg 730w, https:\/\/deportesdigital.com.ve\/public\/wp-content\/uploads\/2026\/01\/tae2-435x255.jpg 435w\" sizes=\"auto, (max-width: 752px) 100vw, 752px\" \/><\/p>\n<h3>En espera de la ruta federativa<\/h3>\n<p data-path-to-node=\"11\">Aunque el Zulia ya aceita su maquinaria, el calendario oficial de los clasificatorios nacionales a\u00fan est\u00e1 por definirse. La asociaci\u00f3n se encuentra a la espera de la <strong data-path-to-node=\"11\" data-index-in-node=\"166\">Convenci\u00f3n Nacional de la Federaci\u00f3n Venezolana de Tae Kwon Do<\/strong>, organismo que dictar\u00e1 las pautas, fechas y sedes de los eventos clasificatorios.<\/p>\n<p data-path-to-node=\"11\"><img loading=\"lazy\" decoding=\"async\" class=\"size-full wp-image-112388 aligncenter\" src=\"https:\/\/deportesdigital.com.ve\/public\/wp-content\/uploads\/2026\/01\/WhatsApp-Image-2026-01-18-at-12.30.31-PM.jpeg\" alt=\"\" width=\"720\" height=\"529\" srcset=\"https:\/\/deportesdigital.com.ve\/public\/wp-content\/uploads\/2026\/01\/WhatsApp-Image-2026-01-18-at-12.30.31-PM.jpeg 720w, https:\/\/deportesdigital.com.ve\/public\/wp-content\/uploads\/2026\/01\/WhatsApp-Image-2026-01-18-at-12.30.31-PM-300x220.jpeg 300w, https:\/\/deportesdigital.com.ve\/public\/wp-content\/uploads\/2026\/01\/WhatsApp-Image-2026-01-18-at-12.30.31-PM-435x320.jpeg 435w, https:\/\/deportesdigital.com.ve\/public\/wp-content\/uploads\/2026\/01\/WhatsApp-Image-2026-01-18-at-12.30.31-PM-80x60.jpeg 80w\" sizes=\"auto, (max-width: 720px) 100vw, 720px\" \/><\/p>\n<p data-path-to-node=\"12,0\"><em data-path-to-node=\"12,0\" data-index-in-node=\"0\">\u00abEsperamos que para la pr\u00f3xima convocatoria la asistencia sea a\u00fan mayor. Nuestra meta es lograr la mayor cantidad de cupos posibles para el evento deportivo m\u00e1s importante del pa\u00eds\u00bb<\/em>, asegur\u00f3 Mata.<\/p>\n<p data-path-to-node=\"12,0\"><img loading=\"lazy\" decoding=\"async\" class=\"alignnone size-full wp-image-112391\" src=\"https:\/\/deportesdigital.com.ve\/public\/wp-content\/uploads\/2026\/01\/WhatsApp-Image-2026-01-18-at-12.30.30-PM-1.jpeg\" alt=\"\" width=\"1040\" height=\"468\" srcset=\"https:\/\/deportesdigital.com.ve\/public\/wp-content\/uploads\/2026\/01\/WhatsApp-Image-2026-01-18-at-12.30.30-PM-1.jpeg 1040w, https:\/\/deportesdigital.com.ve\/public\/wp-content\/uploads\/2026\/01\/WhatsApp-Image-2026-01-18-at-12.30.30-PM-1-300x135.jpeg 300w, https:\/\/deportesdigital.com.ve\/public\/wp-content\/uploads\/2026\/01\/WhatsApp-Image-2026-01-18-at-12.30.30-PM-1-1024x461.jpeg 1024w, https:\/\/deportesdigital.com.ve\/public\/wp-content\/uploads\/2026\/01\/WhatsApp-Image-2026-01-18-at-12.30.30-PM-1-768x346.jpeg 768w, https:\/\/deportesdigital.com.ve\/public\/wp-content\/uploads\/2026\/01\/WhatsApp-Image-2026-01-18-at-12.30.30-PM-1-730x329.jpeg 730w, https:\/\/deportesdigital.com.ve\/public\/wp-content\/uploads\/2026\/01\/WhatsApp-Image-2026-01-18-at-12.30.30-PM-1-435x196.jpeg 435w\" sizes=\"auto, (max-width: 1040px) 100vw, 1040px\" \/><\/p>\n<p data-path-to-node=\"12,0\"><img loading=\"lazy\" decoding=\"async\" class=\"alignnone size-full wp-image-112387\" src=\"https:\/\/deportesdigital.com.ve\/public\/wp-content\/uploads\/2026\/01\/WhatsApp-Image-2026-01-18-at-12.30.29-PM.jpeg\" alt=\"\" width=\"1040\" height=\"468\" srcset=\"https:\/\/deportesdigital.com.ve\/public\/wp-content\/uploads\/2026\/01\/WhatsApp-Image-2026-01-18-at-12.30.29-PM.jpeg 1040w, https:\/\/deportesdigital.com.ve\/public\/wp-content\/uploads\/2026\/01\/WhatsApp-Image-2026-01-18-at-12.30.29-PM-300x135.jpeg 300w, https:\/\/deportesdigital.com.ve\/public\/wp-content\/uploads\/2026\/01\/WhatsApp-Image-2026-01-18-at-12.30.29-PM-1024x461.jpeg 1024w, https:\/\/deportesdigital.com.ve\/public\/wp-content\/uploads\/2026\/01\/WhatsApp-Image-2026-01-18-at-12.30.29-PM-768x346.jpeg 768w, https:\/\/deportesdigital.com.ve\/public\/wp-content\/uploads\/2026\/01\/WhatsApp-Image-2026-01-18-at-12.30.29-PM-730x329.jpeg 730w, https:\/\/deportesdigital.com.ve\/public\/wp-content\/uploads\/2026\/01\/WhatsApp-Image-2026-01-18-at-12.30.29-PM-435x196.jpeg 435w\" sizes=\"auto, (max-width: 1040px) 100vw, 1040px\" \/><\/p>\n<p><strong><em>Sigue esta y otras #Noticias ingresando a nuestras plataformas digitales Deportes Digital, en Instagram, Facebook, Twitter, y en nuestros grupos de Whatsapp y Telegram<\/em><\/strong><\/p>\n<p>&nbsp;<\/p>\n","protected":false},"excerpt":{"rendered":"<p>Bajo la supervisi\u00f3n de la dirigencia regional y entrenadores, los atletas se evaluaron en las modalidades de Kyorugui (combate) y Poomsae (formas), buscando un lugar en la selecci\u00f3n \u00e9lite del [&hellip;]<\/p>\n","protected":false},"author":1,"featured_media":112399,"comment_status":"open","ping_status":"closed","sticky":false,"template":"","format":"standard","meta":{"footnotes":""},"categories":[5],"tags":[],"class_list":["post-112383","post","type-post","status-publish","format-standard","has-post-thumbnail","hentry","category-otrosdeportes","clearfix"],"yoast_head":"<!-- This site is optimized with the Yoast SEO plugin v27.8 - https:\/\/yoast.com\/product\/yoast-seo-wordpress\/ -->\n<title>\u00a1Rumbo a los Nacionales! El Tae Kwon Do zuliano evalu\u00f3 su arsenal en el primer Chequeo Regional - Deportes Digital<\/title>\n<meta name=\"robots\" content=\"index, follow, max-snippet:-1, max-image-preview:large, max-video-preview:-1\" \/>\n<link rel=\"canonical\" href=\"https:\/\/deportesdigital.com.ve\/public\/rumbo-a-los-nacionales-el-tae-kwon-do-zuliano-evaluo-su-arsenal-en-el-primer-chequeo-regional\/\" \/>\n<meta property=\"og:locale\" content=\"es_ES\" \/>\n<meta property=\"og:type\" content=\"article\" \/>\n<meta property=\"og:title\" content=\"\u00a1Rumbo a los Nacionales! El Tae Kwon Do zuliano evalu\u00f3 su arsenal en el primer Chequeo Regional - Deportes Digital\" \/>\n<meta property=\"og:description\" content=\"Bajo la supervisi\u00f3n de la dirigencia regional y entrenadores, los atletas se evaluaron en las modalidades de Kyorugui (combate) y Poomsae (formas), buscando un lugar en la selecci\u00f3n \u00e9lite del [&hellip;]\" \/>\n<meta property=\"og:url\" content=\"https:\/\/deportesdigital.com.ve\/public\/rumbo-a-los-nacionales-el-tae-kwon-do-zuliano-evaluo-su-arsenal-en-el-primer-chequeo-regional\/\" \/>\n<meta property=\"og:site_name\" content=\"Deportes Digital\" \/>\n<meta property=\"article:publisher\" content=\"https:\/\/www.facebook.com\/DeportesDigitalZulia25\" \/>\n<meta property=\"article:published_time\" content=\"2026-01-20T01:32:46+00:00\" \/>\n<meta property=\"og:image\" content=\"https:\/\/deportesdigital.com.ve\/public\/wp-content\/uploads\/2026\/01\/92-1.jpg\" \/>\n\t<meta property=\"og:image:width\" content=\"800\" \/>\n\t<meta property=\"og:image:height\" content=\"800\" \/>\n\t<meta property=\"og:image:type\" content=\"image\/jpeg\" \/>\n<meta name=\"author\" content=\"luisg15\" \/>\n<meta name=\"twitter:card\" content=\"summary_large_image\" \/>\n<meta name=\"twitter:creator\" content=\"@deporteszulia\" \/>\n<meta name=\"twitter:site\" content=\"@deporteszulia\" \/>\n<meta name=\"twitter:label1\" content=\"Escrito por\" \/>\n\t<meta name=\"twitter:data1\" content=\"luisg15\" \/>\n\t<meta name=\"twitter:label2\" content=\"Tiempo de lectura\" \/>\n\t<meta name=\"twitter:data2\" content=\"2 minutos\" \/>\n<script type=\"application\/ld+json\" class=\"yoast-schema-graph\">{\"@context\":\"https:\\\/\\\/schema.org\",\"@graph\":[{\"@type\":\"Article\",\"@id\":\"https:\\\/\\\/deportesdigital.com.ve\\\/public\\\/rumbo-a-los-nacionales-el-tae-kwon-do-zuliano-evaluo-su-arsenal-en-el-primer-chequeo-regional\\\/#article\",\"isPartOf\":{\"@id\":\"https:\\\/\\\/deportesdigital.com.ve\\\/public\\\/rumbo-a-los-nacionales-el-tae-kwon-do-zuliano-evaluo-su-arsenal-en-el-primer-chequeo-regional\\\/\"},\"author\":{\"name\":\"luisg15\",\"@id\":\"https:\\\/\\\/deportesdigital.com.ve\\\/public\\\/#\\\/schema\\\/person\\\/57d2f23f17d761b1672066d1905e88a0\"},\"headline\":\"\u00a1Rumbo a los Nacionales! El Tae Kwon Do zuliano evalu\u00f3 su arsenal en el primer Chequeo Regional\",\"datePublished\":\"2026-01-20T01:32:46+00:00\",\"mainEntityOfPage\":{\"@id\":\"https:\\\/\\\/deportesdigital.com.ve\\\/public\\\/rumbo-a-los-nacionales-el-tae-kwon-do-zuliano-evaluo-su-arsenal-en-el-primer-chequeo-regional\\\/\"},\"wordCount\":378,\"commentCount\":0,\"publisher\":{\"@id\":\"https:\\\/\\\/deportesdigital.com.ve\\\/public\\\/#organization\"},\"image\":{\"@id\":\"https:\\\/\\\/deportesdigital.com.ve\\\/public\\\/rumbo-a-los-nacionales-el-tae-kwon-do-zuliano-evaluo-su-arsenal-en-el-primer-chequeo-regional\\\/#primaryimage\"},\"thumbnailUrl\":\"https:\\\/\\\/deportesdigital.com.ve\\\/public\\\/wp-content\\\/uploads\\\/2026\\\/01\\\/92-1.jpg\",\"articleSection\":[\"Otros Deportes\"],\"inLanguage\":\"es\",\"potentialAction\":[{\"@type\":\"CommentAction\",\"name\":\"Comment\",\"target\":[\"https:\\\/\\\/deportesdigital.com.ve\\\/public\\\/rumbo-a-los-nacionales-el-tae-kwon-do-zuliano-evaluo-su-arsenal-en-el-primer-chequeo-regional\\\/#respond\"]}]},{\"@type\":\"WebPage\",\"@id\":\"https:\\\/\\\/deportesdigital.com.ve\\\/public\\\/rumbo-a-los-nacionales-el-tae-kwon-do-zuliano-evaluo-su-arsenal-en-el-primer-chequeo-regional\\\/\",\"url\":\"https:\\\/\\\/deportesdigital.com.ve\\\/public\\\/rumbo-a-los-nacionales-el-tae-kwon-do-zuliano-evaluo-su-arsenal-en-el-primer-chequeo-regional\\\/\",\"name\":\"\u00a1Rumbo a los Nacionales! El Tae Kwon Do zuliano evalu\u00f3 su arsenal en el primer Chequeo Regional - Deportes Digital\",\"isPartOf\":{\"@id\":\"https:\\\/\\\/deportesdigital.com.ve\\\/public\\\/#website\"},\"primaryImageOfPage\":{\"@id\":\"https:\\\/\\\/deportesdigital.com.ve\\\/public\\\/rumbo-a-los-nacionales-el-tae-kwon-do-zuliano-evaluo-su-arsenal-en-el-primer-chequeo-regional\\\/#primaryimage\"},\"image\":{\"@id\":\"https:\\\/\\\/deportesdigital.com.ve\\\/public\\\/rumbo-a-los-nacionales-el-tae-kwon-do-zuliano-evaluo-su-arsenal-en-el-primer-chequeo-regional\\\/#primaryimage\"},\"thumbnailUrl\":\"https:\\\/\\\/deportesdigital.com.ve\\\/public\\\/wp-content\\\/uploads\\\/2026\\\/01\\\/92-1.jpg\",\"datePublished\":\"2026-01-20T01:32:46+00:00\",\"breadcrumb\":{\"@id\":\"https:\\\/\\\/deportesdigital.com.ve\\\/public\\\/rumbo-a-los-nacionales-el-tae-kwon-do-zuliano-evaluo-su-arsenal-en-el-primer-chequeo-regional\\\/#breadcrumb\"},\"inLanguage\":\"es\",\"potentialAction\":[{\"@type\":\"ReadAction\",\"target\":[\"https:\\\/\\\/deportesdigital.com.ve\\\/public\\\/rumbo-a-los-nacionales-el-tae-kwon-do-zuliano-evaluo-su-arsenal-en-el-primer-chequeo-regional\\\/\"]}]},{\"@type\":\"ImageObject\",\"inLanguage\":\"es\",\"@id\":\"https:\\\/\\\/deportesdigital.com.ve\\\/public\\\/rumbo-a-los-nacionales-el-tae-kwon-do-zuliano-evaluo-su-arsenal-en-el-primer-chequeo-regional\\\/#primaryimage\",\"url\":\"https:\\\/\\\/deportesdigital.com.ve\\\/public\\\/wp-content\\\/uploads\\\/2026\\\/01\\\/92-1.jpg\",\"contentUrl\":\"https:\\\/\\\/deportesdigital.com.ve\\\/public\\\/wp-content\\\/uploads\\\/2026\\\/01\\\/92-1.jpg\",\"width\":800,\"height\":800},{\"@type\":\"BreadcrumbList\",\"@id\":\"https:\\\/\\\/deportesdigital.com.ve\\\/public\\\/rumbo-a-los-nacionales-el-tae-kwon-do-zuliano-evaluo-su-arsenal-en-el-primer-chequeo-regional\\\/#breadcrumb\",\"itemListElement\":[{\"@type\":\"ListItem\",\"position\":1,\"name\":\"Portada\",\"item\":\"https:\\\/\\\/deportesdigital.com.ve\\\/public\\\/\"},{\"@type\":\"ListItem\",\"position\":2,\"name\":\"\u00a1Rumbo a los Nacionales! El Tae Kwon Do zuliano evalu\u00f3 su arsenal en el primer Chequeo Regional\"}]},{\"@type\":\"WebSite\",\"@id\":\"https:\\\/\\\/deportesdigital.com.ve\\\/public\\\/#website\",\"url\":\"https:\\\/\\\/deportesdigital.com.ve\\\/public\\\/\",\"name\":\"Deportes Digital\",\"description\":\"Solo Deportes\",\"publisher\":{\"@id\":\"https:\\\/\\\/deportesdigital.com.ve\\\/public\\\/#organization\"},\"potentialAction\":[{\"@type\":\"SearchAction\",\"target\":{\"@type\":\"EntryPoint\",\"urlTemplate\":\"https:\\\/\\\/deportesdigital.com.ve\\\/public\\\/?s={search_term_string}\"},\"query-input\":{\"@type\":\"PropertyValueSpecification\",\"valueRequired\":true,\"valueName\":\"search_term_string\"}}],\"inLanguage\":\"es\"},{\"@type\":\"Organization\",\"@id\":\"https:\\\/\\\/deportesdigital.com.ve\\\/public\\\/#organization\",\"name\":\"Deportes Digital\",\"url\":\"https:\\\/\\\/deportesdigital.com.ve\\\/public\\\/\",\"logo\":{\"@type\":\"ImageObject\",\"inLanguage\":\"es\",\"@id\":\"https:\\\/\\\/deportesdigital.com.ve\\\/public\\\/#\\\/schema\\\/logo\\\/image\\\/\",\"url\":\"https:\\\/\\\/i0.wp.com\\\/deportesdigital.com.ve\\\/public\\\/wp-content\\\/uploads\\\/2023\\\/09\\\/1677066431475.png?fit=1032%2C624&ssl=1\",\"contentUrl\":\"https:\\\/\\\/i0.wp.com\\\/deportesdigital.com.ve\\\/public\\\/wp-content\\\/uploads\\\/2023\\\/09\\\/1677066431475.png?fit=1032%2C624&ssl=1\",\"width\":1032,\"height\":624,\"caption\":\"Deportes Digital\"},\"image\":{\"@id\":\"https:\\\/\\\/deportesdigital.com.ve\\\/public\\\/#\\\/schema\\\/logo\\\/image\\\/\"},\"sameAs\":[\"https:\\\/\\\/www.facebook.com\\\/DeportesDigitalZulia25\",\"https:\\\/\\\/x.com\\\/deporteszulia\",\"https:\\\/\\\/www.instagram.com\\\/deportesdigitalzulia\\\/\"]},{\"@type\":\"Person\",\"@id\":\"https:\\\/\\\/deportesdigital.com.ve\\\/public\\\/#\\\/schema\\\/person\\\/57d2f23f17d761b1672066d1905e88a0\",\"name\":\"luisg15\",\"image\":{\"@type\":\"ImageObject\",\"inLanguage\":\"es\",\"@id\":\"https:\\\/\\\/secure.gravatar.com\\\/avatar\\\/4d424b63ebd2800d281b824141af3d97c1332dfdda83d70b2057085925af58a3?s=96&d=mm&r=g\",\"url\":\"https:\\\/\\\/secure.gravatar.com\\\/avatar\\\/4d424b63ebd2800d281b824141af3d97c1332dfdda83d70b2057085925af58a3?s=96&d=mm&r=g\",\"contentUrl\":\"https:\\\/\\\/secure.gravatar.com\\\/avatar\\\/4d424b63ebd2800d281b824141af3d97c1332dfdda83d70b2057085925af58a3?s=96&d=mm&r=g\",\"caption\":\"luisg15\"},\"description\":\"Medio de Comunicaci\u00f3n digital dedicado al deporte menor\",\"sameAs\":[\"https:\\\/\\\/deportesdigital.com.ve\\\/public\"],\"url\":\"https:\\\/\\\/deportesdigital.com.ve\\\/public\\\/author\\\/luisg15\\\/\"}]}<\/script>\n<!-- \/ Yoast SEO plugin. -->","yoast_head_json":{"title":"\u00a1Rumbo a los Nacionales! El Tae Kwon Do zuliano evalu\u00f3 su arsenal en el primer Chequeo Regional - Deportes Digital","robots":{"index":"index","follow":"follow","max-snippet":"max-snippet:-1","max-image-preview":"max-image-preview:large","max-video-preview":"max-video-preview:-1"},"canonical":"https:\/\/deportesdigital.com.ve\/public\/rumbo-a-los-nacionales-el-tae-kwon-do-zuliano-evaluo-su-arsenal-en-el-primer-chequeo-regional\/","og_locale":"es_ES","og_type":"article","og_title":"\u00a1Rumbo a los Nacionales! El Tae Kwon Do zuliano evalu\u00f3 su arsenal en el primer Chequeo Regional - Deportes Digital","og_description":"Bajo la supervisi\u00f3n de la dirigencia regional y entrenadores, los atletas se evaluaron en las modalidades de Kyorugui (combate) y Poomsae (formas), buscando un lugar en la selecci\u00f3n \u00e9lite del [&hellip;]","og_url":"https:\/\/deportesdigital.com.ve\/public\/rumbo-a-los-nacionales-el-tae-kwon-do-zuliano-evaluo-su-arsenal-en-el-primer-chequeo-regional\/","og_site_name":"Deportes Digital","article_publisher":"https:\/\/www.facebook.com\/DeportesDigitalZulia25","article_published_time":"2026-01-20T01:32:46+00:00","og_image":[{"width":800,"height":800,"url":"https:\/\/deportesdigital.com.ve\/public\/wp-content\/uploads\/2026\/01\/92-1.jpg","type":"image\/jpeg"}],"author":"luisg15","twitter_card":"summary_large_image","twitter_creator":"@deporteszulia","twitter_site":"@deporteszulia","twitter_misc":{"Escrito por":"luisg15","Tiempo de lectura":"2 minutos"},"schema":{"@context":"https:\/\/schema.org","@graph":[{"@type":"Article","@id":"https:\/\/deportesdigital.com.ve\/public\/rumbo-a-los-nacionales-el-tae-kwon-do-zuliano-evaluo-su-arsenal-en-el-primer-chequeo-regional\/#article","isPartOf":{"@id":"https:\/\/deportesdigital.com.ve\/public\/rumbo-a-los-nacionales-el-tae-kwon-do-zuliano-evaluo-su-arsenal-en-el-primer-chequeo-regional\/"},"author":{"name":"luisg15","@id":"https:\/\/deportesdigital.com.ve\/public\/#\/schema\/person\/57d2f23f17d761b1672066d1905e88a0"},"headline":"\u00a1Rumbo a los Nacionales! El Tae Kwon Do zuliano evalu\u00f3 su arsenal en el primer Chequeo Regional","datePublished":"2026-01-20T01:32:46+00:00","mainEntityOfPage":{"@id":"https:\/\/deportesdigital.com.ve\/public\/rumbo-a-los-nacionales-el-tae-kwon-do-zuliano-evaluo-su-arsenal-en-el-primer-chequeo-regional\/"},"wordCount":378,"commentCount":0,"publisher":{"@id":"https:\/\/deportesdigital.com.ve\/public\/#organization"},"image":{"@id":"https:\/\/deportesdigital.com.ve\/public\/rumbo-a-los-nacionales-el-tae-kwon-do-zuliano-evaluo-su-arsenal-en-el-primer-chequeo-regional\/#primaryimage"},"thumbnailUrl":"https:\/\/deportesdigital.com.ve\/public\/wp-content\/uploads\/2026\/01\/92-1.jpg","articleSection":["Otros Deportes"],"inLanguage":"es","potentialAction":[{"@type":"CommentAction","name":"Comment","target":["https:\/\/deportesdigital.com.ve\/public\/rumbo-a-los-nacionales-el-tae-kwon-do-zuliano-evaluo-su-arsenal-en-el-primer-chequeo-regional\/#respond"]}]},{"@type":"WebPage","@id":"https:\/\/deportesdigital.com.ve\/public\/rumbo-a-los-nacionales-el-tae-kwon-do-zuliano-evaluo-su-arsenal-en-el-primer-chequeo-regional\/","url":"https:\/\/deportesdigital.com.ve\/public\/rumbo-a-los-nacionales-el-tae-kwon-do-zuliano-evaluo-su-arsenal-en-el-primer-chequeo-regional\/","name":"\u00a1Rumbo a los Nacionales! El Tae Kwon Do zuliano evalu\u00f3 su arsenal en el primer Chequeo Regional - Deportes Digital","isPartOf":{"@id":"https:\/\/deportesdigital.com.ve\/public\/#website"},"primaryImageOfPage":{"@id":"https:\/\/deportesdigital.com.ve\/public\/rumbo-a-los-nacionales-el-tae-kwon-do-zuliano-evaluo-su-arsenal-en-el-primer-chequeo-regional\/#primaryimage"},"image":{"@id":"https:\/\/deportesdigital.com.ve\/public\/rumbo-a-los-nacionales-el-tae-kwon-do-zuliano-evaluo-su-arsenal-en-el-primer-chequeo-regional\/#primaryimage"},"thumbnailUrl":"https:\/\/deportesdigital.com.ve\/public\/wp-content\/uploads\/2026\/01\/92-1.jpg","datePublished":"2026-01-20T01:32:46+00:00","breadcrumb":{"@id":"https:\/\/deportesdigital.com.ve\/public\/rumbo-a-los-nacionales-el-tae-kwon-do-zuliano-evaluo-su-arsenal-en-el-primer-chequeo-regional\/#breadcrumb"},"inLanguage":"es","potentialAction":[{"@type":"ReadAction","target":["https:\/\/deportesdigital.com.ve\/public\/rumbo-a-los-nacionales-el-tae-kwon-do-zuliano-evaluo-su-arsenal-en-el-primer-chequeo-regional\/"]}]},{"@type":"ImageObject","inLanguage":"es","@id":"https:\/\/deportesdigital.com.ve\/public\/rumbo-a-los-nacionales-el-tae-kwon-do-zuliano-evaluo-su-arsenal-en-el-primer-chequeo-regional\/#primaryimage","url":"https:\/\/deportesdigital.com.ve\/public\/wp-content\/uploads\/2026\/01\/92-1.jpg","contentUrl":"https:\/\/deportesdigital.com.ve\/public\/wp-content\/uploads\/2026\/01\/92-1.jpg","width":800,"height":800},{"@type":"BreadcrumbList","@id":"https:\/\/deportesdigital.com.ve\/public\/rumbo-a-los-nacionales-el-tae-kwon-do-zuliano-evaluo-su-arsenal-en-el-primer-chequeo-regional\/#breadcrumb","itemListElement":[{"@type":"ListItem","position":1,"name":"Portada","item":"https:\/\/deportesdigital.com.ve\/public\/"},{"@type":"ListItem","position":2,"name":"\u00a1Rumbo a los Nacionales! El Tae Kwon Do zuliano evalu\u00f3 su arsenal en el primer Chequeo Regional"}]},{"@type":"WebSite","@id":"https:\/\/deportesdigital.com.ve\/public\/#website","url":"https:\/\/deportesdigital.com.ve\/public\/","name":"Deportes Digital","description":"Solo Deportes","publisher":{"@id":"https:\/\/deportesdigital.com.ve\/public\/#organization"},"potentialAction":[{"@type":"SearchAction","target":{"@type":"EntryPoint","urlTemplate":"https:\/\/deportesdigital.com.ve\/public\/?s={search_term_string}"},"query-input":{"@type":"PropertyValueSpecification","valueRequired":true,"valueName":"search_term_string"}}],"inLanguage":"es"},{"@type":"Organization","@id":"https:\/\/deportesdigital.com.ve\/public\/#organization","name":"Deportes Digital","url":"https:\/\/deportesdigital.com.ve\/public\/","logo":{"@type":"ImageObject","inLanguage":"es","@id":"https:\/\/deportesdigital.com.ve\/public\/#\/schema\/logo\/image\/","url":"https:\/\/i0.wp.com\/deportesdigital.com.ve\/public\/wp-content\/uploads\/2023\/09\/1677066431475.png?fit=1032%2C624&ssl=1","contentUrl":"https:\/\/i0.wp.com\/deportesdigital.com.ve\/public\/wp-content\/uploads\/2023\/09\/1677066431475.png?fit=1032%2C624&ssl=1","width":1032,"height":624,"caption":"Deportes Digital"},"image":{"@id":"https:\/\/deportesdigital.com.ve\/public\/#\/schema\/logo\/image\/"},"sameAs":["https:\/\/www.facebook.com\/DeportesDigitalZulia25","https:\/\/x.com\/deporteszulia","https:\/\/www.instagram.com\/deportesdigitalzulia\/"]},{"@type":"Person","@id":"https:\/\/deportesdigital.com.ve\/public\/#\/schema\/person\/57d2f23f17d761b1672066d1905e88a0","name":"luisg15","image":{"@type":"ImageObject","inLanguage":"es","@id":"https:\/\/secure.gravatar.com\/avatar\/4d424b63ebd2800d281b824141af3d97c1332dfdda83d70b2057085925af58a3?s=96&d=mm&r=g","url":"https:\/\/secure.gravatar.com\/avatar\/4d424b63ebd2800d281b824141af3d97c1332dfdda83d70b2057085925af58a3?s=96&d=mm&r=g","contentUrl":"https:\/\/secure.gravatar.com\/avatar\/4d424b63ebd2800d281b824141af3d97c1332dfdda83d70b2057085925af58a3?s=96&d=mm&r=g","caption":"luisg15"},"description":"Medio de Comunicaci\u00f3n digital dedicado al deporte menor","sameAs":["https:\/\/deportesdigital.com.ve\/public"],"url":"https:\/\/deportesdigital.com.ve\/public\/author\/luisg15\/"}]}},"_links":{"self":[{"href":"https:\/\/deportesdigital.com.ve\/public\/wp-json\/wp\/v2\/posts\/112383","targetHints":{"allow":["GET"]}}],"collection":[{"href":"https:\/\/deportesdigital.com.ve\/public\/wp-json\/wp\/v2\/posts"}],"about":[{"href":"https:\/\/deportesdigital.com.ve\/public\/wp-json\/wp\/v2\/types\/post"}],"author":[{"embeddable":true,"href":"https:\/\/deportesdigital.com.ve\/public\/wp-json\/wp\/v2\/users\/1"}],"replies":[{"embeddable":true,"href":"https:\/\/deportesdigital.com.ve\/public\/wp-json\/wp\/v2\/comments?post=112383"}],"version-history":[{"count":1,"href":"https:\/\/deportesdigital.com.ve\/public\/wp-json\/wp\/v2\/posts\/112383\/revisions"}],"predecessor-version":[{"id":112400,"href":"https:\/\/deportesdigital.com.ve\/public\/wp-json\/wp\/v2\/posts\/112383\/revisions\/112400"}],"wp:featuredmedia":[{"embeddable":true,"href":"https:\/\/deportesdigital.com.ve\/public\/wp-json\/wp\/v2\/media\/112399"}],"wp:attachment":[{"href":"https:\/\/deportesdigital.com.ve\/public\/wp-json\/wp\/v2\/media?parent=112383"}],"wp:term":[{"taxonomy":"category","embeddable":true,"href":"https:\/\/deportesdigital.com.ve\/public\/wp-json\/wp\/v2\/categories?post=112383"},{"taxonomy":"post_tag","embeddable":true,"href":"https:\/\/deportesdigital.com.ve\/public\/wp-json\/wp\/v2\/tags?post=112383"}],"curies":[{"name":"wp","href":"https:\/\/api.w.org\/{rel}","templated":true}]}}