{"id":111132,"date":"2025-12-02T07:29:06","date_gmt":"2025-12-02T11:29:06","guid":{"rendered":"https:\/\/deportesdigital.com.ve\/public\/?p=111132"},"modified":"2025-12-02T07:29:06","modified_gmt":"2025-12-02T11:29:06","slug":"zulia-recibe-la-antorcha-comunal-rumbo-a-los-judenacom-2025","status":"publish","type":"post","link":"https:\/\/deportesdigital.com.ve\/public\/zulia-recibe-la-antorcha-comunal-rumbo-a-los-judenacom-2025\/","title":{"rendered":"Zulia recibe la antorcha comunal rumbo a los Judenacom 2025"},"content":{"rendered":"<p><strong><em>El Fuego Patrio contin\u00fao su recorrido hacia el estado T\u00e1chira, llevando el mensaje de unidad y esperanza deportiva de la juventud venezolana.<\/em><\/strong><\/p>\n<hr \/>\n<p><strong><em>\u00a0<\/em><\/strong><strong><em>Nota de Prensa:<\/em><\/strong> El esp\u00edritu deportivo y la hermandad comunal iluminaron las calles de Maracaibo con la llegada de la antorcha de los III Juegos Deportivos Nacionales Comunales 2025, durante un recorrido que inici\u00f3 en la Bas\u00edlica de Nuestra Se\u00f1ora del Rosario de Chiquinquir\u00e1 y concluy\u00f3 en la Plaza Bol\u00edvar.<\/p>\n<p>El Gobernador Bolivariano del Zulia, Luis Caldera, recibi\u00f3 el Fuego Patrio junto a la juventud del Team Tawala, resaltando la importancia del movimiento deportivo comunitario que se fortalece en todo el estado.<\/p>\n<p>\u201cEste es un logro que nace en las comunidades, donde est\u00e1 el semillero del deporte zuliano. Hoy celebramos la participaci\u00f3n de atletas provenientes de 5.743 comunidades, m\u00e1s de 576 comunas y consejos comunales. Estamos seguros de que nuestros comuneros y comuneras traer\u00e1n la mayor cantidad de medallas al Zulia\u201d, expres\u00f3.<\/p>\n<p><img loading=\"lazy\" decoding=\"async\" class=\"size-full wp-image-111134 aligncenter\" src=\"https:\/\/deportesdigital.com.ve\/public\/wp-content\/uploads\/2025\/12\/WhatsApp-Image-2025-12-02-at-7.05.11-AM-1.jpeg\" alt=\"\" width=\"810\" height=\"1080\" srcset=\"https:\/\/deportesdigital.com.ve\/public\/wp-content\/uploads\/2025\/12\/WhatsApp-Image-2025-12-02-at-7.05.11-AM-1.jpeg 810w, https:\/\/deportesdigital.com.ve\/public\/wp-content\/uploads\/2025\/12\/WhatsApp-Image-2025-12-02-at-7.05.11-AM-1-225x300.jpeg 225w, https:\/\/deportesdigital.com.ve\/public\/wp-content\/uploads\/2025\/12\/WhatsApp-Image-2025-12-02-at-7.05.11-AM-1-768x1024.jpeg 768w, https:\/\/deportesdigital.com.ve\/public\/wp-content\/uploads\/2025\/12\/WhatsApp-Image-2025-12-02-at-7.05.11-AM-1-730x973.jpeg 730w, https:\/\/deportesdigital.com.ve\/public\/wp-content\/uploads\/2025\/12\/WhatsApp-Image-2025-12-02-at-7.05.11-AM-1-435x580.jpeg 435w\" sizes=\"auto, (max-width: 810px) 100vw, 810px\" \/><\/p>\n<p>Asimismo, agradeci\u00f3 el acompa\u00f1amiento durante las diferentes fases eliminatorias de las 21 direcciones e institutos municipales del deporte y de la Secretar\u00eda de Deportes, liderada por Fidel Madro\u00f1ero.<\/p>\n<p>Ni\u00f1os, ni\u00f1as y j\u00f3venes atletas vivieron con entusiasmo la jornada que marc\u00f3 el inicio del camino hacia la m\u00e1xima cita deportiva comunal del pa\u00eds, quienes reafirmaron su orgullo por representar al estado en los pr\u00f3ximos desaf\u00edos competitivos:<\/p>\n<p><strong>Juventud deportista<\/strong><\/p>\n<p>Samantha Parra (Nataci\u00f3n): \u201cMe pareci\u00f3 muy bien, muy entretenido y lo que m\u00e1s me gust\u00f3 fue cuando nos pusimos a cantar la rima\u201d.<\/p>\n<p>Samuel G\u00f3mez (Atletismo): \u201cMuy bien, divertido y me sent\u00ed muy feliz de participar en este acto que motiva a\u00fan m\u00e1s a representar a mi estado\u201d.<\/p>\n<p>Anabel Urdaneta (Nataci\u00f3n): \u201cMe gust\u00f3 mucho y estuvo muy organizado, me hace muy feliz ser parte de esta delegaci\u00f3n que vamos a darlo todo por el Zulia\u201d.<\/p>\n<p><img loading=\"lazy\" decoding=\"async\" class=\"wp-image-111133 aligncenter\" src=\"https:\/\/deportesdigital.com.ve\/public\/wp-content\/uploads\/2025\/12\/WhatsApp-Image-2025-12-02-at-7.04.18-AM.jpeg\" alt=\"\" width=\"730\" height=\"589\" srcset=\"https:\/\/deportesdigital.com.ve\/public\/wp-content\/uploads\/2025\/12\/WhatsApp-Image-2025-12-02-at-7.04.18-AM.jpeg 1280w, https:\/\/deportesdigital.com.ve\/public\/wp-content\/uploads\/2025\/12\/WhatsApp-Image-2025-12-02-at-7.04.18-AM-300x242.jpeg 300w, https:\/\/deportesdigital.com.ve\/public\/wp-content\/uploads\/2025\/12\/WhatsApp-Image-2025-12-02-at-7.04.18-AM-1024x826.jpeg 1024w, https:\/\/deportesdigital.com.ve\/public\/wp-content\/uploads\/2025\/12\/WhatsApp-Image-2025-12-02-at-7.04.18-AM-768x620.jpeg 768w, https:\/\/deportesdigital.com.ve\/public\/wp-content\/uploads\/2025\/12\/WhatsApp-Image-2025-12-02-at-7.04.18-AM-730x589.jpeg 730w, https:\/\/deportesdigital.com.ve\/public\/wp-content\/uploads\/2025\/12\/WhatsApp-Image-2025-12-02-at-7.04.18-AM-435x351.jpeg 435w\" sizes=\"auto, (max-width: 730px) 100vw, 730px\" \/><\/p>\n<p>Emmanuel Ramos (Nataci\u00f3n): \u201cEstuvo muy ch\u00e9vere y me gust\u00f3 mucho la caminata, esto ha sido una experiencia \u00fanica\u201d.<\/p>\n<p>Con esta actividad, el Zulia ratifica su compromiso con el deporte como herramienta de inclusi\u00f3n, paz y transformaci\u00f3n social; una visi\u00f3n que impulsa la formaci\u00f3n integral de los talentos que emergen desde los barrios de la regi\u00f3n.<\/p>\n<p>Los III Juegos Deportivos Nacionales Comunales 2025 se celebrar\u00e1n del 7 al 19 de diciembre en los estados M\u00e9rida, T\u00e1chira y Trujillo, con la participaci\u00f3n de m\u00e1s de 200 atletas zulianos en 15 disciplinas deportivas, gracias a las pol\u00edticas deportivas del presidente Nicol\u00e1s Maduro Moros, orientadas a promover espacios de desarrollo para la juventud y consolidar una Venezuela deportiva, unida y victoriosa.<\/p>\n<p>Despu\u00e9s de la ceremonia, la antorcha encendida continu\u00f3 su camino hacia el estado T\u00e1chira, llevando el mensaje de unidad y esperanza deportiva de la juventud venez<em>olana.<\/em><\/p>\n<p><em>\u00a0<\/em><strong><em>Sigue esta y otras #Noticias ingresando a nuestras plataformas digitales Deportes Digital, en Instagram, Facebook, Twitter, y en nuestros grupos de Whatsapp y Telegram<\/em><\/strong><\/p>\n<p><em>\u00a0<\/em><\/p>\n","protected":false},"excerpt":{"rendered":"<p>El Fuego Patrio contin\u00fao su recorrido hacia el estado T\u00e1chira, llevando el mensaje de unidad y esperanza deportiva de la juventud venezolana. \u00a0Nota de Prensa: El esp\u00edritu deportivo y la [&hellip;]<\/p>\n","protected":false},"author":1,"featured_media":111135,"comment_status":"open","ping_status":"closed","sticky":false,"template":"","format":"standard","meta":{"footnotes":""},"categories":[5],"tags":[],"class_list":["post-111132","post","type-post","status-publish","format-standard","has-post-thumbnail","hentry","category-otrosdeportes","clearfix"],"_links":{"self":[{"href":"https:\/\/deportesdigital.com.ve\/public\/wp-json\/wp\/v2\/posts\/111132","targetHints":{"allow":["GET"]}}],"collection":[{"href":"https:\/\/deportesdigital.com.ve\/public\/wp-json\/wp\/v2\/posts"}],"about":[{"href":"https:\/\/deportesdigital.com.ve\/public\/wp-json\/wp\/v2\/types\/post"}],"author":[{"embeddable":true,"href":"https:\/\/deportesdigital.com.ve\/public\/wp-json\/wp\/v2\/users\/1"}],"replies":[{"embeddable":true,"href":"https:\/\/deportesdigital.com.ve\/public\/wp-json\/wp\/v2\/comments?post=111132"}],"version-history":[{"count":1,"href":"https:\/\/deportesdigital.com.ve\/public\/wp-json\/wp\/v2\/posts\/111132\/revisions"}],"predecessor-version":[{"id":111136,"href":"https:\/\/deportesdigital.com.ve\/public\/wp-json\/wp\/v2\/posts\/111132\/revisions\/111136"}],"wp:featuredmedia":[{"embeddable":true,"href":"https:\/\/deportesdigital.com.ve\/public\/wp-json\/wp\/v2\/media\/111135"}],"wp:attachment":[{"href":"https:\/\/deportesdigital.com.ve\/public\/wp-json\/wp\/v2\/media?parent=111132"}],"wp:term":[{"taxonomy":"category","embeddable":true,"href":"https:\/\/deportesdigital.com.ve\/public\/wp-json\/wp\/v2\/categories?post=111132"},{"taxonomy":"post_tag","embeddable":true,"href":"https:\/\/deportesdigital.com.ve\/public\/wp-json\/wp\/v2\/tags?post=111132"}],"curies":[{"name":"wp","href":"https:\/\/api.w.org\/{rel}","templated":true}]}}