{"id":110221,"date":"2025-11-08T22:53:49","date_gmt":"2025-11-09T02:53:49","guid":{"rendered":"https:\/\/deportesdigital.com.ve\/public\/?p=110221"},"modified":"2025-11-08T22:53:49","modified_gmt":"2025-11-09T02:53:49","slug":"barbara-avila-y-angeluz-boyero-brillan-seis-preseas-para-zulia-en-los-ii-juegos-parapanamericanos-juveniles-chile-2025","status":"publish","type":"post","link":"https:\/\/deportesdigital.com.ve\/public\/barbara-avila-y-angeluz-boyero-brillan-seis-preseas-para-zulia-en-los-ii-juegos-parapanamericanos-juveniles-chile-2025\/","title":{"rendered":"B\u00e1rbara \u00c1vila y Angeluz Boyero Brillan: Seis Preseas para Zulia en los II Juegos Parapanamericanos Juveniles Chile 2025"},"content":{"rendered":"<p><strong><em>Bajo la direcci\u00f3n t\u00e9cnica de la entrenadora Adriana Y\u00e1nez, ambas paratletas demostraron su talento y preparaci\u00f3n en el podio Parapanamericano.<\/em><\/strong><\/p>\n<hr \/>\n<p><strong><em>Jos\u00e9 Gil Deportes Digital\/Maracaibo:<\/em><\/strong> Las paratletas zulianas <strong>B\u00e1rbara \u00c1vila<\/strong> y <strong>Angeluz Boyero<\/strong> han dejado en alto el nombre de Venezuela y del estado Zulia, al cosechar un total de <strong>seis preseas<\/strong> en la disciplina de Paratletismo, durante los <strong>II Juegos Parapanamericanos Juveniles Chile 2025<\/strong>. Las j\u00f3venes atletas, \u00fanicas representantes zulianas en la justa deportiva, contribuyeron significativamente al medallero nacional.<\/p>\n<p>Las paratletas, integrantes de la delegaci\u00f3n venezolana que conquist\u00f3 24 medallas en la segunda edici\u00f3n de los juegos (celebrados del 31 de octubre al 9 de noviembre), arribaron al pa\u00eds este jueves tras su exitosa participaci\u00f3n.<\/p>\n<p><strong>Triunfos de Oro, Plata y R\u00e9cords Personales<\/strong><\/p>\n<p>Bajo la direcci\u00f3n t\u00e9cnica de la entrenadora <strong>Adriana Y\u00e1nez<\/strong>, ambas paratletas demostraron su talento y preparaci\u00f3n en el podio Parapanamericano:<\/p>\n<ul>\n<li><strong>B\u00e1rbara \u00c1vila (Clase T36):<\/strong> La atleta zuliana conquist\u00f3 un total de tres medallas, dos de ellas de oro:\n<ul>\n<li>\ud83e\udd47 <strong>Oro<\/strong> en los <strong>200 metros<\/strong> con un tiempo de <strong>31.78<\/strong>.<\/li>\n<li>\ud83e\udd47 <strong>Oro<\/strong> en los <strong>400 metros<\/strong> con una marca de <strong>1.14.49<\/strong>.<\/li>\n<li>\ud83e\udd48 <strong>Plata<\/strong> en los <strong>100 metros<\/strong> con un tiempo de <strong>15.26<\/strong>.<\/li>\n<\/ul>\n<\/li>\n<li><strong>Angeluz Boyero:<\/strong> Por su parte, Boyero sum\u00f3 tambi\u00e9n tres preseas a la cuenta venezolana, incluyendo un metal dorado:\n<ul>\n<li>\ud83e\udd47 <strong>Oro<\/strong> en los <strong>400 metros<\/strong> con un tiempo de <strong>01.10.18<\/strong>.<\/li>\n<li>\ud83e\udd48 <strong>Plata<\/strong> en los <strong>100 metros<\/strong> con una marca de <strong>14.20<\/strong>.<\/li>\n<li>\ud83e\udd48 <strong>Plata<\/strong> en los <strong>200 metros<\/strong> con un tiempo de <strong>29.62<\/strong>.<\/li>\n<\/ul>\n<\/li>\n<\/ul>\n<p>El destacado desempe\u00f1o de \u00c1vila y Boyero, quienes conformaron la representaci\u00f3n zuliana en la delegaci\u00f3n nacional, confirma el potencial y el alto nivel del paratletismo en la regi\u00f3n. Su esfuerzo y dedicaci\u00f3n son un ejemplo de superaci\u00f3n y orgullo para el deporte venezolano.<\/p>\n<p><strong><em>Sigue esta y otras #Noticias ingresando a nuestras plataformas digitales Deportes Digital, en Instagram, Facebook, Twitter, y en nuestros grupos de Whatsapp y Telegram.<\/em><\/strong><\/p>\n<p>&nbsp;<\/p>\n","protected":false},"excerpt":{"rendered":"<p>Bajo la direcci\u00f3n t\u00e9cnica de la entrenadora Adriana Y\u00e1nez, ambas paratletas demostraron su talento y preparaci\u00f3n en el podio Parapanamericano. Jos\u00e9 Gil Deportes Digital\/Maracaibo: Las paratletas zulianas B\u00e1rbara \u00c1vila y [&hellip;]<\/p>\n","protected":false},"author":1,"featured_media":110222,"comment_status":"open","ping_status":"closed","sticky":false,"template":"","format":"standard","meta":{"footnotes":""},"categories":[30],"tags":[],"class_list":["post-110221","post","type-post","status-publish","format-standard","has-post-thumbnail","hentry","category-atletismo","clearfix"],"_links":{"self":[{"href":"https:\/\/deportesdigital.com.ve\/public\/wp-json\/wp\/v2\/posts\/110221","targetHints":{"allow":["GET"]}}],"collection":[{"href":"https:\/\/deportesdigital.com.ve\/public\/wp-json\/wp\/v2\/posts"}],"about":[{"href":"https:\/\/deportesdigital.com.ve\/public\/wp-json\/wp\/v2\/types\/post"}],"author":[{"embeddable":true,"href":"https:\/\/deportesdigital.com.ve\/public\/wp-json\/wp\/v2\/users\/1"}],"replies":[{"embeddable":true,"href":"https:\/\/deportesdigital.com.ve\/public\/wp-json\/wp\/v2\/comments?post=110221"}],"version-history":[{"count":1,"href":"https:\/\/deportesdigital.com.ve\/public\/wp-json\/wp\/v2\/posts\/110221\/revisions"}],"predecessor-version":[{"id":110223,"href":"https:\/\/deportesdigital.com.ve\/public\/wp-json\/wp\/v2\/posts\/110221\/revisions\/110223"}],"wp:featuredmedia":[{"embeddable":true,"href":"https:\/\/deportesdigital.com.ve\/public\/wp-json\/wp\/v2\/media\/110222"}],"wp:attachment":[{"href":"https:\/\/deportesdigital.com.ve\/public\/wp-json\/wp\/v2\/media?parent=110221"}],"wp:term":[{"taxonomy":"category","embeddable":true,"href":"https:\/\/deportesdigital.com.ve\/public\/wp-json\/wp\/v2\/categories?post=110221"},{"taxonomy":"post_tag","embeddable":true,"href":"https:\/\/deportesdigital.com.ve\/public\/wp-json\/wp\/v2\/tags?post=110221"}],"curies":[{"name":"wp","href":"https:\/\/api.w.org\/{rel}","templated":true}]}}